{"id":53353,"date":"2019-07-10T00:00:00","date_gmt":"2019-07-10T05:00:00","guid":{"rendered":"https:\/\/nazarene.org\/news\/la-communaute-despoir-reconnait-le-president-du-conseil-fondateur-avec-prix\/"},"modified":"2019-07-10T00:00:00","modified_gmt":"2019-07-10T05:00:00","slug":"la-communaute-despoir-reconnait-le-president-du-conseil-fondateur-avec-prix","status":"publish","type":"news","link":"https:\/\/nazarene.org\/fr\/news\/la-communaute-despoir-reconnait-le-president-du-conseil-fondateur-avec-prix\/","title":{"rendered":"La Communaut\u00e9 d&rsquo;espoir reconna\u00eet le pr\u00e9sident du conseil fondateur avec prix"},"content":{"rendered":"<div style=\"text-align:center\">\n<figure class=\"image\" style=\"display:inline-block\"><img fetchpriority=\"high\" decoding=\"async\" alt=\"\" height=\"400\" src=\"https:\/\/nazarene.org\/wp-content\/uploads\/migrated_images\/NCN%20News\/USACanada\/DC\/RobertSloanAward.jpg\" width=\"750\"><figcaption>De gauche \u00e0 droite : Fondateur de la Communaut\u00e9 de l&rsquo;espoir Tom Nees, r\u00e9cipiendaire du prix Robert Sloan et directeur ex\u00e9cutif de la communaut\u00e9 de l&rsquo;espoir Kelly Sweeney McShane<\/figcaption><\/figure>\n<\/div>\n<p>Communaut\u00e9 d&rsquo;espoir, un Centre du minist\u00e8re nazar\u00e9en de compassion, a &nbsp;pr\u00e9sent\u00e9 le Prix Tom Nees 2017 pour un service exceptionnel &nbsp;\u00e0 Robert L. Sloan, qui a dirig\u00e9, conseill\u00e9 et a servi de connecteur pendant 44 ans.&nbsp;<\/p>\n<p>Cet honneur est accord\u00e9 annuellement par l&rsquo;organisation en l&rsquo;honneur du fondateur&nbsp;Tom Nees, reconnais&nbsp;sant le destinataire pour son service de long terme et d&rsquo;impact aux femmes, aux hommes et aux enfants qui se tournent vers la communaut\u00e9 d&rsquo;espoir pour de l&rsquo;aide.&nbsp;<\/p>\n<p>Sloan \u00e9tait le pr\u00e9sident du conseil fondateur qui, en partenariat avec Nees, &nbsp;avait une vision pour la Communaut\u00e9 d&rsquo;espoir et l&rsquo;a apport\u00e9 \u00e0 la vie. Il a continu\u00e9 son implication active pendant plus de quatre d\u00e9cennies, servant de conseiller aux directeurs ex\u00e9cutifs et un soul\u00e8vement d&rsquo;ami de toutes les fa\u00e7ons. Il a servi de membre d&rsquo;un comit\u00e9 de campagne du capital r\u00e9cent et r\u00e9ussi et de membre du comit\u00e9 h\u00f4te d&rsquo;\u00e9v\u00e9nement de collecte de fonds.&nbsp;<\/p>\n<p>Bob \u00e9tait l&rsquo;une des premi\u00e8res personnes que j&rsquo;ai rencontr\u00e9es lorsque je suis devenu directeur ex\u00e9cutif il y a 16 ans \u00bb, a d\u00e9clar\u00e9 Kelly Sweeney McShane. Bob m&rsquo;a r\u00e9guli\u00e8rement offert sagesse et conseils tout au long de mon mandat et je suis profond\u00e9ment reconnaissant. Ce travail est tr\u00e8s personnel pour Bob &#8211; &nbsp;un homme de foi profonde et d&rsquo;humilit\u00e9 &#8211; et il se montre dans tout ce qu&rsquo;il fait. \u00a0\u00bb&nbsp;<\/p>\n<p>Alors qu&rsquo;il a accept\u00e9 le prix &nbsp;de Nees et McShane, Sloan a partag\u00e9 des histoires des vies qui l&rsquo;ont impact\u00e9, les clients et les autres visionnaires.<\/p>\n<p>Merci de penser \u00e0 moi et de me fournir plus de reconnaissance que je m\u00e9rite \u00bb, a-t-il &nbsp;dit. J&rsquo;ai accept\u00e9 le prix au nom de tous ceux qui ont commenc\u00e9 le travail et qui continuent le travail. \u00a0\u00bb&nbsp;<\/p>\n<p>Sloan a partag\u00e9 son c\u0153ur et son expertise tout au long d&rsquo;une vie de travail dans l&rsquo;administration des soins de sant\u00e9, y compris un mandat de 27 ans en tant que pr\u00e9sident et PDG de l&rsquo;H\u00f4pital Sibley Memorial, une entit\u00e9 du syst\u00e8me de sant\u00e9 Johns Hopkins. &nbsp;H\u00e9r\u00e9tique de Sibley en 2012 mais continue son h\u00e9ritage de servir les autres en tant que pr\u00e9sident et PDG de la Fondation Jane Bancroft Robinson. Il sert actuellement au Conseil d&rsquo;administration de la Fondation Morris et Gwendolyn Cafritz et de la T\u00e9l\u00e9vision publique nationale WETA. Les nominations au conseil pass\u00e9es ont inclus le Conseil des anciens de l&rsquo;Universit\u00e9 Olivet nazar\u00e9enne o\u00f9 il a obtenu son dipl\u00f4me de en 1968, CareFirst BlueCross BlueShield, l&rsquo;Association de l&rsquo;h\u00f4pital DC et le Conseil des anciens de l&rsquo;Universit\u00e9 Olivet nazar\u00e9enne.&nbsp;Sloan a \u00e9galement re\u00e7u une reconnaissance de l&rsquo;Association de l&rsquo;h\u00f4pital de district de Columbia, qui a cr\u00e9\u00e9 le Prix de leadership Robert L. Sloan pour les leaders hospitaliers qui ont d\u00e9montr\u00e9 la qualit\u00e9 du leadership inspir\u00e9 par Robert L. Sloan et en 2013&nbsp;il a re\u00e7u le Conseil des soins de sant\u00e9 de la r\u00e9gion de la capitale nationale Matthew F. McNulty, Jr.&nbsp;Prix en reconnaissance de contributions exemplaires au champ des soins de sant\u00e9 dans la r\u00e9gion de la capitale nationale.&nbsp;<\/p>\n<p>Par nos calculs, Sloan a eu un impact sur la vie de milliers de familles qui surmontent l&rsquo;itin\u00e9rance et de dizaines de milliers de patients de soins de sant\u00e9.&nbsp;<\/p>\n<p>Le prix a \u00e9t\u00e9 pr\u00e9sent\u00e9 au 35e anniversaire de la Communaut\u00e9 d&rsquo;espoir en 2015. Les r\u00e9cipiendaires de prix pr\u00e9c\u00e9dents comprennent Christopher Kerns de Fort Myer Construction et Dodie Brady de l&rsquo;Harmonie mondiale par l&rsquo;excellence personnelle.&nbsp;<\/p>\n<p><a href=\"https:\/\/www.communityofhopedc.org\/\" target=\"_blank\">Communaut\u00e9 de Soumissions de Hope<\/a>&nbsp;via <a href=\"mailto:news@nazarene.org\">NCN<\/a><\/p>\n<p>Note de l&rsquo;\u00e9diteur : Tom Nees est l&rsquo;ancien directeur de ce qui est maintenant la r\u00e9gion des \u00c9tats-Unis \/ Canada du Nazar\u00e9en.<\/p>\n<p>Histoires \u00e0 partager ? Envoyer un courriel \u00e0 <a href=\"mailto:news@nazarene.org?subject=NCN%20News%20submission\">news@nazarene.org<\/a>.<\/p>\n","protected":false},"excerpt":{"rendered":"<div style=\"text-align:center\">\n<figure class=\"image\" style=\"display:inline-block\"><img alt=\"\" heig=\"\"><\/p>\n","protected":false},"author":1,"featured_media":0,"menu_order":0,"template":"","news-categories":[],"news-region-taxonomy":[],"news-tag":[758],"class_list":["post-53353","news","type-news","status-publish","hentry","news-tag-etats-unis-canada"],"yoast_head":"<!-- This site is optimized with the Yoast SEO Premium plugin v27.1 (Yoast SEO v27.1.1) - https:\/\/yoast.com\/product\/yoast-seo-premium-wordpress\/ -->\n<title>La Communaut\u00e9 d&#039;espoir reconna\u00eet le pr\u00e9sident du conseil fondateur avec prix - Church of the Nazarene<\/title>\n<meta name=\"robots\" content=\"index, follow, max-snippet:-1, max-image-preview:large, max-video-preview:-1\" \/>\n<link rel=\"canonical\" href=\"https:\/\/nazarene.org\/fr\/news\/la-communaute-despoir-reconnait-le-president-du-conseil-fondateur-avec-prix\/\" \/>\n<meta property=\"og:locale\" content=\"fr_FR\" \/>\n<meta property=\"og:type\" content=\"article\" \/>\n<meta property=\"og:title\" content=\"La Communaut\u00e9 d&#039;espoir reconna\u00eet le pr\u00e9sident du conseil fondateur avec prix\" \/>\n<meta property=\"og:url\" content=\"https:\/\/nazarene.org\/fr\/news\/la-communaute-despoir-reconnait-le-president-du-conseil-fondateur-avec-prix\/\" \/>\n<meta property=\"og:site_name\" content=\"Church of the Nazarene\" \/>\n<meta property=\"article:publisher\" content=\"https:\/\/www.facebook.com\/NazareneOfficial\/\" \/>\n<meta property=\"og:image\" content=\"https:\/\/nazarene.org\/wp-content\/uploads\/migrated_images\/NCN%20News\/USACanada\/DC\/RobertSloanAward.jpg\" \/>\n<meta name=\"twitter:card\" content=\"summary_large_image\" \/>\n<meta name=\"twitter:site\" content=\"@Nazarene\" \/>\n<script type=\"application\/ld+json\" class=\"yoast-schema-graph\">{\"@context\":\"https:\/\/schema.org\",\"@graph\":[{\"@type\":\"WebPage\",\"@id\":\"https:\/\/nazarene.org\/fr\/news\/la-communaute-despoir-reconnait-le-president-du-conseil-fondateur-avec-prix\/\",\"url\":\"https:\/\/nazarene.org\/fr\/news\/la-communaute-despoir-reconnait-le-president-du-conseil-fondateur-avec-prix\/\",\"name\":\"La Communaut\u00e9 d'espoir reconna\u00eet le pr\u00e9sident du conseil fondateur avec prix - Church of the Nazarene\",\"isPartOf\":{\"@id\":\"https:\/\/nazarene.org\/fr\/#website\"},\"primaryImageOfPage\":{\"@id\":\"https:\/\/nazarene.org\/fr\/news\/la-communaute-despoir-reconnait-le-president-du-conseil-fondateur-avec-prix\/#primaryimage\"},\"image\":{\"@id\":\"https:\/\/nazarene.org\/fr\/news\/la-communaute-despoir-reconnait-le-president-du-conseil-fondateur-avec-prix\/#primaryimage\"},\"thumbnailUrl\":\"https:\/\/nazarene.org\/wp-content\/uploads\/migrated_images\/NCN%20News\/USACanada\/DC\/RobertSloanAward.jpg\",\"datePublished\":\"2019-07-10T05:00:00+00:00\",\"breadcrumb\":{\"@id\":\"https:\/\/nazarene.org\/fr\/news\/la-communaute-despoir-reconnait-le-president-du-conseil-fondateur-avec-prix\/#breadcrumb\"},\"inLanguage\":\"fr-FR\",\"potentialAction\":[{\"@type\":\"ReadAction\",\"target\":[\"https:\/\/nazarene.org\/fr\/news\/la-communaute-despoir-reconnait-le-president-du-conseil-fondateur-avec-prix\/\"]}]},{\"@type\":\"ImageObject\",\"inLanguage\":\"fr-FR\",\"@id\":\"https:\/\/nazarene.org\/fr\/news\/la-communaute-despoir-reconnait-le-president-du-conseil-fondateur-avec-prix\/#primaryimage\",\"url\":\"https:\/\/nazarene.org\/wp-content\/uploads\/migrated_images\/NCN%20News\/USACanada\/DC\/RobertSloanAward.jpg\",\"contentUrl\":\"https:\/\/nazarene.org\/wp-content\/uploads\/migrated_images\/NCN%20News\/USACanada\/DC\/RobertSloanAward.jpg\"},{\"@type\":\"BreadcrumbList\",\"@id\":\"https:\/\/nazarene.org\/fr\/news\/la-communaute-despoir-reconnait-le-president-du-conseil-fondateur-avec-prix\/#breadcrumb\",\"itemListElement\":[{\"@type\":\"ListItem\",\"position\":1,\"name\":\"Home\",\"item\":\"https:\/\/nazarene.org\/fr\/\"},{\"@type\":\"ListItem\",\"position\":2,\"name\":\"News\",\"item\":\"https:\/\/nazarene.org\/fr\/news\/\"},{\"@type\":\"ListItem\",\"position\":3,\"name\":\"La Communaut\u00e9 d&#8217;espoir reconna\u00eet le pr\u00e9sident du conseil fondateur avec prix\"}]},{\"@type\":\"WebSite\",\"@id\":\"https:\/\/nazarene.org\/fr\/#website\",\"url\":\"https:\/\/nazarene.org\/fr\/\",\"name\":\"Church of the Nazarene\",\"description\":\"Making Christlike Disciples in the Nations\",\"publisher\":{\"@id\":\"https:\/\/nazarene.org\/fr\/#organization\"},\"potentialAction\":[{\"@type\":\"SearchAction\",\"target\":{\"@type\":\"EntryPoint\",\"urlTemplate\":\"https:\/\/nazarene.org\/fr\/?s={search_term_string}\"},\"query-input\":{\"@type\":\"PropertyValueSpecification\",\"valueRequired\":true,\"valueName\":\"search_term_string\"}}],\"inLanguage\":\"fr-FR\"},{\"@type\":\"Organization\",\"@id\":\"https:\/\/nazarene.org\/fr\/#organization\",\"name\":\"Church of the Nazarene\",\"url\":\"https:\/\/nazarene.org\/fr\/\",\"logo\":{\"@type\":\"ImageObject\",\"inLanguage\":\"fr-FR\",\"@id\":\"https:\/\/nazarene.org\/fr\/#\/schema\/logo\/image\/\",\"url\":\"https:\/\/nazarene.org\/wp-content\/uploads\/2024\/06\/Naz_Desktop_Black_Logo-1.svg\",\"contentUrl\":\"https:\/\/nazarene.org\/wp-content\/uploads\/2024\/06\/Naz_Desktop_Black_Logo-1.svg\",\"width\":258,\"height\":36,\"caption\":\"Church of the Nazarene\"},\"image\":{\"@id\":\"https:\/\/nazarene.org\/fr\/#\/schema\/logo\/image\/\"},\"sameAs\":[\"https:\/\/www.facebook.com\/NazareneOfficial\/\",\"https:\/\/x.com\/Nazarene\",\"https:\/\/www.instagram.com\/nazareneofficial\/\"]}]}<\/script>\n<!-- \/ Yoast SEO Premium plugin. -->","yoast_head_json":{"title":"La Communaut\u00e9 d'espoir reconna\u00eet le pr\u00e9sident du conseil fondateur avec prix - Church of the Nazarene","robots":{"index":"index","follow":"follow","max-snippet":"max-snippet:-1","max-image-preview":"max-image-preview:large","max-video-preview":"max-video-preview:-1"},"canonical":"https:\/\/nazarene.org\/fr\/news\/la-communaute-despoir-reconnait-le-president-du-conseil-fondateur-avec-prix\/","og_locale":"fr_FR","og_type":"article","og_title":"La Communaut\u00e9 d'espoir reconna\u00eet le pr\u00e9sident du conseil fondateur avec prix","og_url":"https:\/\/nazarene.org\/fr\/news\/la-communaute-despoir-reconnait-le-president-du-conseil-fondateur-avec-prix\/","og_site_name":"Church of the Nazarene","article_publisher":"https:\/\/www.facebook.com\/NazareneOfficial\/","og_image":[{"url":"https:\/\/nazarene.org\/wp-content\/uploads\/migrated_images\/NCN%20News\/USACanada\/DC\/RobertSloanAward.jpg","type":"","width":"","height":""}],"twitter_card":"summary_large_image","twitter_site":"@Nazarene","schema":{"@context":"https:\/\/schema.org","@graph":[{"@type":"WebPage","@id":"https:\/\/nazarene.org\/fr\/news\/la-communaute-despoir-reconnait-le-president-du-conseil-fondateur-avec-prix\/","url":"https:\/\/nazarene.org\/fr\/news\/la-communaute-despoir-reconnait-le-president-du-conseil-fondateur-avec-prix\/","name":"La Communaut\u00e9 d'espoir reconna\u00eet le pr\u00e9sident du conseil fondateur avec prix - Church of the Nazarene","isPartOf":{"@id":"https:\/\/nazarene.org\/fr\/#website"},"primaryImageOfPage":{"@id":"https:\/\/nazarene.org\/fr\/news\/la-communaute-despoir-reconnait-le-president-du-conseil-fondateur-avec-prix\/#primaryimage"},"image":{"@id":"https:\/\/nazarene.org\/fr\/news\/la-communaute-despoir-reconnait-le-president-du-conseil-fondateur-avec-prix\/#primaryimage"},"thumbnailUrl":"https:\/\/nazarene.org\/wp-content\/uploads\/migrated_images\/NCN%20News\/USACanada\/DC\/RobertSloanAward.jpg","datePublished":"2019-07-10T05:00:00+00:00","breadcrumb":{"@id":"https:\/\/nazarene.org\/fr\/news\/la-communaute-despoir-reconnait-le-president-du-conseil-fondateur-avec-prix\/#breadcrumb"},"inLanguage":"fr-FR","potentialAction":[{"@type":"ReadAction","target":["https:\/\/nazarene.org\/fr\/news\/la-communaute-despoir-reconnait-le-president-du-conseil-fondateur-avec-prix\/"]}]},{"@type":"ImageObject","inLanguage":"fr-FR","@id":"https:\/\/nazarene.org\/fr\/news\/la-communaute-despoir-reconnait-le-president-du-conseil-fondateur-avec-prix\/#primaryimage","url":"https:\/\/nazarene.org\/wp-content\/uploads\/migrated_images\/NCN%20News\/USACanada\/DC\/RobertSloanAward.jpg","contentUrl":"https:\/\/nazarene.org\/wp-content\/uploads\/migrated_images\/NCN%20News\/USACanada\/DC\/RobertSloanAward.jpg"},{"@type":"BreadcrumbList","@id":"https:\/\/nazarene.org\/fr\/news\/la-communaute-despoir-reconnait-le-president-du-conseil-fondateur-avec-prix\/#breadcrumb","itemListElement":[{"@type":"ListItem","position":1,"name":"Home","item":"https:\/\/nazarene.org\/fr\/"},{"@type":"ListItem","position":2,"name":"News","item":"https:\/\/nazarene.org\/fr\/news\/"},{"@type":"ListItem","position":3,"name":"La Communaut\u00e9 d&#8217;espoir reconna\u00eet le pr\u00e9sident du conseil fondateur avec prix"}]},{"@type":"WebSite","@id":"https:\/\/nazarene.org\/fr\/#website","url":"https:\/\/nazarene.org\/fr\/","name":"Church of the Nazarene","description":"Making Christlike Disciples in the Nations","publisher":{"@id":"https:\/\/nazarene.org\/fr\/#organization"},"potentialAction":[{"@type":"SearchAction","target":{"@type":"EntryPoint","urlTemplate":"https:\/\/nazarene.org\/fr\/?s={search_term_string}"},"query-input":{"@type":"PropertyValueSpecification","valueRequired":true,"valueName":"search_term_string"}}],"inLanguage":"fr-FR"},{"@type":"Organization","@id":"https:\/\/nazarene.org\/fr\/#organization","name":"Church of the Nazarene","url":"https:\/\/nazarene.org\/fr\/","logo":{"@type":"ImageObject","inLanguage":"fr-FR","@id":"https:\/\/nazarene.org\/fr\/#\/schema\/logo\/image\/","url":"https:\/\/nazarene.org\/wp-content\/uploads\/2024\/06\/Naz_Desktop_Black_Logo-1.svg","contentUrl":"https:\/\/nazarene.org\/wp-content\/uploads\/2024\/06\/Naz_Desktop_Black_Logo-1.svg","width":258,"height":36,"caption":"Church of the Nazarene"},"image":{"@id":"https:\/\/nazarene.org\/fr\/#\/schema\/logo\/image\/"},"sameAs":["https:\/\/www.facebook.com\/NazareneOfficial\/","https:\/\/x.com\/Nazarene","https:\/\/www.instagram.com\/nazareneofficial\/"]}]}},"_links":{"self":[{"href":"https:\/\/nazarene.org\/fr\/wp-json\/wp\/v2\/news\/53353","targetHints":{"allow":["GET"]}}],"collection":[{"href":"https:\/\/nazarene.org\/fr\/wp-json\/wp\/v2\/news"}],"about":[{"href":"https:\/\/nazarene.org\/fr\/wp-json\/wp\/v2\/types\/news"}],"author":[{"embeddable":true,"href":"https:\/\/nazarene.org\/fr\/wp-json\/wp\/v2\/users\/1"}],"version-history":[{"count":0,"href":"https:\/\/nazarene.org\/fr\/wp-json\/wp\/v2\/news\/53353\/revisions"}],"wp:attachment":[{"href":"https:\/\/nazarene.org\/fr\/wp-json\/wp\/v2\/media?parent=53353"}],"wp:term":[{"taxonomy":"news-categories","embeddable":true,"href":"https:\/\/nazarene.org\/fr\/wp-json\/wp\/v2\/news-categories?post=53353"},{"taxonomy":"news-region-taxonomy","embeddable":true,"href":"https:\/\/nazarene.org\/fr\/wp-json\/wp\/v2\/news-region-taxonomy?post=53353"},{"taxonomy":"news-tag","embeddable":true,"href":"https:\/\/nazarene.org\/fr\/wp-json\/wp\/v2\/news-tag?post=53353"}],"curies":[{"name":"wp","href":"https:\/\/api.w.org\/{rel}","templated":true}]}}