{"id":53344,"date":"2019-07-10T00:00:00","date_gmt":"2019-07-10T05:00:00","guid":{"rendered":"https:\/\/nazarene.org\/news\/nts-installe-un-nouveau-doyen-de-la-faculte\/"},"modified":"2019-07-10T00:00:00","modified_gmt":"2019-07-10T05:00:00","slug":"nts-installe-un-nouveau-doyen-de-la-faculte","status":"publish","type":"news","link":"https:\/\/nazarene.org\/fr\/news\/nts-installe-un-nouveau-doyen-de-la-faculte\/","title":{"rendered":"NTS installe un nouveau doyen de la facult\u00e9"},"content":{"rendered":"<p><img fetchpriority=\"high\" decoding=\"async\" alt=\"\" height=\"400\" src=\"https:\/\/nazarene.org\/wp-content\/uploads\/migrated_images\/NCN%20News\/Collegiate\/NTS\/JoshSweedenInstallation.jpg\" width=\"750\"><\/p>\n<p>Joshua Sweeden a \u00e9t\u00e9 install\u00e9 en tant que 8e do&nbsp;yen de la facult\u00e9 au S\u00e9minaire th\u00e9ologique nazar\u00e9en dans un service de chapelle tenu en octobre &nbsp;24 au campus NTS.<\/p>\n<p>Sweeden est titulaire d&rsquo;un baccalaur\u00e9at en &nbsp;Arts en Bible et minist\u00e8res chr\u00e9tiens de l&rsquo;Universit\u00e9 Point Loma nazar\u00e9enne, une &nbsp;Ma\u00eetrise en divinit\u00e9 du S\u00e9minaire th\u00e9ologique nazar\u00e9en et un doctorat en philosophie &nbsp;en th\u00e9ologie pratique de l&rsquo;\u00c9cole de th\u00e9ologie de l&rsquo;Universit\u00e9 de Boston. Il est un ancien ordonn\u00e9 dans l&rsquo;\u00c9glise du Nazar\u00e9en et a servi dans diverses capacit\u00e9s minist\u00e9rielles pour la d\u00e9nomination, y compris les \u00c9glises locales, l&rsquo;<a href=\"http:\/\/www.nazarene.org\/iboe\" target=\"_blank\">enseignement sup\u00e9rieur nazar\u00e9en<\/a>, la <a href=\"http:\/\/www.nazarene.org\/globalmission\" target=\"_blank\">mission mondiale<\/a> et les minist\u00e8res nazar\u00e9ens de compassion. Il est l&rsquo;auteur de plusieurs articles et chapitres de livres, d&rsquo;examens et de publications d\u00e9nominationnelles. Josh vit \u00e0 Kansas City avec sa femme, le directeur NCM Nell Becker Sweeden, et leurs deux gar\u00e7ons, Eli et Asher.<\/p>\n<p>Dans son discours, Sweeden a not\u00e9 les d\u00e9fis de l&rsquo;\u00e9ducation et du minist\u00e8re dans un monde en changement rapide et le r\u00f4le unique que les s\u00e9minaires peuvent jouer.<\/p>\n<p>En tant que r\u00e9sultat du paysage changeant, l&rsquo;\u00c9glise et l&rsquo;acad\u00e9mie doivent se red\u00e9couvrir dans une nouvelle \u00e8re \u00bb, a d\u00e9clar\u00e9 &nbsp;Sweeden. Et juste au milieu de lui sont des s\u00e9minaires ; \u00e9coles d&rsquo;\u00e9tudes sup\u00e9rieures eccl\u00e9siales en th\u00e9ologie dont la t\u00e2che primaire est une pratique-th\u00e9ologique. \u00ab\u00a0<\/p>\n<p>Sweeden a partag\u00e9 sa vision pour les acad\u00e9miques NTS.<\/p>\n<p>La t\u00e2che d&rsquo;un s\u00e9minaire est d&rsquo;aider l&rsquo;\u00c9glise \u00e0 \u00eatre l&rsquo;\u00c9glise \u00bb, a-t-il dit. Au S\u00e9minaire th\u00e9ologique nazar\u00e9en, nous n&rsquo;attendons pas, mais nous avan\u00e7ons dans notre t\u00e2che \u00ab pour nourrir, nourrir, discipliner et ressources l&rsquo;imagination pastorale et eccl\u00e9siale \u00bb * Nous sommes confiants que Dieu a appel\u00e9 le peuple de Dieu pour un temps comme cela. \u00ab\u00a0<\/p>\n<p><img decoding=\"async\" alt=\"\" height=\"400\" src=\"https:\/\/nazarene.org\/wp-content\/uploads\/migrated_images\/NCN%20News\/Collegiate\/NTS\/SweedenPrayer.jpg\" width=\"750\"><\/p>\n<p>Le service comprenait des charges par des repr\u00e9sentants du corps \u00e9tudiant et de la facult\u00e9 du s\u00e9minaire.<\/p>\n<p>Nous vous demandons de d\u00e9finir un exemple pour nous \u00bb, a d\u00e9clar\u00e9 le leader \u00e9tudiant Abe Powers. Nous vous chargeons non seulement de nous conduire \u00e0 la connaissance et de nous fournir un dipl\u00f4me, mais de nous conduire au Christ et de l&rsquo;adorer avec nous. \u00ab\u00a0<\/p>\n<p>Judith Schwanz a offert une charge au nom de la facult\u00e9.<\/p>\n<p>Nous vous demandons de tenir pour l&rsquo;\u00c9glise le besoin d&rsquo;une vision d&rsquo;un cler&nbsp;g\u00e9 bien pr\u00e9par\u00e9 avec des convictions bibliques et th\u00e9ologiques profondes qui informent et fa\u00e7onnent la pratique du minist\u00e8re \u00bb, a d\u00e9clar\u00e9 &nbsp;Schwanz. Nous vous demandons \u00e9galement de nous repr\u00e9senter dans le domaine de l&rsquo;acad\u00e9mie th\u00e9ologique afin que les fruits de notre patrimoine wesleyen servent de voix et de don \u00e0 l&rsquo;\u00c9glise chr\u00e9tienne. \u00ab\u00a0<\/p>\n<p>Avant d&rsquo;offrir une pri\u00e8re de cons\u00e9cration et de b\u00e9n\u00e9diction, le <a href=\"\/article\/nts-elects-rowell-next-president\" target=\"_blank\">pr\u00e9sident \u00e9lu Jeren Rowell<\/a> a affirm\u00e9 le leadership fort que Sweeden a affich\u00e9 pendant la recherche r\u00e9cente du s\u00e9minaire d&rsquo;un nouveau pr\u00e9sident. Il a \u00e9galement transmis son enthousiasme sur l&rsquo;avenir.<\/p>\n<p>Alors que nous anticipons de travailler ensemble pour guider ce s\u00e9minaire dans son chapitre suivant et excitant, je suis ravi de l&rsquo;opportunit\u00e9 de faire partenariat avec le Dr Sweeden alors que nous forgeons un nouveau chemin pour la vitalit\u00e9 continue et croissante de NTS \u00bb, a d\u00e9clar\u00e9 Rowell.<\/p>\n<p>NTS invite l&rsquo;\u00c9glise \u00e0 se joindre \u00e0 la pri\u00e8re pour le &nbsp;Sweeden et le minist\u00e8re du s\u00e9minaire dans les jours \u00e0 venir. Plus d&rsquo;informations sur les acad\u00e9miques \u00e0 NTS peuvent \u00eatre trouv\u00e9es \u00e0 <a href=\"http:\/\/www.nts.edu\">nts.edu<\/a>.<\/p>\n<p><a href=\"http:\/\/www.nts.edu\/\" target=\"_blank\">S\u00e9minaire th\u00e9ologique nazar\u00e9en<\/a><\/p>\n<p>Une phrase cit\u00e9e &nbsp;de Craig Dykstra dans \u00ab Imagination pastorale et eccl\u00e9siale \u00bb. Dans Dorothy C. Bass et Craig R. Dykstra. <em>Pour la vie abondante : Th\u00e9ologie pratique, \u00e9ducation th\u00e9ologique et minist\u00e8re chr\u00e9tien<\/em> (Grand Rapids, Mich : William B. Eerdmans Pub, 2008), 43.<\/p>\n","protected":false},"excerpt":{"rendered":"<p><img decoding=\"async\" alt=\"\" height=\"400\" src=\"\/sites\/default\/files\/migrated_images\/NCN%20News\/Collegiate\/NTS\/JoshSw&lt;\/div&gt;\"><\/p>\n","protected":false},"author":1,"featured_media":0,"menu_order":0,"template":"","news-categories":[],"news-region-taxonomy":[],"news-tag":[883,1781],"class_list":["post-53344","news","type-news","status-publish","hentry","news-tag-collegial","news-tag-nts-fr"],"yoast_head":"<!-- This site is optimized with the Yoast SEO Premium plugin v27.1 (Yoast SEO v27.1.1) - https:\/\/yoast.com\/product\/yoast-seo-premium-wordpress\/ -->\n<title>NTS installe un nouveau doyen de la facult\u00e9 - Church of the Nazarene<\/title>\n<meta name=\"robots\" content=\"index, follow, max-snippet:-1, max-image-preview:large, max-video-preview:-1\" \/>\n<link rel=\"canonical\" href=\"https:\/\/nazarene.org\/fr\/news\/nts-installe-un-nouveau-doyen-de-la-faculte\/\" \/>\n<meta property=\"og:locale\" content=\"fr_FR\" \/>\n<meta property=\"og:type\" content=\"article\" \/>\n<meta property=\"og:title\" content=\"NTS installe un nouveau doyen de la facult\u00e9\" \/>\n<meta property=\"og:url\" content=\"https:\/\/nazarene.org\/fr\/news\/nts-installe-un-nouveau-doyen-de-la-faculte\/\" \/>\n<meta property=\"og:site_name\" content=\"Church of the Nazarene\" \/>\n<meta property=\"article:publisher\" content=\"https:\/\/www.facebook.com\/NazareneOfficial\/\" \/>\n<meta property=\"og:image\" content=\"https:\/\/nazarene.org\/wp-content\/uploads\/migrated_images\/NCN%20News\/Collegiate\/NTS\/JoshSweedenInstallation.jpg\" \/>\n<meta name=\"twitter:card\" content=\"summary_large_image\" \/>\n<meta name=\"twitter:site\" content=\"@Nazarene\" \/>\n<script type=\"application\/ld+json\" class=\"yoast-schema-graph\">{\"@context\":\"https:\/\/schema.org\",\"@graph\":[{\"@type\":\"WebPage\",\"@id\":\"https:\/\/nazarene.org\/fr\/news\/nts-installe-un-nouveau-doyen-de-la-faculte\/\",\"url\":\"https:\/\/nazarene.org\/fr\/news\/nts-installe-un-nouveau-doyen-de-la-faculte\/\",\"name\":\"NTS installe un nouveau doyen de la facult\u00e9 - Church of the Nazarene\",\"isPartOf\":{\"@id\":\"https:\/\/nazarene.org\/fr\/#website\"},\"primaryImageOfPage\":{\"@id\":\"https:\/\/nazarene.org\/fr\/news\/nts-installe-un-nouveau-doyen-de-la-faculte\/#primaryimage\"},\"image\":{\"@id\":\"https:\/\/nazarene.org\/fr\/news\/nts-installe-un-nouveau-doyen-de-la-faculte\/#primaryimage\"},\"thumbnailUrl\":\"https:\/\/nazarene.org\/wp-content\/uploads\/migrated_images\/NCN%20News\/Collegiate\/NTS\/JoshSweedenInstallation.jpg\",\"datePublished\":\"2019-07-10T05:00:00+00:00\",\"breadcrumb\":{\"@id\":\"https:\/\/nazarene.org\/fr\/news\/nts-installe-un-nouveau-doyen-de-la-faculte\/#breadcrumb\"},\"inLanguage\":\"fr-FR\",\"potentialAction\":[{\"@type\":\"ReadAction\",\"target\":[\"https:\/\/nazarene.org\/fr\/news\/nts-installe-un-nouveau-doyen-de-la-faculte\/\"]}]},{\"@type\":\"ImageObject\",\"inLanguage\":\"fr-FR\",\"@id\":\"https:\/\/nazarene.org\/fr\/news\/nts-installe-un-nouveau-doyen-de-la-faculte\/#primaryimage\",\"url\":\"https:\/\/nazarene.org\/wp-content\/uploads\/migrated_images\/NCN%20News\/Collegiate\/NTS\/JoshSweedenInstallation.jpg\",\"contentUrl\":\"https:\/\/nazarene.org\/wp-content\/uploads\/migrated_images\/NCN%20News\/Collegiate\/NTS\/JoshSweedenInstallation.jpg\"},{\"@type\":\"BreadcrumbList\",\"@id\":\"https:\/\/nazarene.org\/fr\/news\/nts-installe-un-nouveau-doyen-de-la-faculte\/#breadcrumb\",\"itemListElement\":[{\"@type\":\"ListItem\",\"position\":1,\"name\":\"Home\",\"item\":\"https:\/\/nazarene.org\/fr\/\"},{\"@type\":\"ListItem\",\"position\":2,\"name\":\"News\",\"item\":\"https:\/\/nazarene.org\/fr\/news\/\"},{\"@type\":\"ListItem\",\"position\":3,\"name\":\"NTS installe un nouveau doyen de la facult\u00e9\"}]},{\"@type\":\"WebSite\",\"@id\":\"https:\/\/nazarene.org\/fr\/#website\",\"url\":\"https:\/\/nazarene.org\/fr\/\",\"name\":\"Church of the Nazarene\",\"description\":\"Making Christlike Disciples in the Nations\",\"publisher\":{\"@id\":\"https:\/\/nazarene.org\/fr\/#organization\"},\"potentialAction\":[{\"@type\":\"SearchAction\",\"target\":{\"@type\":\"EntryPoint\",\"urlTemplate\":\"https:\/\/nazarene.org\/fr\/?s={search_term_string}\"},\"query-input\":{\"@type\":\"PropertyValueSpecification\",\"valueRequired\":true,\"valueName\":\"search_term_string\"}}],\"inLanguage\":\"fr-FR\"},{\"@type\":\"Organization\",\"@id\":\"https:\/\/nazarene.org\/fr\/#organization\",\"name\":\"Church of the Nazarene\",\"url\":\"https:\/\/nazarene.org\/fr\/\",\"logo\":{\"@type\":\"ImageObject\",\"inLanguage\":\"fr-FR\",\"@id\":\"https:\/\/nazarene.org\/fr\/#\/schema\/logo\/image\/\",\"url\":\"https:\/\/nazarene.org\/wp-content\/uploads\/2024\/06\/Naz_Desktop_Black_Logo-1.svg\",\"contentUrl\":\"https:\/\/nazarene.org\/wp-content\/uploads\/2024\/06\/Naz_Desktop_Black_Logo-1.svg\",\"width\":258,\"height\":36,\"caption\":\"Church of the Nazarene\"},\"image\":{\"@id\":\"https:\/\/nazarene.org\/fr\/#\/schema\/logo\/image\/\"},\"sameAs\":[\"https:\/\/www.facebook.com\/NazareneOfficial\/\",\"https:\/\/x.com\/Nazarene\",\"https:\/\/www.instagram.com\/nazareneofficial\/\"]}]}<\/script>\n<!-- \/ Yoast SEO Premium plugin. -->","yoast_head_json":{"title":"NTS installe un nouveau doyen de la facult\u00e9 - Church of the Nazarene","robots":{"index":"index","follow":"follow","max-snippet":"max-snippet:-1","max-image-preview":"max-image-preview:large","max-video-preview":"max-video-preview:-1"},"canonical":"https:\/\/nazarene.org\/fr\/news\/nts-installe-un-nouveau-doyen-de-la-faculte\/","og_locale":"fr_FR","og_type":"article","og_title":"NTS installe un nouveau doyen de la facult\u00e9","og_url":"https:\/\/nazarene.org\/fr\/news\/nts-installe-un-nouveau-doyen-de-la-faculte\/","og_site_name":"Church of the Nazarene","article_publisher":"https:\/\/www.facebook.com\/NazareneOfficial\/","og_image":[{"url":"https:\/\/nazarene.org\/wp-content\/uploads\/migrated_images\/NCN%20News\/Collegiate\/NTS\/JoshSweedenInstallation.jpg","type":"","width":"","height":""}],"twitter_card":"summary_large_image","twitter_site":"@Nazarene","schema":{"@context":"https:\/\/schema.org","@graph":[{"@type":"WebPage","@id":"https:\/\/nazarene.org\/fr\/news\/nts-installe-un-nouveau-doyen-de-la-faculte\/","url":"https:\/\/nazarene.org\/fr\/news\/nts-installe-un-nouveau-doyen-de-la-faculte\/","name":"NTS installe un nouveau doyen de la facult\u00e9 - Church of the Nazarene","isPartOf":{"@id":"https:\/\/nazarene.org\/fr\/#website"},"primaryImageOfPage":{"@id":"https:\/\/nazarene.org\/fr\/news\/nts-installe-un-nouveau-doyen-de-la-faculte\/#primaryimage"},"image":{"@id":"https:\/\/nazarene.org\/fr\/news\/nts-installe-un-nouveau-doyen-de-la-faculte\/#primaryimage"},"thumbnailUrl":"https:\/\/nazarene.org\/wp-content\/uploads\/migrated_images\/NCN%20News\/Collegiate\/NTS\/JoshSweedenInstallation.jpg","datePublished":"2019-07-10T05:00:00+00:00","breadcrumb":{"@id":"https:\/\/nazarene.org\/fr\/news\/nts-installe-un-nouveau-doyen-de-la-faculte\/#breadcrumb"},"inLanguage":"fr-FR","potentialAction":[{"@type":"ReadAction","target":["https:\/\/nazarene.org\/fr\/news\/nts-installe-un-nouveau-doyen-de-la-faculte\/"]}]},{"@type":"ImageObject","inLanguage":"fr-FR","@id":"https:\/\/nazarene.org\/fr\/news\/nts-installe-un-nouveau-doyen-de-la-faculte\/#primaryimage","url":"https:\/\/nazarene.org\/wp-content\/uploads\/migrated_images\/NCN%20News\/Collegiate\/NTS\/JoshSweedenInstallation.jpg","contentUrl":"https:\/\/nazarene.org\/wp-content\/uploads\/migrated_images\/NCN%20News\/Collegiate\/NTS\/JoshSweedenInstallation.jpg"},{"@type":"BreadcrumbList","@id":"https:\/\/nazarene.org\/fr\/news\/nts-installe-un-nouveau-doyen-de-la-faculte\/#breadcrumb","itemListElement":[{"@type":"ListItem","position":1,"name":"Home","item":"https:\/\/nazarene.org\/fr\/"},{"@type":"ListItem","position":2,"name":"News","item":"https:\/\/nazarene.org\/fr\/news\/"},{"@type":"ListItem","position":3,"name":"NTS installe un nouveau doyen de la facult\u00e9"}]},{"@type":"WebSite","@id":"https:\/\/nazarene.org\/fr\/#website","url":"https:\/\/nazarene.org\/fr\/","name":"Church of the Nazarene","description":"Making Christlike Disciples in the Nations","publisher":{"@id":"https:\/\/nazarene.org\/fr\/#organization"},"potentialAction":[{"@type":"SearchAction","target":{"@type":"EntryPoint","urlTemplate":"https:\/\/nazarene.org\/fr\/?s={search_term_string}"},"query-input":{"@type":"PropertyValueSpecification","valueRequired":true,"valueName":"search_term_string"}}],"inLanguage":"fr-FR"},{"@type":"Organization","@id":"https:\/\/nazarene.org\/fr\/#organization","name":"Church of the Nazarene","url":"https:\/\/nazarene.org\/fr\/","logo":{"@type":"ImageObject","inLanguage":"fr-FR","@id":"https:\/\/nazarene.org\/fr\/#\/schema\/logo\/image\/","url":"https:\/\/nazarene.org\/wp-content\/uploads\/2024\/06\/Naz_Desktop_Black_Logo-1.svg","contentUrl":"https:\/\/nazarene.org\/wp-content\/uploads\/2024\/06\/Naz_Desktop_Black_Logo-1.svg","width":258,"height":36,"caption":"Church of the Nazarene"},"image":{"@id":"https:\/\/nazarene.org\/fr\/#\/schema\/logo\/image\/"},"sameAs":["https:\/\/www.facebook.com\/NazareneOfficial\/","https:\/\/x.com\/Nazarene","https:\/\/www.instagram.com\/nazareneofficial\/"]}]}},"_links":{"self":[{"href":"https:\/\/nazarene.org\/fr\/wp-json\/wp\/v2\/news\/53344","targetHints":{"allow":["GET"]}}],"collection":[{"href":"https:\/\/nazarene.org\/fr\/wp-json\/wp\/v2\/news"}],"about":[{"href":"https:\/\/nazarene.org\/fr\/wp-json\/wp\/v2\/types\/news"}],"author":[{"embeddable":true,"href":"https:\/\/nazarene.org\/fr\/wp-json\/wp\/v2\/users\/1"}],"version-history":[{"count":0,"href":"https:\/\/nazarene.org\/fr\/wp-json\/wp\/v2\/news\/53344\/revisions"}],"wp:attachment":[{"href":"https:\/\/nazarene.org\/fr\/wp-json\/wp\/v2\/media?parent=53344"}],"wp:term":[{"taxonomy":"news-categories","embeddable":true,"href":"https:\/\/nazarene.org\/fr\/wp-json\/wp\/v2\/news-categories?post=53344"},{"taxonomy":"news-region-taxonomy","embeddable":true,"href":"https:\/\/nazarene.org\/fr\/wp-json\/wp\/v2\/news-region-taxonomy?post=53344"},{"taxonomy":"news-tag","embeddable":true,"href":"https:\/\/nazarene.org\/fr\/wp-json\/wp\/v2\/news-tag?post=53344"}],"curies":[{"name":"wp","href":"https:\/\/api.w.org\/{rel}","templated":true}]}}