{"id":51986,"date":"2019-11-14T00:00:00","date_gmt":"2019-11-14T06:00:00","guid":{"rendered":"https:\/\/nazarene.org\/news\/champ-central-de-meso-amerique-annonce-un-nouveau-coordonnateur\/"},"modified":"2019-11-14T00:00:00","modified_gmt":"2019-11-14T06:00:00","slug":"champ-central-de-meso-amerique-annonce-un-nouveau-coordonnateur","status":"publish","type":"news","link":"https:\/\/nazarene.org\/fr\/news\/champ-central-de-meso-amerique-annonce-un-nouveau-coordonnateur\/","title":{"rendered":"Champ central de M\u00e9so-Am\u00e9rique annonce un nouveau coordonnateur"},"content":{"rendered":"<div style=\"text-align:center\">\n<figure class=\"image\" style=\"display:inline-block\"><img fetchpriority=\"high\" decoding=\"async\" alt=\"\" height=\"400\" src=\"https:\/\/www.nazarene.orghttps:\/\/nazarene.org\/wp-content\/uploads\/NCN%20News\/People\/CarlosEusebiadelaCruz.jpeg\" width=\"750\"><figcaption>Carlos de la Cruz est le nouveau coordonnateur du champ central de M\u00e9so-Am\u00e9rique.<\/figcaption><\/figure>\n<\/div>\n<p>Carlos de la Cruz a \u00e9t\u00e9 nomm\u00e9 coordonnateur de la M\u00e9so-Am\u00e9rique centrale &nbsp;&nbsp;Fieldpar Directeur des missions mondiales Verne Ward. Le champ central est compos\u00e9 &nbsp;du Costa Rica, du Panama, de la R\u00e9publique dominicaine, de Cuba et de Porto Rico.<\/p>\n<p>Le directeur r\u00e9gional de M\u00e9so-Am\u00e9rique&nbsp;Carlos S\u00e1enz a pr\u00e9sent\u00e9&nbsp;De la Cruz en tant que nouveau FSC \u00e0 l&rsquo;\u00e9quipe de champ le 2 septembre.&nbsp;La r\u00e9union de pr\u00e9sentation a \u00e9t\u00e9 assist\u00e9e par des missionnaires r\u00e9sidant au Costa Rica, les deux surintendants des districts du pays et le personnel administratif qui a pris du temps pour prier &nbsp;pour De la Cruz ainsi &nbsp;que S\u00e1enz, &nbsp;qui a pr\u00e9c\u00e9demment servi de FSC.<\/p>\n<p>Carlos &nbsp;et Eusebia de la Cruz ont servi dans l&rsquo;\u00c9glise du Nazar\u00e9en pendant 38 ans, y compris 31 ans en tant que pasteurs dans quatre congr\u00e9gations.&nbsp;Ils ont servi pendant 15 ans en tant que surinten&nbsp;&nbsp;dant du district nord-est de la R\u00e9publique dominicaine &nbsp;et pendant les cinq derni\u00e8res ann\u00e9es, ils ont servi de surintendant du district central de Panama.<\/p>\n<p>&nbsp;Carlos a servi pendant &nbsp;13 ans de pr\u00e9sident &nbsp;du conseil du S\u00e9minaire nazar\u00e9en dominicain tout en enseignant &nbsp;dans le programme d&rsquo;\u00e9tude \u00e0 distance.&nbsp;Il a \u00e9galement servi de vice-pr\u00e9sident de l&rsquo;\u00c9glise de la R\u00e9publique dominicaine.<\/p>\n<p>Le couple a trois enfants mari\u00e9s qui servent le Seigneur &nbsp;et quatre petits-enfants.&nbsp;Ils ont \u00e9galement une fille qui finit ses \u00e9tudes universitaires.<\/p>\n","protected":false},"excerpt":{"rendered":"<div style=\"text-align:center\">\n<figure class=\"image\" style=\"display:inline-block\"><img alt=\"\" heig=\"\"><\/p>\n","protected":false},"author":1,"featured_media":0,"menu_order":0,"template":"","news-categories":[],"news-region-taxonomy":[],"news-tag":[],"class_list":["post-51986","news","type-news","status-publish","hentry"],"yoast_head":"<!-- This site is optimized with the Yoast SEO Premium plugin v27.1 (Yoast SEO v27.1.1) - https:\/\/yoast.com\/product\/yoast-seo-premium-wordpress\/ -->\n<title>Champ central de M\u00e9so-Am\u00e9rique annonce un nouveau coordonnateur - Church of the Nazarene<\/title>\n<meta name=\"robots\" content=\"index, follow, max-snippet:-1, max-image-preview:large, max-video-preview:-1\" \/>\n<link rel=\"canonical\" href=\"https:\/\/nazarene.org\/fr\/news\/champ-central-de-meso-amerique-annonce-un-nouveau-coordonnateur\/\" \/>\n<meta property=\"og:locale\" content=\"fr_FR\" \/>\n<meta property=\"og:type\" content=\"article\" \/>\n<meta property=\"og:title\" content=\"Champ central de M\u00e9so-Am\u00e9rique annonce un nouveau coordonnateur\" \/>\n<meta property=\"og:url\" content=\"https:\/\/nazarene.org\/fr\/news\/champ-central-de-meso-amerique-annonce-un-nouveau-coordonnateur\/\" \/>\n<meta property=\"og:site_name\" content=\"Church of the Nazarene\" \/>\n<meta property=\"article:publisher\" content=\"https:\/\/www.facebook.com\/NazareneOfficial\/\" \/>\n<meta property=\"og:image\" content=\"https:\/\/www.nazarene.orghttps:\/\/nazarene.org\/wp-content\/uploads\/NCN%20News\/People\/CarlosEusebiadelaCruz.jpeg\" \/>\n<meta name=\"twitter:card\" content=\"summary_large_image\" \/>\n<meta name=\"twitter:site\" content=\"@Nazarene\" \/>\n<script type=\"application\/ld+json\" class=\"yoast-schema-graph\">{\"@context\":\"https:\/\/schema.org\",\"@graph\":[{\"@type\":\"WebPage\",\"@id\":\"https:\/\/nazarene.org\/fr\/news\/champ-central-de-meso-amerique-annonce-un-nouveau-coordonnateur\/\",\"url\":\"https:\/\/nazarene.org\/fr\/news\/champ-central-de-meso-amerique-annonce-un-nouveau-coordonnateur\/\",\"name\":\"Champ central de M\u00e9so-Am\u00e9rique annonce un nouveau coordonnateur - Church of the Nazarene\",\"isPartOf\":{\"@id\":\"https:\/\/nazarene.org\/fr\/#website\"},\"primaryImageOfPage\":{\"@id\":\"https:\/\/nazarene.org\/fr\/news\/champ-central-de-meso-amerique-annonce-un-nouveau-coordonnateur\/#primaryimage\"},\"image\":{\"@id\":\"https:\/\/nazarene.org\/fr\/news\/champ-central-de-meso-amerique-annonce-un-nouveau-coordonnateur\/#primaryimage\"},\"thumbnailUrl\":\"https:\/\/www.nazarene.orghttps:\/\/nazarene.org\/wp-content\/uploads\/NCN%20News\/People\/CarlosEusebiadelaCruz.jpeg\",\"datePublished\":\"2019-11-14T06:00:00+00:00\",\"breadcrumb\":{\"@id\":\"https:\/\/nazarene.org\/fr\/news\/champ-central-de-meso-amerique-annonce-un-nouveau-coordonnateur\/#breadcrumb\"},\"inLanguage\":\"fr-FR\",\"potentialAction\":[{\"@type\":\"ReadAction\",\"target\":[\"https:\/\/nazarene.org\/fr\/news\/champ-central-de-meso-amerique-annonce-un-nouveau-coordonnateur\/\"]}]},{\"@type\":\"ImageObject\",\"inLanguage\":\"fr-FR\",\"@id\":\"https:\/\/nazarene.org\/fr\/news\/champ-central-de-meso-amerique-annonce-un-nouveau-coordonnateur\/#primaryimage\",\"url\":\"https:\/\/www.nazarene.orghttps:\/\/nazarene.org\/wp-content\/uploads\/NCN%20News\/People\/CarlosEusebiadelaCruz.jpeg\",\"contentUrl\":\"https:\/\/www.nazarene.orghttps:\/\/nazarene.org\/wp-content\/uploads\/NCN%20News\/People\/CarlosEusebiadelaCruz.jpeg\"},{\"@type\":\"BreadcrumbList\",\"@id\":\"https:\/\/nazarene.org\/fr\/news\/champ-central-de-meso-amerique-annonce-un-nouveau-coordonnateur\/#breadcrumb\",\"itemListElement\":[{\"@type\":\"ListItem\",\"position\":1,\"name\":\"Home\",\"item\":\"https:\/\/nazarene.org\/fr\/\"},{\"@type\":\"ListItem\",\"position\":2,\"name\":\"News\",\"item\":\"https:\/\/nazarene.org\/fr\/news\/\"},{\"@type\":\"ListItem\",\"position\":3,\"name\":\"Champ central de M\u00e9so-Am\u00e9rique annonce un nouveau coordonnateur\"}]},{\"@type\":\"WebSite\",\"@id\":\"https:\/\/nazarene.org\/fr\/#website\",\"url\":\"https:\/\/nazarene.org\/fr\/\",\"name\":\"Church of the Nazarene\",\"description\":\"Making Christlike Disciples in the Nations\",\"publisher\":{\"@id\":\"https:\/\/nazarene.org\/fr\/#organization\"},\"potentialAction\":[{\"@type\":\"SearchAction\",\"target\":{\"@type\":\"EntryPoint\",\"urlTemplate\":\"https:\/\/nazarene.org\/fr\/?s={search_term_string}\"},\"query-input\":{\"@type\":\"PropertyValueSpecification\",\"valueRequired\":true,\"valueName\":\"search_term_string\"}}],\"inLanguage\":\"fr-FR\"},{\"@type\":\"Organization\",\"@id\":\"https:\/\/nazarene.org\/fr\/#organization\",\"name\":\"Church of the Nazarene\",\"url\":\"https:\/\/nazarene.org\/fr\/\",\"logo\":{\"@type\":\"ImageObject\",\"inLanguage\":\"fr-FR\",\"@id\":\"https:\/\/nazarene.org\/fr\/#\/schema\/logo\/image\/\",\"url\":\"https:\/\/nazarene.org\/wp-content\/uploads\/2024\/06\/Naz_Desktop_Black_Logo-1.svg\",\"contentUrl\":\"https:\/\/nazarene.org\/wp-content\/uploads\/2024\/06\/Naz_Desktop_Black_Logo-1.svg\",\"width\":258,\"height\":36,\"caption\":\"Church of the Nazarene\"},\"image\":{\"@id\":\"https:\/\/nazarene.org\/fr\/#\/schema\/logo\/image\/\"},\"sameAs\":[\"https:\/\/www.facebook.com\/NazareneOfficial\/\",\"https:\/\/x.com\/Nazarene\",\"https:\/\/www.instagram.com\/nazareneofficial\/\"]}]}<\/script>\n<!-- \/ Yoast SEO Premium plugin. -->","yoast_head_json":{"title":"Champ central de M\u00e9so-Am\u00e9rique annonce un nouveau coordonnateur - Church of the Nazarene","robots":{"index":"index","follow":"follow","max-snippet":"max-snippet:-1","max-image-preview":"max-image-preview:large","max-video-preview":"max-video-preview:-1"},"canonical":"https:\/\/nazarene.org\/fr\/news\/champ-central-de-meso-amerique-annonce-un-nouveau-coordonnateur\/","og_locale":"fr_FR","og_type":"article","og_title":"Champ central de M\u00e9so-Am\u00e9rique annonce un nouveau coordonnateur","og_url":"https:\/\/nazarene.org\/fr\/news\/champ-central-de-meso-amerique-annonce-un-nouveau-coordonnateur\/","og_site_name":"Church of the Nazarene","article_publisher":"https:\/\/www.facebook.com\/NazareneOfficial\/","og_image":[{"url":"https:\/\/www.nazarene.orghttps:\/\/nazarene.org\/wp-content\/uploads\/NCN%20News\/People\/CarlosEusebiadelaCruz.jpeg","type":"","width":"","height":""}],"twitter_card":"summary_large_image","twitter_site":"@Nazarene","schema":{"@context":"https:\/\/schema.org","@graph":[{"@type":"WebPage","@id":"https:\/\/nazarene.org\/fr\/news\/champ-central-de-meso-amerique-annonce-un-nouveau-coordonnateur\/","url":"https:\/\/nazarene.org\/fr\/news\/champ-central-de-meso-amerique-annonce-un-nouveau-coordonnateur\/","name":"Champ central de M\u00e9so-Am\u00e9rique annonce un nouveau coordonnateur - Church of the Nazarene","isPartOf":{"@id":"https:\/\/nazarene.org\/fr\/#website"},"primaryImageOfPage":{"@id":"https:\/\/nazarene.org\/fr\/news\/champ-central-de-meso-amerique-annonce-un-nouveau-coordonnateur\/#primaryimage"},"image":{"@id":"https:\/\/nazarene.org\/fr\/news\/champ-central-de-meso-amerique-annonce-un-nouveau-coordonnateur\/#primaryimage"},"thumbnailUrl":"https:\/\/www.nazarene.orghttps:\/\/nazarene.org\/wp-content\/uploads\/NCN%20News\/People\/CarlosEusebiadelaCruz.jpeg","datePublished":"2019-11-14T06:00:00+00:00","breadcrumb":{"@id":"https:\/\/nazarene.org\/fr\/news\/champ-central-de-meso-amerique-annonce-un-nouveau-coordonnateur\/#breadcrumb"},"inLanguage":"fr-FR","potentialAction":[{"@type":"ReadAction","target":["https:\/\/nazarene.org\/fr\/news\/champ-central-de-meso-amerique-annonce-un-nouveau-coordonnateur\/"]}]},{"@type":"ImageObject","inLanguage":"fr-FR","@id":"https:\/\/nazarene.org\/fr\/news\/champ-central-de-meso-amerique-annonce-un-nouveau-coordonnateur\/#primaryimage","url":"https:\/\/www.nazarene.orghttps:\/\/nazarene.org\/wp-content\/uploads\/NCN%20News\/People\/CarlosEusebiadelaCruz.jpeg","contentUrl":"https:\/\/www.nazarene.orghttps:\/\/nazarene.org\/wp-content\/uploads\/NCN%20News\/People\/CarlosEusebiadelaCruz.jpeg"},{"@type":"BreadcrumbList","@id":"https:\/\/nazarene.org\/fr\/news\/champ-central-de-meso-amerique-annonce-un-nouveau-coordonnateur\/#breadcrumb","itemListElement":[{"@type":"ListItem","position":1,"name":"Home","item":"https:\/\/nazarene.org\/fr\/"},{"@type":"ListItem","position":2,"name":"News","item":"https:\/\/nazarene.org\/fr\/news\/"},{"@type":"ListItem","position":3,"name":"Champ central de M\u00e9so-Am\u00e9rique annonce un nouveau coordonnateur"}]},{"@type":"WebSite","@id":"https:\/\/nazarene.org\/fr\/#website","url":"https:\/\/nazarene.org\/fr\/","name":"Church of the Nazarene","description":"Making Christlike Disciples in the Nations","publisher":{"@id":"https:\/\/nazarene.org\/fr\/#organization"},"potentialAction":[{"@type":"SearchAction","target":{"@type":"EntryPoint","urlTemplate":"https:\/\/nazarene.org\/fr\/?s={search_term_string}"},"query-input":{"@type":"PropertyValueSpecification","valueRequired":true,"valueName":"search_term_string"}}],"inLanguage":"fr-FR"},{"@type":"Organization","@id":"https:\/\/nazarene.org\/fr\/#organization","name":"Church of the Nazarene","url":"https:\/\/nazarene.org\/fr\/","logo":{"@type":"ImageObject","inLanguage":"fr-FR","@id":"https:\/\/nazarene.org\/fr\/#\/schema\/logo\/image\/","url":"https:\/\/nazarene.org\/wp-content\/uploads\/2024\/06\/Naz_Desktop_Black_Logo-1.svg","contentUrl":"https:\/\/nazarene.org\/wp-content\/uploads\/2024\/06\/Naz_Desktop_Black_Logo-1.svg","width":258,"height":36,"caption":"Church of the Nazarene"},"image":{"@id":"https:\/\/nazarene.org\/fr\/#\/schema\/logo\/image\/"},"sameAs":["https:\/\/www.facebook.com\/NazareneOfficial\/","https:\/\/x.com\/Nazarene","https:\/\/www.instagram.com\/nazareneofficial\/"]}]}},"_links":{"self":[{"href":"https:\/\/nazarene.org\/fr\/wp-json\/wp\/v2\/news\/51986","targetHints":{"allow":["GET"]}}],"collection":[{"href":"https:\/\/nazarene.org\/fr\/wp-json\/wp\/v2\/news"}],"about":[{"href":"https:\/\/nazarene.org\/fr\/wp-json\/wp\/v2\/types\/news"}],"author":[{"embeddable":true,"href":"https:\/\/nazarene.org\/fr\/wp-json\/wp\/v2\/users\/1"}],"version-history":[{"count":0,"href":"https:\/\/nazarene.org\/fr\/wp-json\/wp\/v2\/news\/51986\/revisions"}],"wp:attachment":[{"href":"https:\/\/nazarene.org\/fr\/wp-json\/wp\/v2\/media?parent=51986"}],"wp:term":[{"taxonomy":"news-categories","embeddable":true,"href":"https:\/\/nazarene.org\/fr\/wp-json\/wp\/v2\/news-categories?post=51986"},{"taxonomy":"news-region-taxonomy","embeddable":true,"href":"https:\/\/nazarene.org\/fr\/wp-json\/wp\/v2\/news-region-taxonomy?post=51986"},{"taxonomy":"news-tag","embeddable":true,"href":"https:\/\/nazarene.org\/fr\/wp-json\/wp\/v2\/news-tag?post=51986"}],"curies":[{"name":"wp","href":"https:\/\/api.w.org\/{rel}","templated":true}]}}