{"id":51662,"date":"2019-11-15T00:00:00","date_gmt":"2019-11-15T06:00:00","guid":{"rendered":"https:\/\/nazarene.org\/news\/le-couple-evangeliste-aide-a-renforcer-les-mariages-dans-les-communautes-hispaniques\/"},"modified":"2019-11-15T00:00:00","modified_gmt":"2019-11-15T06:00:00","slug":"le-couple-evangeliste-aide-a-renforcer-les-mariages-dans-les-communautes-hispaniques","status":"publish","type":"news","link":"https:\/\/nazarene.org\/fr\/news\/le-couple-evangeliste-aide-a-renforcer-les-mariages-dans-les-communautes-hispaniques\/","title":{"rendered":"Le couple \u00e9vang\u00e9liste aide \u00e0 renforcer les mariages dans les communaut\u00e9s hispaniques"},"content":{"rendered":"<p>\u00c0 29 ans, Jorge Diaz a frapp\u00e9 le fond du rocher apr\u00e8s avoir abandonn\u00e9 sa famille et tout perdre. Pr\u00e8s de 30 ans plus tard, lui et sa femme, Cari, voyagent dans le pays pour partager leur t\u00e9moignage et enseigner aux couples hispaniques ce que la parole de Dieu dit sur leur famille, leur maison et leur mariage.<\/p>\n<p>Lorsque Jorge et Cari ont immigr\u00e9 aux \u00c9tats-Unis, Jorge avait d\u00e9j\u00e0 combattu l&rsquo;alcoolisme depuis le d\u00e9but de son adolescence. Jorge est devenu accro aux drogues, r\u00e9sultant en la perte de son entreprise de meubles et de la maison de sa famille. Il a finalement laiss\u00e9 Cari, qui \u00e9tait enceinte de leur deuxi\u00e8me enfant, pour une autre femme.<\/p>\n<p>Alors que la vie de Jorge continuait \u00e0 spiraler hors de contr\u00f4le, Cari a commenc\u00e9 \u00e0 assister \u00e0 une \u00c9glise nazar\u00e9enne et \u00e0 prier pour Jorge, qui travaillait en tant que conducteur de camion. Une nuit alors que Jorge pensait \u00e0 ce qui \u00e9tait arriv\u00e9 \u00e0 sa vie, il a d\u00e9cid\u00e9 de demander \u00e0 Dieu de changer sa vie.<\/p>\n<p>Trois jours plus tard, j&rsquo;\u00e9tais dans l&rsquo;\u00c9glise \u00bb, a d\u00e9clar\u00e9 Jorge. Et cette nuit-l\u00e0, j&rsquo;ai apport\u00e9 ma femme. Ainsi, Dieu a restaur\u00e9 mon mariage et de ce jour-l\u00e0 nous avons \u00e9t\u00e9 ensemble. \u00ab\u00a0<\/p>\n<p>Jorge a finalement past\u00e9 dans le sud de la Floride pendant 23 ans avant de se sentir comme si Dieu pla\u00e7ait un minist\u00e8re \u00e9vang\u00e9listique sur son c\u0153ur.<\/p>\n<p>Nous croyons que le mariage, il a \u00e9t\u00e9 vraiment sous attaque \u00bb, a d\u00e9clar\u00e9 Jorge. Je crois que le Seigneur m&rsquo;a dit : \u00ab C&rsquo;est le temps d&rsquo;aller et de partager votre t\u00e9moignage &#8211; comment je vous ai sauv\u00e9, comment j&rsquo;ai restaur\u00e9 votre mariage, comment je vous ai donn\u00e9 trois enfants qui sont maintenant dans le minist\u00e8re \u00bb. J&rsquo;ai donc d\u00e9cid\u00e9 de le faire. \u00ab\u00a0<\/p>\n<p>Jorge et Cari voyagent maintenant dans le pays pour diriger des retraites de mariage bas\u00e9es sur Gen\u00e8se 1 et 2, qui expliquent l&rsquo;origine du mariage et son signification. Ils partagent sur la fa\u00e7on dont Dieu a restaur\u00e9 leur mariage et ce qu&rsquo;il est de vivre dans un mariage saint qui honore Dieu. Ils utilisent \u00e9galement une c\u00e9r\u00e9monie de renouvellement de v\u0153u \u00e0 la fin de la retraite comme outil \u00e9vang\u00e9listique pour les familles des participants.<\/p>\n<p><img fetchpriority=\"high\" decoding=\"async\" alt=\"\" height=\"250\" src=\"https:\/\/nazarene.org\/wp-content\/uploads\/migrated_images\/NCN%20News\/USACanada\/Florida\/Hispanic%20Marriage%20COnference.PNG\" width=\"250\"><\/p>\n<p>R\u00e9cemment, un homme s&rsquo;est senti si convaincu sur la vie que lui et sa petite amie avaient v\u00e9cu qu&rsquo;il a accept\u00e9 le Seigneur et ensuite s&rsquo;est retourn\u00e9 et a propos\u00e9 \u00e0 sa petite amie, la m\u00e8re de ses enfants, au milieu de la conf\u00e9rence.<\/p>\n<p>La famille Diaz croit que leurs ant\u00e9c\u00e9dents culturels peuvent aider \u00e0 atteindre ceux dans les communaut\u00e9s hispaniques. Diaz a not\u00e9 les diff\u00e9rences dans les cultures maritales hispaniques par rapport aux autres cultures<\/p>\n<p>Dans notre culture, nous nous r\u00e9unissons juste \u00bb, a d\u00e9clar\u00e9 Jorge. Nous fuisons avec la femme et nous nous r\u00e9unissons et avons des familles. Et nous aimons la personne, nous nous aimons [mais il n&rsquo;y a pas d&rsquo;engagement].<\/p>\n<p>Nous n&rsquo;avons jamais compris l&rsquo;importance d&rsquo;\u00eatre ob\u00e9issant au Seigneur et de se marier. Nous n&rsquo;avons jamais compris la b\u00e9n\u00e9diction de se marier et de prendre ma femme au Seigneur et de dire : \u00ab Vous \u00eates ma femme aim\u00e9e et je vous prends pour le reste de mes jours. \u00bb<\/p>\n<p>Jorge croit que Dieu fait de grandes choses dans les communaut\u00e9s hispaniques en Am\u00e9rique en renfor\u00e7ant les mariages et en cr\u00e9ant des m\u00e9nages forts, chr\u00e9tiens hispaniques. \u00c0 leur derni\u00e8re conf\u00e9rence, huit personnes ont \u00e9t\u00e9 sauv\u00e9es et huit couples ont renouvel\u00e9 leurs v\u0153ux de mariage.<\/p>\n<p>C&rsquo;est ce que je veux \u00bb, a d\u00e9clar\u00e9 Diaz. Je veux juste \u00eatre une ressource \u00e0 &nbsp;tous les Hispaniques et \u00e0 l&rsquo;\u00c9glise nazar\u00e9enne. Je veux juste utiliser mon t\u00e9moignage et encourager les gens \u00e0 vraiment croire que Dieu peut restaurer les mariages. \u00ab\u00a0<\/p>\n","protected":false},"excerpt":{"rendered":"<p>\u00c0 29 ans, Jorge Diaz a frapp\u00e9 le fond du rocher apr\u00e8s avoir abandonn\u00e9 sa famille et tout perdre. Pr\u00e8s de 30 ans plus tard, lui et sa femme, Cari, voyagent dans le pays pour partager leur t\u00e9moignage et enseigner aux couples hispaniques ce que la parole de Dieu dit sur leur famille, leur maison [&hellip;]<\/p>\n","protected":false},"author":1,"featured_media":24695,"menu_order":0,"template":"","news-categories":[],"news-region-taxonomy":[],"news-tag":[2606],"class_list":["post-51662","news","type-news","status-publish","has-post-thumbnail","hentry","news-tag-mariage"],"yoast_head":"<!-- This site is optimized with the Yoast SEO Premium plugin v27.1 (Yoast SEO v27.1.1) - https:\/\/yoast.com\/product\/yoast-seo-premium-wordpress\/ -->\n<title>Le couple \u00e9vang\u00e9liste aide \u00e0 renforcer les mariages dans les communaut\u00e9s hispaniques - Church of the Nazarene<\/title>\n<meta name=\"robots\" content=\"index, follow, max-snippet:-1, max-image-preview:large, max-video-preview:-1\" \/>\n<link rel=\"canonical\" href=\"https:\/\/nazarene.org\/fr\/news\/le-couple-evangeliste-aide-a-renforcer-les-mariages-dans-les-communautes-hispaniques\/\" \/>\n<meta property=\"og:locale\" content=\"fr_FR\" \/>\n<meta property=\"og:type\" content=\"article\" \/>\n<meta property=\"og:title\" content=\"Le couple \u00e9vang\u00e9liste aide \u00e0 renforcer les mariages dans les communaut\u00e9s hispaniques\" \/>\n<meta property=\"og:description\" content=\"\u00c0 29 ans, Jorge Diaz a frapp\u00e9 le fond du rocher apr\u00e8s avoir abandonn\u00e9 sa famille et tout perdre. Pr\u00e8s de 30 ans plus tard, lui et sa femme, Cari, voyagent dans le pays pour partager leur t\u00e9moignage et enseigner aux couples hispaniques ce que la parole de Dieu dit sur leur famille, leur maison [&hellip;]\" \/>\n<meta property=\"og:url\" content=\"https:\/\/nazarene.org\/fr\/news\/le-couple-evangeliste-aide-a-renforcer-les-mariages-dans-les-communautes-hispaniques\/\" \/>\n<meta property=\"og:site_name\" content=\"Church of the Nazarene\" \/>\n<meta property=\"article:publisher\" content=\"https:\/\/www.facebook.com\/NazareneOfficial\/\" \/>\n<meta property=\"og:image\" content=\"https:\/\/nazarene.org\/wp-content\/uploads\/migrated_images\/NCN%20News\/USACanada\/Florida\/Hispanic%20Marriage%20COnference.PNG\" \/>\n<meta name=\"twitter:card\" content=\"summary_large_image\" \/>\n<meta name=\"twitter:site\" content=\"@Nazarene\" \/>\n<script type=\"application\/ld+json\" class=\"yoast-schema-graph\">{\"@context\":\"https:\/\/schema.org\",\"@graph\":[{\"@type\":\"WebPage\",\"@id\":\"https:\/\/nazarene.org\/fr\/news\/le-couple-evangeliste-aide-a-renforcer-les-mariages-dans-les-communautes-hispaniques\/\",\"url\":\"https:\/\/nazarene.org\/fr\/news\/le-couple-evangeliste-aide-a-renforcer-les-mariages-dans-les-communautes-hispaniques\/\",\"name\":\"Le couple \u00e9vang\u00e9liste aide \u00e0 renforcer les mariages dans les communaut\u00e9s hispaniques - Church of the Nazarene\",\"isPartOf\":{\"@id\":\"https:\/\/nazarene.org\/fr\/#website\"},\"primaryImageOfPage\":{\"@id\":\"https:\/\/nazarene.org\/fr\/news\/le-couple-evangeliste-aide-a-renforcer-les-mariages-dans-les-communautes-hispaniques\/#primaryimage\"},\"image\":{\"@id\":\"https:\/\/nazarene.org\/fr\/news\/le-couple-evangeliste-aide-a-renforcer-les-mariages-dans-les-communautes-hispaniques\/#primaryimage\"},\"thumbnailUrl\":\"https:\/\/nazarene.org\/wp-content\/uploads\/2025\/02\/Jorge-and-Cari.jpg\",\"datePublished\":\"2019-11-15T06:00:00+00:00\",\"breadcrumb\":{\"@id\":\"https:\/\/nazarene.org\/fr\/news\/le-couple-evangeliste-aide-a-renforcer-les-mariages-dans-les-communautes-hispaniques\/#breadcrumb\"},\"inLanguage\":\"fr-FR\",\"potentialAction\":[{\"@type\":\"ReadAction\",\"target\":[\"https:\/\/nazarene.org\/fr\/news\/le-couple-evangeliste-aide-a-renforcer-les-mariages-dans-les-communautes-hispaniques\/\"]}]},{\"@type\":\"ImageObject\",\"inLanguage\":\"fr-FR\",\"@id\":\"https:\/\/nazarene.org\/fr\/news\/le-couple-evangeliste-aide-a-renforcer-les-mariages-dans-les-communautes-hispaniques\/#primaryimage\",\"url\":\"https:\/\/nazarene.org\/wp-content\/uploads\/2025\/02\/Jorge-and-Cari.jpg\",\"contentUrl\":\"https:\/\/nazarene.org\/wp-content\/uploads\/2025\/02\/Jorge-and-Cari.jpg\",\"width\":750,\"height\":400},{\"@type\":\"BreadcrumbList\",\"@id\":\"https:\/\/nazarene.org\/fr\/news\/le-couple-evangeliste-aide-a-renforcer-les-mariages-dans-les-communautes-hispaniques\/#breadcrumb\",\"itemListElement\":[{\"@type\":\"ListItem\",\"position\":1,\"name\":\"Home\",\"item\":\"https:\/\/nazarene.org\/fr\/\"},{\"@type\":\"ListItem\",\"position\":2,\"name\":\"News\",\"item\":\"https:\/\/nazarene.org\/fr\/news\/\"},{\"@type\":\"ListItem\",\"position\":3,\"name\":\"Le couple \u00e9vang\u00e9liste aide \u00e0 renforcer les mariages dans les communaut\u00e9s hispaniques\"}]},{\"@type\":\"WebSite\",\"@id\":\"https:\/\/nazarene.org\/fr\/#website\",\"url\":\"https:\/\/nazarene.org\/fr\/\",\"name\":\"Church of the Nazarene\",\"description\":\"Making Christlike Disciples in the Nations\",\"publisher\":{\"@id\":\"https:\/\/nazarene.org\/fr\/#organization\"},\"potentialAction\":[{\"@type\":\"SearchAction\",\"target\":{\"@type\":\"EntryPoint\",\"urlTemplate\":\"https:\/\/nazarene.org\/fr\/?s={search_term_string}\"},\"query-input\":{\"@type\":\"PropertyValueSpecification\",\"valueRequired\":true,\"valueName\":\"search_term_string\"}}],\"inLanguage\":\"fr-FR\"},{\"@type\":\"Organization\",\"@id\":\"https:\/\/nazarene.org\/fr\/#organization\",\"name\":\"Church of the Nazarene\",\"url\":\"https:\/\/nazarene.org\/fr\/\",\"logo\":{\"@type\":\"ImageObject\",\"inLanguage\":\"fr-FR\",\"@id\":\"https:\/\/nazarene.org\/fr\/#\/schema\/logo\/image\/\",\"url\":\"https:\/\/nazarene.org\/wp-content\/uploads\/2024\/06\/Naz_Desktop_Black_Logo-1.svg\",\"contentUrl\":\"https:\/\/nazarene.org\/wp-content\/uploads\/2024\/06\/Naz_Desktop_Black_Logo-1.svg\",\"width\":258,\"height\":36,\"caption\":\"Church of the Nazarene\"},\"image\":{\"@id\":\"https:\/\/nazarene.org\/fr\/#\/schema\/logo\/image\/\"},\"sameAs\":[\"https:\/\/www.facebook.com\/NazareneOfficial\/\",\"https:\/\/x.com\/Nazarene\",\"https:\/\/www.instagram.com\/nazareneofficial\/\"]}]}<\/script>\n<!-- \/ Yoast SEO Premium plugin. -->","yoast_head_json":{"title":"Le couple \u00e9vang\u00e9liste aide \u00e0 renforcer les mariages dans les communaut\u00e9s hispaniques - Church of the Nazarene","robots":{"index":"index","follow":"follow","max-snippet":"max-snippet:-1","max-image-preview":"max-image-preview:large","max-video-preview":"max-video-preview:-1"},"canonical":"https:\/\/nazarene.org\/fr\/news\/le-couple-evangeliste-aide-a-renforcer-les-mariages-dans-les-communautes-hispaniques\/","og_locale":"fr_FR","og_type":"article","og_title":"Le couple \u00e9vang\u00e9liste aide \u00e0 renforcer les mariages dans les communaut\u00e9s hispaniques","og_description":"\u00c0 29 ans, Jorge Diaz a frapp\u00e9 le fond du rocher apr\u00e8s avoir abandonn\u00e9 sa famille et tout perdre. Pr\u00e8s de 30 ans plus tard, lui et sa femme, Cari, voyagent dans le pays pour partager leur t\u00e9moignage et enseigner aux couples hispaniques ce que la parole de Dieu dit sur leur famille, leur maison [&hellip;]","og_url":"https:\/\/nazarene.org\/fr\/news\/le-couple-evangeliste-aide-a-renforcer-les-mariages-dans-les-communautes-hispaniques\/","og_site_name":"Church of the Nazarene","article_publisher":"https:\/\/www.facebook.com\/NazareneOfficial\/","og_image":[{"url":"https:\/\/nazarene.org\/wp-content\/uploads\/migrated_images\/NCN%20News\/USACanada\/Florida\/Hispanic%20Marriage%20COnference.PNG","type":"","width":"","height":""}],"twitter_card":"summary_large_image","twitter_site":"@Nazarene","schema":{"@context":"https:\/\/schema.org","@graph":[{"@type":"WebPage","@id":"https:\/\/nazarene.org\/fr\/news\/le-couple-evangeliste-aide-a-renforcer-les-mariages-dans-les-communautes-hispaniques\/","url":"https:\/\/nazarene.org\/fr\/news\/le-couple-evangeliste-aide-a-renforcer-les-mariages-dans-les-communautes-hispaniques\/","name":"Le couple \u00e9vang\u00e9liste aide \u00e0 renforcer les mariages dans les communaut\u00e9s hispaniques - Church of the Nazarene","isPartOf":{"@id":"https:\/\/nazarene.org\/fr\/#website"},"primaryImageOfPage":{"@id":"https:\/\/nazarene.org\/fr\/news\/le-couple-evangeliste-aide-a-renforcer-les-mariages-dans-les-communautes-hispaniques\/#primaryimage"},"image":{"@id":"https:\/\/nazarene.org\/fr\/news\/le-couple-evangeliste-aide-a-renforcer-les-mariages-dans-les-communautes-hispaniques\/#primaryimage"},"thumbnailUrl":"https:\/\/nazarene.org\/wp-content\/uploads\/2025\/02\/Jorge-and-Cari.jpg","datePublished":"2019-11-15T06:00:00+00:00","breadcrumb":{"@id":"https:\/\/nazarene.org\/fr\/news\/le-couple-evangeliste-aide-a-renforcer-les-mariages-dans-les-communautes-hispaniques\/#breadcrumb"},"inLanguage":"fr-FR","potentialAction":[{"@type":"ReadAction","target":["https:\/\/nazarene.org\/fr\/news\/le-couple-evangeliste-aide-a-renforcer-les-mariages-dans-les-communautes-hispaniques\/"]}]},{"@type":"ImageObject","inLanguage":"fr-FR","@id":"https:\/\/nazarene.org\/fr\/news\/le-couple-evangeliste-aide-a-renforcer-les-mariages-dans-les-communautes-hispaniques\/#primaryimage","url":"https:\/\/nazarene.org\/wp-content\/uploads\/2025\/02\/Jorge-and-Cari.jpg","contentUrl":"https:\/\/nazarene.org\/wp-content\/uploads\/2025\/02\/Jorge-and-Cari.jpg","width":750,"height":400},{"@type":"BreadcrumbList","@id":"https:\/\/nazarene.org\/fr\/news\/le-couple-evangeliste-aide-a-renforcer-les-mariages-dans-les-communautes-hispaniques\/#breadcrumb","itemListElement":[{"@type":"ListItem","position":1,"name":"Home","item":"https:\/\/nazarene.org\/fr\/"},{"@type":"ListItem","position":2,"name":"News","item":"https:\/\/nazarene.org\/fr\/news\/"},{"@type":"ListItem","position":3,"name":"Le couple \u00e9vang\u00e9liste aide \u00e0 renforcer les mariages dans les communaut\u00e9s hispaniques"}]},{"@type":"WebSite","@id":"https:\/\/nazarene.org\/fr\/#website","url":"https:\/\/nazarene.org\/fr\/","name":"Church of the Nazarene","description":"Making Christlike Disciples in the Nations","publisher":{"@id":"https:\/\/nazarene.org\/fr\/#organization"},"potentialAction":[{"@type":"SearchAction","target":{"@type":"EntryPoint","urlTemplate":"https:\/\/nazarene.org\/fr\/?s={search_term_string}"},"query-input":{"@type":"PropertyValueSpecification","valueRequired":true,"valueName":"search_term_string"}}],"inLanguage":"fr-FR"},{"@type":"Organization","@id":"https:\/\/nazarene.org\/fr\/#organization","name":"Church of the Nazarene","url":"https:\/\/nazarene.org\/fr\/","logo":{"@type":"ImageObject","inLanguage":"fr-FR","@id":"https:\/\/nazarene.org\/fr\/#\/schema\/logo\/image\/","url":"https:\/\/nazarene.org\/wp-content\/uploads\/2024\/06\/Naz_Desktop_Black_Logo-1.svg","contentUrl":"https:\/\/nazarene.org\/wp-content\/uploads\/2024\/06\/Naz_Desktop_Black_Logo-1.svg","width":258,"height":36,"caption":"Church of the Nazarene"},"image":{"@id":"https:\/\/nazarene.org\/fr\/#\/schema\/logo\/image\/"},"sameAs":["https:\/\/www.facebook.com\/NazareneOfficial\/","https:\/\/x.com\/Nazarene","https:\/\/www.instagram.com\/nazareneofficial\/"]}]}},"_links":{"self":[{"href":"https:\/\/nazarene.org\/fr\/wp-json\/wp\/v2\/news\/51662","targetHints":{"allow":["GET"]}}],"collection":[{"href":"https:\/\/nazarene.org\/fr\/wp-json\/wp\/v2\/news"}],"about":[{"href":"https:\/\/nazarene.org\/fr\/wp-json\/wp\/v2\/types\/news"}],"author":[{"embeddable":true,"href":"https:\/\/nazarene.org\/fr\/wp-json\/wp\/v2\/users\/1"}],"version-history":[{"count":0,"href":"https:\/\/nazarene.org\/fr\/wp-json\/wp\/v2\/news\/51662\/revisions"}],"wp:featuredmedia":[{"embeddable":true,"href":"https:\/\/nazarene.org\/fr\/wp-json\/wp\/v2\/media\/24695"}],"wp:attachment":[{"href":"https:\/\/nazarene.org\/fr\/wp-json\/wp\/v2\/media?parent=51662"}],"wp:term":[{"taxonomy":"news-categories","embeddable":true,"href":"https:\/\/nazarene.org\/fr\/wp-json\/wp\/v2\/news-categories?post=51662"},{"taxonomy":"news-region-taxonomy","embeddable":true,"href":"https:\/\/nazarene.org\/fr\/wp-json\/wp\/v2\/news-region-taxonomy?post=51662"},{"taxonomy":"news-tag","embeddable":true,"href":"https:\/\/nazarene.org\/fr\/wp-json\/wp\/v2\/news-tag?post=51662"}],"curies":[{"name":"wp","href":"https:\/\/api.w.org\/{rel}","templated":true}]}}