{"id":51222,"date":"2019-12-18T00:00:00","date_gmt":"2019-12-18T06:00:00","guid":{"rendered":"https:\/\/nazarene.org\/news\/la-famine-frappe-la-corne-de-lafrique\/"},"modified":"2019-12-18T00:00:00","modified_gmt":"2019-12-18T06:00:00","slug":"la-famine-frappe-la-corne-de-lafrique","status":"publish","type":"news","link":"https:\/\/nazarene.org\/fr\/news\/la-famine-frappe-la-corne-de-lafrique\/","title":{"rendered":"La famine frappe la Corne de l&rsquo;Afrique"},"content":{"rendered":"<p>Les agences d&rsquo;aide estiment que 10 millions de personnes sont en danger de famine d&rsquo;une famine grave et croissante dans la Corne de l&rsquo;Afrique.&nbsp;<\/p>\n<p>Les s\u00e9cheresses ont conduit \u00e0 des p\u00e9nuries de nourriture dans les pays de Somalie, de l&rsquo;\u00c9thiopie, du Kenya, de Djibouti et de l&rsquo;\u00c9rythr\u00e9e. Des centaines de milliers de personnes ont \u00e9t\u00e9 forc\u00e9es de quitter leurs maisons, surchargeant s\u00e9v\u00e8rement les camps de r\u00e9fugi\u00e9s existants et cr\u00e9ant une crise dans certaines nations de la Horn.<\/p>\n<p>Les fonctionnaires de l&rsquo;agence d&rsquo;aide disent que la crise alimentaire actuelle est plus extr\u00eame que la famine r\u00e9gionale dans les ann\u00e9es 1980 et les indications sont qu&rsquo;elle empirera. La prochaine r\u00e9colte n&rsquo;est pas attendue jusqu&rsquo;en octobre et parce que les pr\u00e9cipitations ont \u00e9t\u00e9 bien au-dessous de la moyenne pendant plus d&rsquo;un an, cette r\u00e9colte est susceptible d&rsquo;\u00e9chouer. La r\u00e9alit\u00e9 dure est que des millions dans les nations affect\u00e9es feront face \u00e0 une faim g\u00e9n\u00e9ralis\u00e9e pendant une p\u00e9riode de temps prolong\u00e9e.&nbsp;<\/p>\n<p>Les plus vuln\u00e9rables sont les plus de 2 millions d&rsquo;enfants de moins de 5 ans vivant \u00e0 la Corne de l&rsquo;Afrique.&nbsp;<\/p>\n<p>Le conflit \u00e0 long terme dans la r\u00e9gion a magnifi\u00e9 la gravit\u00e9 de la situation. La Somalie, officiellement sans gouvernement, est d\u00e9chir\u00e9e par la violence entre les forces gouvernementales de transition et les insurg\u00e9s Al Shabaab. Les r\u00e9fugi\u00e9s fuyant les combats ont d\u00e9j\u00e0 rempli des camps dans les pays voisins. Les agences d&rsquo;aide ont \u00e9t\u00e9 refus\u00e9es l&rsquo;acc\u00e8s \u00e0 la Somalie, aggravant davantage la crise alimentaire et la tension sur les nations frontali\u00e8res.<\/p>\n<p>L&rsquo;\u00c9glise du Nazar\u00e9en r\u00e9pond \u00e0 ce besoin massif. Les exp\u00e9ditions de nourriture cibl\u00e9es seront distribu\u00e9es aux plus affect\u00e9s pour soulager le pire impact de la crise. Les autres formes d&rsquo;aide comprennent du mat\u00e9riel pour les abris, l&rsquo;assistance m\u00e9dicale et, \u00e9ventuellement, une assistance \u00e0 long terme avec la r\u00e9installation.&nbsp;<\/p>\n<p>Les leaders nazar\u00e9ens dans la r\u00e9gion de l&rsquo;Afrique demandent la pri\u00e8re et un soutien alors qu&rsquo;ils cherchent \u00e0 ministrer aux affam\u00e9s et assoiff\u00e9s.&nbsp;<\/p>\n<p>Les Minist\u00e8res nazar\u00e9ens de compassion demande de l&rsquo;aide pour donner afin que l&rsquo;\u00c9glise en Afrique puisse partager des exemples tangibles de l&rsquo;amour du Christ avec ceux qui souffrent de la famine.<\/p>\n<p><em>Les personnes et les \u00c9glises qui souhaitent faire une donation pour le Secours de la Famine de la Corne de l&rsquo;Afrique peuvent le faire en ligne par les minist\u00e8res nazar\u00e9ens de compassion \u00e0 <a href=\"http:\/\/web.nazarene.org\/site\/Donation2?df_id=15740&amp;15740.donation=form1\" target=\"_blank\">www.ncm.org<\/a>. Les ch\u00e8ques peuvent \u00eatre marqu\u00e9s \u00ab ACM1519 \u00bb et envoy\u00e9s aux Services du Tr\u00e9sor mondiaux, Bo\u00eete PO 843116 Kansas City, MO 64184. Au Canada, les ch\u00e8ques devraient \u00eatre rendus payables et envoy\u00e9s \u00e0 l&rsquo;\u00c9glise du Nazar\u00e9en Canada, 20 Regan Road, Unit\u00e9 9, Brampton, Ontario L7A 1C3.<\/em><br \/>\nMinist\u00e8res nazar\u00e9ens de compassion<\/p>\n","protected":false},"excerpt":{"rendered":"<p>Les agences d&rsquo;aide estiment que 10 millions de personnes sont en danger de famine d&rsquo;une famine grave et croissante dans la Corne de l&rsquo;Afrique.&nbsp; Les s\u00e9cheresses ont conduit \u00e0 des p\u00e9nuries de nourriture dans les pays de Somalie, de l&rsquo;\u00c9thiopie, du Kenya, de Djibouti et de l&rsquo;\u00c9rythr\u00e9e. Des centaines de milliers de personnes ont \u00e9t\u00e9 [&hellip;]<\/p>\n","protected":false},"author":1,"featured_media":25123,"menu_order":0,"template":"","news-categories":[],"news-region-taxonomy":[],"news-tag":[882,2459,772,2551],"class_list":["post-51222","news","type-news","status-publish","has-post-thumbnail","hentry","news-tag-afrique","news-tag-catastrophe","news-tag-ncm-fr","news-tag-somolia-fr"],"yoast_head":"<!-- This site is optimized with the Yoast SEO Premium plugin v27.1 (Yoast SEO v27.1.1) - https:\/\/yoast.com\/product\/yoast-seo-premium-wordpress\/ -->\n<title>La famine frappe la Corne de l&#039;Afrique - Church of the Nazarene<\/title>\n<meta name=\"robots\" content=\"index, follow, max-snippet:-1, max-image-preview:large, max-video-preview:-1\" \/>\n<link rel=\"canonical\" href=\"https:\/\/nazarene.org\/fr\/news\/la-famine-frappe-la-corne-de-lafrique\/\" \/>\n<meta property=\"og:locale\" content=\"fr_FR\" \/>\n<meta property=\"og:type\" content=\"article\" \/>\n<meta property=\"og:title\" content=\"La famine frappe la Corne de l&#039;Afrique\" \/>\n<meta property=\"og:description\" content=\"Les agences d&rsquo;aide estiment que 10 millions de personnes sont en danger de famine d&rsquo;une famine grave et croissante dans la Corne de l&rsquo;Afrique.&nbsp; Les s\u00e9cheresses ont conduit \u00e0 des p\u00e9nuries de nourriture dans les pays de Somalie, de l&rsquo;\u00c9thiopie, du Kenya, de Djibouti et de l&rsquo;\u00c9rythr\u00e9e. Des centaines de milliers de personnes ont \u00e9t\u00e9 [&hellip;]\" \/>\n<meta property=\"og:url\" content=\"https:\/\/nazarene.org\/fr\/news\/la-famine-frappe-la-corne-de-lafrique\/\" \/>\n<meta property=\"og:site_name\" content=\"Church of the Nazarene\" \/>\n<meta property=\"article:publisher\" content=\"https:\/\/www.facebook.com\/NazareneOfficial\/\" \/>\n<meta name=\"twitter:card\" content=\"summary_large_image\" \/>\n<meta name=\"twitter:site\" content=\"@Nazarene\" \/>\n<script type=\"application\/ld+json\" class=\"yoast-schema-graph\">{\"@context\":\"https:\/\/schema.org\",\"@graph\":[{\"@type\":\"WebPage\",\"@id\":\"https:\/\/nazarene.org\/fr\/news\/la-famine-frappe-la-corne-de-lafrique\/\",\"url\":\"https:\/\/nazarene.org\/fr\/news\/la-famine-frappe-la-corne-de-lafrique\/\",\"name\":\"La famine frappe la Corne de l'Afrique - Church of the Nazarene\",\"isPartOf\":{\"@id\":\"https:\/\/nazarene.org\/fr\/#website\"},\"primaryImageOfPage\":{\"@id\":\"https:\/\/nazarene.org\/fr\/news\/la-famine-frappe-la-corne-de-lafrique\/#primaryimage\"},\"image\":{\"@id\":\"https:\/\/nazarene.org\/fr\/news\/la-famine-frappe-la-corne-de-lafrique\/#primaryimage\"},\"thumbnailUrl\":\"https:\/\/nazarene.org\/wp-content\/uploads\/2025\/02\/AfricaManSilhouette.jpg\",\"datePublished\":\"2019-12-18T06:00:00+00:00\",\"breadcrumb\":{\"@id\":\"https:\/\/nazarene.org\/fr\/news\/la-famine-frappe-la-corne-de-lafrique\/#breadcrumb\"},\"inLanguage\":\"fr-FR\",\"potentialAction\":[{\"@type\":\"ReadAction\",\"target\":[\"https:\/\/nazarene.org\/fr\/news\/la-famine-frappe-la-corne-de-lafrique\/\"]}]},{\"@type\":\"ImageObject\",\"inLanguage\":\"fr-FR\",\"@id\":\"https:\/\/nazarene.org\/fr\/news\/la-famine-frappe-la-corne-de-lafrique\/#primaryimage\",\"url\":\"https:\/\/nazarene.org\/wp-content\/uploads\/2025\/02\/AfricaManSilhouette.jpg\",\"contentUrl\":\"https:\/\/nazarene.org\/wp-content\/uploads\/2025\/02\/AfricaManSilhouette.jpg\",\"width\":479,\"height\":360},{\"@type\":\"BreadcrumbList\",\"@id\":\"https:\/\/nazarene.org\/fr\/news\/la-famine-frappe-la-corne-de-lafrique\/#breadcrumb\",\"itemListElement\":[{\"@type\":\"ListItem\",\"position\":1,\"name\":\"Home\",\"item\":\"https:\/\/nazarene.org\/fr\/\"},{\"@type\":\"ListItem\",\"position\":2,\"name\":\"News\",\"item\":\"https:\/\/nazarene.org\/fr\/news\/\"},{\"@type\":\"ListItem\",\"position\":3,\"name\":\"La famine frappe la Corne de l&#8217;Afrique\"}]},{\"@type\":\"WebSite\",\"@id\":\"https:\/\/nazarene.org\/fr\/#website\",\"url\":\"https:\/\/nazarene.org\/fr\/\",\"name\":\"Church of the Nazarene\",\"description\":\"Making Christlike Disciples in the Nations\",\"publisher\":{\"@id\":\"https:\/\/nazarene.org\/fr\/#organization\"},\"potentialAction\":[{\"@type\":\"SearchAction\",\"target\":{\"@type\":\"EntryPoint\",\"urlTemplate\":\"https:\/\/nazarene.org\/fr\/?s={search_term_string}\"},\"query-input\":{\"@type\":\"PropertyValueSpecification\",\"valueRequired\":true,\"valueName\":\"search_term_string\"}}],\"inLanguage\":\"fr-FR\"},{\"@type\":\"Organization\",\"@id\":\"https:\/\/nazarene.org\/fr\/#organization\",\"name\":\"Church of the Nazarene\",\"url\":\"https:\/\/nazarene.org\/fr\/\",\"logo\":{\"@type\":\"ImageObject\",\"inLanguage\":\"fr-FR\",\"@id\":\"https:\/\/nazarene.org\/fr\/#\/schema\/logo\/image\/\",\"url\":\"https:\/\/nazarene.org\/wp-content\/uploads\/2024\/06\/Naz_Desktop_Black_Logo-1.svg\",\"contentUrl\":\"https:\/\/nazarene.org\/wp-content\/uploads\/2024\/06\/Naz_Desktop_Black_Logo-1.svg\",\"width\":258,\"height\":36,\"caption\":\"Church of the Nazarene\"},\"image\":{\"@id\":\"https:\/\/nazarene.org\/fr\/#\/schema\/logo\/image\/\"},\"sameAs\":[\"https:\/\/www.facebook.com\/NazareneOfficial\/\",\"https:\/\/x.com\/Nazarene\",\"https:\/\/www.instagram.com\/nazareneofficial\/\"]}]}<\/script>\n<!-- \/ Yoast SEO Premium plugin. -->","yoast_head_json":{"title":"La famine frappe la Corne de l'Afrique - Church of the Nazarene","robots":{"index":"index","follow":"follow","max-snippet":"max-snippet:-1","max-image-preview":"max-image-preview:large","max-video-preview":"max-video-preview:-1"},"canonical":"https:\/\/nazarene.org\/fr\/news\/la-famine-frappe-la-corne-de-lafrique\/","og_locale":"fr_FR","og_type":"article","og_title":"La famine frappe la Corne de l'Afrique","og_description":"Les agences d&rsquo;aide estiment que 10 millions de personnes sont en danger de famine d&rsquo;une famine grave et croissante dans la Corne de l&rsquo;Afrique.&nbsp; Les s\u00e9cheresses ont conduit \u00e0 des p\u00e9nuries de nourriture dans les pays de Somalie, de l&rsquo;\u00c9thiopie, du Kenya, de Djibouti et de l&rsquo;\u00c9rythr\u00e9e. Des centaines de milliers de personnes ont \u00e9t\u00e9 [&hellip;]","og_url":"https:\/\/nazarene.org\/fr\/news\/la-famine-frappe-la-corne-de-lafrique\/","og_site_name":"Church of the Nazarene","article_publisher":"https:\/\/www.facebook.com\/NazareneOfficial\/","twitter_card":"summary_large_image","twitter_site":"@Nazarene","schema":{"@context":"https:\/\/schema.org","@graph":[{"@type":"WebPage","@id":"https:\/\/nazarene.org\/fr\/news\/la-famine-frappe-la-corne-de-lafrique\/","url":"https:\/\/nazarene.org\/fr\/news\/la-famine-frappe-la-corne-de-lafrique\/","name":"La famine frappe la Corne de l'Afrique - Church of the Nazarene","isPartOf":{"@id":"https:\/\/nazarene.org\/fr\/#website"},"primaryImageOfPage":{"@id":"https:\/\/nazarene.org\/fr\/news\/la-famine-frappe-la-corne-de-lafrique\/#primaryimage"},"image":{"@id":"https:\/\/nazarene.org\/fr\/news\/la-famine-frappe-la-corne-de-lafrique\/#primaryimage"},"thumbnailUrl":"https:\/\/nazarene.org\/wp-content\/uploads\/2025\/02\/AfricaManSilhouette.jpg","datePublished":"2019-12-18T06:00:00+00:00","breadcrumb":{"@id":"https:\/\/nazarene.org\/fr\/news\/la-famine-frappe-la-corne-de-lafrique\/#breadcrumb"},"inLanguage":"fr-FR","potentialAction":[{"@type":"ReadAction","target":["https:\/\/nazarene.org\/fr\/news\/la-famine-frappe-la-corne-de-lafrique\/"]}]},{"@type":"ImageObject","inLanguage":"fr-FR","@id":"https:\/\/nazarene.org\/fr\/news\/la-famine-frappe-la-corne-de-lafrique\/#primaryimage","url":"https:\/\/nazarene.org\/wp-content\/uploads\/2025\/02\/AfricaManSilhouette.jpg","contentUrl":"https:\/\/nazarene.org\/wp-content\/uploads\/2025\/02\/AfricaManSilhouette.jpg","width":479,"height":360},{"@type":"BreadcrumbList","@id":"https:\/\/nazarene.org\/fr\/news\/la-famine-frappe-la-corne-de-lafrique\/#breadcrumb","itemListElement":[{"@type":"ListItem","position":1,"name":"Home","item":"https:\/\/nazarene.org\/fr\/"},{"@type":"ListItem","position":2,"name":"News","item":"https:\/\/nazarene.org\/fr\/news\/"},{"@type":"ListItem","position":3,"name":"La famine frappe la Corne de l&#8217;Afrique"}]},{"@type":"WebSite","@id":"https:\/\/nazarene.org\/fr\/#website","url":"https:\/\/nazarene.org\/fr\/","name":"Church of the Nazarene","description":"Making Christlike Disciples in the Nations","publisher":{"@id":"https:\/\/nazarene.org\/fr\/#organization"},"potentialAction":[{"@type":"SearchAction","target":{"@type":"EntryPoint","urlTemplate":"https:\/\/nazarene.org\/fr\/?s={search_term_string}"},"query-input":{"@type":"PropertyValueSpecification","valueRequired":true,"valueName":"search_term_string"}}],"inLanguage":"fr-FR"},{"@type":"Organization","@id":"https:\/\/nazarene.org\/fr\/#organization","name":"Church of the Nazarene","url":"https:\/\/nazarene.org\/fr\/","logo":{"@type":"ImageObject","inLanguage":"fr-FR","@id":"https:\/\/nazarene.org\/fr\/#\/schema\/logo\/image\/","url":"https:\/\/nazarene.org\/wp-content\/uploads\/2024\/06\/Naz_Desktop_Black_Logo-1.svg","contentUrl":"https:\/\/nazarene.org\/wp-content\/uploads\/2024\/06\/Naz_Desktop_Black_Logo-1.svg","width":258,"height":36,"caption":"Church of the Nazarene"},"image":{"@id":"https:\/\/nazarene.org\/fr\/#\/schema\/logo\/image\/"},"sameAs":["https:\/\/www.facebook.com\/NazareneOfficial\/","https:\/\/x.com\/Nazarene","https:\/\/www.instagram.com\/nazareneofficial\/"]}]}},"_links":{"self":[{"href":"https:\/\/nazarene.org\/fr\/wp-json\/wp\/v2\/news\/51222","targetHints":{"allow":["GET"]}}],"collection":[{"href":"https:\/\/nazarene.org\/fr\/wp-json\/wp\/v2\/news"}],"about":[{"href":"https:\/\/nazarene.org\/fr\/wp-json\/wp\/v2\/types\/news"}],"author":[{"embeddable":true,"href":"https:\/\/nazarene.org\/fr\/wp-json\/wp\/v2\/users\/1"}],"version-history":[{"count":0,"href":"https:\/\/nazarene.org\/fr\/wp-json\/wp\/v2\/news\/51222\/revisions"}],"wp:featuredmedia":[{"embeddable":true,"href":"https:\/\/nazarene.org\/fr\/wp-json\/wp\/v2\/media\/25123"}],"wp:attachment":[{"href":"https:\/\/nazarene.org\/fr\/wp-json\/wp\/v2\/media?parent=51222"}],"wp:term":[{"taxonomy":"news-categories","embeddable":true,"href":"https:\/\/nazarene.org\/fr\/wp-json\/wp\/v2\/news-categories?post=51222"},{"taxonomy":"news-region-taxonomy","embeddable":true,"href":"https:\/\/nazarene.org\/fr\/wp-json\/wp\/v2\/news-region-taxonomy?post=51222"},{"taxonomy":"news-tag","embeddable":true,"href":"https:\/\/nazarene.org\/fr\/wp-json\/wp\/v2\/news-tag?post=51222"}],"curies":[{"name":"wp","href":"https:\/\/api.w.org\/{rel}","templated":true}]}}