{"id":51054,"date":"2020-01-16T00:00:00","date_gmt":"2020-01-16T06:00:00","guid":{"rendered":"https:\/\/nazarene.org\/news\/apnts-annonce-larry-bollinger-en-tant-que-nouveau-president\/"},"modified":"2020-01-16T00:00:00","modified_gmt":"2020-01-16T06:00:00","slug":"apnts-annonce-larry-bollinger-en-tant-que-nouveau-president","status":"publish","type":"news","link":"https:\/\/nazarene.org\/fr\/news\/apnts-annonce-larry-bollinger-en-tant-que-nouveau-president\/","title":{"rendered":"APNTS annonce Larry Bollinger en tant que nouveau pr\u00e9sident"},"content":{"rendered":"<p style=\"text-align:justify; margin-bottom:11px\"><span style=\"font-size:11pt\"><span style=\"line-height:107%\"><span style=\"font-family:Calibri,sans-serif\"><span style=\"font-size:12.0pt\"><span style=\"line-height:107%\">Le directeur r\u00e9gional Asie-Pacifique Mark Louw a annonc\u00e9 que Lawrence T. \u00ab Larry \u00bb Bollinger a \u00e9t\u00e9 \u00e9lu en tant que huiti\u00e8me pr\u00e9sident du S\u00e9minaire th\u00e9ologique nazar\u00e9en Asie-Pacifique. Il a servi de vice-pr\u00e9sident de l&rsquo;avancement institutionnel au Coll\u00e8ge nazar\u00e9en oriental \u00e0 Quincy, Massachusetts, \u00c9tats-Unis, depuis ao\u00fbt 2016.<\/span><\/span><\/span><\/span><\/span><\/p>\n<p style=\"text-align:justify; margin-bottom:11px\"><span style=\"font-size:11pt\"><span style=\"line-height:107%\"><span style=\"font-family:Calibri,sans-serif\"><span style=\"font-size:12.0pt\"><span style=\"line-height:107%\">Bollinger succ\u00e8de \u00e0 Bruce Oldham, qui a d\u00e9missionn\u00e9 en mai 2019 pour devenir le pasteur principal de la premi\u00e8re \u00c9glise du Nazar\u00e9en \u00e0 Winter Haven, Floride, \u00c9tats-Unis. <\/span><\/span><\/span><\/span><\/span><\/p>\n<p style=\"text-align:justify; margin-bottom:11px\"><span style=\"font-size:11pt\"><span style=\"line-height:107%\"><span style=\"font-family:Calibri,sans-serif\"><span style=\"font-size:12.0pt\"><span style=\"line-height:107%\">Pr\u00e9c\u00e9demment, Bollinger a servi de directeur mondial des minist\u00e8res nazar\u00e9ens de compassion de 2004 \u00e0 2016, voyageant dans plus de 100 pays et travaillant avec le personnel pour mettre en \u0153uvre des programmes humanitaires mondiaux. En tant que PDG et pr\u00e9sident des minist\u00e8res nazar\u00e9ens de compassion Inc., un organisme \u00e0 but non lucratif s\u00e9par\u00e9 qui travaille avec des programmes de gouvernement et de fondation, Bollinger a supervis\u00e9 les initiatives de plusieurs millions &nbsp;de dollars financ\u00e9es par USAID et le d\u00e9partement de la Justice des \u00c9tats-Unis.<\/span><\/span><\/span><\/span><\/span><\/p>\n<p style=\"text-align:justify; margin-bottom:11px\"><span style=\"font-size:11pt\"><span style=\"line-height:107%\"><span style=\"font-family:Calibri,sans-serif\"><span style=\"font-size:12.0pt\"><span style=\"line-height:107%\">Bollinger a \u00e9galement servi aux Philippines de coordonnateur des minist\u00e8res nazar\u00e9ens de compassion pour la r\u00e9gion Asie-Pacifique pendant trois ans de 2001, apr\u00e8s avoir servi avec NCM depuis janvier 1996. <\/span><\/span><\/span><\/span><\/span><\/p>\n<p style=\"text-align:justify; margin-bottom:11px\"><span style=\"font-size:11pt\"><span style=\"line-height:107%\"><span style=\"font-family:Calibri,sans-serif\"><span style=\"font-size:12.0pt\"><span style=\"line-height:107%\">En 2016, Bollinger a \u00e9t\u00e9 d\u00e9cern\u00e9 un docteur en \u00e9ducation en leadership \u00e9thique de l&rsquo;Universit\u00e9 Olivet nazar\u00e9enne et a termin\u00e9 le programme de formation ex\u00e9cutive de l&rsquo;Universit\u00e9 Harvard en gestion strat\u00e9gique pour les leaders des organisations non gouvernementales. Bollinger est \u00e9galement titulaire d&rsquo;une ma\u00eetrise en administration des affaires en \u00e9conomie du d\u00e9veloppement et d\u00e9veloppement international de l&rsquo;Universit\u00e9 orientale et un baccalaur\u00e9at en administration des affaires et en gestion du Coll\u00e8ge nazar\u00e9en oriental en 1991.<\/span><\/span><\/span><\/span><\/span><\/p>\n<p style=\"text-align:justify; margin-bottom:11px\"><span style=\"font-size:11pt\"><span style=\"line-height:107%\"><span style=\"font-family:Calibri,sans-serif\"><span style=\"font-size:12.0pt\"><span style=\"line-height:107%\">Larry est mari\u00e9 \u00e0 Lynne Bollinger, qui a \u00e9t\u00e9 l&rsquo;aum\u00f4nier au Coll\u00e8ge nazar\u00e9en oriental depuis juin 2017. Ils ont trois enfants : deux fils, Brendan et Jesse et une fille, Kari.<\/span><\/span><\/span><\/span><\/span><\/p>\n","protected":false},"excerpt":{"rendered":"<p>Le directeur r\u00e9gional Asie-Pacifique Mark Louw a annonc\u00e9 que Lawrence T. \u00ab Larry \u00bb Bollinger a \u00e9t\u00e9 \u00e9lu en tant que huiti\u00e8me pr\u00e9sident du S\u00e9minaire th\u00e9ologique nazar\u00e9en Asie-Pacifique. Il a servi de vice-pr\u00e9sident de l&rsquo;avancement institutionnel au Coll\u00e8ge nazar\u00e9en oriental \u00e0 Quincy, Massachusetts, \u00c9tats-Unis, depuis ao\u00fbt 2016. Bollinger succ\u00e8de \u00e0 Bruce Oldham, qui a d\u00e9missionn\u00e9 [&hellip;]<\/p>\n","protected":false},"author":1,"featured_media":25319,"menu_order":0,"template":"","news-categories":[],"news-region-taxonomy":[],"news-tag":[1605,883,750],"class_list":["post-51054","news","type-news","status-publish","has-post-thumbnail","hentry","news-tag-apnts-fr","news-tag-collegial","news-tag-region-asie-pacifique"],"yoast_head":"<!-- This site is optimized with the Yoast SEO Premium plugin v27.1 (Yoast SEO v27.1.1) - https:\/\/yoast.com\/product\/yoast-seo-premium-wordpress\/ -->\n<title>APNTS annonce Larry Bollinger en tant que nouveau pr\u00e9sident - Church of the Nazarene<\/title>\n<meta name=\"robots\" content=\"index, follow, max-snippet:-1, max-image-preview:large, max-video-preview:-1\" \/>\n<link rel=\"canonical\" href=\"https:\/\/nazarene.org\/fr\/news\/apnts-annonce-larry-bollinger-en-tant-que-nouveau-president\/\" \/>\n<meta property=\"og:locale\" content=\"fr_FR\" \/>\n<meta property=\"og:type\" content=\"article\" \/>\n<meta property=\"og:title\" content=\"APNTS annonce Larry Bollinger en tant que nouveau pr\u00e9sident\" \/>\n<meta property=\"og:description\" content=\"Le directeur r\u00e9gional Asie-Pacifique Mark Louw a annonc\u00e9 que Lawrence T. \u00ab Larry \u00bb Bollinger a \u00e9t\u00e9 \u00e9lu en tant que huiti\u00e8me pr\u00e9sident du S\u00e9minaire th\u00e9ologique nazar\u00e9en Asie-Pacifique. Il a servi de vice-pr\u00e9sident de l&rsquo;avancement institutionnel au Coll\u00e8ge nazar\u00e9en oriental \u00e0 Quincy, Massachusetts, \u00c9tats-Unis, depuis ao\u00fbt 2016. Bollinger succ\u00e8de \u00e0 Bruce Oldham, qui a d\u00e9missionn\u00e9 [&hellip;]\" \/>\n<meta property=\"og:url\" content=\"https:\/\/nazarene.org\/fr\/news\/apnts-annonce-larry-bollinger-en-tant-que-nouveau-president\/\" \/>\n<meta property=\"og:site_name\" content=\"Church of the Nazarene\" \/>\n<meta property=\"article:publisher\" content=\"https:\/\/www.facebook.com\/NazareneOfficial\/\" \/>\n<meta name=\"twitter:card\" content=\"summary_large_image\" \/>\n<meta name=\"twitter:site\" content=\"@Nazarene\" \/>\n<script type=\"application\/ld+json\" class=\"yoast-schema-graph\">{\"@context\":\"https:\/\/schema.org\",\"@graph\":[{\"@type\":\"WebPage\",\"@id\":\"https:\/\/nazarene.org\/fr\/news\/apnts-annonce-larry-bollinger-en-tant-que-nouveau-president\/\",\"url\":\"https:\/\/nazarene.org\/fr\/news\/apnts-annonce-larry-bollinger-en-tant-que-nouveau-president\/\",\"name\":\"APNTS annonce Larry Bollinger en tant que nouveau pr\u00e9sident - Church of the Nazarene\",\"isPartOf\":{\"@id\":\"https:\/\/nazarene.org\/fr\/#website\"},\"primaryImageOfPage\":{\"@id\":\"https:\/\/nazarene.org\/fr\/news\/apnts-annonce-larry-bollinger-en-tant-que-nouveau-president\/#primaryimage\"},\"image\":{\"@id\":\"https:\/\/nazarene.org\/fr\/news\/apnts-annonce-larry-bollinger-en-tant-que-nouveau-president\/#primaryimage\"},\"thumbnailUrl\":\"https:\/\/nazarene.org\/wp-content\/uploads\/2025\/02\/Bollinger.png\",\"datePublished\":\"2020-01-16T06:00:00+00:00\",\"breadcrumb\":{\"@id\":\"https:\/\/nazarene.org\/fr\/news\/apnts-annonce-larry-bollinger-en-tant-que-nouveau-president\/#breadcrumb\"},\"inLanguage\":\"fr-FR\",\"potentialAction\":[{\"@type\":\"ReadAction\",\"target\":[\"https:\/\/nazarene.org\/fr\/news\/apnts-annonce-larry-bollinger-en-tant-que-nouveau-president\/\"]}]},{\"@type\":\"ImageObject\",\"inLanguage\":\"fr-FR\",\"@id\":\"https:\/\/nazarene.org\/fr\/news\/apnts-annonce-larry-bollinger-en-tant-que-nouveau-president\/#primaryimage\",\"url\":\"https:\/\/nazarene.org\/wp-content\/uploads\/2025\/02\/Bollinger.png\",\"contentUrl\":\"https:\/\/nazarene.org\/wp-content\/uploads\/2025\/02\/Bollinger.png\",\"width\":750,\"height\":400},{\"@type\":\"BreadcrumbList\",\"@id\":\"https:\/\/nazarene.org\/fr\/news\/apnts-annonce-larry-bollinger-en-tant-que-nouveau-president\/#breadcrumb\",\"itemListElement\":[{\"@type\":\"ListItem\",\"position\":1,\"name\":\"Home\",\"item\":\"https:\/\/nazarene.org\/fr\/\"},{\"@type\":\"ListItem\",\"position\":2,\"name\":\"News\",\"item\":\"https:\/\/nazarene.org\/fr\/news\/\"},{\"@type\":\"ListItem\",\"position\":3,\"name\":\"APNTS annonce Larry Bollinger en tant que nouveau pr\u00e9sident\"}]},{\"@type\":\"WebSite\",\"@id\":\"https:\/\/nazarene.org\/fr\/#website\",\"url\":\"https:\/\/nazarene.org\/fr\/\",\"name\":\"Church of the Nazarene\",\"description\":\"Making Christlike Disciples in the Nations\",\"publisher\":{\"@id\":\"https:\/\/nazarene.org\/fr\/#organization\"},\"potentialAction\":[{\"@type\":\"SearchAction\",\"target\":{\"@type\":\"EntryPoint\",\"urlTemplate\":\"https:\/\/nazarene.org\/fr\/?s={search_term_string}\"},\"query-input\":{\"@type\":\"PropertyValueSpecification\",\"valueRequired\":true,\"valueName\":\"search_term_string\"}}],\"inLanguage\":\"fr-FR\"},{\"@type\":\"Organization\",\"@id\":\"https:\/\/nazarene.org\/fr\/#organization\",\"name\":\"Church of the Nazarene\",\"url\":\"https:\/\/nazarene.org\/fr\/\",\"logo\":{\"@type\":\"ImageObject\",\"inLanguage\":\"fr-FR\",\"@id\":\"https:\/\/nazarene.org\/fr\/#\/schema\/logo\/image\/\",\"url\":\"https:\/\/nazarene.org\/wp-content\/uploads\/2024\/06\/Naz_Desktop_Black_Logo-1.svg\",\"contentUrl\":\"https:\/\/nazarene.org\/wp-content\/uploads\/2024\/06\/Naz_Desktop_Black_Logo-1.svg\",\"width\":258,\"height\":36,\"caption\":\"Church of the Nazarene\"},\"image\":{\"@id\":\"https:\/\/nazarene.org\/fr\/#\/schema\/logo\/image\/\"},\"sameAs\":[\"https:\/\/www.facebook.com\/NazareneOfficial\/\",\"https:\/\/x.com\/Nazarene\",\"https:\/\/www.instagram.com\/nazareneofficial\/\"]}]}<\/script>\n<!-- \/ Yoast SEO Premium plugin. -->","yoast_head_json":{"title":"APNTS annonce Larry Bollinger en tant que nouveau pr\u00e9sident - Church of the Nazarene","robots":{"index":"index","follow":"follow","max-snippet":"max-snippet:-1","max-image-preview":"max-image-preview:large","max-video-preview":"max-video-preview:-1"},"canonical":"https:\/\/nazarene.org\/fr\/news\/apnts-annonce-larry-bollinger-en-tant-que-nouveau-president\/","og_locale":"fr_FR","og_type":"article","og_title":"APNTS annonce Larry Bollinger en tant que nouveau pr\u00e9sident","og_description":"Le directeur r\u00e9gional Asie-Pacifique Mark Louw a annonc\u00e9 que Lawrence T. \u00ab Larry \u00bb Bollinger a \u00e9t\u00e9 \u00e9lu en tant que huiti\u00e8me pr\u00e9sident du S\u00e9minaire th\u00e9ologique nazar\u00e9en Asie-Pacifique. Il a servi de vice-pr\u00e9sident de l&rsquo;avancement institutionnel au Coll\u00e8ge nazar\u00e9en oriental \u00e0 Quincy, Massachusetts, \u00c9tats-Unis, depuis ao\u00fbt 2016. Bollinger succ\u00e8de \u00e0 Bruce Oldham, qui a d\u00e9missionn\u00e9 [&hellip;]","og_url":"https:\/\/nazarene.org\/fr\/news\/apnts-annonce-larry-bollinger-en-tant-que-nouveau-president\/","og_site_name":"Church of the Nazarene","article_publisher":"https:\/\/www.facebook.com\/NazareneOfficial\/","twitter_card":"summary_large_image","twitter_site":"@Nazarene","schema":{"@context":"https:\/\/schema.org","@graph":[{"@type":"WebPage","@id":"https:\/\/nazarene.org\/fr\/news\/apnts-annonce-larry-bollinger-en-tant-que-nouveau-president\/","url":"https:\/\/nazarene.org\/fr\/news\/apnts-annonce-larry-bollinger-en-tant-que-nouveau-president\/","name":"APNTS annonce Larry Bollinger en tant que nouveau pr\u00e9sident - Church of the Nazarene","isPartOf":{"@id":"https:\/\/nazarene.org\/fr\/#website"},"primaryImageOfPage":{"@id":"https:\/\/nazarene.org\/fr\/news\/apnts-annonce-larry-bollinger-en-tant-que-nouveau-president\/#primaryimage"},"image":{"@id":"https:\/\/nazarene.org\/fr\/news\/apnts-annonce-larry-bollinger-en-tant-que-nouveau-president\/#primaryimage"},"thumbnailUrl":"https:\/\/nazarene.org\/wp-content\/uploads\/2025\/02\/Bollinger.png","datePublished":"2020-01-16T06:00:00+00:00","breadcrumb":{"@id":"https:\/\/nazarene.org\/fr\/news\/apnts-annonce-larry-bollinger-en-tant-que-nouveau-president\/#breadcrumb"},"inLanguage":"fr-FR","potentialAction":[{"@type":"ReadAction","target":["https:\/\/nazarene.org\/fr\/news\/apnts-annonce-larry-bollinger-en-tant-que-nouveau-president\/"]}]},{"@type":"ImageObject","inLanguage":"fr-FR","@id":"https:\/\/nazarene.org\/fr\/news\/apnts-annonce-larry-bollinger-en-tant-que-nouveau-president\/#primaryimage","url":"https:\/\/nazarene.org\/wp-content\/uploads\/2025\/02\/Bollinger.png","contentUrl":"https:\/\/nazarene.org\/wp-content\/uploads\/2025\/02\/Bollinger.png","width":750,"height":400},{"@type":"BreadcrumbList","@id":"https:\/\/nazarene.org\/fr\/news\/apnts-annonce-larry-bollinger-en-tant-que-nouveau-president\/#breadcrumb","itemListElement":[{"@type":"ListItem","position":1,"name":"Home","item":"https:\/\/nazarene.org\/fr\/"},{"@type":"ListItem","position":2,"name":"News","item":"https:\/\/nazarene.org\/fr\/news\/"},{"@type":"ListItem","position":3,"name":"APNTS annonce Larry Bollinger en tant que nouveau pr\u00e9sident"}]},{"@type":"WebSite","@id":"https:\/\/nazarene.org\/fr\/#website","url":"https:\/\/nazarene.org\/fr\/","name":"Church of the Nazarene","description":"Making Christlike Disciples in the Nations","publisher":{"@id":"https:\/\/nazarene.org\/fr\/#organization"},"potentialAction":[{"@type":"SearchAction","target":{"@type":"EntryPoint","urlTemplate":"https:\/\/nazarene.org\/fr\/?s={search_term_string}"},"query-input":{"@type":"PropertyValueSpecification","valueRequired":true,"valueName":"search_term_string"}}],"inLanguage":"fr-FR"},{"@type":"Organization","@id":"https:\/\/nazarene.org\/fr\/#organization","name":"Church of the Nazarene","url":"https:\/\/nazarene.org\/fr\/","logo":{"@type":"ImageObject","inLanguage":"fr-FR","@id":"https:\/\/nazarene.org\/fr\/#\/schema\/logo\/image\/","url":"https:\/\/nazarene.org\/wp-content\/uploads\/2024\/06\/Naz_Desktop_Black_Logo-1.svg","contentUrl":"https:\/\/nazarene.org\/wp-content\/uploads\/2024\/06\/Naz_Desktop_Black_Logo-1.svg","width":258,"height":36,"caption":"Church of the Nazarene"},"image":{"@id":"https:\/\/nazarene.org\/fr\/#\/schema\/logo\/image\/"},"sameAs":["https:\/\/www.facebook.com\/NazareneOfficial\/","https:\/\/x.com\/Nazarene","https:\/\/www.instagram.com\/nazareneofficial\/"]}]}},"_links":{"self":[{"href":"https:\/\/nazarene.org\/fr\/wp-json\/wp\/v2\/news\/51054","targetHints":{"allow":["GET"]}}],"collection":[{"href":"https:\/\/nazarene.org\/fr\/wp-json\/wp\/v2\/news"}],"about":[{"href":"https:\/\/nazarene.org\/fr\/wp-json\/wp\/v2\/types\/news"}],"author":[{"embeddable":true,"href":"https:\/\/nazarene.org\/fr\/wp-json\/wp\/v2\/users\/1"}],"version-history":[{"count":0,"href":"https:\/\/nazarene.org\/fr\/wp-json\/wp\/v2\/news\/51054\/revisions"}],"wp:featuredmedia":[{"embeddable":true,"href":"https:\/\/nazarene.org\/fr\/wp-json\/wp\/v2\/media\/25319"}],"wp:attachment":[{"href":"https:\/\/nazarene.org\/fr\/wp-json\/wp\/v2\/media?parent=51054"}],"wp:term":[{"taxonomy":"news-categories","embeddable":true,"href":"https:\/\/nazarene.org\/fr\/wp-json\/wp\/v2\/news-categories?post=51054"},{"taxonomy":"news-region-taxonomy","embeddable":true,"href":"https:\/\/nazarene.org\/fr\/wp-json\/wp\/v2\/news-region-taxonomy?post=51054"},{"taxonomy":"news-tag","embeddable":true,"href":"https:\/\/nazarene.org\/fr\/wp-json\/wp\/v2\/news-tag?post=51054"}],"curies":[{"name":"wp","href":"https:\/\/api.w.org\/{rel}","templated":true}]}}