{"id":51016,"date":"2020-01-23T00:00:00","date_gmt":"2020-01-23T06:00:00","guid":{"rendered":"https:\/\/nazarene.org\/news\/le-seminaire-theologique-nazareen-marque-le-75e-anniversaire\/"},"modified":"2020-01-23T00:00:00","modified_gmt":"2020-01-23T06:00:00","slug":"le-seminaire-theologique-nazareen-marque-le-75e-anniversaire","status":"publish","type":"news","link":"https:\/\/nazarene.org\/fr\/news\/le-seminaire-theologique-nazareen-marque-le-75e-anniversaire\/","title":{"rendered":"Le S\u00e9minaire th\u00e9ologique nazar\u00e9en marque le 75e anniversaire"},"content":{"rendered":"<p>KANSAS CITY, MO &#8211; Le S\u00e9minaire th\u00e9ologique nazar\u00e9en c\u00e9l\u00e9brera son &nbsp;75e anniversaire tout au long de 2020 avec une s\u00e9rie d&rsquo;\u00e9v\u00e9nements culminant \u00e0 l&rsquo;Assembl\u00e9e g\u00e9n\u00e9rale 2021.&nbsp;<\/p>\n<p>Les \u00e9v\u00e9nements comprennent la c\u00e9l\u00e9bration de d\u00e9but 2020 en mai, les rassemblements PALCON tout au long de l&rsquo;\u00e9t\u00e9 et une conf\u00e9rence de pr\u00e9dicateur en septembre.<\/p>\n<p>Des \u00e9v\u00e9nements et des initiatives d&rsquo;anniversaire suppl\u00e9mentaires seront r\u00e9pertori\u00e9s at&nbsp;<a href=\"http:\/\/www.nts.edu\/75\">nts.edu\/75<\/a> et mis \u00e0 jour lorsque plus viennent \u00e0 fruition.<\/p>\n<p>Environ 6 000 anciens \u00e9l\u00e8ves NTS servent dans le minist\u00e8re dans le monde entier, une illustration vivante de la fa\u00e7on dont l&rsquo;\u00e9ducation th\u00e9ologique de qualit\u00e9 fa\u00e7onne les gens pour \u00eatre les mains et les pieds du Christ dans leurs familles, leurs communaut\u00e9s et leurs nations.&nbsp;<\/p>\n<p>Les anciens servent dans une gamme de r\u00f4les influents, y compris les pasteurs, les leaders la\u00efcs, les missionnaires, les \u00e9ducateurs, les aum\u00f4niers, les leaders \u00e0 but non lucratif et les professionnels des affaires.<\/p>\n<p>L&rsquo;histoire du S\u00e9minaire th\u00e9ologique nazar\u00e9en a commenc\u00e9 dans les ann\u00e9es 1920 &nbsp;lorsque le surintendant g\u00e9n\u00e9ral J. B. Chapman, l&rsquo;un des surintendants g\u00e9n\u00e9raux au moment, a &nbsp;lanc\u00e9 la vision pour fonder un s\u00e9minaire qui enseignerait et formerait spirituellement ses \u00e9tudiants dans la tradition th\u00e9ologique wesleyenne-arminienne, les pr\u00e9parant pour le leadership chr\u00e9tien et le minist\u00e8re.<\/p>\n<p>Ce s\u00e9minaire devrait \u00eatre un s\u00e9minaire r\u00e9el avec des cours adapt\u00e9s aux dipl\u00f4m\u00e9s du coll\u00e8ge et des cours de haut standard en th\u00e9ologie et en art de pr\u00e9dication, ainsi que les langues originales dans lesquelles nos \u00c9critures sont apparues et les pratiques adapt\u00e9es \u00e0 nos besoins \u00bb, a soutenu Chapman.<\/p>\n<p>Sa campagne persistante a jet\u00e9 les bases pour un vote de d\u00e9l\u00e9gu\u00e9 majoritaire pour \u00e9tablir un s\u00e9minaire d\u00e9nominationnel pendant la &nbsp;11e Assembl\u00e9e g\u00e9n\u00e9rale de l&rsquo;\u00c9glise du Nazar\u00e9en en 1944.<\/p>\n<p>Le s\u00e9minaire a \u00e9t\u00e9 ouvert pour la premi\u00e8re fois en 1945 sous le pr\u00e9sident Hugh C. Benner. Cinq ans plus tard, la d\u00e9nomination a achet\u00e9 un site de 10,5 acres \u00e0 1700 E. Meyer Blvd. \u00e0 Kansas City, Missouri. La construction sur les premiers b\u00e2timents a \u00e9t\u00e9 termin\u00e9e par 1954. Une biblioth\u00e8que s\u00e9par\u00e9e a \u00e9t\u00e9 ajout\u00e9e en 1966. En 2008, d&rsquo;autres achats de terres et de b\u00e2timents ont \u00e9tendu le campus \u00e0 25 acres. Peu apr\u00e8s, les maisons autour de la propri\u00e9t\u00e9 ont \u00e9t\u00e9 achet\u00e9es et r\u00e9nov\u00e9es pour offrir un logement abordable aux \u00e9tudiants.<\/p>\n<p>Alors que l&rsquo;enseignement sup\u00e9rieur a \u00e9volu\u00e9, NTS a initi\u00e9 des d\u00e9veloppements acad\u00e9miques et technologiques pour r\u00e9pondre aux besoins changeants des \u00e9tudiants.&nbsp;<\/p>\n<p>Pleinement accr\u00e9dit\u00e9 par l&rsquo;Association des \u00e9coles th\u00e9ologiques, le s\u00e9minaire a \u00e9tendu ses programmes d&rsquo;\u00e9tudes pour servir une vari\u00e9t\u00e9 de voies de minist\u00e8re vocationnel. Les \u00e9tudiants poursuivent des programmes de ma\u00eetrise, de doctorat et de certificat par des cours de vid\u00e9oconf\u00e9rence, en ligne et en face \u00e0 face sur le campus de Kansas City.<\/p>\n<p>Je suis \u00e0 jamais reconnaissant pour la fid\u00e9lit\u00e9 des hommes et des femmes \u00e0 NTS qui ont ob\u00e9i \u00e0 l&rsquo;appel de Dieu sur leur vie \u00bb, a d\u00e9clar\u00e9 Danielle Jones, un dipl\u00f4m\u00e9 de 2012. Je suis o\u00f9 je suis \u00e0 cause du &#8230; travail qui est arriv\u00e9 autour de l&rsquo;autel, la salle de classe, dans les bureaux, les caf\u00e9s et les maisons. C&rsquo;est \u00e0 cause de la fid\u00e9lit\u00e9 de tant de ceux-ci que je suis capable de vivre fid\u00e8lement dans le royaume in\u00e9branlable de Dieu et de le rejoindre dans le travail qu&rsquo;il fait en moi et tout autour de moi. \u00ab\u00a0<\/p>\n<p>Le pr\u00e9sident NTS Jeren Rowell a r\u00e9fl\u00e9chi sur l&rsquo;histoire du s\u00e9minaire.<br \/>\nLe psalmiste a dit : \u00ab Ils verront dans notre histoire l&rsquo;amour fid\u00e8le du Seigneur \u00bb (Ps. 107 : 43) \u00bb, a-t-il dit.&nbsp;Nous croyons que l&rsquo;histoire de NTS tout au long de ces 75 ans n&rsquo;est rien de moins qu&rsquo;une histoire de b\u00e9n\u00e9diction de Dieu. Nous sommes excit\u00e9s de raconter l&rsquo;histoire \u00e0 nouveau &nbsp;et d&rsquo;inviter l&rsquo;\u00c9glise \u00e0 se r\u00e9jouir avec nous dans ce que Dieu fait par NTS pour le bien de l&rsquo;\u00c9vangile. \u00ab\u00a0<\/p>\n<p><a href=\"https:\/\/www.nts.edu\/\" target=\"_blank\">S\u00e9minaire th\u00e9ologique nazar\u00e9en<\/a><\/p>\n","protected":false},"excerpt":{"rendered":"<p>KANSAS CITY, MO &#8211; Le S\u00e9minaire th\u00e9ologique nazar\u00e9en c\u00e9l\u00e9brera son &nbsp;75e anniversaire tout au long de 2020 avec une s\u00e9rie d&rsquo;\u00e9v\u00e9nements culminant \u00e0 l&rsquo;Assembl\u00e9e g\u00e9n\u00e9rale 2021.&nbsp; Les \u00e9v\u00e9nements comprennent la c\u00e9l\u00e9bration de d\u00e9but 2020 en mai, les rassemblements PALCON tout au long de l&rsquo;\u00e9t\u00e9 et une conf\u00e9rence de pr\u00e9dicateur en septembre. Des \u00e9v\u00e9nements et des [&hellip;]<\/p>\n","protected":false},"author":1,"featured_media":25379,"menu_order":0,"template":"","news-categories":[],"news-region-taxonomy":[],"news-tag":[883,1781],"class_list":["post-51016","news","type-news","status-publish","has-post-thumbnail","hentry","news-tag-collegial","news-tag-nts-fr"],"yoast_head":"<!-- This site is optimized with the Yoast SEO Premium plugin v27.1 (Yoast SEO v27.1.1) - https:\/\/yoast.com\/product\/yoast-seo-premium-wordpress\/ -->\n<title>Le S\u00e9minaire th\u00e9ologique nazar\u00e9en marque le 75e anniversaire - Church of the Nazarene<\/title>\n<meta name=\"robots\" content=\"index, follow, max-snippet:-1, max-image-preview:large, max-video-preview:-1\" \/>\n<link rel=\"canonical\" href=\"https:\/\/nazarene.org\/fr\/news\/le-seminaire-theologique-nazareen-marque-le-75e-anniversaire\/\" \/>\n<meta property=\"og:locale\" content=\"fr_FR\" \/>\n<meta property=\"og:type\" content=\"article\" \/>\n<meta property=\"og:title\" content=\"Le S\u00e9minaire th\u00e9ologique nazar\u00e9en marque le 75e anniversaire\" \/>\n<meta property=\"og:description\" content=\"KANSAS CITY, MO &#8211; Le S\u00e9minaire th\u00e9ologique nazar\u00e9en c\u00e9l\u00e9brera son &nbsp;75e anniversaire tout au long de 2020 avec une s\u00e9rie d&rsquo;\u00e9v\u00e9nements culminant \u00e0 l&rsquo;Assembl\u00e9e g\u00e9n\u00e9rale 2021.&nbsp; Les \u00e9v\u00e9nements comprennent la c\u00e9l\u00e9bration de d\u00e9but 2020 en mai, les rassemblements PALCON tout au long de l&rsquo;\u00e9t\u00e9 et une conf\u00e9rence de pr\u00e9dicateur en septembre. Des \u00e9v\u00e9nements et des [&hellip;]\" \/>\n<meta property=\"og:url\" content=\"https:\/\/nazarene.org\/fr\/news\/le-seminaire-theologique-nazareen-marque-le-75e-anniversaire\/\" \/>\n<meta property=\"og:site_name\" content=\"Church of the Nazarene\" \/>\n<meta property=\"article:publisher\" content=\"https:\/\/www.facebook.com\/NazareneOfficial\/\" \/>\n<meta name=\"twitter:card\" content=\"summary_large_image\" \/>\n<meta name=\"twitter:site\" content=\"@Nazarene\" \/>\n<script type=\"application\/ld+json\" class=\"yoast-schema-graph\">{\"@context\":\"https:\/\/schema.org\",\"@graph\":[{\"@type\":\"WebPage\",\"@id\":\"https:\/\/nazarene.org\/fr\/news\/le-seminaire-theologique-nazareen-marque-le-75e-anniversaire\/\",\"url\":\"https:\/\/nazarene.org\/fr\/news\/le-seminaire-theologique-nazareen-marque-le-75e-anniversaire\/\",\"name\":\"Le S\u00e9minaire th\u00e9ologique nazar\u00e9en marque le 75e anniversaire - Church of the Nazarene\",\"isPartOf\":{\"@id\":\"https:\/\/nazarene.org\/fr\/#website\"},\"primaryImageOfPage\":{\"@id\":\"https:\/\/nazarene.org\/fr\/news\/le-seminaire-theologique-nazareen-marque-le-75e-anniversaire\/#primaryimage\"},\"image\":{\"@id\":\"https:\/\/nazarene.org\/fr\/news\/le-seminaire-theologique-nazareen-marque-le-75e-anniversaire\/#primaryimage\"},\"thumbnailUrl\":\"https:\/\/nazarene.org\/wp-content\/uploads\/2025\/02\/News_NTS-75th-Anniversary_750x400_v22.jpg\",\"datePublished\":\"2020-01-23T06:00:00+00:00\",\"breadcrumb\":{\"@id\":\"https:\/\/nazarene.org\/fr\/news\/le-seminaire-theologique-nazareen-marque-le-75e-anniversaire\/#breadcrumb\"},\"inLanguage\":\"fr-FR\",\"potentialAction\":[{\"@type\":\"ReadAction\",\"target\":[\"https:\/\/nazarene.org\/fr\/news\/le-seminaire-theologique-nazareen-marque-le-75e-anniversaire\/\"]}]},{\"@type\":\"ImageObject\",\"inLanguage\":\"fr-FR\",\"@id\":\"https:\/\/nazarene.org\/fr\/news\/le-seminaire-theologique-nazareen-marque-le-75e-anniversaire\/#primaryimage\",\"url\":\"https:\/\/nazarene.org\/wp-content\/uploads\/2025\/02\/News_NTS-75th-Anniversary_750x400_v22.jpg\",\"contentUrl\":\"https:\/\/nazarene.org\/wp-content\/uploads\/2025\/02\/News_NTS-75th-Anniversary_750x400_v22.jpg\",\"width\":750,\"height\":400},{\"@type\":\"BreadcrumbList\",\"@id\":\"https:\/\/nazarene.org\/fr\/news\/le-seminaire-theologique-nazareen-marque-le-75e-anniversaire\/#breadcrumb\",\"itemListElement\":[{\"@type\":\"ListItem\",\"position\":1,\"name\":\"Home\",\"item\":\"https:\/\/nazarene.org\/fr\/\"},{\"@type\":\"ListItem\",\"position\":2,\"name\":\"News\",\"item\":\"https:\/\/nazarene.org\/fr\/news\/\"},{\"@type\":\"ListItem\",\"position\":3,\"name\":\"Le S\u00e9minaire th\u00e9ologique nazar\u00e9en marque le 75e anniversaire\"}]},{\"@type\":\"WebSite\",\"@id\":\"https:\/\/nazarene.org\/fr\/#website\",\"url\":\"https:\/\/nazarene.org\/fr\/\",\"name\":\"Church of the Nazarene\",\"description\":\"Making Christlike Disciples in the Nations\",\"publisher\":{\"@id\":\"https:\/\/nazarene.org\/fr\/#organization\"},\"potentialAction\":[{\"@type\":\"SearchAction\",\"target\":{\"@type\":\"EntryPoint\",\"urlTemplate\":\"https:\/\/nazarene.org\/fr\/?s={search_term_string}\"},\"query-input\":{\"@type\":\"PropertyValueSpecification\",\"valueRequired\":true,\"valueName\":\"search_term_string\"}}],\"inLanguage\":\"fr-FR\"},{\"@type\":\"Organization\",\"@id\":\"https:\/\/nazarene.org\/fr\/#organization\",\"name\":\"Church of the Nazarene\",\"url\":\"https:\/\/nazarene.org\/fr\/\",\"logo\":{\"@type\":\"ImageObject\",\"inLanguage\":\"fr-FR\",\"@id\":\"https:\/\/nazarene.org\/fr\/#\/schema\/logo\/image\/\",\"url\":\"https:\/\/nazarene.org\/wp-content\/uploads\/2024\/06\/Naz_Desktop_Black_Logo-1.svg\",\"contentUrl\":\"https:\/\/nazarene.org\/wp-content\/uploads\/2024\/06\/Naz_Desktop_Black_Logo-1.svg\",\"width\":258,\"height\":36,\"caption\":\"Church of the Nazarene\"},\"image\":{\"@id\":\"https:\/\/nazarene.org\/fr\/#\/schema\/logo\/image\/\"},\"sameAs\":[\"https:\/\/www.facebook.com\/NazareneOfficial\/\",\"https:\/\/x.com\/Nazarene\",\"https:\/\/www.instagram.com\/nazareneofficial\/\"]}]}<\/script>\n<!-- \/ Yoast SEO Premium plugin. -->","yoast_head_json":{"title":"Le S\u00e9minaire th\u00e9ologique nazar\u00e9en marque le 75e anniversaire - Church of the Nazarene","robots":{"index":"index","follow":"follow","max-snippet":"max-snippet:-1","max-image-preview":"max-image-preview:large","max-video-preview":"max-video-preview:-1"},"canonical":"https:\/\/nazarene.org\/fr\/news\/le-seminaire-theologique-nazareen-marque-le-75e-anniversaire\/","og_locale":"fr_FR","og_type":"article","og_title":"Le S\u00e9minaire th\u00e9ologique nazar\u00e9en marque le 75e anniversaire","og_description":"KANSAS CITY, MO &#8211; Le S\u00e9minaire th\u00e9ologique nazar\u00e9en c\u00e9l\u00e9brera son &nbsp;75e anniversaire tout au long de 2020 avec une s\u00e9rie d&rsquo;\u00e9v\u00e9nements culminant \u00e0 l&rsquo;Assembl\u00e9e g\u00e9n\u00e9rale 2021.&nbsp; Les \u00e9v\u00e9nements comprennent la c\u00e9l\u00e9bration de d\u00e9but 2020 en mai, les rassemblements PALCON tout au long de l&rsquo;\u00e9t\u00e9 et une conf\u00e9rence de pr\u00e9dicateur en septembre. Des \u00e9v\u00e9nements et des [&hellip;]","og_url":"https:\/\/nazarene.org\/fr\/news\/le-seminaire-theologique-nazareen-marque-le-75e-anniversaire\/","og_site_name":"Church of the Nazarene","article_publisher":"https:\/\/www.facebook.com\/NazareneOfficial\/","twitter_card":"summary_large_image","twitter_site":"@Nazarene","schema":{"@context":"https:\/\/schema.org","@graph":[{"@type":"WebPage","@id":"https:\/\/nazarene.org\/fr\/news\/le-seminaire-theologique-nazareen-marque-le-75e-anniversaire\/","url":"https:\/\/nazarene.org\/fr\/news\/le-seminaire-theologique-nazareen-marque-le-75e-anniversaire\/","name":"Le S\u00e9minaire th\u00e9ologique nazar\u00e9en marque le 75e anniversaire - Church of the Nazarene","isPartOf":{"@id":"https:\/\/nazarene.org\/fr\/#website"},"primaryImageOfPage":{"@id":"https:\/\/nazarene.org\/fr\/news\/le-seminaire-theologique-nazareen-marque-le-75e-anniversaire\/#primaryimage"},"image":{"@id":"https:\/\/nazarene.org\/fr\/news\/le-seminaire-theologique-nazareen-marque-le-75e-anniversaire\/#primaryimage"},"thumbnailUrl":"https:\/\/nazarene.org\/wp-content\/uploads\/2025\/02\/News_NTS-75th-Anniversary_750x400_v22.jpg","datePublished":"2020-01-23T06:00:00+00:00","breadcrumb":{"@id":"https:\/\/nazarene.org\/fr\/news\/le-seminaire-theologique-nazareen-marque-le-75e-anniversaire\/#breadcrumb"},"inLanguage":"fr-FR","potentialAction":[{"@type":"ReadAction","target":["https:\/\/nazarene.org\/fr\/news\/le-seminaire-theologique-nazareen-marque-le-75e-anniversaire\/"]}]},{"@type":"ImageObject","inLanguage":"fr-FR","@id":"https:\/\/nazarene.org\/fr\/news\/le-seminaire-theologique-nazareen-marque-le-75e-anniversaire\/#primaryimage","url":"https:\/\/nazarene.org\/wp-content\/uploads\/2025\/02\/News_NTS-75th-Anniversary_750x400_v22.jpg","contentUrl":"https:\/\/nazarene.org\/wp-content\/uploads\/2025\/02\/News_NTS-75th-Anniversary_750x400_v22.jpg","width":750,"height":400},{"@type":"BreadcrumbList","@id":"https:\/\/nazarene.org\/fr\/news\/le-seminaire-theologique-nazareen-marque-le-75e-anniversaire\/#breadcrumb","itemListElement":[{"@type":"ListItem","position":1,"name":"Home","item":"https:\/\/nazarene.org\/fr\/"},{"@type":"ListItem","position":2,"name":"News","item":"https:\/\/nazarene.org\/fr\/news\/"},{"@type":"ListItem","position":3,"name":"Le S\u00e9minaire th\u00e9ologique nazar\u00e9en marque le 75e anniversaire"}]},{"@type":"WebSite","@id":"https:\/\/nazarene.org\/fr\/#website","url":"https:\/\/nazarene.org\/fr\/","name":"Church of the Nazarene","description":"Making Christlike Disciples in the Nations","publisher":{"@id":"https:\/\/nazarene.org\/fr\/#organization"},"potentialAction":[{"@type":"SearchAction","target":{"@type":"EntryPoint","urlTemplate":"https:\/\/nazarene.org\/fr\/?s={search_term_string}"},"query-input":{"@type":"PropertyValueSpecification","valueRequired":true,"valueName":"search_term_string"}}],"inLanguage":"fr-FR"},{"@type":"Organization","@id":"https:\/\/nazarene.org\/fr\/#organization","name":"Church of the Nazarene","url":"https:\/\/nazarene.org\/fr\/","logo":{"@type":"ImageObject","inLanguage":"fr-FR","@id":"https:\/\/nazarene.org\/fr\/#\/schema\/logo\/image\/","url":"https:\/\/nazarene.org\/wp-content\/uploads\/2024\/06\/Naz_Desktop_Black_Logo-1.svg","contentUrl":"https:\/\/nazarene.org\/wp-content\/uploads\/2024\/06\/Naz_Desktop_Black_Logo-1.svg","width":258,"height":36,"caption":"Church of the Nazarene"},"image":{"@id":"https:\/\/nazarene.org\/fr\/#\/schema\/logo\/image\/"},"sameAs":["https:\/\/www.facebook.com\/NazareneOfficial\/","https:\/\/x.com\/Nazarene","https:\/\/www.instagram.com\/nazareneofficial\/"]}]}},"_links":{"self":[{"href":"https:\/\/nazarene.org\/fr\/wp-json\/wp\/v2\/news\/51016","targetHints":{"allow":["GET"]}}],"collection":[{"href":"https:\/\/nazarene.org\/fr\/wp-json\/wp\/v2\/news"}],"about":[{"href":"https:\/\/nazarene.org\/fr\/wp-json\/wp\/v2\/types\/news"}],"author":[{"embeddable":true,"href":"https:\/\/nazarene.org\/fr\/wp-json\/wp\/v2\/users\/1"}],"version-history":[{"count":0,"href":"https:\/\/nazarene.org\/fr\/wp-json\/wp\/v2\/news\/51016\/revisions"}],"wp:featuredmedia":[{"embeddable":true,"href":"https:\/\/nazarene.org\/fr\/wp-json\/wp\/v2\/media\/25379"}],"wp:attachment":[{"href":"https:\/\/nazarene.org\/fr\/wp-json\/wp\/v2\/media?parent=51016"}],"wp:term":[{"taxonomy":"news-categories","embeddable":true,"href":"https:\/\/nazarene.org\/fr\/wp-json\/wp\/v2\/news-categories?post=51016"},{"taxonomy":"news-region-taxonomy","embeddable":true,"href":"https:\/\/nazarene.org\/fr\/wp-json\/wp\/v2\/news-region-taxonomy?post=51016"},{"taxonomy":"news-tag","embeddable":true,"href":"https:\/\/nazarene.org\/fr\/wp-json\/wp\/v2\/news-tag?post=51016"}],"curies":[{"name":"wp","href":"https:\/\/api.w.org\/{rel}","templated":true}]}}