{"id":50168,"date":"2020-06-16T00:00:00","date_gmt":"2020-06-16T05:00:00","guid":{"rendered":"https:\/\/nazarene.org\/news\/leaders-de-lay-mai-2020\/"},"modified":"2020-06-16T00:00:00","modified_gmt":"2020-06-16T05:00:00","slug":"leaders-de-lay-mai-2020","status":"publish","type":"news","link":"https:\/\/nazarene.org\/fr\/news\/leaders-de-lay-mai-2020\/","title":{"rendered":"Leaders de lay : mai 2020"},"content":{"rendered":"<p><a href=\"http:\/\/www.discipleshipplace.org\/\">DiscipleshipPlace.org<\/a> &nbsp;voudrait f\u00e9liciter les personnes suivantes d&rsquo;avoir \u00e9t\u00e9 approuv\u00e9es par leur pasteur et le conseil de l&rsquo;\u00c9glise locale pour recevoir le certificat de minist\u00e8re la\u00efc. Apr\u00e8s approbation, ils termineront le&nbsp;<a href=\"http:\/\/thediscipleshipplace.org\/index.php?option=com_content&amp;view=article&amp;id=115&amp;Itemid=126\">Cours de minist\u00e8re<\/a> la\u00efc.<\/p>\n<ul>\n<li><strong>Carolyn Cowley<\/strong> &nbsp;de Calgary \u00c9glise de Calgary Est du Nazar\u00e9en, District ouest du Canada<\/li>\n<li><strong>Kimberly Jackson<\/strong> &nbsp;de Voyage \u00c9glise du Nazar\u00e9en, District sud-ouest de l&rsquo;Ohio<\/li>\n<li><strong>Martha Susan Moore<\/strong>&nbsp;de \u00c9glise de Crown Heights du Nazar\u00e9en, District sud-ouest d&rsquo;Oklahoma<\/li>\n<li><strong>Cheryl Sherwood<\/strong> &nbsp;de Pekin Premi\u00e8re \u00c9glise du Nazar\u00e9en, District de l&rsquo;Illinois nord-ouest<\/li>\n<\/ul>\n<p>Nous aimerions \u00e9galement f\u00e9liciter les personnes suivantes qui ont termin\u00e9 les cours suivants.&nbsp;<\/p>\n<ul>\n<li><strong>Lemina Afoa<\/strong>&nbsp;de Samoan Premi\u00e8re \u00c9glise du Nazar\u00e9en, District d&rsquo;Anaheim\n<ul>\n<li>Communiquer l&rsquo;\u00c9vangile dans un monde pluraliste<\/li>\n<li>Exploration de la th\u00e9ologie de John Wesley<\/li>\n<li>Exploration de l&rsquo;histoire nazar\u00e9enne et polit\u00e9<\/li>\n<li>Pratique de la formation spirituelle Wesleyan-Saintet\u00e9<\/li>\n<li>Raconter l&rsquo;histoire du Nouveau Testament de Dieu<\/li>\n<li>Raconter l&rsquo;histoire de l&rsquo;Ancien Testament de Dieu<\/li>\n<li>La Bible me parle de mon t\u00e9moin<\/li>\n<li>Vers une th\u00e9ologie biblique de la honte et de l&rsquo;amour<\/li>\n<\/ul>\n<\/li>\n<li><strong>Brenda Brown<\/strong>&nbsp;de Sandia \u00c9glise du Nazar\u00e9en, District du Nouveau-Mexique\n<ul>\n<li>Raconter l&rsquo;histoire du Nouveau Testament de Dieu<\/li>\n<\/ul>\n<\/li>\n<li><strong>Brenda Bryant<\/strong>&nbsp;de Hope \u00c9glise communautaire du Nazar\u00e9en, District du Wisconsin\n<ul>\n<li>Minist\u00e8re des jeunes<\/li>\n<\/ul>\n<\/li>\n<li><strong>Patricia Deakin<\/strong>&nbsp;de \u00c9glise Sandia du Nazar\u00e9en, District du Nouveau-Mexique\n<ul>\n<li>Raconter l&rsquo;histoire du Nouveau Testament de Dieu<\/li>\n<\/ul>\n<\/li>\n<li><strong>Brenda Esparza<\/strong>&nbsp; de l&rsquo;\u00c9glise de Sandia du Nazar\u00e9en, District du Nouveau-Mexique\n<ul>\n<li>Raconter l&rsquo;histoire du Nouveau Testament de Dieu<\/li>\n<\/ul>\n<\/li>\n<li><b>James Garcia<\/b> &nbsp;de Sandia \u00c9glise du Nazar\u00e9en, District du Nouveau-Mexique\n<ul>\n<li>Raconter l&rsquo;histoire du Nouveau Testament de Dieu<\/li>\n<\/ul>\n<\/li>\n<li><b>Martina Garcia<\/b> &nbsp;de l&rsquo;\u00c9glise Sandia du Nazar\u00e9en, District du Nouveau-Mexique\n<ul>\n<li>Raconter l&rsquo;histoire du Nouveau Testament de Dieu<\/li>\n<\/ul>\n<\/li>\n<li><strong>Pamela Gonzalez<\/strong>&nbsp;de \u00c9glise Sandia du Nazar\u00e9en, District du Nouveau-Mexique\n<ul>\n<li>Raconter l&rsquo;histoire du Nouveau Testament de Dieu<\/li>\n<\/ul>\n<\/li>\n<li><strong>Helene Kurth<\/strong>&nbsp;of Sandia \u00c9glise du Nazar\u00e9en, District du Nouveau-Mexique\n<ul>\n<li>Raconter l&rsquo;histoire du Nouveau Testament de Dieu<\/li>\n<\/ul>\n<\/li>\n<li><strong>Mike Madrid<\/strong> &nbsp;de l&rsquo;\u00c9glise Sandia du Nazar\u00e9en, District du Nouveau-Mexique\n<ul>\n<li>Raconter l&rsquo;histoire du Nouveau Testament de Dieu<\/li>\n<\/ul>\n<\/li>\n<li><b>Ruth Vo<\/b>&nbsp;isin de l&rsquo;\u00c9glise Sandia du Nazar\u00e9en, District du Nouveau-Mexique\n<ul>\n<li>Raconter l&rsquo;histoire du Nouveau Testament de Dieu<\/li>\n<\/ul>\n<\/li>\n<li><b>Arthur Pacheco<\/b>&nbsp;de \u00c9glise Sandia du Nazar\u00e9en, District du Nouveau-Mexique\n<ul>\n<li>Raconter l&rsquo;histoire du Nouveau Testament de Dieu<\/li>\n<\/ul>\n<\/li>\n<li><b>Jhon Parker<\/b>&nbsp;de \u00c9glise Sandia du Nazar\u00e9en, District du Nouveau-Mexique\n<ul>\n<li>Raconter l&rsquo;histoire du Nouveau Testament de Dieu<\/li>\n<\/ul>\n<\/li>\n<li><strong>Patti Rivas<\/strong>&nbsp;de \u00c9glise Sandia du Nazar\u00e9en, District du Nouveau-Mexique\n<ul>\n<li>Raconter l&rsquo;histoire du Nouveau Testament de Dieu<\/li>\n<\/ul>\n<\/li>\n<li><strong>Mitsy Roberts<\/strong>&nbsp;de Columbia Premi\u00e8re \u00c9glise du Nazar\u00e9en, District du Missouri\n<ul>\n<li>Vers une th\u00e9ologie biblique de la honte et de l&rsquo;amour<\/li>\n<\/ul>\n<\/li>\n<li><b>Raquel Ulibarri<\/b>&nbsp;de \u00c9glise de Sandia du Nazar\u00e9en, District du Nouveau-Mexique\n<ul>\n<li>Raconter l&rsquo;histoire du Nouveau Testament de Dieu<\/li>\n<\/ul>\n<\/li>\n<li><strong>Eugenia Valtierra<\/strong>&nbsp; d&rsquo;\u00c9glise Sandia du Nazar\u00e9en, District du Nouveau-Mexique\n<ul>\n<li>Raconter l&rsquo;histoire du Nouveau Testament de Dieu<\/li>\n<\/ul>\n<\/li>\n<li><b>Merced Valtierra<\/b>&nbsp; de l&rsquo;\u00c9glise Sandia du Nazar\u00e9en, District du Nouveau-Mexique\n<ul>\n<li>Raconter l&rsquo;histoire du Nouveau Testament de Dieu<\/li>\n<\/ul>\n<\/li>\n<li><strong>Barbara Wilson<\/strong>&nbsp;de \u00c9glise Sandia du Nazar\u00e9en, District du Nouveau-Mexique\n<ul>\n<li>Raconter l&rsquo;histoire du Nouveau Testament de Dieu<\/li>\n<\/ul>\n<\/li>\n<\/ul>\n<p class=\"MsoNormal\"><span style=\"font-family:'Open Sans','Arial',sans-serif;\"><span style=\"font-size:14.0pt;line-height:115%\">*<\/span><i>Veuillez noter que les individus ci-dessus sont reconnus parce qu&rsquo;ils nous ont contact\u00e9s pour demander un certificat d&rsquo;ach\u00e8vement. De nombreuses personnes terminent des cours mais ne nous contactent pas pour nous laisser savoir, nous sommes donc incapables de les reconna\u00eetre.<\/i><\/span><i><o_p><\/o_p><\/i><\/p>\n","protected":false},"excerpt":{"rendered":"<p>La Place de disciple voudrait f\u00e9liciter les personnes suivantes d&rsquo;avoir \u00e9t\u00e9 approuv\u00e9es par leur pasteur et le conseil de l&rsquo;\u00c9glise locale pour recevoir le certificat de minist\u00e8re la\u00efc. Apr\u00e8s approbation, ils termineront les cours de minist\u00e8re la\u00efcs.<\/p>\n","protected":false},"author":1,"featured_media":25639,"menu_order":0,"template":"","news-categories":[],"news-region-taxonomy":[],"news-tag":[2218,1486],"class_list":["post-50168","news","type-news","status-publish","has-post-thumbnail","hentry","news-tag-leaders-de-lay","news-tag-ressources"],"yoast_head":"<!-- This site is optimized with the Yoast SEO Premium plugin v27.1 (Yoast SEO v27.1.1) - https:\/\/yoast.com\/product\/yoast-seo-premium-wordpress\/ -->\n<title>Leaders de lay : mai 2020 - Church of the Nazarene<\/title>\n<meta name=\"robots\" content=\"index, follow, max-snippet:-1, max-image-preview:large, max-video-preview:-1\" \/>\n<link rel=\"canonical\" href=\"https:\/\/nazarene.org\/fr\/news\/leaders-de-lay-mai-2020\/\" \/>\n<meta property=\"og:locale\" content=\"fr_FR\" \/>\n<meta property=\"og:type\" content=\"article\" \/>\n<meta property=\"og:title\" content=\"Leaders de lay : mai 2020\" \/>\n<meta property=\"og:description\" content=\"La Place de disciple voudrait f\u00e9liciter les personnes suivantes d&#039;avoir \u00e9t\u00e9 approuv\u00e9es par leur pasteur et le conseil de l&#039;\u00c9glise locale pour recevoir le certificat de minist\u00e8re la\u00efc. Apr\u00e8s approbation, ils termineront les cours de minist\u00e8re la\u00efcs.\" \/>\n<meta property=\"og:url\" content=\"https:\/\/nazarene.org\/fr\/news\/leaders-de-lay-mai-2020\/\" \/>\n<meta property=\"og:site_name\" content=\"Church of the Nazarene\" \/>\n<meta property=\"article:publisher\" content=\"https:\/\/www.facebook.com\/NazareneOfficial\/\" \/>\n<meta name=\"twitter:card\" content=\"summary_large_image\" \/>\n<meta name=\"twitter:site\" content=\"@Nazarene\" \/>\n<script type=\"application\/ld+json\" class=\"yoast-schema-graph\">{\"@context\":\"https:\/\/schema.org\",\"@graph\":[{\"@type\":\"WebPage\",\"@id\":\"https:\/\/nazarene.org\/fr\/news\/leaders-de-lay-mai-2020\/\",\"url\":\"https:\/\/nazarene.org\/fr\/news\/leaders-de-lay-mai-2020\/\",\"name\":\"Leaders de lay : mai 2020 - Church of the Nazarene\",\"isPartOf\":{\"@id\":\"https:\/\/nazarene.org\/fr\/#website\"},\"primaryImageOfPage\":{\"@id\":\"https:\/\/nazarene.org\/fr\/news\/leaders-de-lay-mai-2020\/#primaryimage\"},\"image\":{\"@id\":\"https:\/\/nazarene.org\/fr\/news\/leaders-de-lay-mai-2020\/#primaryimage\"},\"thumbnailUrl\":\"https:\/\/nazarene.org\/wp-content\/uploads\/2025\/02\/The-Discipleship-place.jpg\",\"datePublished\":\"2020-06-16T05:00:00+00:00\",\"breadcrumb\":{\"@id\":\"https:\/\/nazarene.org\/fr\/news\/leaders-de-lay-mai-2020\/#breadcrumb\"},\"inLanguage\":\"fr-FR\",\"potentialAction\":[{\"@type\":\"ReadAction\",\"target\":[\"https:\/\/nazarene.org\/fr\/news\/leaders-de-lay-mai-2020\/\"]}]},{\"@type\":\"ImageObject\",\"inLanguage\":\"fr-FR\",\"@id\":\"https:\/\/nazarene.org\/fr\/news\/leaders-de-lay-mai-2020\/#primaryimage\",\"url\":\"https:\/\/nazarene.org\/wp-content\/uploads\/2025\/02\/The-Discipleship-place.jpg\",\"contentUrl\":\"https:\/\/nazarene.org\/wp-content\/uploads\/2025\/02\/The-Discipleship-place.jpg\",\"width\":750,\"height\":400},{\"@type\":\"BreadcrumbList\",\"@id\":\"https:\/\/nazarene.org\/fr\/news\/leaders-de-lay-mai-2020\/#breadcrumb\",\"itemListElement\":[{\"@type\":\"ListItem\",\"position\":1,\"name\":\"Home\",\"item\":\"https:\/\/nazarene.org\/fr\/\"},{\"@type\":\"ListItem\",\"position\":2,\"name\":\"News\",\"item\":\"https:\/\/nazarene.org\/fr\/news\/\"},{\"@type\":\"ListItem\",\"position\":3,\"name\":\"Leaders de lay : mai 2020\"}]},{\"@type\":\"WebSite\",\"@id\":\"https:\/\/nazarene.org\/fr\/#website\",\"url\":\"https:\/\/nazarene.org\/fr\/\",\"name\":\"Church of the Nazarene\",\"description\":\"Making Christlike Disciples in the Nations\",\"publisher\":{\"@id\":\"https:\/\/nazarene.org\/fr\/#organization\"},\"potentialAction\":[{\"@type\":\"SearchAction\",\"target\":{\"@type\":\"EntryPoint\",\"urlTemplate\":\"https:\/\/nazarene.org\/fr\/?s={search_term_string}\"},\"query-input\":{\"@type\":\"PropertyValueSpecification\",\"valueRequired\":true,\"valueName\":\"search_term_string\"}}],\"inLanguage\":\"fr-FR\"},{\"@type\":\"Organization\",\"@id\":\"https:\/\/nazarene.org\/fr\/#organization\",\"name\":\"Church of the Nazarene\",\"url\":\"https:\/\/nazarene.org\/fr\/\",\"logo\":{\"@type\":\"ImageObject\",\"inLanguage\":\"fr-FR\",\"@id\":\"https:\/\/nazarene.org\/fr\/#\/schema\/logo\/image\/\",\"url\":\"https:\/\/nazarene.org\/wp-content\/uploads\/2024\/06\/Naz_Desktop_Black_Logo-1.svg\",\"contentUrl\":\"https:\/\/nazarene.org\/wp-content\/uploads\/2024\/06\/Naz_Desktop_Black_Logo-1.svg\",\"width\":258,\"height\":36,\"caption\":\"Church of the Nazarene\"},\"image\":{\"@id\":\"https:\/\/nazarene.org\/fr\/#\/schema\/logo\/image\/\"},\"sameAs\":[\"https:\/\/www.facebook.com\/NazareneOfficial\/\",\"https:\/\/x.com\/Nazarene\",\"https:\/\/www.instagram.com\/nazareneofficial\/\"]}]}<\/script>\n<!-- \/ Yoast SEO Premium plugin. -->","yoast_head_json":{"title":"Leaders de lay : mai 2020 - Church of the Nazarene","robots":{"index":"index","follow":"follow","max-snippet":"max-snippet:-1","max-image-preview":"max-image-preview:large","max-video-preview":"max-video-preview:-1"},"canonical":"https:\/\/nazarene.org\/fr\/news\/leaders-de-lay-mai-2020\/","og_locale":"fr_FR","og_type":"article","og_title":"Leaders de lay : mai 2020","og_description":"La Place de disciple voudrait f\u00e9liciter les personnes suivantes d'avoir \u00e9t\u00e9 approuv\u00e9es par leur pasteur et le conseil de l'\u00c9glise locale pour recevoir le certificat de minist\u00e8re la\u00efc. Apr\u00e8s approbation, ils termineront les cours de minist\u00e8re la\u00efcs.","og_url":"https:\/\/nazarene.org\/fr\/news\/leaders-de-lay-mai-2020\/","og_site_name":"Church of the Nazarene","article_publisher":"https:\/\/www.facebook.com\/NazareneOfficial\/","twitter_card":"summary_large_image","twitter_site":"@Nazarene","schema":{"@context":"https:\/\/schema.org","@graph":[{"@type":"WebPage","@id":"https:\/\/nazarene.org\/fr\/news\/leaders-de-lay-mai-2020\/","url":"https:\/\/nazarene.org\/fr\/news\/leaders-de-lay-mai-2020\/","name":"Leaders de lay : mai 2020 - Church of the Nazarene","isPartOf":{"@id":"https:\/\/nazarene.org\/fr\/#website"},"primaryImageOfPage":{"@id":"https:\/\/nazarene.org\/fr\/news\/leaders-de-lay-mai-2020\/#primaryimage"},"image":{"@id":"https:\/\/nazarene.org\/fr\/news\/leaders-de-lay-mai-2020\/#primaryimage"},"thumbnailUrl":"https:\/\/nazarene.org\/wp-content\/uploads\/2025\/02\/The-Discipleship-place.jpg","datePublished":"2020-06-16T05:00:00+00:00","breadcrumb":{"@id":"https:\/\/nazarene.org\/fr\/news\/leaders-de-lay-mai-2020\/#breadcrumb"},"inLanguage":"fr-FR","potentialAction":[{"@type":"ReadAction","target":["https:\/\/nazarene.org\/fr\/news\/leaders-de-lay-mai-2020\/"]}]},{"@type":"ImageObject","inLanguage":"fr-FR","@id":"https:\/\/nazarene.org\/fr\/news\/leaders-de-lay-mai-2020\/#primaryimage","url":"https:\/\/nazarene.org\/wp-content\/uploads\/2025\/02\/The-Discipleship-place.jpg","contentUrl":"https:\/\/nazarene.org\/wp-content\/uploads\/2025\/02\/The-Discipleship-place.jpg","width":750,"height":400},{"@type":"BreadcrumbList","@id":"https:\/\/nazarene.org\/fr\/news\/leaders-de-lay-mai-2020\/#breadcrumb","itemListElement":[{"@type":"ListItem","position":1,"name":"Home","item":"https:\/\/nazarene.org\/fr\/"},{"@type":"ListItem","position":2,"name":"News","item":"https:\/\/nazarene.org\/fr\/news\/"},{"@type":"ListItem","position":3,"name":"Leaders de lay : mai 2020"}]},{"@type":"WebSite","@id":"https:\/\/nazarene.org\/fr\/#website","url":"https:\/\/nazarene.org\/fr\/","name":"Church of the Nazarene","description":"Making Christlike Disciples in the Nations","publisher":{"@id":"https:\/\/nazarene.org\/fr\/#organization"},"potentialAction":[{"@type":"SearchAction","target":{"@type":"EntryPoint","urlTemplate":"https:\/\/nazarene.org\/fr\/?s={search_term_string}"},"query-input":{"@type":"PropertyValueSpecification","valueRequired":true,"valueName":"search_term_string"}}],"inLanguage":"fr-FR"},{"@type":"Organization","@id":"https:\/\/nazarene.org\/fr\/#organization","name":"Church of the Nazarene","url":"https:\/\/nazarene.org\/fr\/","logo":{"@type":"ImageObject","inLanguage":"fr-FR","@id":"https:\/\/nazarene.org\/fr\/#\/schema\/logo\/image\/","url":"https:\/\/nazarene.org\/wp-content\/uploads\/2024\/06\/Naz_Desktop_Black_Logo-1.svg","contentUrl":"https:\/\/nazarene.org\/wp-content\/uploads\/2024\/06\/Naz_Desktop_Black_Logo-1.svg","width":258,"height":36,"caption":"Church of the Nazarene"},"image":{"@id":"https:\/\/nazarene.org\/fr\/#\/schema\/logo\/image\/"},"sameAs":["https:\/\/www.facebook.com\/NazareneOfficial\/","https:\/\/x.com\/Nazarene","https:\/\/www.instagram.com\/nazareneofficial\/"]}]}},"_links":{"self":[{"href":"https:\/\/nazarene.org\/fr\/wp-json\/wp\/v2\/news\/50168","targetHints":{"allow":["GET"]}}],"collection":[{"href":"https:\/\/nazarene.org\/fr\/wp-json\/wp\/v2\/news"}],"about":[{"href":"https:\/\/nazarene.org\/fr\/wp-json\/wp\/v2\/types\/news"}],"author":[{"embeddable":true,"href":"https:\/\/nazarene.org\/fr\/wp-json\/wp\/v2\/users\/1"}],"version-history":[{"count":0,"href":"https:\/\/nazarene.org\/fr\/wp-json\/wp\/v2\/news\/50168\/revisions"}],"wp:featuredmedia":[{"embeddable":true,"href":"https:\/\/nazarene.org\/fr\/wp-json\/wp\/v2\/media\/25639"}],"wp:attachment":[{"href":"https:\/\/nazarene.org\/fr\/wp-json\/wp\/v2\/media?parent=50168"}],"wp:term":[{"taxonomy":"news-categories","embeddable":true,"href":"https:\/\/nazarene.org\/fr\/wp-json\/wp\/v2\/news-categories?post=50168"},{"taxonomy":"news-region-taxonomy","embeddable":true,"href":"https:\/\/nazarene.org\/fr\/wp-json\/wp\/v2\/news-region-taxonomy?post=50168"},{"taxonomy":"news-tag","embeddable":true,"href":"https:\/\/nazarene.org\/fr\/wp-json\/wp\/v2\/news-tag?post=50168"}],"curies":[{"name":"wp","href":"https:\/\/api.w.org\/{rel}","templated":true}]}}