{"id":49958,"date":"2020-07-29T00:00:00","date_gmt":"2020-07-29T05:00:00","guid":{"rendered":"https:\/\/nazarene.org\/news\/la-clinique-mobile-ncm-sert-les-migrants-a-la-frontiere-du-guatemala\/"},"modified":"2020-07-29T00:00:00","modified_gmt":"2020-07-29T05:00:00","slug":"la-clinique-mobile-ncm-sert-les-migrants-a-la-frontiere-du-guatemala","status":"publish","type":"news","link":"https:\/\/nazarene.org\/fr\/news\/la-clinique-mobile-ncm-sert-les-migrants-a-la-frontiere-du-guatemala\/","title":{"rendered":"La clinique mobile NCM sert les migrants \u00e0 la fronti\u00e8re du Guatemala"},"content":{"rendered":"<p>Le Dr Emilio Ramos, un membre de l&rsquo;\u00e9quipe des minist\u00e8res nazar\u00e9ens de compassion pour le district central du Guatemala, a offert ses services au minist\u00e8re de la Sant\u00e9 du pays pour aider \u00e0 traiter les migrants du Guatemala qui ont \u00e9t\u00e9 d\u00e9port\u00e9s. Il a \u00e9t\u00e9 affect\u00e9 \u00e0 servir \u00e0 l&rsquo;abri <i>Ramiro de Le\u00f3n Carpio<\/i>, un abri migrant qui abrite environ 176 personnes.<\/p>\n<p>Lorsque Ramos est premier arriv\u00e9, il ne pouvait pas trouver d&rsquo;espace pour une clinique pour traiter les patients, il devait donc les assister \u00e0 l&rsquo;ext\u00e9rieur.<\/p>\n<p>Ramos a contact\u00e9 le coordonnateur NCM de la r\u00e9gion centrale nord, D\u00e1maris Kellogg pour demander l&rsquo;utilisation de la clinique mobile de NCM qui est utilis\u00e9e dans les urgences. Avec l&rsquo;aide d&rsquo;une \u00e9quipe de Travail et t\u00e9moin, la clinique mobile a \u00e9t\u00e9 transf\u00e9r\u00e9e \u00e0 l&rsquo;auberge. Ils ont \u00e9galement envoy\u00e9 une bo\u00eete avec des Bibles du Nouveau &nbsp;Testament, des masques et des gants.<\/p>\n<p>Avec la clinique mobile, maintenant les patients peuvent \u00eatre trait\u00e9s avec dignit\u00e9 et vie priv\u00e9e \u00bb, a d\u00e9clar\u00e9 Kellogg.<\/p>\n<p>Une partie de l&rsquo;\u00e9quipe Travail et t\u00e9moin a aid\u00e9 \u00e0 faire la livraison, en tenant compte de toutes les pr\u00e9cautions et les protocoles de s\u00e9curit\u00e9. Ils ont partag\u00e9 quelques mots d&rsquo;encouragement et ont pri\u00e9 pour les patients et leurs familles.&nbsp;<\/p>\n<p>Cette semaine, l&rsquo;\u00e9quipe apportera des v\u00eatements puisque les migrants peuvent apporter que les v\u00eatements qu&rsquo;ils portent. Le gouvernement du pays leur a fourni des T-shirts, des pantalons et des sandales.<\/p>\n<p>Nous remercions Dieu pour l&rsquo;opportunit\u00e9 de servir nos compatriotes \u00bb, a d\u00e9clar\u00e9 Kellogg.&nbsp;Nous avions l&rsquo;opportunit\u00e9 de discuter de probl\u00e8mes importants tels que le retour s\u00fbr et l&rsquo;immigration avec le personnel. Dieu ouvre les portes pour servir et ministrer \u00e0 ces personnes qui ont \u00e9t\u00e9 par un processus tr\u00e8s difficile. \u00a0\u00bb&nbsp;<\/p>\n<p><a href=\"mesoamericaregion.org\" target=\"_blank\">\u00c9glise de la r\u00e9gion nazar\u00e9enne de M\u00e9so-Am\u00e9rique<\/a><\/p>\n","protected":false},"excerpt":{"rendered":"<p>Le Dr Emilio Ramos, un membre de l&rsquo;\u00e9quipe des minist\u00e8res nazar\u00e9ens de compassion pour le district central du Guatemala, a offert ses services au minist\u00e8re de la Sant\u00e9 du pays pour aider \u00e0 traiter les migrants du Guatemala qui ont \u00e9t\u00e9 d\u00e9port\u00e9s.<\/p>\n","protected":false},"author":1,"featured_media":26251,"menu_order":0,"template":"","news-categories":[],"news-region-taxonomy":[],"news-tag":[2338,1503,772,862],"class_list":["post-49958","news","type-news","status-publish","has-post-thumbnail","hentry","news-tag-coronavirus-fr","news-tag-guatemala-fr","news-tag-ncm-fr","news-tag-region-de-meso-amerique"],"yoast_head":"<!-- This site is optimized with the Yoast SEO Premium plugin v27.1 (Yoast SEO v27.1.1) - https:\/\/yoast.com\/product\/yoast-seo-premium-wordpress\/ -->\n<title>La clinique mobile NCM sert les migrants \u00e0 la fronti\u00e8re du Guatemala - Church of the Nazarene<\/title>\n<meta name=\"robots\" content=\"index, follow, max-snippet:-1, max-image-preview:large, max-video-preview:-1\" \/>\n<link rel=\"canonical\" href=\"https:\/\/nazarene.org\/fr\/news\/la-clinique-mobile-ncm-sert-les-migrants-a-la-frontiere-du-guatemala\/\" \/>\n<meta property=\"og:locale\" content=\"fr_FR\" \/>\n<meta property=\"og:type\" content=\"article\" \/>\n<meta property=\"og:title\" content=\"La clinique mobile NCM sert les migrants \u00e0 la fronti\u00e8re du Guatemala\" \/>\n<meta property=\"og:description\" content=\"Le Dr Emilio Ramos, un membre de l&#039;\u00e9quipe des minist\u00e8res nazar\u00e9ens de compassion pour le district central du Guatemala, a offert ses services au minist\u00e8re de la Sant\u00e9 du pays pour aider \u00e0 traiter les migrants du Guatemala qui ont \u00e9t\u00e9 d\u00e9port\u00e9s.\" \/>\n<meta property=\"og:url\" content=\"https:\/\/nazarene.org\/fr\/news\/la-clinique-mobile-ncm-sert-les-migrants-a-la-frontiere-du-guatemala\/\" \/>\n<meta property=\"og:site_name\" content=\"Church of the Nazarene\" \/>\n<meta property=\"article:publisher\" content=\"https:\/\/www.facebook.com\/NazareneOfficial\/\" \/>\n<meta name=\"twitter:card\" content=\"summary_large_image\" \/>\n<meta name=\"twitter:site\" content=\"@Nazarene\" \/>\n<script type=\"application\/ld+json\" class=\"yoast-schema-graph\">{\"@context\":\"https:\/\/schema.org\",\"@graph\":[{\"@type\":\"WebPage\",\"@id\":\"https:\/\/nazarene.org\/fr\/news\/la-clinique-mobile-ncm-sert-les-migrants-a-la-frontiere-du-guatemala\/\",\"url\":\"https:\/\/nazarene.org\/fr\/news\/la-clinique-mobile-ncm-sert-les-migrants-a-la-frontiere-du-guatemala\/\",\"name\":\"La clinique mobile NCM sert les migrants \u00e0 la fronti\u00e8re du Guatemala - Church of the Nazarene\",\"isPartOf\":{\"@id\":\"https:\/\/nazarene.org\/fr\/#website\"},\"primaryImageOfPage\":{\"@id\":\"https:\/\/nazarene.org\/fr\/news\/la-clinique-mobile-ncm-sert-les-migrants-a-la-frontiere-du-guatemala\/#primaryimage\"},\"image\":{\"@id\":\"https:\/\/nazarene.org\/fr\/news\/la-clinique-mobile-ncm-sert-les-migrants-a-la-frontiere-du-guatemala\/#primaryimage\"},\"thumbnailUrl\":\"https:\/\/nazarene.org\/wp-content\/uploads\/2025\/02\/meso.jpg\",\"datePublished\":\"2020-07-29T05:00:00+00:00\",\"breadcrumb\":{\"@id\":\"https:\/\/nazarene.org\/fr\/news\/la-clinique-mobile-ncm-sert-les-migrants-a-la-frontiere-du-guatemala\/#breadcrumb\"},\"inLanguage\":\"fr-FR\",\"potentialAction\":[{\"@type\":\"ReadAction\",\"target\":[\"https:\/\/nazarene.org\/fr\/news\/la-clinique-mobile-ncm-sert-les-migrants-a-la-frontiere-du-guatemala\/\"]}]},{\"@type\":\"ImageObject\",\"inLanguage\":\"fr-FR\",\"@id\":\"https:\/\/nazarene.org\/fr\/news\/la-clinique-mobile-ncm-sert-les-migrants-a-la-frontiere-du-guatemala\/#primaryimage\",\"url\":\"https:\/\/nazarene.org\/wp-content\/uploads\/2025\/02\/meso.jpg\",\"contentUrl\":\"https:\/\/nazarene.org\/wp-content\/uploads\/2025\/02\/meso.jpg\",\"width\":827,\"height\":620},{\"@type\":\"BreadcrumbList\",\"@id\":\"https:\/\/nazarene.org\/fr\/news\/la-clinique-mobile-ncm-sert-les-migrants-a-la-frontiere-du-guatemala\/#breadcrumb\",\"itemListElement\":[{\"@type\":\"ListItem\",\"position\":1,\"name\":\"Home\",\"item\":\"https:\/\/nazarene.org\/fr\/\"},{\"@type\":\"ListItem\",\"position\":2,\"name\":\"News\",\"item\":\"https:\/\/nazarene.org\/fr\/news\/\"},{\"@type\":\"ListItem\",\"position\":3,\"name\":\"La clinique mobile NCM sert les migrants \u00e0 la fronti\u00e8re du Guatemala\"}]},{\"@type\":\"WebSite\",\"@id\":\"https:\/\/nazarene.org\/fr\/#website\",\"url\":\"https:\/\/nazarene.org\/fr\/\",\"name\":\"Church of the Nazarene\",\"description\":\"Making Christlike Disciples in the Nations\",\"publisher\":{\"@id\":\"https:\/\/nazarene.org\/fr\/#organization\"},\"potentialAction\":[{\"@type\":\"SearchAction\",\"target\":{\"@type\":\"EntryPoint\",\"urlTemplate\":\"https:\/\/nazarene.org\/fr\/?s={search_term_string}\"},\"query-input\":{\"@type\":\"PropertyValueSpecification\",\"valueRequired\":true,\"valueName\":\"search_term_string\"}}],\"inLanguage\":\"fr-FR\"},{\"@type\":\"Organization\",\"@id\":\"https:\/\/nazarene.org\/fr\/#organization\",\"name\":\"Church of the Nazarene\",\"url\":\"https:\/\/nazarene.org\/fr\/\",\"logo\":{\"@type\":\"ImageObject\",\"inLanguage\":\"fr-FR\",\"@id\":\"https:\/\/nazarene.org\/fr\/#\/schema\/logo\/image\/\",\"url\":\"https:\/\/nazarene.org\/wp-content\/uploads\/2024\/06\/Naz_Desktop_Black_Logo-1.svg\",\"contentUrl\":\"https:\/\/nazarene.org\/wp-content\/uploads\/2024\/06\/Naz_Desktop_Black_Logo-1.svg\",\"width\":258,\"height\":36,\"caption\":\"Church of the Nazarene\"},\"image\":{\"@id\":\"https:\/\/nazarene.org\/fr\/#\/schema\/logo\/image\/\"},\"sameAs\":[\"https:\/\/www.facebook.com\/NazareneOfficial\/\",\"https:\/\/x.com\/Nazarene\",\"https:\/\/www.instagram.com\/nazareneofficial\/\"]}]}<\/script>\n<!-- \/ Yoast SEO Premium plugin. -->","yoast_head_json":{"title":"La clinique mobile NCM sert les migrants \u00e0 la fronti\u00e8re du Guatemala - Church of the Nazarene","robots":{"index":"index","follow":"follow","max-snippet":"max-snippet:-1","max-image-preview":"max-image-preview:large","max-video-preview":"max-video-preview:-1"},"canonical":"https:\/\/nazarene.org\/fr\/news\/la-clinique-mobile-ncm-sert-les-migrants-a-la-frontiere-du-guatemala\/","og_locale":"fr_FR","og_type":"article","og_title":"La clinique mobile NCM sert les migrants \u00e0 la fronti\u00e8re du Guatemala","og_description":"Le Dr Emilio Ramos, un membre de l'\u00e9quipe des minist\u00e8res nazar\u00e9ens de compassion pour le district central du Guatemala, a offert ses services au minist\u00e8re de la Sant\u00e9 du pays pour aider \u00e0 traiter les migrants du Guatemala qui ont \u00e9t\u00e9 d\u00e9port\u00e9s.","og_url":"https:\/\/nazarene.org\/fr\/news\/la-clinique-mobile-ncm-sert-les-migrants-a-la-frontiere-du-guatemala\/","og_site_name":"Church of the Nazarene","article_publisher":"https:\/\/www.facebook.com\/NazareneOfficial\/","twitter_card":"summary_large_image","twitter_site":"@Nazarene","schema":{"@context":"https:\/\/schema.org","@graph":[{"@type":"WebPage","@id":"https:\/\/nazarene.org\/fr\/news\/la-clinique-mobile-ncm-sert-les-migrants-a-la-frontiere-du-guatemala\/","url":"https:\/\/nazarene.org\/fr\/news\/la-clinique-mobile-ncm-sert-les-migrants-a-la-frontiere-du-guatemala\/","name":"La clinique mobile NCM sert les migrants \u00e0 la fronti\u00e8re du Guatemala - Church of the Nazarene","isPartOf":{"@id":"https:\/\/nazarene.org\/fr\/#website"},"primaryImageOfPage":{"@id":"https:\/\/nazarene.org\/fr\/news\/la-clinique-mobile-ncm-sert-les-migrants-a-la-frontiere-du-guatemala\/#primaryimage"},"image":{"@id":"https:\/\/nazarene.org\/fr\/news\/la-clinique-mobile-ncm-sert-les-migrants-a-la-frontiere-du-guatemala\/#primaryimage"},"thumbnailUrl":"https:\/\/nazarene.org\/wp-content\/uploads\/2025\/02\/meso.jpg","datePublished":"2020-07-29T05:00:00+00:00","breadcrumb":{"@id":"https:\/\/nazarene.org\/fr\/news\/la-clinique-mobile-ncm-sert-les-migrants-a-la-frontiere-du-guatemala\/#breadcrumb"},"inLanguage":"fr-FR","potentialAction":[{"@type":"ReadAction","target":["https:\/\/nazarene.org\/fr\/news\/la-clinique-mobile-ncm-sert-les-migrants-a-la-frontiere-du-guatemala\/"]}]},{"@type":"ImageObject","inLanguage":"fr-FR","@id":"https:\/\/nazarene.org\/fr\/news\/la-clinique-mobile-ncm-sert-les-migrants-a-la-frontiere-du-guatemala\/#primaryimage","url":"https:\/\/nazarene.org\/wp-content\/uploads\/2025\/02\/meso.jpg","contentUrl":"https:\/\/nazarene.org\/wp-content\/uploads\/2025\/02\/meso.jpg","width":827,"height":620},{"@type":"BreadcrumbList","@id":"https:\/\/nazarene.org\/fr\/news\/la-clinique-mobile-ncm-sert-les-migrants-a-la-frontiere-du-guatemala\/#breadcrumb","itemListElement":[{"@type":"ListItem","position":1,"name":"Home","item":"https:\/\/nazarene.org\/fr\/"},{"@type":"ListItem","position":2,"name":"News","item":"https:\/\/nazarene.org\/fr\/news\/"},{"@type":"ListItem","position":3,"name":"La clinique mobile NCM sert les migrants \u00e0 la fronti\u00e8re du Guatemala"}]},{"@type":"WebSite","@id":"https:\/\/nazarene.org\/fr\/#website","url":"https:\/\/nazarene.org\/fr\/","name":"Church of the Nazarene","description":"Making Christlike Disciples in the Nations","publisher":{"@id":"https:\/\/nazarene.org\/fr\/#organization"},"potentialAction":[{"@type":"SearchAction","target":{"@type":"EntryPoint","urlTemplate":"https:\/\/nazarene.org\/fr\/?s={search_term_string}"},"query-input":{"@type":"PropertyValueSpecification","valueRequired":true,"valueName":"search_term_string"}}],"inLanguage":"fr-FR"},{"@type":"Organization","@id":"https:\/\/nazarene.org\/fr\/#organization","name":"Church of the Nazarene","url":"https:\/\/nazarene.org\/fr\/","logo":{"@type":"ImageObject","inLanguage":"fr-FR","@id":"https:\/\/nazarene.org\/fr\/#\/schema\/logo\/image\/","url":"https:\/\/nazarene.org\/wp-content\/uploads\/2024\/06\/Naz_Desktop_Black_Logo-1.svg","contentUrl":"https:\/\/nazarene.org\/wp-content\/uploads\/2024\/06\/Naz_Desktop_Black_Logo-1.svg","width":258,"height":36,"caption":"Church of the Nazarene"},"image":{"@id":"https:\/\/nazarene.org\/fr\/#\/schema\/logo\/image\/"},"sameAs":["https:\/\/www.facebook.com\/NazareneOfficial\/","https:\/\/x.com\/Nazarene","https:\/\/www.instagram.com\/nazareneofficial\/"]}]}},"_links":{"self":[{"href":"https:\/\/nazarene.org\/fr\/wp-json\/wp\/v2\/news\/49958","targetHints":{"allow":["GET"]}}],"collection":[{"href":"https:\/\/nazarene.org\/fr\/wp-json\/wp\/v2\/news"}],"about":[{"href":"https:\/\/nazarene.org\/fr\/wp-json\/wp\/v2\/types\/news"}],"author":[{"embeddable":true,"href":"https:\/\/nazarene.org\/fr\/wp-json\/wp\/v2\/users\/1"}],"version-history":[{"count":0,"href":"https:\/\/nazarene.org\/fr\/wp-json\/wp\/v2\/news\/49958\/revisions"}],"wp:featuredmedia":[{"embeddable":true,"href":"https:\/\/nazarene.org\/fr\/wp-json\/wp\/v2\/media\/26251"}],"wp:attachment":[{"href":"https:\/\/nazarene.org\/fr\/wp-json\/wp\/v2\/media?parent=49958"}],"wp:term":[{"taxonomy":"news-categories","embeddable":true,"href":"https:\/\/nazarene.org\/fr\/wp-json\/wp\/v2\/news-categories?post=49958"},{"taxonomy":"news-region-taxonomy","embeddable":true,"href":"https:\/\/nazarene.org\/fr\/wp-json\/wp\/v2\/news-region-taxonomy?post=49958"},{"taxonomy":"news-tag","embeddable":true,"href":"https:\/\/nazarene.org\/fr\/wp-json\/wp\/v2\/news-tag?post=49958"}],"curies":[{"name":"wp","href":"https:\/\/api.w.org\/{rel}","templated":true}]}}