{"id":49879,"date":"2020-08-07T00:00:00","date_gmt":"2020-08-07T05:00:00","guid":{"rendered":"https:\/\/nazarene.org\/news\/pasteur-des-jeunes-washington-etudiant-se-noie-pendant-la-retraite-de-leglise\/"},"modified":"2020-08-07T00:00:00","modified_gmt":"2020-08-07T05:00:00","slug":"pasteur-des-jeunes-washington-etudiant-se-noie-pendant-la-retraite-de-leglise","status":"publish","type":"news","link":"https:\/\/nazarene.org\/fr\/news\/pasteur-des-jeunes-washington-etudiant-se-noie-pendant-la-retraite-de-leglise\/","title":{"rendered":"Pasteur des jeunes Washington, \u00e9tudiant se noie pendant la retraite de l&rsquo;\u00c9glise"},"content":{"rendered":"<p>Un gar\u00e7on de 11 ans et son pasteur des jeunes, Andrew Inskeep, se sont &nbsp;noy\u00e9s le 5 &nbsp;August dans la Columbia River &nbsp;\u00e0 Hood River, Oregon, pendant une retraite d&rsquo;\u00e9cole interm\u00e9diaire pour les \u00e9tudiants de l&rsquo;\u00c9glise Ridgefield du Nazar\u00e9en.<\/p>\n<p><a href=\"https:\/\/www.kgw.com\/article\/news\/local\/hood-river-boy-drowns-youth-pastor-missing-ridgefield\/283-b9267008-9d3f-4440-bd14-d92678b3fe57\" target=\"_blank\">Selon KGW8<\/a>, &nbsp;juste avant 7 heures, un appelant 911 a rapport\u00e9 un groupe de nageurs en d\u00e9tresse du bar de sable &nbsp;\u00e0 Marina Beach \u00e0 Hood River. Certains \u00e9taient capables d&rsquo;arriver \u00e0 la rive en toute s\u00e9curit\u00e9 avec l&rsquo;aide de parrains adultes de l&rsquo;\u00c9glise ou de v\u00e9liplanchistes \u00e0 proximit\u00e9. Cependant, deux personnes, le 11 ans et Inskeep, \u00e9taient manquantes.<\/p>\n<p>Environ 45 minutes apr\u00e8s l&rsquo;appel initial, une autre personne a rapport\u00e9 que quelqu&rsquo;un semblait flotter pr\u00e8s de la bouche de la rivi\u00e8re Salmon blanche. Le corps de l&rsquo;enfant a \u00e9t\u00e9 tir\u00e9 de l&rsquo;eau et les efforts de sauvetage ont \u00e9t\u00e9 administr\u00e9s, mais il a \u00e9t\u00e9 prononc\u00e9 mort lorsqu&rsquo;il est arriv\u00e9 \u00e0 l&rsquo;h\u00f4pital, selon le Bureau du sh\u00e9rif du comt\u00e9 de Hood River.<\/p>\n<p>La recherche a continu\u00e9 mercredi soir pour Inskeep mais a \u00e9t\u00e9 annul\u00e9e en raison des t\u00e9n\u00e8bres. La recherche a repris jeudi matin et le bureau du sh\u00e9rif a r\u00e9cup\u00e9r\u00e9 son corps jeudi soir.<\/p>\n<p>Nos c\u0153urs sont bris\u00e9s par cette perte et nous appr\u00e9cions profond\u00e9ment la pr\u00e9occupation pour tout le monde impliqu\u00e9 \u00bb, a \u00e9crit le pasteur principal Jason Matters sur la <a href=\"https:\/\/www.facebook.com\/RidgefieldNazarene\" target=\"_blank\">page Facebook de l&rsquo;\u00c9glise<\/a>. Nous demandons que les demandes et les messages de soutien soient dirig\u00e9s \u00e0 notre bureau de l&rsquo;\u00c9glise, donnant \u00e0 la famille en deuil du temps et de l&rsquo;espace pour traiter ces \u00e9v\u00e9nements tragiques. \u00ab\u00a0<\/p>\n<p>&nbsp;<\/p>\n<p><iframe allow=\"encrypted-media\" allowtransparency=\"true\" frameborder=\"0\" height=\"309\" scrolling=\"no\" src=\"https:\/\/www.facebook.com\/plugins\/post.php?href=https%3A%2F%2Fwww.facebook.com%2FRidgefieldNazarene%2Fposts%2F3253053921587052&amp;show_text=false&amp;width=552&amp;height=309&amp;appId\" style=\"border:none;overflow:hidden\" width=\"552\"><\/iframe><\/p>\n","protected":false},"excerpt":{"rendered":"<p>Un gar\u00e7on de 11 ans et son pasteur des jeunes, Andrew Inskeep, se sont noy\u00e9s le 5 ao\u00fbt dans la rivi\u00e8re Columbia \u00e0 Hood River, Oregon, pendant une retraite d&rsquo;\u00e9cole interm\u00e9diaire pour les \u00e9tudiants de l&rsquo;\u00c9glise Ridgefield du Nazar\u00e9en.<\/p>\n","protected":false},"author":1,"featured_media":26311,"menu_order":0,"template":"","news-categories":[],"news-region-taxonomy":[],"news-tag":[758,815,922],"class_list":["post-49879","news","type-news","status-publish","has-post-thumbnail","hentry","news-tag-etats-unis-canada","news-tag-passages","news-tag-washington-fr"],"yoast_head":"<!-- This site is optimized with the Yoast SEO Premium plugin v27.1 (Yoast SEO v27.1.1) - https:\/\/yoast.com\/product\/yoast-seo-premium-wordpress\/ -->\n<title>Pasteur des jeunes Washington, \u00e9tudiant se noie pendant la retraite de l&#039;\u00c9glise - Church of the Nazarene<\/title>\n<meta name=\"robots\" content=\"index, follow, max-snippet:-1, max-image-preview:large, max-video-preview:-1\" \/>\n<link rel=\"canonical\" href=\"https:\/\/nazarene.org\/fr\/news\/pasteur-des-jeunes-washington-etudiant-se-noie-pendant-la-retraite-de-leglise\/\" \/>\n<meta property=\"og:locale\" content=\"fr_FR\" \/>\n<meta property=\"og:type\" content=\"article\" \/>\n<meta property=\"og:title\" content=\"Pasteur des jeunes Washington, \u00e9tudiant se noie pendant la retraite de l&#039;\u00c9glise\" \/>\n<meta property=\"og:description\" content=\"Un gar\u00e7on de 11 ans et son pasteur des jeunes, Andrew Inskeep, se sont noy\u00e9s le 5 ao\u00fbt dans la rivi\u00e8re Columbia \u00e0 Hood River, Oregon, pendant une retraite d&#039;\u00e9cole interm\u00e9diaire pour les \u00e9tudiants de l&#039;\u00c9glise Ridgefield du Nazar\u00e9en.\" \/>\n<meta property=\"og:url\" content=\"https:\/\/nazarene.org\/fr\/news\/pasteur-des-jeunes-washington-etudiant-se-noie-pendant-la-retraite-de-leglise\/\" \/>\n<meta property=\"og:site_name\" content=\"Church of the Nazarene\" \/>\n<meta property=\"article:publisher\" content=\"https:\/\/www.facebook.com\/NazareneOfficial\/\" \/>\n<meta name=\"twitter:card\" content=\"summary_large_image\" \/>\n<meta name=\"twitter:site\" content=\"@Nazarene\" \/>\n<script type=\"application\/ld+json\" class=\"yoast-schema-graph\">{\"@context\":\"https:\/\/schema.org\",\"@graph\":[{\"@type\":\"WebPage\",\"@id\":\"https:\/\/nazarene.org\/fr\/news\/pasteur-des-jeunes-washington-etudiant-se-noie-pendant-la-retraite-de-leglise\/\",\"url\":\"https:\/\/nazarene.org\/fr\/news\/pasteur-des-jeunes-washington-etudiant-se-noie-pendant-la-retraite-de-leglise\/\",\"name\":\"Pasteur des jeunes Washington, \u00e9tudiant se noie pendant la retraite de l'\u00c9glise - Church of the Nazarene\",\"isPartOf\":{\"@id\":\"https:\/\/nazarene.org\/fr\/#website\"},\"primaryImageOfPage\":{\"@id\":\"https:\/\/nazarene.org\/fr\/news\/pasteur-des-jeunes-washington-etudiant-se-noie-pendant-la-retraite-de-leglise\/#primaryimage\"},\"image\":{\"@id\":\"https:\/\/nazarene.org\/fr\/news\/pasteur-des-jeunes-washington-etudiant-se-noie-pendant-la-retraite-de-leglise\/#primaryimage\"},\"thumbnailUrl\":\"https:\/\/nazarene.org\/wp-content\/uploads\/2025\/02\/ColumbiaRiver_Cropped.jpg\",\"datePublished\":\"2020-08-07T05:00:00+00:00\",\"breadcrumb\":{\"@id\":\"https:\/\/nazarene.org\/fr\/news\/pasteur-des-jeunes-washington-etudiant-se-noie-pendant-la-retraite-de-leglise\/#breadcrumb\"},\"inLanguage\":\"fr-FR\",\"potentialAction\":[{\"@type\":\"ReadAction\",\"target\":[\"https:\/\/nazarene.org\/fr\/news\/pasteur-des-jeunes-washington-etudiant-se-noie-pendant-la-retraite-de-leglise\/\"]}]},{\"@type\":\"ImageObject\",\"inLanguage\":\"fr-FR\",\"@id\":\"https:\/\/nazarene.org\/fr\/news\/pasteur-des-jeunes-washington-etudiant-se-noie-pendant-la-retraite-de-leglise\/#primaryimage\",\"url\":\"https:\/\/nazarene.org\/wp-content\/uploads\/2025\/02\/ColumbiaRiver_Cropped.jpg\",\"contentUrl\":\"https:\/\/nazarene.org\/wp-content\/uploads\/2025\/02\/ColumbiaRiver_Cropped.jpg\",\"width\":750,\"height\":400},{\"@type\":\"BreadcrumbList\",\"@id\":\"https:\/\/nazarene.org\/fr\/news\/pasteur-des-jeunes-washington-etudiant-se-noie-pendant-la-retraite-de-leglise\/#breadcrumb\",\"itemListElement\":[{\"@type\":\"ListItem\",\"position\":1,\"name\":\"Home\",\"item\":\"https:\/\/nazarene.org\/fr\/\"},{\"@type\":\"ListItem\",\"position\":2,\"name\":\"News\",\"item\":\"https:\/\/nazarene.org\/fr\/news\/\"},{\"@type\":\"ListItem\",\"position\":3,\"name\":\"Pasteur des jeunes Washington, \u00e9tudiant se noie pendant la retraite de l&#8217;\u00c9glise\"}]},{\"@type\":\"WebSite\",\"@id\":\"https:\/\/nazarene.org\/fr\/#website\",\"url\":\"https:\/\/nazarene.org\/fr\/\",\"name\":\"Church of the Nazarene\",\"description\":\"Making Christlike Disciples in the Nations\",\"publisher\":{\"@id\":\"https:\/\/nazarene.org\/fr\/#organization\"},\"potentialAction\":[{\"@type\":\"SearchAction\",\"target\":{\"@type\":\"EntryPoint\",\"urlTemplate\":\"https:\/\/nazarene.org\/fr\/?s={search_term_string}\"},\"query-input\":{\"@type\":\"PropertyValueSpecification\",\"valueRequired\":true,\"valueName\":\"search_term_string\"}}],\"inLanguage\":\"fr-FR\"},{\"@type\":\"Organization\",\"@id\":\"https:\/\/nazarene.org\/fr\/#organization\",\"name\":\"Church of the Nazarene\",\"url\":\"https:\/\/nazarene.org\/fr\/\",\"logo\":{\"@type\":\"ImageObject\",\"inLanguage\":\"fr-FR\",\"@id\":\"https:\/\/nazarene.org\/fr\/#\/schema\/logo\/image\/\",\"url\":\"https:\/\/nazarene.org\/wp-content\/uploads\/2024\/06\/Naz_Desktop_Black_Logo-1.svg\",\"contentUrl\":\"https:\/\/nazarene.org\/wp-content\/uploads\/2024\/06\/Naz_Desktop_Black_Logo-1.svg\",\"width\":258,\"height\":36,\"caption\":\"Church of the Nazarene\"},\"image\":{\"@id\":\"https:\/\/nazarene.org\/fr\/#\/schema\/logo\/image\/\"},\"sameAs\":[\"https:\/\/www.facebook.com\/NazareneOfficial\/\",\"https:\/\/x.com\/Nazarene\",\"https:\/\/www.instagram.com\/nazareneofficial\/\"]}]}<\/script>\n<!-- \/ Yoast SEO Premium plugin. -->","yoast_head_json":{"title":"Pasteur des jeunes Washington, \u00e9tudiant se noie pendant la retraite de l'\u00c9glise - Church of the Nazarene","robots":{"index":"index","follow":"follow","max-snippet":"max-snippet:-1","max-image-preview":"max-image-preview:large","max-video-preview":"max-video-preview:-1"},"canonical":"https:\/\/nazarene.org\/fr\/news\/pasteur-des-jeunes-washington-etudiant-se-noie-pendant-la-retraite-de-leglise\/","og_locale":"fr_FR","og_type":"article","og_title":"Pasteur des jeunes Washington, \u00e9tudiant se noie pendant la retraite de l'\u00c9glise","og_description":"Un gar\u00e7on de 11 ans et son pasteur des jeunes, Andrew Inskeep, se sont noy\u00e9s le 5 ao\u00fbt dans la rivi\u00e8re Columbia \u00e0 Hood River, Oregon, pendant une retraite d'\u00e9cole interm\u00e9diaire pour les \u00e9tudiants de l'\u00c9glise Ridgefield du Nazar\u00e9en.","og_url":"https:\/\/nazarene.org\/fr\/news\/pasteur-des-jeunes-washington-etudiant-se-noie-pendant-la-retraite-de-leglise\/","og_site_name":"Church of the Nazarene","article_publisher":"https:\/\/www.facebook.com\/NazareneOfficial\/","twitter_card":"summary_large_image","twitter_site":"@Nazarene","schema":{"@context":"https:\/\/schema.org","@graph":[{"@type":"WebPage","@id":"https:\/\/nazarene.org\/fr\/news\/pasteur-des-jeunes-washington-etudiant-se-noie-pendant-la-retraite-de-leglise\/","url":"https:\/\/nazarene.org\/fr\/news\/pasteur-des-jeunes-washington-etudiant-se-noie-pendant-la-retraite-de-leglise\/","name":"Pasteur des jeunes Washington, \u00e9tudiant se noie pendant la retraite de l'\u00c9glise - Church of the Nazarene","isPartOf":{"@id":"https:\/\/nazarene.org\/fr\/#website"},"primaryImageOfPage":{"@id":"https:\/\/nazarene.org\/fr\/news\/pasteur-des-jeunes-washington-etudiant-se-noie-pendant-la-retraite-de-leglise\/#primaryimage"},"image":{"@id":"https:\/\/nazarene.org\/fr\/news\/pasteur-des-jeunes-washington-etudiant-se-noie-pendant-la-retraite-de-leglise\/#primaryimage"},"thumbnailUrl":"https:\/\/nazarene.org\/wp-content\/uploads\/2025\/02\/ColumbiaRiver_Cropped.jpg","datePublished":"2020-08-07T05:00:00+00:00","breadcrumb":{"@id":"https:\/\/nazarene.org\/fr\/news\/pasteur-des-jeunes-washington-etudiant-se-noie-pendant-la-retraite-de-leglise\/#breadcrumb"},"inLanguage":"fr-FR","potentialAction":[{"@type":"ReadAction","target":["https:\/\/nazarene.org\/fr\/news\/pasteur-des-jeunes-washington-etudiant-se-noie-pendant-la-retraite-de-leglise\/"]}]},{"@type":"ImageObject","inLanguage":"fr-FR","@id":"https:\/\/nazarene.org\/fr\/news\/pasteur-des-jeunes-washington-etudiant-se-noie-pendant-la-retraite-de-leglise\/#primaryimage","url":"https:\/\/nazarene.org\/wp-content\/uploads\/2025\/02\/ColumbiaRiver_Cropped.jpg","contentUrl":"https:\/\/nazarene.org\/wp-content\/uploads\/2025\/02\/ColumbiaRiver_Cropped.jpg","width":750,"height":400},{"@type":"BreadcrumbList","@id":"https:\/\/nazarene.org\/fr\/news\/pasteur-des-jeunes-washington-etudiant-se-noie-pendant-la-retraite-de-leglise\/#breadcrumb","itemListElement":[{"@type":"ListItem","position":1,"name":"Home","item":"https:\/\/nazarene.org\/fr\/"},{"@type":"ListItem","position":2,"name":"News","item":"https:\/\/nazarene.org\/fr\/news\/"},{"@type":"ListItem","position":3,"name":"Pasteur des jeunes Washington, \u00e9tudiant se noie pendant la retraite de l&#8217;\u00c9glise"}]},{"@type":"WebSite","@id":"https:\/\/nazarene.org\/fr\/#website","url":"https:\/\/nazarene.org\/fr\/","name":"Church of the Nazarene","description":"Making Christlike Disciples in the Nations","publisher":{"@id":"https:\/\/nazarene.org\/fr\/#organization"},"potentialAction":[{"@type":"SearchAction","target":{"@type":"EntryPoint","urlTemplate":"https:\/\/nazarene.org\/fr\/?s={search_term_string}"},"query-input":{"@type":"PropertyValueSpecification","valueRequired":true,"valueName":"search_term_string"}}],"inLanguage":"fr-FR"},{"@type":"Organization","@id":"https:\/\/nazarene.org\/fr\/#organization","name":"Church of the Nazarene","url":"https:\/\/nazarene.org\/fr\/","logo":{"@type":"ImageObject","inLanguage":"fr-FR","@id":"https:\/\/nazarene.org\/fr\/#\/schema\/logo\/image\/","url":"https:\/\/nazarene.org\/wp-content\/uploads\/2024\/06\/Naz_Desktop_Black_Logo-1.svg","contentUrl":"https:\/\/nazarene.org\/wp-content\/uploads\/2024\/06\/Naz_Desktop_Black_Logo-1.svg","width":258,"height":36,"caption":"Church of the Nazarene"},"image":{"@id":"https:\/\/nazarene.org\/fr\/#\/schema\/logo\/image\/"},"sameAs":["https:\/\/www.facebook.com\/NazareneOfficial\/","https:\/\/x.com\/Nazarene","https:\/\/www.instagram.com\/nazareneofficial\/"]}]}},"_links":{"self":[{"href":"https:\/\/nazarene.org\/fr\/wp-json\/wp\/v2\/news\/49879","targetHints":{"allow":["GET"]}}],"collection":[{"href":"https:\/\/nazarene.org\/fr\/wp-json\/wp\/v2\/news"}],"about":[{"href":"https:\/\/nazarene.org\/fr\/wp-json\/wp\/v2\/types\/news"}],"author":[{"embeddable":true,"href":"https:\/\/nazarene.org\/fr\/wp-json\/wp\/v2\/users\/1"}],"version-history":[{"count":0,"href":"https:\/\/nazarene.org\/fr\/wp-json\/wp\/v2\/news\/49879\/revisions"}],"wp:featuredmedia":[{"embeddable":true,"href":"https:\/\/nazarene.org\/fr\/wp-json\/wp\/v2\/media\/26311"}],"wp:attachment":[{"href":"https:\/\/nazarene.org\/fr\/wp-json\/wp\/v2\/media?parent=49879"}],"wp:term":[{"taxonomy":"news-categories","embeddable":true,"href":"https:\/\/nazarene.org\/fr\/wp-json\/wp\/v2\/news-categories?post=49879"},{"taxonomy":"news-region-taxonomy","embeddable":true,"href":"https:\/\/nazarene.org\/fr\/wp-json\/wp\/v2\/news-region-taxonomy?post=49879"},{"taxonomy":"news-tag","embeddable":true,"href":"https:\/\/nazarene.org\/fr\/wp-json\/wp\/v2\/news-tag?post=49879"}],"curies":[{"name":"wp","href":"https:\/\/api.w.org\/{rel}","templated":true}]}}