{"id":49706,"date":"2020-09-15T00:00:00","date_gmt":"2020-09-15T05:00:00","guid":{"rendered":"https:\/\/nazarene.org\/news\/leaders-de-lay-aout-2020\/"},"modified":"2020-09-15T00:00:00","modified_gmt":"2020-09-15T05:00:00","slug":"leaders-de-lay-aout-2020","status":"publish","type":"news","link":"https:\/\/nazarene.org\/fr\/news\/leaders-de-lay-aout-2020\/","title":{"rendered":"Leaders de Lay : ao\u00fbt 2020"},"content":{"rendered":"<p><a href=\"http:\/\/www.discipleshipplace.org\/\">DiscipleshipPlace.org<\/a> voudrait f\u00e9liciter les personnes suivantes d&rsquo;avoir \u00e9t\u00e9 approuv\u00e9es par leur pasteur et le conseil de l&rsquo;\u00c9glise locale pour recevoir le certificat de minist\u00e8re la\u00efc. Apr\u00e8s approbation, ils termineront les <a href=\"http:\/\/thediscipleshipplace.org\/index.php?option=com_content&amp;view=article&amp;id=115&amp;Itemid=126\">cours de minist\u00e8re la\u00efcs<\/a>.<\/p>\n<ul>\n<li>Robin Campbell&nbsp;de Fort Pierce Premi\u00e8re \u00c9glise du Nazar\u00e9en, Floride sud<\/li>\n<li>Ashley L. Dann&nbsp;erde \u00c9glise de Potomac du Nazar\u00e9en, District central de Chicago<\/li>\n<li>Jeffery D. Donnally&nbsp;de \u00c9glise de Kearney du Nazar\u00e9en, District du Nebraska<\/li>\n<li>Carolyn Knotts&nbsp;de McLouth \u00c9glise du Nazar\u00e9en, District de Kansas City<\/li>\n<li>Jerry Pat&nbsp;eof Archer \u00c9glise du Nazar\u00e9en, district de Floride<\/li>\n<li>Jordan White&nbsp;de \u00c9glise de Parkview du Nazar\u00e9en, District d&rsquo;Indiana nord-est<\/li>\n<\/ul>\n<p>Nous aimerions \u00e9galement f\u00e9liciter les personnes suivantes qui ont termin\u00e9 les cours suivants. *<\/p>\n<ul>\n<li>Karen Andrews&nbsp;de Birdsboro \u00c9glise du Nazar\u00e9en, District de Philadelphie\n<ul>\n<li>Minist\u00e8re des enfants<\/li>\n<\/ul>\n<\/li>\n<li>Jeffery D. Donnally&nbsp;de \u00c9glise Kearny du Nazar\u00e9en, District du Nebraska\n<ul>\n<li>Communiquer l&rsquo;\u00c9vangile dans un monde pluraliste<\/li>\n<li>Exploration de la th\u00e9ologie de John Wesley<\/li>\n<li>Exploration de l&rsquo;histoire nazar\u00e9enne et polit\u00e9<\/li>\n<li>Comment \u00e9tudier la Bible<\/li>\n<li>Pratique de la formation spirituelle Wesleyan-Saintet\u00e9<\/li>\n<li>Raconter l&rsquo;histoire du Nouveau Testament de Dieu<\/li>\n<li>Raconter l&rsquo;histoire de l&rsquo;Ancien Testament de Dieu<\/li>\n<li>La Bible me parle de mon t\u00e9moin<\/li>\n<li>Vers une th\u00e9ologie biblique de la honte et de l&rsquo;amour<\/li>\n<\/ul>\n<\/li>\n<li>\u00c9glise universitaire Marenya Ian&nbsp;of du Nazar\u00e9en, District central du Kenya\n<ul>\n<li>Pratique de la formation spirituelle Wesleyan-Saintet\u00e9<\/li>\n<li>Acad\u00e9mie du minist\u00e8re des jeunes<\/li>\n<\/ul>\n<\/li>\n<li>Adam Just Gamble&nbsp;de \u00c9glise de Lavelle du Nazar\u00e9en, District de Philadelphie\n<ul>\n<li>Pratique de la formation spirituelle Wesleyan-Saintet\u00e9<\/li>\n<\/ul>\n<\/li>\n<\/ul>\n<p>*<i>Veuillez noter que les individus ci-dessus sont reconnus parce qu&rsquo;ils nous ont contact\u00e9s pour demander un certificat d&rsquo;ach\u00e8vement. De nombreuses personnes terminent des cours mais ne nous contactent pas pour nous laisser savoir, nous sommes donc incapables de les reconna\u00eetre.<\/i><\/p>\n","protected":false},"excerpt":{"rendered":"<p>DiscipleshipPlace.org voudrait f\u00e9liciter les personnes suivantes d&rsquo;avoir \u00e9t\u00e9 approuv\u00e9es par leur pasteur et le conseil de l&rsquo;\u00c9glise locale pour recevoir le certificat de minist\u00e8re la\u00efc. Apr\u00e8s approbation, ils termineront les cours de minist\u00e8re la\u00efcs.<\/p>\n","protected":false},"author":1,"featured_media":25639,"menu_order":0,"template":"","news-categories":[],"news-region-taxonomy":[],"news-tag":[2218,1486],"class_list":["post-49706","news","type-news","status-publish","has-post-thumbnail","hentry","news-tag-leaders-de-lay","news-tag-ressources"],"yoast_head":"<!-- This site is optimized with the Yoast SEO Premium plugin v27.1 (Yoast SEO v27.1.1) - https:\/\/yoast.com\/product\/yoast-seo-premium-wordpress\/ -->\n<title>Leaders de Lay : ao\u00fbt 2020 - Church of the Nazarene<\/title>\n<meta name=\"robots\" content=\"index, follow, max-snippet:-1, max-image-preview:large, max-video-preview:-1\" \/>\n<link rel=\"canonical\" href=\"https:\/\/nazarene.org\/fr\/news\/leaders-de-lay-aout-2020\/\" \/>\n<meta property=\"og:locale\" content=\"fr_FR\" \/>\n<meta property=\"og:type\" content=\"article\" \/>\n<meta property=\"og:title\" content=\"Leaders de Lay : ao\u00fbt 2020\" \/>\n<meta property=\"og:description\" content=\"DiscipleshipPlace.org voudrait f\u00e9liciter les personnes suivantes d&#039;avoir \u00e9t\u00e9 approuv\u00e9es par leur pasteur et le conseil de l&#039;\u00c9glise locale pour recevoir le certificat de minist\u00e8re la\u00efc. Apr\u00e8s approbation, ils termineront les cours de minist\u00e8re la\u00efcs.\" \/>\n<meta property=\"og:url\" content=\"https:\/\/nazarene.org\/fr\/news\/leaders-de-lay-aout-2020\/\" \/>\n<meta property=\"og:site_name\" content=\"Church of the Nazarene\" \/>\n<meta property=\"article:publisher\" content=\"https:\/\/www.facebook.com\/NazareneOfficial\/\" \/>\n<meta name=\"twitter:card\" content=\"summary_large_image\" \/>\n<meta name=\"twitter:site\" content=\"@Nazarene\" \/>\n<script type=\"application\/ld+json\" class=\"yoast-schema-graph\">{\"@context\":\"https:\/\/schema.org\",\"@graph\":[{\"@type\":\"WebPage\",\"@id\":\"https:\/\/nazarene.org\/fr\/news\/leaders-de-lay-aout-2020\/\",\"url\":\"https:\/\/nazarene.org\/fr\/news\/leaders-de-lay-aout-2020\/\",\"name\":\"Leaders de Lay : ao\u00fbt 2020 - Church of the Nazarene\",\"isPartOf\":{\"@id\":\"https:\/\/nazarene.org\/fr\/#website\"},\"primaryImageOfPage\":{\"@id\":\"https:\/\/nazarene.org\/fr\/news\/leaders-de-lay-aout-2020\/#primaryimage\"},\"image\":{\"@id\":\"https:\/\/nazarene.org\/fr\/news\/leaders-de-lay-aout-2020\/#primaryimage\"},\"thumbnailUrl\":\"https:\/\/nazarene.org\/wp-content\/uploads\/2025\/02\/The-Discipleship-place.jpg\",\"datePublished\":\"2020-09-15T05:00:00+00:00\",\"breadcrumb\":{\"@id\":\"https:\/\/nazarene.org\/fr\/news\/leaders-de-lay-aout-2020\/#breadcrumb\"},\"inLanguage\":\"fr-FR\",\"potentialAction\":[{\"@type\":\"ReadAction\",\"target\":[\"https:\/\/nazarene.org\/fr\/news\/leaders-de-lay-aout-2020\/\"]}]},{\"@type\":\"ImageObject\",\"inLanguage\":\"fr-FR\",\"@id\":\"https:\/\/nazarene.org\/fr\/news\/leaders-de-lay-aout-2020\/#primaryimage\",\"url\":\"https:\/\/nazarene.org\/wp-content\/uploads\/2025\/02\/The-Discipleship-place.jpg\",\"contentUrl\":\"https:\/\/nazarene.org\/wp-content\/uploads\/2025\/02\/The-Discipleship-place.jpg\",\"width\":750,\"height\":400},{\"@type\":\"BreadcrumbList\",\"@id\":\"https:\/\/nazarene.org\/fr\/news\/leaders-de-lay-aout-2020\/#breadcrumb\",\"itemListElement\":[{\"@type\":\"ListItem\",\"position\":1,\"name\":\"Home\",\"item\":\"https:\/\/nazarene.org\/fr\/\"},{\"@type\":\"ListItem\",\"position\":2,\"name\":\"News\",\"item\":\"https:\/\/nazarene.org\/fr\/news\/\"},{\"@type\":\"ListItem\",\"position\":3,\"name\":\"Leaders de Lay : ao\u00fbt 2020\"}]},{\"@type\":\"WebSite\",\"@id\":\"https:\/\/nazarene.org\/fr\/#website\",\"url\":\"https:\/\/nazarene.org\/fr\/\",\"name\":\"Church of the Nazarene\",\"description\":\"Making Christlike Disciples in the Nations\",\"publisher\":{\"@id\":\"https:\/\/nazarene.org\/fr\/#organization\"},\"potentialAction\":[{\"@type\":\"SearchAction\",\"target\":{\"@type\":\"EntryPoint\",\"urlTemplate\":\"https:\/\/nazarene.org\/fr\/?s={search_term_string}\"},\"query-input\":{\"@type\":\"PropertyValueSpecification\",\"valueRequired\":true,\"valueName\":\"search_term_string\"}}],\"inLanguage\":\"fr-FR\"},{\"@type\":\"Organization\",\"@id\":\"https:\/\/nazarene.org\/fr\/#organization\",\"name\":\"Church of the Nazarene\",\"url\":\"https:\/\/nazarene.org\/fr\/\",\"logo\":{\"@type\":\"ImageObject\",\"inLanguage\":\"fr-FR\",\"@id\":\"https:\/\/nazarene.org\/fr\/#\/schema\/logo\/image\/\",\"url\":\"https:\/\/nazarene.org\/wp-content\/uploads\/2024\/06\/Naz_Desktop_Black_Logo-1.svg\",\"contentUrl\":\"https:\/\/nazarene.org\/wp-content\/uploads\/2024\/06\/Naz_Desktop_Black_Logo-1.svg\",\"width\":258,\"height\":36,\"caption\":\"Church of the Nazarene\"},\"image\":{\"@id\":\"https:\/\/nazarene.org\/fr\/#\/schema\/logo\/image\/\"},\"sameAs\":[\"https:\/\/www.facebook.com\/NazareneOfficial\/\",\"https:\/\/x.com\/Nazarene\",\"https:\/\/www.instagram.com\/nazareneofficial\/\"]}]}<\/script>\n<!-- \/ Yoast SEO Premium plugin. -->","yoast_head_json":{"title":"Leaders de Lay : ao\u00fbt 2020 - Church of the Nazarene","robots":{"index":"index","follow":"follow","max-snippet":"max-snippet:-1","max-image-preview":"max-image-preview:large","max-video-preview":"max-video-preview:-1"},"canonical":"https:\/\/nazarene.org\/fr\/news\/leaders-de-lay-aout-2020\/","og_locale":"fr_FR","og_type":"article","og_title":"Leaders de Lay : ao\u00fbt 2020","og_description":"DiscipleshipPlace.org voudrait f\u00e9liciter les personnes suivantes d'avoir \u00e9t\u00e9 approuv\u00e9es par leur pasteur et le conseil de l'\u00c9glise locale pour recevoir le certificat de minist\u00e8re la\u00efc. Apr\u00e8s approbation, ils termineront les cours de minist\u00e8re la\u00efcs.","og_url":"https:\/\/nazarene.org\/fr\/news\/leaders-de-lay-aout-2020\/","og_site_name":"Church of the Nazarene","article_publisher":"https:\/\/www.facebook.com\/NazareneOfficial\/","twitter_card":"summary_large_image","twitter_site":"@Nazarene","schema":{"@context":"https:\/\/schema.org","@graph":[{"@type":"WebPage","@id":"https:\/\/nazarene.org\/fr\/news\/leaders-de-lay-aout-2020\/","url":"https:\/\/nazarene.org\/fr\/news\/leaders-de-lay-aout-2020\/","name":"Leaders de Lay : ao\u00fbt 2020 - Church of the Nazarene","isPartOf":{"@id":"https:\/\/nazarene.org\/fr\/#website"},"primaryImageOfPage":{"@id":"https:\/\/nazarene.org\/fr\/news\/leaders-de-lay-aout-2020\/#primaryimage"},"image":{"@id":"https:\/\/nazarene.org\/fr\/news\/leaders-de-lay-aout-2020\/#primaryimage"},"thumbnailUrl":"https:\/\/nazarene.org\/wp-content\/uploads\/2025\/02\/The-Discipleship-place.jpg","datePublished":"2020-09-15T05:00:00+00:00","breadcrumb":{"@id":"https:\/\/nazarene.org\/fr\/news\/leaders-de-lay-aout-2020\/#breadcrumb"},"inLanguage":"fr-FR","potentialAction":[{"@type":"ReadAction","target":["https:\/\/nazarene.org\/fr\/news\/leaders-de-lay-aout-2020\/"]}]},{"@type":"ImageObject","inLanguage":"fr-FR","@id":"https:\/\/nazarene.org\/fr\/news\/leaders-de-lay-aout-2020\/#primaryimage","url":"https:\/\/nazarene.org\/wp-content\/uploads\/2025\/02\/The-Discipleship-place.jpg","contentUrl":"https:\/\/nazarene.org\/wp-content\/uploads\/2025\/02\/The-Discipleship-place.jpg","width":750,"height":400},{"@type":"BreadcrumbList","@id":"https:\/\/nazarene.org\/fr\/news\/leaders-de-lay-aout-2020\/#breadcrumb","itemListElement":[{"@type":"ListItem","position":1,"name":"Home","item":"https:\/\/nazarene.org\/fr\/"},{"@type":"ListItem","position":2,"name":"News","item":"https:\/\/nazarene.org\/fr\/news\/"},{"@type":"ListItem","position":3,"name":"Leaders de Lay : ao\u00fbt 2020"}]},{"@type":"WebSite","@id":"https:\/\/nazarene.org\/fr\/#website","url":"https:\/\/nazarene.org\/fr\/","name":"Church of the Nazarene","description":"Making Christlike Disciples in the Nations","publisher":{"@id":"https:\/\/nazarene.org\/fr\/#organization"},"potentialAction":[{"@type":"SearchAction","target":{"@type":"EntryPoint","urlTemplate":"https:\/\/nazarene.org\/fr\/?s={search_term_string}"},"query-input":{"@type":"PropertyValueSpecification","valueRequired":true,"valueName":"search_term_string"}}],"inLanguage":"fr-FR"},{"@type":"Organization","@id":"https:\/\/nazarene.org\/fr\/#organization","name":"Church of the Nazarene","url":"https:\/\/nazarene.org\/fr\/","logo":{"@type":"ImageObject","inLanguage":"fr-FR","@id":"https:\/\/nazarene.org\/fr\/#\/schema\/logo\/image\/","url":"https:\/\/nazarene.org\/wp-content\/uploads\/2024\/06\/Naz_Desktop_Black_Logo-1.svg","contentUrl":"https:\/\/nazarene.org\/wp-content\/uploads\/2024\/06\/Naz_Desktop_Black_Logo-1.svg","width":258,"height":36,"caption":"Church of the Nazarene"},"image":{"@id":"https:\/\/nazarene.org\/fr\/#\/schema\/logo\/image\/"},"sameAs":["https:\/\/www.facebook.com\/NazareneOfficial\/","https:\/\/x.com\/Nazarene","https:\/\/www.instagram.com\/nazareneofficial\/"]}]}},"_links":{"self":[{"href":"https:\/\/nazarene.org\/fr\/wp-json\/wp\/v2\/news\/49706","targetHints":{"allow":["GET"]}}],"collection":[{"href":"https:\/\/nazarene.org\/fr\/wp-json\/wp\/v2\/news"}],"about":[{"href":"https:\/\/nazarene.org\/fr\/wp-json\/wp\/v2\/types\/news"}],"author":[{"embeddable":true,"href":"https:\/\/nazarene.org\/fr\/wp-json\/wp\/v2\/users\/1"}],"version-history":[{"count":0,"href":"https:\/\/nazarene.org\/fr\/wp-json\/wp\/v2\/news\/49706\/revisions"}],"wp:featuredmedia":[{"embeddable":true,"href":"https:\/\/nazarene.org\/fr\/wp-json\/wp\/v2\/media\/25639"}],"wp:attachment":[{"href":"https:\/\/nazarene.org\/fr\/wp-json\/wp\/v2\/media?parent=49706"}],"wp:term":[{"taxonomy":"news-categories","embeddable":true,"href":"https:\/\/nazarene.org\/fr\/wp-json\/wp\/v2\/news-categories?post=49706"},{"taxonomy":"news-region-taxonomy","embeddable":true,"href":"https:\/\/nazarene.org\/fr\/wp-json\/wp\/v2\/news-region-taxonomy?post=49706"},{"taxonomy":"news-tag","embeddable":true,"href":"https:\/\/nazarene.org\/fr\/wp-json\/wp\/v2\/news-tag?post=49706"}],"curies":[{"name":"wp","href":"https:\/\/api.w.org\/{rel}","templated":true}]}}