{"id":49326,"date":"2021-01-08T00:00:00","date_gmt":"2021-01-08T06:00:00","guid":{"rendered":"https:\/\/nazarene.org\/news\/appel-a-la-priere-et-au-jeune\/"},"modified":"2021-01-08T00:00:00","modified_gmt":"2021-01-08T06:00:00","slug":"appel-a-la-priere-et-au-jeune","status":"publish","type":"news","link":"https:\/\/nazarene.org\/fr\/news\/appel-a-la-priere-et-au-jeune\/","title":{"rendered":"Appel \u00e0 la pri\u00e8re et au je\u00fbne"},"content":{"rendered":"<p>Nous venons de terminer de c\u00e9l\u00e9brer la saison de l&rsquo;Avent et l&rsquo;arriv\u00e9e du Messie. J\u00e9sus est venu accomplissant la proph\u00e9tie d&rsquo;Isa\u00efe :<\/p>\n<p>Pour nous, un enfant est n\u00e9,<br \/>\n\u00e0 nous, un fils est donn\u00e9,<br \/>\net le &nbsp;gouvernement sera sur ses \u00e9paules.<br \/>\nEt il sera appel\u00e9<br \/>\nConseiller merveilleux, &nbsp;Dieu puissant,<br \/>\nP\u00e8re \u00e9&nbsp;ternel, &nbsp;Prince de la paix.<br \/>\nIsa\u00efe 9 : 6-7)<\/p>\n<p>Ce qui se passe dans une partie du monde n&rsquo;est pas isol\u00e9 mais nous a tous. Cela est certainement vrai alors que nous r\u00e9fl\u00e9chissons sur la pand\u00e9mie et la fa\u00e7on dont elle a touch\u00e9 le monde entier. Cela peut \u00e9galement \u00eatre dit de l&rsquo;agitation politique, qui cr\u00e9e de l&rsquo;incertitude et de la d\u00e9stabilisation autour du monde. C&rsquo;est dans ces temps pr\u00e9caires que le peuple de Dieu se tourne vers l&rsquo;espoir s\u00fbr et certain qui est trouv\u00e9 en J\u00e9sus-Christ.&nbsp;<\/p>\n<p>En tant que disciples de J\u00e9sus, nous cherchons des moyens d&rsquo;\u00eatre aimants,<b>&nbsp;<\/b>pardon et charitable. Dans le Sermon de J\u00e9sus sur la Montagne, Il nous rappelle : \u00ab B\u00e9nis sont les pacificateurs, car ils seront appel\u00e9s enfants de Dieu \u00bb (Matthieu &nbsp;5 : 9).&nbsp;Il continue en nous disant que nous sommes appel\u00e9s \u00e0 \u00eatre sel et lumi\u00e8re dans notre monde : \u00ab \u2026 laissez votre lumi\u00e8re briller devant les gens, qu&rsquo;ils peuvent voir vos bonnes actions et louer votre P\u00e8re au ciel \u00bb (Matthieu &nbsp;5 : 16).<\/p>\n<p>Comme le Seigneur que nous suivons, nous sommes appel\u00e9s \u00e0 \u00eatre des pacificateurs et \u00e0 avoir un impact positif en tant que sel et lumi\u00e8re dans notre monde. Cela ne peut pas \u00eatre fait s\u00e9par\u00e9ment de la gr\u00e2ce de Dieu exp\u00e9riment\u00e9e par le pouvoir du Saint-Esprit.&nbsp;<\/p>\n<p>Par cons\u00e9quent, le Conseil des surintendants g\u00e9n\u00e9raux appelle l&rsquo;\u00c9glise mondiale du Nazar\u00e9en \u00e0 une semaine de pri\u00e8re et de je\u00fbne. Lorsque l&rsquo;\u00c9glise se joint \u00e0 la pri\u00e8re et agit \u00e0 l&rsquo;unanimit\u00e9 avec la vision de J\u00e9sus, nous sommes assur\u00e9s que Dieu fera ce que nous ne pouvons pas.&nbsp;<\/p>\n<p>S&rsquo;il vous pla\u00eet, rejoignez-nous chaque jour la semaine prochaine alors que nous nous concentrons sur le besoin de renouvellement spirituel dans l&rsquo;\u00c9glise et pour gu\u00e9rir les grandes divisions dans notre monde.<\/p>\n<p>Lundi &#8211; Priez pour le renouvellement spirituel et le redressement pour venir \u00e0 l&rsquo;\u00c9glise.&nbsp;<\/p>\n<p>Mardi &#8211; Priez pour la paix et les opportunit\u00e9s de montrer l&rsquo;amour du Christ aux autres.<\/p>\n<p>Mercredi &#8211; Priez pour l&rsquo;\u00c9glise pers\u00e9cut\u00e9e dans le monde et pour nos missionnaires.<\/p>\n<p>Jeudi &#8211; Priez pour ceux qui souffrent en tant que r\u00e9sultat de la pand\u00e9mie mondiale.<\/p>\n<p>Vendredi &#8211; Priez pour l&rsquo;unit\u00e9 parmi le peuple de Dieu &nbsp;et pour la gu\u00e9rison dans les nations.<\/p>\n<p>Samedi &#8211; &nbsp;Priez pour ceux qui sont pas encore venus \u00e0 la foi en J\u00e9sus-Christ.<\/p>\n<p>Dimanche &#8211; &nbsp;Priez pour le Saint-Esprit de nous remplir \u00e0 nouveau afin que nous puissions \u00eatre habilit\u00e9s pour \u00eatre semblables au Christ dans ce monde.<\/p>\n<p>Pour plus d&rsquo;informations, <a href=\"https:\/\/resources.nazarene.org\/index.php\/s\/qasjNTkE4azJH9e#pdfviewer\" target=\"_blank\">cliquez ici<\/a>.<\/p>\n<p><a href=\"https:\/\/nazarene.org\/who-we-are\/organization\/leadership\/board-general-superintendents\" target=\"_blank\">Conseil des surintendants<\/a> g\u00e9n\u00e9raux<\/p>\n<p class=\"MsoNormal\"><span style=\"mso-bidi-font-family:Calibri;mso-bidi-theme-font: minor-latin;color:black\"><o_p><\/o_p><\/span><\/p>\n","protected":false},"excerpt":{"rendered":"<p>Nous venons de terminer de c\u00e9l\u00e9brer la saison de l&rsquo;Avent et l&rsquo;arriv\u00e9e du Messie. J\u00e9sus est venu accomplissant la proph\u00e9tie d&rsquo;Isa\u00efe : Pour nous, un enfant est n\u00e9, \u00e0 nous, un fils est donn\u00e9, et le &nbsp;gouvernement sera sur ses \u00e9paules. Et il sera appel\u00e9 Conseiller merveilleux, &nbsp;Dieu puissant, P\u00e8re \u00e9&nbsp;ternel, &nbsp;Prince de la paix. [&hellip;]<\/p>\n","protected":false},"author":1,"featured_media":26855,"menu_order":0,"template":"","news-categories":[],"news-region-taxonomy":[],"news-tag":[1671],"class_list":["post-49326","news","type-news","status-publish","has-post-thumbnail","hentry","news-tag-bgs-fr"],"yoast_head":"<!-- This site is optimized with the Yoast SEO Premium plugin v27.1 (Yoast SEO v27.1.1) - https:\/\/yoast.com\/product\/yoast-seo-premium-wordpress\/ -->\n<title>Appel \u00e0 la pri\u00e8re et au je\u00fbne - Church of the Nazarene<\/title>\n<meta name=\"robots\" content=\"index, follow, max-snippet:-1, max-image-preview:large, max-video-preview:-1\" \/>\n<link rel=\"canonical\" href=\"https:\/\/nazarene.org\/fr\/news\/appel-a-la-priere-et-au-jeune\/\" \/>\n<meta property=\"og:locale\" content=\"fr_FR\" \/>\n<meta property=\"og:type\" content=\"article\" \/>\n<meta property=\"og:title\" content=\"Appel \u00e0 la pri\u00e8re et au je\u00fbne\" \/>\n<meta property=\"og:description\" content=\"Nous venons de terminer de c\u00e9l\u00e9brer la saison de l&rsquo;Avent et l&rsquo;arriv\u00e9e du Messie. J\u00e9sus est venu accomplissant la proph\u00e9tie d&rsquo;Isa\u00efe : Pour nous, un enfant est n\u00e9, \u00e0 nous, un fils est donn\u00e9, et le &nbsp;gouvernement sera sur ses \u00e9paules. Et il sera appel\u00e9 Conseiller merveilleux, &nbsp;Dieu puissant, P\u00e8re \u00e9&nbsp;ternel, &nbsp;Prince de la paix. [&hellip;]\" \/>\n<meta property=\"og:url\" content=\"https:\/\/nazarene.org\/fr\/news\/appel-a-la-priere-et-au-jeune\/\" \/>\n<meta property=\"og:site_name\" content=\"Church of the Nazarene\" \/>\n<meta property=\"article:publisher\" content=\"https:\/\/www.facebook.com\/NazareneOfficial\/\" \/>\n<meta name=\"twitter:card\" content=\"summary_large_image\" \/>\n<meta name=\"twitter:site\" content=\"@Nazarene\" \/>\n<script type=\"application\/ld+json\" class=\"yoast-schema-graph\">{\"@context\":\"https:\/\/schema.org\",\"@graph\":[{\"@type\":\"WebPage\",\"@id\":\"https:\/\/nazarene.org\/fr\/news\/appel-a-la-priere-et-au-jeune\/\",\"url\":\"https:\/\/nazarene.org\/fr\/news\/appel-a-la-priere-et-au-jeune\/\",\"name\":\"Appel \u00e0 la pri\u00e8re et au je\u00fbne - Church of the Nazarene\",\"isPartOf\":{\"@id\":\"https:\/\/nazarene.org\/fr\/#website\"},\"primaryImageOfPage\":{\"@id\":\"https:\/\/nazarene.org\/fr\/news\/appel-a-la-priere-et-au-jeune\/#primaryimage\"},\"image\":{\"@id\":\"https:\/\/nazarene.org\/fr\/news\/appel-a-la-priere-et-au-jeune\/#primaryimage\"},\"thumbnailUrl\":\"https:\/\/nazarene.org\/wp-content\/uploads\/2025\/02\/MaskedWomanPraying.jpeg\",\"datePublished\":\"2021-01-08T06:00:00+00:00\",\"breadcrumb\":{\"@id\":\"https:\/\/nazarene.org\/fr\/news\/appel-a-la-priere-et-au-jeune\/#breadcrumb\"},\"inLanguage\":\"fr-FR\",\"potentialAction\":[{\"@type\":\"ReadAction\",\"target\":[\"https:\/\/nazarene.org\/fr\/news\/appel-a-la-priere-et-au-jeune\/\"]}]},{\"@type\":\"ImageObject\",\"inLanguage\":\"fr-FR\",\"@id\":\"https:\/\/nazarene.org\/fr\/news\/appel-a-la-priere-et-au-jeune\/#primaryimage\",\"url\":\"https:\/\/nazarene.org\/wp-content\/uploads\/2025\/02\/MaskedWomanPraying.jpeg\",\"contentUrl\":\"https:\/\/nazarene.org\/wp-content\/uploads\/2025\/02\/MaskedWomanPraying.jpeg\",\"width\":955,\"height\":510},{\"@type\":\"BreadcrumbList\",\"@id\":\"https:\/\/nazarene.org\/fr\/news\/appel-a-la-priere-et-au-jeune\/#breadcrumb\",\"itemListElement\":[{\"@type\":\"ListItem\",\"position\":1,\"name\":\"Home\",\"item\":\"https:\/\/nazarene.org\/fr\/\"},{\"@type\":\"ListItem\",\"position\":2,\"name\":\"News\",\"item\":\"https:\/\/nazarene.org\/fr\/news\/\"},{\"@type\":\"ListItem\",\"position\":3,\"name\":\"Appel \u00e0 la pri\u00e8re et au je\u00fbne\"}]},{\"@type\":\"WebSite\",\"@id\":\"https:\/\/nazarene.org\/fr\/#website\",\"url\":\"https:\/\/nazarene.org\/fr\/\",\"name\":\"Church of the Nazarene\",\"description\":\"Making Christlike Disciples in the Nations\",\"publisher\":{\"@id\":\"https:\/\/nazarene.org\/fr\/#organization\"},\"potentialAction\":[{\"@type\":\"SearchAction\",\"target\":{\"@type\":\"EntryPoint\",\"urlTemplate\":\"https:\/\/nazarene.org\/fr\/?s={search_term_string}\"},\"query-input\":{\"@type\":\"PropertyValueSpecification\",\"valueRequired\":true,\"valueName\":\"search_term_string\"}}],\"inLanguage\":\"fr-FR\"},{\"@type\":\"Organization\",\"@id\":\"https:\/\/nazarene.org\/fr\/#organization\",\"name\":\"Church of the Nazarene\",\"url\":\"https:\/\/nazarene.org\/fr\/\",\"logo\":{\"@type\":\"ImageObject\",\"inLanguage\":\"fr-FR\",\"@id\":\"https:\/\/nazarene.org\/fr\/#\/schema\/logo\/image\/\",\"url\":\"https:\/\/nazarene.org\/wp-content\/uploads\/2024\/06\/Naz_Desktop_Black_Logo-1.svg\",\"contentUrl\":\"https:\/\/nazarene.org\/wp-content\/uploads\/2024\/06\/Naz_Desktop_Black_Logo-1.svg\",\"width\":258,\"height\":36,\"caption\":\"Church of the Nazarene\"},\"image\":{\"@id\":\"https:\/\/nazarene.org\/fr\/#\/schema\/logo\/image\/\"},\"sameAs\":[\"https:\/\/www.facebook.com\/NazareneOfficial\/\",\"https:\/\/x.com\/Nazarene\",\"https:\/\/www.instagram.com\/nazareneofficial\/\"]}]}<\/script>\n<!-- \/ Yoast SEO Premium plugin. -->","yoast_head_json":{"title":"Appel \u00e0 la pri\u00e8re et au je\u00fbne - Church of the Nazarene","robots":{"index":"index","follow":"follow","max-snippet":"max-snippet:-1","max-image-preview":"max-image-preview:large","max-video-preview":"max-video-preview:-1"},"canonical":"https:\/\/nazarene.org\/fr\/news\/appel-a-la-priere-et-au-jeune\/","og_locale":"fr_FR","og_type":"article","og_title":"Appel \u00e0 la pri\u00e8re et au je\u00fbne","og_description":"Nous venons de terminer de c\u00e9l\u00e9brer la saison de l&rsquo;Avent et l&rsquo;arriv\u00e9e du Messie. J\u00e9sus est venu accomplissant la proph\u00e9tie d&rsquo;Isa\u00efe : Pour nous, un enfant est n\u00e9, \u00e0 nous, un fils est donn\u00e9, et le &nbsp;gouvernement sera sur ses \u00e9paules. Et il sera appel\u00e9 Conseiller merveilleux, &nbsp;Dieu puissant, P\u00e8re \u00e9&nbsp;ternel, &nbsp;Prince de la paix. [&hellip;]","og_url":"https:\/\/nazarene.org\/fr\/news\/appel-a-la-priere-et-au-jeune\/","og_site_name":"Church of the Nazarene","article_publisher":"https:\/\/www.facebook.com\/NazareneOfficial\/","twitter_card":"summary_large_image","twitter_site":"@Nazarene","schema":{"@context":"https:\/\/schema.org","@graph":[{"@type":"WebPage","@id":"https:\/\/nazarene.org\/fr\/news\/appel-a-la-priere-et-au-jeune\/","url":"https:\/\/nazarene.org\/fr\/news\/appel-a-la-priere-et-au-jeune\/","name":"Appel \u00e0 la pri\u00e8re et au je\u00fbne - Church of the Nazarene","isPartOf":{"@id":"https:\/\/nazarene.org\/fr\/#website"},"primaryImageOfPage":{"@id":"https:\/\/nazarene.org\/fr\/news\/appel-a-la-priere-et-au-jeune\/#primaryimage"},"image":{"@id":"https:\/\/nazarene.org\/fr\/news\/appel-a-la-priere-et-au-jeune\/#primaryimage"},"thumbnailUrl":"https:\/\/nazarene.org\/wp-content\/uploads\/2025\/02\/MaskedWomanPraying.jpeg","datePublished":"2021-01-08T06:00:00+00:00","breadcrumb":{"@id":"https:\/\/nazarene.org\/fr\/news\/appel-a-la-priere-et-au-jeune\/#breadcrumb"},"inLanguage":"fr-FR","potentialAction":[{"@type":"ReadAction","target":["https:\/\/nazarene.org\/fr\/news\/appel-a-la-priere-et-au-jeune\/"]}]},{"@type":"ImageObject","inLanguage":"fr-FR","@id":"https:\/\/nazarene.org\/fr\/news\/appel-a-la-priere-et-au-jeune\/#primaryimage","url":"https:\/\/nazarene.org\/wp-content\/uploads\/2025\/02\/MaskedWomanPraying.jpeg","contentUrl":"https:\/\/nazarene.org\/wp-content\/uploads\/2025\/02\/MaskedWomanPraying.jpeg","width":955,"height":510},{"@type":"BreadcrumbList","@id":"https:\/\/nazarene.org\/fr\/news\/appel-a-la-priere-et-au-jeune\/#breadcrumb","itemListElement":[{"@type":"ListItem","position":1,"name":"Home","item":"https:\/\/nazarene.org\/fr\/"},{"@type":"ListItem","position":2,"name":"News","item":"https:\/\/nazarene.org\/fr\/news\/"},{"@type":"ListItem","position":3,"name":"Appel \u00e0 la pri\u00e8re et au je\u00fbne"}]},{"@type":"WebSite","@id":"https:\/\/nazarene.org\/fr\/#website","url":"https:\/\/nazarene.org\/fr\/","name":"Church of the Nazarene","description":"Making Christlike Disciples in the Nations","publisher":{"@id":"https:\/\/nazarene.org\/fr\/#organization"},"potentialAction":[{"@type":"SearchAction","target":{"@type":"EntryPoint","urlTemplate":"https:\/\/nazarene.org\/fr\/?s={search_term_string}"},"query-input":{"@type":"PropertyValueSpecification","valueRequired":true,"valueName":"search_term_string"}}],"inLanguage":"fr-FR"},{"@type":"Organization","@id":"https:\/\/nazarene.org\/fr\/#organization","name":"Church of the Nazarene","url":"https:\/\/nazarene.org\/fr\/","logo":{"@type":"ImageObject","inLanguage":"fr-FR","@id":"https:\/\/nazarene.org\/fr\/#\/schema\/logo\/image\/","url":"https:\/\/nazarene.org\/wp-content\/uploads\/2024\/06\/Naz_Desktop_Black_Logo-1.svg","contentUrl":"https:\/\/nazarene.org\/wp-content\/uploads\/2024\/06\/Naz_Desktop_Black_Logo-1.svg","width":258,"height":36,"caption":"Church of the Nazarene"},"image":{"@id":"https:\/\/nazarene.org\/fr\/#\/schema\/logo\/image\/"},"sameAs":["https:\/\/www.facebook.com\/NazareneOfficial\/","https:\/\/x.com\/Nazarene","https:\/\/www.instagram.com\/nazareneofficial\/"]}]}},"_links":{"self":[{"href":"https:\/\/nazarene.org\/fr\/wp-json\/wp\/v2\/news\/49326","targetHints":{"allow":["GET"]}}],"collection":[{"href":"https:\/\/nazarene.org\/fr\/wp-json\/wp\/v2\/news"}],"about":[{"href":"https:\/\/nazarene.org\/fr\/wp-json\/wp\/v2\/types\/news"}],"author":[{"embeddable":true,"href":"https:\/\/nazarene.org\/fr\/wp-json\/wp\/v2\/users\/1"}],"version-history":[{"count":0,"href":"https:\/\/nazarene.org\/fr\/wp-json\/wp\/v2\/news\/49326\/revisions"}],"wp:featuredmedia":[{"embeddable":true,"href":"https:\/\/nazarene.org\/fr\/wp-json\/wp\/v2\/media\/26855"}],"wp:attachment":[{"href":"https:\/\/nazarene.org\/fr\/wp-json\/wp\/v2\/media?parent=49326"}],"wp:term":[{"taxonomy":"news-categories","embeddable":true,"href":"https:\/\/nazarene.org\/fr\/wp-json\/wp\/v2\/news-categories?post=49326"},{"taxonomy":"news-region-taxonomy","embeddable":true,"href":"https:\/\/nazarene.org\/fr\/wp-json\/wp\/v2\/news-region-taxonomy?post=49326"},{"taxonomy":"news-tag","embeddable":true,"href":"https:\/\/nazarene.org\/fr\/wp-json\/wp\/v2\/news-tag?post=49326"}],"curies":[{"name":"wp","href":"https:\/\/api.w.org\/{rel}","templated":true}]}}