{"id":48742,"date":"2021-06-01T00:00:00","date_gmt":"2021-06-01T05:00:00","guid":{"rendered":"https:\/\/nazarene.org\/news\/nouvel-aumonier-militaire-americain-endorser-selectionne\/"},"modified":"2021-06-01T00:00:00","modified_gmt":"2021-06-01T05:00:00","slug":"nouvel-aumonier-militaire-americain-endorser-selectionne","status":"publish","type":"news","link":"https:\/\/nazarene.org\/fr\/news\/nouvel-aumonier-militaire-americain-endorser-selectionne\/","title":{"rendered":"Nouvel aum\u00f4nier militaire am\u00e9ricain endorser s\u00e9lectionn\u00e9"},"content":{"rendered":"<p>Chaplain (colonel) Jeffrey D. Hawkins, Arm\u00e9e des \u00c9tats-Unis (retrait\u00e9), a \u00e9t\u00e9 s\u00e9lectionn\u00e9 pour servir d&rsquo;aum\u00f4nier militaire au nom de l&rsquo;\u00c9glise du Nazar\u00e9en, une position cl\u00e9 de soutien au clerg\u00e9 nazar\u00e9en servant dans les forces arm\u00e9es am\u00e9ricaines.&nbsp;<\/p>\n<p>Efficace le 1 juillet 2021, il succ\u00e9dera au Chaplain Don Wilson, qui a r\u00e9cemment annonc\u00e9 sa retraite de ce r\u00f4le apr\u00e8s huit ans de service.&nbsp;<\/p>\n<p>Chaplain Hawkins travaille \u00e0 partir d&rsquo;une philosophie de leadership concentr\u00e9e sur le caract\u00e8re, la comp\u00e9tence et la connexion \u00bb, a d\u00e9clar\u00e9 Stan Reeder, directeur r\u00e9gional \u00c9tats-Unis \/ Canada. Il apporte une \u00e9tendue d&rsquo;exp\u00e9rience &#8211; de servir sur les lignes de front avant et pendant ses ann\u00e9es en tant qu&rsquo;aum\u00f4nier aux r\u00f4les de leadership dans divers autres contextes. Nous sommes b\u00e9nis d&rsquo;avoir ce leader exceptionnel, motivateur et communicateur servir d&rsquo;aum\u00f4nier militaire. \u00a0\u00bb&nbsp;<\/p>\n<p>Apr\u00e8s avoir appris sa s\u00e9lection, Chaplain Hawkins a r\u00e9pondu, \u00ab Quel honneur et privil\u00e8ge de suivre dans les pas de nos anciens aum\u00f4niers militaires nazar\u00e9ens exceptionnels et leur service d\u00e9sint\u00e9ress\u00e9 \u00e0 Dieu, \u00e0 l&rsquo;\u00c9glise et au pays ! J&rsquo;appr\u00e9cie v\u00e9ritablement le soutien fid\u00e8le de la d\u00e9nomination et les pri\u00e8res de son peuple alors que je berge ce tr\u00e9sor sp\u00e9cial de plus de 100 aum\u00f4niers militaires nazar\u00e9ens am\u00e9ricains servant dans le monde entier aujourd&rsquo;hui en tant que \u00ab missionnaires de l&rsquo;arm\u00e9e \u00bb<\/p>\n<p>Hawkins a gagn\u00e9 le B\u00e9ret vert dans sa premi\u00e8re p\u00e9riode dans l&rsquo;arm\u00e9e et \u00e9tait sur son chemin vers une carri\u00e8re dans l&rsquo;industrie priv\u00e9e lorsqu&rsquo;il a senti un appel clair \u00e0 l&rsquo;aum\u00f4nerie militaire pendant un service d&rsquo;adoration. Apr\u00e8s son ordination, il a commenc\u00e9 son service en tant qu&rsquo;aum\u00f4nier militaire en service actif, une carri\u00e8re qui comprenait quatre d\u00e9ploiements de combat parmi ses diverses affectations \u00e0 de nombreux endroits du monde. Il a termin\u00e9 sa carri\u00e8re militaire de 31 ans en tant que commandant du Centre et de l&rsquo;\u00e9cole de l&rsquo;arm\u00e9e des \u00c9tats-Unis, o\u00f9 il a supervis\u00e9 la pr\u00e9paration de plus de 3 000 aum\u00f4niers et sp\u00e9cialistes des affaires religieuses pour l&rsquo;Arm\u00e9e r\u00e9guli\u00e8re, la R\u00e9serve de l&rsquo;arm\u00e9e am\u00e9ricaine et la Garde nationale.&nbsp;<\/p>\n<p>En plus de sa Ma\u00eetrise en divinit\u00e9 (S\u00e9minaire th\u00e9ologique nazar\u00e9en), une ma\u00eetrise en conseil communautaire (Universit\u00e9 d&rsquo;\u00c9tat de Columbus) et une ma\u00eetrise en \u00e9tudes strat\u00e9giques (Coll\u00e8ge de guerre de l&rsquo;arm\u00e9e am\u00e9ricaine), Hawkins a gagn\u00e9 un docteur en minist\u00e8re du S\u00e9minaire th\u00e9ologique Erskine. Apr\u00e8s sa retraite plus t\u00f4t cette ann\u00e9e, il a relocalis\u00e9 \u00e0 Greenville, Caroline du Sud. Lui et sa femme, Lori, ont deux enfants et trois petits-enfants.<\/p>\n<p>En tant qu&rsquo;aum\u00f4nier militaire, Hawkins fournira des conseils \u00e0 ceux qui explorent l&rsquo;aum\u00f4nerie militaire et le soutien pour les aum\u00f4niers dans toutes les branches de l&rsquo;arm\u00e9e am\u00e9ricaine. Il repr\u00e9sente l&rsquo;\u00c9glise du Nazar\u00e9en dans son approbation du clerg\u00e9 nazar\u00e9en servant d&rsquo;aum\u00f4niers militaires.&nbsp;<\/p>\n<p>Au-del\u00e0 des responsabilit\u00e9s administratives importantes de ce r\u00f4le, l&rsquo;aum\u00f4nier militaire endorser sert de point de contact principal entre nos aum\u00f4niers militaires et l&rsquo;\u00c9glise du Nazar\u00e9en alors qu&rsquo;ils servent des milliers de femmes et d&rsquo;hommes militaires dans divers contextes et situations dans le monde entier \u00bb, a d\u00e9clar\u00e9 Wilson. L&rsquo;aum\u00f4nier Hawkins a les dons et l&rsquo;ensemble de comp\u00e9tences n\u00e9cessaires pour diriger le minist\u00e8re d&rsquo;aum\u00f4nerie militaire dans l&rsquo;\u00c9glise du Nazar\u00e9en, tel que d\u00e9montr\u00e9 tout au long de sa carri\u00e8re en tant qu&rsquo;aum\u00f4nier de l&rsquo;arm\u00e9e. \u00a0\u00bb&nbsp;<\/p>\n<p>Pour plus d&rsquo;informations sur l&rsquo;aum\u00f4nerie militaire ou civile, appelez 800-233-8962 (\u00c9tats-Unis Toll-free) ou envoyer un courriel \u00e0 <a href=\"mailto:chaplaincy@nazarene.org\">chaplaincy@nazarene.org<\/a>. &nbsp;<\/p>\n","protected":false},"excerpt":{"rendered":"<p>Jeffrey D. Hawkins a \u00e9t\u00e9 s\u00e9lectionn\u00e9 pour servir d&rsquo;aum\u00f4nier militaire au nom de l&rsquo;\u00c9glise du Nazar\u00e9en, une position cl\u00e9 de soutien au clerg\u00e9 nazar\u00e9en servant dans les forces arm\u00e9es am\u00e9ricaines. <\/p>\n","protected":false},"author":1,"featured_media":27399,"menu_order":0,"template":"","news-categories":[],"news-region-taxonomy":[],"news-tag":[2006,758],"class_list":["post-48742","news","type-news","status-publish","has-post-thumbnail","hentry","news-tag-aumonerie-militaire","news-tag-etats-unis-canada"],"yoast_head":"<!-- This site is optimized with the Yoast SEO Premium plugin v27.1 (Yoast SEO v27.1.1) - https:\/\/yoast.com\/product\/yoast-seo-premium-wordpress\/ -->\n<title>Nouvel aum\u00f4nier militaire am\u00e9ricain endorser s\u00e9lectionn\u00e9 - Church of the Nazarene<\/title>\n<meta name=\"robots\" content=\"index, follow, max-snippet:-1, max-image-preview:large, max-video-preview:-1\" \/>\n<link rel=\"canonical\" href=\"https:\/\/nazarene.org\/fr\/news\/nouvel-aumonier-militaire-americain-endorser-selectionne\/\" \/>\n<meta property=\"og:locale\" content=\"fr_FR\" \/>\n<meta property=\"og:type\" content=\"article\" \/>\n<meta property=\"og:title\" content=\"Nouvel aum\u00f4nier militaire am\u00e9ricain endorser s\u00e9lectionn\u00e9\" \/>\n<meta property=\"og:description\" content=\"Jeffrey D. Hawkins a \u00e9t\u00e9 s\u00e9lectionn\u00e9 pour servir d&#039;aum\u00f4nier militaire au nom de l&#039;\u00c9glise du Nazar\u00e9en, une position cl\u00e9 de soutien au clerg\u00e9 nazar\u00e9en servant dans les forces arm\u00e9es am\u00e9ricaines.\" \/>\n<meta property=\"og:url\" content=\"https:\/\/nazarene.org\/fr\/news\/nouvel-aumonier-militaire-americain-endorser-selectionne\/\" \/>\n<meta property=\"og:site_name\" content=\"Church of the Nazarene\" \/>\n<meta property=\"article:publisher\" content=\"https:\/\/www.facebook.com\/NazareneOfficial\/\" \/>\n<meta name=\"twitter:card\" content=\"summary_large_image\" \/>\n<meta name=\"twitter:site\" content=\"@Nazarene\" \/>\n<script type=\"application\/ld+json\" class=\"yoast-schema-graph\">{\"@context\":\"https:\/\/schema.org\",\"@graph\":[{\"@type\":\"WebPage\",\"@id\":\"https:\/\/nazarene.org\/fr\/news\/nouvel-aumonier-militaire-americain-endorser-selectionne\/\",\"url\":\"https:\/\/nazarene.org\/fr\/news\/nouvel-aumonier-militaire-americain-endorser-selectionne\/\",\"name\":\"Nouvel aum\u00f4nier militaire am\u00e9ricain endorser s\u00e9lectionn\u00e9 - Church of the Nazarene\",\"isPartOf\":{\"@id\":\"https:\/\/nazarene.org\/fr\/#website\"},\"primaryImageOfPage\":{\"@id\":\"https:\/\/nazarene.org\/fr\/news\/nouvel-aumonier-militaire-americain-endorser-selectionne\/#primaryimage\"},\"image\":{\"@id\":\"https:\/\/nazarene.org\/fr\/news\/nouvel-aumonier-militaire-americain-endorser-selectionne\/#primaryimage\"},\"thumbnailUrl\":\"https:\/\/nazarene.org\/wp-content\/uploads\/2025\/02\/Chaplain-Hawkins-scaled.jpg\",\"datePublished\":\"2021-06-01T05:00:00+00:00\",\"breadcrumb\":{\"@id\":\"https:\/\/nazarene.org\/fr\/news\/nouvel-aumonier-militaire-americain-endorser-selectionne\/#breadcrumb\"},\"inLanguage\":\"fr-FR\",\"potentialAction\":[{\"@type\":\"ReadAction\",\"target\":[\"https:\/\/nazarene.org\/fr\/news\/nouvel-aumonier-militaire-americain-endorser-selectionne\/\"]}]},{\"@type\":\"ImageObject\",\"inLanguage\":\"fr-FR\",\"@id\":\"https:\/\/nazarene.org\/fr\/news\/nouvel-aumonier-militaire-americain-endorser-selectionne\/#primaryimage\",\"url\":\"https:\/\/nazarene.org\/wp-content\/uploads\/2025\/02\/Chaplain-Hawkins-scaled.jpg\",\"contentUrl\":\"https:\/\/nazarene.org\/wp-content\/uploads\/2025\/02\/Chaplain-Hawkins-scaled.jpg\",\"width\":2560,\"height\":1365},{\"@type\":\"BreadcrumbList\",\"@id\":\"https:\/\/nazarene.org\/fr\/news\/nouvel-aumonier-militaire-americain-endorser-selectionne\/#breadcrumb\",\"itemListElement\":[{\"@type\":\"ListItem\",\"position\":1,\"name\":\"Home\",\"item\":\"https:\/\/nazarene.org\/fr\/\"},{\"@type\":\"ListItem\",\"position\":2,\"name\":\"News\",\"item\":\"https:\/\/nazarene.org\/fr\/news\/\"},{\"@type\":\"ListItem\",\"position\":3,\"name\":\"Nouvel aum\u00f4nier militaire am\u00e9ricain endorser s\u00e9lectionn\u00e9\"}]},{\"@type\":\"WebSite\",\"@id\":\"https:\/\/nazarene.org\/fr\/#website\",\"url\":\"https:\/\/nazarene.org\/fr\/\",\"name\":\"Church of the Nazarene\",\"description\":\"Making Christlike Disciples in the Nations\",\"publisher\":{\"@id\":\"https:\/\/nazarene.org\/fr\/#organization\"},\"potentialAction\":[{\"@type\":\"SearchAction\",\"target\":{\"@type\":\"EntryPoint\",\"urlTemplate\":\"https:\/\/nazarene.org\/fr\/?s={search_term_string}\"},\"query-input\":{\"@type\":\"PropertyValueSpecification\",\"valueRequired\":true,\"valueName\":\"search_term_string\"}}],\"inLanguage\":\"fr-FR\"},{\"@type\":\"Organization\",\"@id\":\"https:\/\/nazarene.org\/fr\/#organization\",\"name\":\"Church of the Nazarene\",\"url\":\"https:\/\/nazarene.org\/fr\/\",\"logo\":{\"@type\":\"ImageObject\",\"inLanguage\":\"fr-FR\",\"@id\":\"https:\/\/nazarene.org\/fr\/#\/schema\/logo\/image\/\",\"url\":\"https:\/\/nazarene.org\/wp-content\/uploads\/2024\/06\/Naz_Desktop_Black_Logo-1.svg\",\"contentUrl\":\"https:\/\/nazarene.org\/wp-content\/uploads\/2024\/06\/Naz_Desktop_Black_Logo-1.svg\",\"width\":258,\"height\":36,\"caption\":\"Church of the Nazarene\"},\"image\":{\"@id\":\"https:\/\/nazarene.org\/fr\/#\/schema\/logo\/image\/\"},\"sameAs\":[\"https:\/\/www.facebook.com\/NazareneOfficial\/\",\"https:\/\/x.com\/Nazarene\",\"https:\/\/www.instagram.com\/nazareneofficial\/\"]}]}<\/script>\n<!-- \/ Yoast SEO Premium plugin. -->","yoast_head_json":{"title":"Nouvel aum\u00f4nier militaire am\u00e9ricain endorser s\u00e9lectionn\u00e9 - Church of the Nazarene","robots":{"index":"index","follow":"follow","max-snippet":"max-snippet:-1","max-image-preview":"max-image-preview:large","max-video-preview":"max-video-preview:-1"},"canonical":"https:\/\/nazarene.org\/fr\/news\/nouvel-aumonier-militaire-americain-endorser-selectionne\/","og_locale":"fr_FR","og_type":"article","og_title":"Nouvel aum\u00f4nier militaire am\u00e9ricain endorser s\u00e9lectionn\u00e9","og_description":"Jeffrey D. Hawkins a \u00e9t\u00e9 s\u00e9lectionn\u00e9 pour servir d'aum\u00f4nier militaire au nom de l'\u00c9glise du Nazar\u00e9en, une position cl\u00e9 de soutien au clerg\u00e9 nazar\u00e9en servant dans les forces arm\u00e9es am\u00e9ricaines.","og_url":"https:\/\/nazarene.org\/fr\/news\/nouvel-aumonier-militaire-americain-endorser-selectionne\/","og_site_name":"Church of the Nazarene","article_publisher":"https:\/\/www.facebook.com\/NazareneOfficial\/","twitter_card":"summary_large_image","twitter_site":"@Nazarene","schema":{"@context":"https:\/\/schema.org","@graph":[{"@type":"WebPage","@id":"https:\/\/nazarene.org\/fr\/news\/nouvel-aumonier-militaire-americain-endorser-selectionne\/","url":"https:\/\/nazarene.org\/fr\/news\/nouvel-aumonier-militaire-americain-endorser-selectionne\/","name":"Nouvel aum\u00f4nier militaire am\u00e9ricain endorser s\u00e9lectionn\u00e9 - Church of the Nazarene","isPartOf":{"@id":"https:\/\/nazarene.org\/fr\/#website"},"primaryImageOfPage":{"@id":"https:\/\/nazarene.org\/fr\/news\/nouvel-aumonier-militaire-americain-endorser-selectionne\/#primaryimage"},"image":{"@id":"https:\/\/nazarene.org\/fr\/news\/nouvel-aumonier-militaire-americain-endorser-selectionne\/#primaryimage"},"thumbnailUrl":"https:\/\/nazarene.org\/wp-content\/uploads\/2025\/02\/Chaplain-Hawkins-scaled.jpg","datePublished":"2021-06-01T05:00:00+00:00","breadcrumb":{"@id":"https:\/\/nazarene.org\/fr\/news\/nouvel-aumonier-militaire-americain-endorser-selectionne\/#breadcrumb"},"inLanguage":"fr-FR","potentialAction":[{"@type":"ReadAction","target":["https:\/\/nazarene.org\/fr\/news\/nouvel-aumonier-militaire-americain-endorser-selectionne\/"]}]},{"@type":"ImageObject","inLanguage":"fr-FR","@id":"https:\/\/nazarene.org\/fr\/news\/nouvel-aumonier-militaire-americain-endorser-selectionne\/#primaryimage","url":"https:\/\/nazarene.org\/wp-content\/uploads\/2025\/02\/Chaplain-Hawkins-scaled.jpg","contentUrl":"https:\/\/nazarene.org\/wp-content\/uploads\/2025\/02\/Chaplain-Hawkins-scaled.jpg","width":2560,"height":1365},{"@type":"BreadcrumbList","@id":"https:\/\/nazarene.org\/fr\/news\/nouvel-aumonier-militaire-americain-endorser-selectionne\/#breadcrumb","itemListElement":[{"@type":"ListItem","position":1,"name":"Home","item":"https:\/\/nazarene.org\/fr\/"},{"@type":"ListItem","position":2,"name":"News","item":"https:\/\/nazarene.org\/fr\/news\/"},{"@type":"ListItem","position":3,"name":"Nouvel aum\u00f4nier militaire am\u00e9ricain endorser s\u00e9lectionn\u00e9"}]},{"@type":"WebSite","@id":"https:\/\/nazarene.org\/fr\/#website","url":"https:\/\/nazarene.org\/fr\/","name":"Church of the Nazarene","description":"Making Christlike Disciples in the Nations","publisher":{"@id":"https:\/\/nazarene.org\/fr\/#organization"},"potentialAction":[{"@type":"SearchAction","target":{"@type":"EntryPoint","urlTemplate":"https:\/\/nazarene.org\/fr\/?s={search_term_string}"},"query-input":{"@type":"PropertyValueSpecification","valueRequired":true,"valueName":"search_term_string"}}],"inLanguage":"fr-FR"},{"@type":"Organization","@id":"https:\/\/nazarene.org\/fr\/#organization","name":"Church of the Nazarene","url":"https:\/\/nazarene.org\/fr\/","logo":{"@type":"ImageObject","inLanguage":"fr-FR","@id":"https:\/\/nazarene.org\/fr\/#\/schema\/logo\/image\/","url":"https:\/\/nazarene.org\/wp-content\/uploads\/2024\/06\/Naz_Desktop_Black_Logo-1.svg","contentUrl":"https:\/\/nazarene.org\/wp-content\/uploads\/2024\/06\/Naz_Desktop_Black_Logo-1.svg","width":258,"height":36,"caption":"Church of the Nazarene"},"image":{"@id":"https:\/\/nazarene.org\/fr\/#\/schema\/logo\/image\/"},"sameAs":["https:\/\/www.facebook.com\/NazareneOfficial\/","https:\/\/x.com\/Nazarene","https:\/\/www.instagram.com\/nazareneofficial\/"]}]}},"_links":{"self":[{"href":"https:\/\/nazarene.org\/fr\/wp-json\/wp\/v2\/news\/48742","targetHints":{"allow":["GET"]}}],"collection":[{"href":"https:\/\/nazarene.org\/fr\/wp-json\/wp\/v2\/news"}],"about":[{"href":"https:\/\/nazarene.org\/fr\/wp-json\/wp\/v2\/types\/news"}],"author":[{"embeddable":true,"href":"https:\/\/nazarene.org\/fr\/wp-json\/wp\/v2\/users\/1"}],"version-history":[{"count":0,"href":"https:\/\/nazarene.org\/fr\/wp-json\/wp\/v2\/news\/48742\/revisions"}],"wp:featuredmedia":[{"embeddable":true,"href":"https:\/\/nazarene.org\/fr\/wp-json\/wp\/v2\/media\/27399"}],"wp:attachment":[{"href":"https:\/\/nazarene.org\/fr\/wp-json\/wp\/v2\/media?parent=48742"}],"wp:term":[{"taxonomy":"news-categories","embeddable":true,"href":"https:\/\/nazarene.org\/fr\/wp-json\/wp\/v2\/news-categories?post=48742"},{"taxonomy":"news-region-taxonomy","embeddable":true,"href":"https:\/\/nazarene.org\/fr\/wp-json\/wp\/v2\/news-region-taxonomy?post=48742"},{"taxonomy":"news-tag","embeddable":true,"href":"https:\/\/nazarene.org\/fr\/wp-json\/wp\/v2\/news-tag?post=48742"}],"curies":[{"name":"wp","href":"https:\/\/api.w.org\/{rel}","templated":true}]}}