{"id":48526,"date":"2021-07-23T00:00:00","date_gmt":"2021-07-23T05:00:00","guid":{"rendered":"https:\/\/nazarene.org\/news\/eglise-du-dakota-du-nord-a-ouvrir-le-centre-dimmigration\/"},"modified":"2021-07-23T00:00:00","modified_gmt":"2021-07-23T05:00:00","slug":"eglise-du-dakota-du-nord-a-ouvrir-le-centre-dimmigration","status":"publish","type":"news","link":"https:\/\/nazarene.org\/fr\/news\/eglise-du-dakota-du-nord-a-ouvrir-le-centre-dimmigration\/","title":{"rendered":"\u00c9glise du Dakota du Nord \u00e0 ouvrir le centre d&rsquo;immigration"},"content":{"rendered":"<p>Une \u00c9glise nazar\u00e9enne dans le Dakota du Nord rural se pr\u00e9pare \u00e0 r\u00e9pondre aux besoins de sa communaut\u00e9 en ouvrant un bureau d&rsquo;immigration. Le bureau fournira des services locaux \u00e0 faible co\u00fbt pour beaucoup au Dakota du Nord qui ont besoin d&rsquo;aide avec l&rsquo;immigration juridique ou de commencer leur chemin vers la citoyennet\u00e9.<\/p>\n<p>L&rsquo;id\u00e9e du projet a commenc\u00e9 lorsqu&rsquo;une \u00c9glise nazar\u00e9enne dans l&rsquo;Iowa a tendu la main \u00e0 l&rsquo;\u00c9glise de Southside du Nazar\u00e9en, Scott Mehlhoff, pour partager sur son propre centre d&rsquo;immigration. Mehlhoff a \u00e9t\u00e9 intrigu\u00e9 par l&rsquo;id\u00e9e et a consult\u00e9 la congr\u00e9gation espagnole du c\u00f4t\u00e9 sud sur leurs besoins.&nbsp;<\/p>\n<p>J&rsquo;ai commenc\u00e9 \u00e0 \u00e9couter les histoires de ces gens \u00bb, a d\u00e9clar\u00e9 Mehlhoff. La paperasse, la distance, le co\u00fbt ; c&rsquo;est ce qui nous a aid\u00e9s \u00e0 nous int\u00e9resser plus apr\u00e8s que l&rsquo;\u00c9glise nazar\u00e9enne dans l&rsquo;Iowa a recommand\u00e9 que nous fassions cela. \u00ab\u00a0<\/p>\n<p>L&rsquo;histoire d&rsquo;une femme de la congr\u00e9gation espagnole qui est r\u00e9cemment devenue citoyenne des \u00c9tats-Unis se est d\u00e9marqu\u00e9e.<\/p>\n<p>Elle devait voyager tout le chemin \u00e0 Minneapolis pour faire le travail \u00bb, a d\u00e9clar\u00e9 Mehlhoff. Il n&rsquo;avait pas d&rsquo;importance si c&rsquo;\u00e9tait l&rsquo;hiver ; elle avait toujours besoin d&rsquo;\u00eatre \u00e0 Minneapolis pour aller \u00e0 son audience. Lorsque nous avons \u00e9t\u00e9 rendus conscients du fait que nous pouvions vraiment aider les gens dans notre r\u00e9gion de cette fa\u00e7on, nous sommes devenus vraiment int\u00e9ress\u00e9s \u00e0 cause des difficult\u00e9s que nous avons vues nos gens traverser. \u00ab\u00a0<\/p>\n<p>La conduite \u00e0 Minneapolis, Minnesota, est huit heures si les conditions m\u00e9t\u00e9orologiques sont favorables. Certains doivent conduire encore plus loin \u00e0 New York ou Omaha, Nebraska et embaucher un avocat de ces villes, souvent \u00e0 un co\u00fbt consid\u00e9rable.<\/p>\n<p>Pour aider \u00e0 combattre ce co\u00fbt, le centre sera pourvu de volontaires qui ont termin\u00e9 la formation par le d\u00e9partement de la Justice.<\/p>\n<p>Lorsque ces gens ont \u00e9t\u00e9 ici et ont travaill\u00e9 dans notre communaut\u00e9, nous voulons trouver un moyen de les aider \u00bb, a d\u00e9clar\u00e9 Mehlhoff.<\/p>\n<p>Selon Mehlhoff, la d\u00e9cision d&rsquo;ouvrir ce centre d&rsquo;immigration \u00ab &#8230; remonte juste \u00e0 qui nous sommes en tant que chr\u00e9tiens \u00bb.<\/p>\n<p>Lorsque nous voyons un besoin, nous essayons de nous lever et d&rsquo;aider notre voisin et d&rsquo;\u00eatre un bon Samaritain \u00bb, a d\u00e9clar\u00e9 Mehlhoff. Ceci est juste une autre fa\u00e7on dont nous pouvons \u00eatre un bon Samaritain. \u00ab\u00a0<\/p>\n<p>Le centre d&rsquo;immigration sera log\u00e9 dans un vieux b\u00e2timent que l&rsquo;\u00c9glise a achet\u00e9 &nbsp;pour \u00e9tendre le sanctuaire. Pas longtemps apr\u00e8s l&rsquo;achat, l&rsquo;\u00c9glise a d\u00e9cid\u00e9 de consacrer une partie du nouvel espace aux bureaux puisque quelques pasteurs partageaient un bureau. Cette d\u00e9cision est devenue une partie cruciale du nouveau centre d&rsquo;immigration.<\/p>\n<p>[Un volontaire] est venu \u00e0 moi et a dit : \u00ab La chose la plus cool \u00e0 ce sujet est qu&rsquo;ils nous exigent d&rsquo;avoir nos propres bureaux \u00bb Mehlhoff a dit. Et nous \u00e9tions d\u00e9j\u00e0 dans le processus de construction de ces bureaux. Nous venons de sentir qu&rsquo;il \u00e9tait une confirmation que nous \u00e9tions dirig\u00e9s dans la bonne direction. Le Seigneur nous a attir\u00e9s dans ce b\u00e2timent parce que le Seigneur veut que nous fassions ce minist\u00e8re. \u00a0\u00bb&nbsp;<\/p>\n","protected":false},"excerpt":{"rendered":"<p>Une \u00c9glise nazar\u00e9enne dans le Dakota du Nord rural se pr\u00e9pare \u00e0 r\u00e9pondre aux besoins de sa communaut\u00e9 en ouvrant un bureau d&rsquo;immigration qui fournira des services locaux \u00e0 faible co\u00fbt pour beaucoup au Dakota du Nord qui ont besoin d&rsquo;aide avec l&rsquo;immigration juridique ou de commencer leur chemin vers la citoyennet\u00e9.<\/p>\n","protected":false},"author":1,"featured_media":27583,"menu_order":0,"template":"","news-categories":[],"news-region-taxonomy":[],"news-tag":[2296,758],"class_list":["post-48526","news","type-news","status-publish","has-post-thumbnail","hentry","news-tag-dakota-du-nord","news-tag-etats-unis-canada"],"yoast_head":"<!-- This site is optimized with the Yoast SEO Premium plugin v27.1 (Yoast SEO v27.1.1) - https:\/\/yoast.com\/product\/yoast-seo-premium-wordpress\/ -->\n<title>\u00c9glise du Dakota du Nord \u00e0 ouvrir le centre d&#039;immigration - Church of the Nazarene<\/title>\n<meta name=\"robots\" content=\"index, follow, max-snippet:-1, max-image-preview:large, max-video-preview:-1\" \/>\n<link rel=\"canonical\" href=\"https:\/\/nazarene.org\/fr\/news\/eglise-du-dakota-du-nord-a-ouvrir-le-centre-dimmigration\/\" \/>\n<meta property=\"og:locale\" content=\"fr_FR\" \/>\n<meta property=\"og:type\" content=\"article\" \/>\n<meta property=\"og:title\" content=\"\u00c9glise du Dakota du Nord \u00e0 ouvrir le centre d&#039;immigration\" \/>\n<meta property=\"og:description\" content=\"Une \u00c9glise nazar\u00e9enne dans le Dakota du Nord rural se pr\u00e9pare \u00e0 r\u00e9pondre aux besoins de sa communaut\u00e9 en ouvrant un bureau d&#039;immigration qui fournira des services locaux \u00e0 faible co\u00fbt pour beaucoup au Dakota du Nord qui ont besoin d&#039;aide avec l&#039;immigration juridique ou de commencer leur chemin vers la citoyennet\u00e9.\" \/>\n<meta property=\"og:url\" content=\"https:\/\/nazarene.org\/fr\/news\/eglise-du-dakota-du-nord-a-ouvrir-le-centre-dimmigration\/\" \/>\n<meta property=\"og:site_name\" content=\"Church of the Nazarene\" \/>\n<meta property=\"article:publisher\" content=\"https:\/\/www.facebook.com\/NazareneOfficial\/\" \/>\n<meta name=\"twitter:card\" content=\"summary_large_image\" \/>\n<meta name=\"twitter:site\" content=\"@Nazarene\" \/>\n<script type=\"application\/ld+json\" class=\"yoast-schema-graph\">{\"@context\":\"https:\/\/schema.org\",\"@graph\":[{\"@type\":\"WebPage\",\"@id\":\"https:\/\/nazarene.org\/fr\/news\/eglise-du-dakota-du-nord-a-ouvrir-le-centre-dimmigration\/\",\"url\":\"https:\/\/nazarene.org\/fr\/news\/eglise-du-dakota-du-nord-a-ouvrir-le-centre-dimmigration\/\",\"name\":\"\u00c9glise du Dakota du Nord \u00e0 ouvrir le centre d'immigration - Church of the Nazarene\",\"isPartOf\":{\"@id\":\"https:\/\/nazarene.org\/fr\/#website\"},\"primaryImageOfPage\":{\"@id\":\"https:\/\/nazarene.org\/fr\/news\/eglise-du-dakota-du-nord-a-ouvrir-le-centre-dimmigration\/#primaryimage\"},\"image\":{\"@id\":\"https:\/\/nazarene.org\/fr\/news\/eglise-du-dakota-du-nord-a-ouvrir-le-centre-dimmigration\/#primaryimage\"},\"thumbnailUrl\":\"https:\/\/nazarene.org\/wp-content\/uploads\/2025\/02\/Minot-Paperwork.png\",\"datePublished\":\"2021-07-23T05:00:00+00:00\",\"breadcrumb\":{\"@id\":\"https:\/\/nazarene.org\/fr\/news\/eglise-du-dakota-du-nord-a-ouvrir-le-centre-dimmigration\/#breadcrumb\"},\"inLanguage\":\"fr-FR\",\"potentialAction\":[{\"@type\":\"ReadAction\",\"target\":[\"https:\/\/nazarene.org\/fr\/news\/eglise-du-dakota-du-nord-a-ouvrir-le-centre-dimmigration\/\"]}]},{\"@type\":\"ImageObject\",\"inLanguage\":\"fr-FR\",\"@id\":\"https:\/\/nazarene.org\/fr\/news\/eglise-du-dakota-du-nord-a-ouvrir-le-centre-dimmigration\/#primaryimage\",\"url\":\"https:\/\/nazarene.org\/wp-content\/uploads\/2025\/02\/Minot-Paperwork.png\",\"contentUrl\":\"https:\/\/nazarene.org\/wp-content\/uploads\/2025\/02\/Minot-Paperwork.png\",\"width\":750,\"height\":400},{\"@type\":\"BreadcrumbList\",\"@id\":\"https:\/\/nazarene.org\/fr\/news\/eglise-du-dakota-du-nord-a-ouvrir-le-centre-dimmigration\/#breadcrumb\",\"itemListElement\":[{\"@type\":\"ListItem\",\"position\":1,\"name\":\"Home\",\"item\":\"https:\/\/nazarene.org\/fr\/\"},{\"@type\":\"ListItem\",\"position\":2,\"name\":\"News\",\"item\":\"https:\/\/nazarene.org\/fr\/news\/\"},{\"@type\":\"ListItem\",\"position\":3,\"name\":\"\u00c9glise du Dakota du Nord \u00e0 ouvrir le centre d&#8217;immigration\"}]},{\"@type\":\"WebSite\",\"@id\":\"https:\/\/nazarene.org\/fr\/#website\",\"url\":\"https:\/\/nazarene.org\/fr\/\",\"name\":\"Church of the Nazarene\",\"description\":\"Making Christlike Disciples in the Nations\",\"publisher\":{\"@id\":\"https:\/\/nazarene.org\/fr\/#organization\"},\"potentialAction\":[{\"@type\":\"SearchAction\",\"target\":{\"@type\":\"EntryPoint\",\"urlTemplate\":\"https:\/\/nazarene.org\/fr\/?s={search_term_string}\"},\"query-input\":{\"@type\":\"PropertyValueSpecification\",\"valueRequired\":true,\"valueName\":\"search_term_string\"}}],\"inLanguage\":\"fr-FR\"},{\"@type\":\"Organization\",\"@id\":\"https:\/\/nazarene.org\/fr\/#organization\",\"name\":\"Church of the Nazarene\",\"url\":\"https:\/\/nazarene.org\/fr\/\",\"logo\":{\"@type\":\"ImageObject\",\"inLanguage\":\"fr-FR\",\"@id\":\"https:\/\/nazarene.org\/fr\/#\/schema\/logo\/image\/\",\"url\":\"https:\/\/nazarene.org\/wp-content\/uploads\/2024\/06\/Naz_Desktop_Black_Logo-1.svg\",\"contentUrl\":\"https:\/\/nazarene.org\/wp-content\/uploads\/2024\/06\/Naz_Desktop_Black_Logo-1.svg\",\"width\":258,\"height\":36,\"caption\":\"Church of the Nazarene\"},\"image\":{\"@id\":\"https:\/\/nazarene.org\/fr\/#\/schema\/logo\/image\/\"},\"sameAs\":[\"https:\/\/www.facebook.com\/NazareneOfficial\/\",\"https:\/\/x.com\/Nazarene\",\"https:\/\/www.instagram.com\/nazareneofficial\/\"]}]}<\/script>\n<!-- \/ Yoast SEO Premium plugin. -->","yoast_head_json":{"title":"\u00c9glise du Dakota du Nord \u00e0 ouvrir le centre d'immigration - Church of the Nazarene","robots":{"index":"index","follow":"follow","max-snippet":"max-snippet:-1","max-image-preview":"max-image-preview:large","max-video-preview":"max-video-preview:-1"},"canonical":"https:\/\/nazarene.org\/fr\/news\/eglise-du-dakota-du-nord-a-ouvrir-le-centre-dimmigration\/","og_locale":"fr_FR","og_type":"article","og_title":"\u00c9glise du Dakota du Nord \u00e0 ouvrir le centre d'immigration","og_description":"Une \u00c9glise nazar\u00e9enne dans le Dakota du Nord rural se pr\u00e9pare \u00e0 r\u00e9pondre aux besoins de sa communaut\u00e9 en ouvrant un bureau d'immigration qui fournira des services locaux \u00e0 faible co\u00fbt pour beaucoup au Dakota du Nord qui ont besoin d'aide avec l'immigration juridique ou de commencer leur chemin vers la citoyennet\u00e9.","og_url":"https:\/\/nazarene.org\/fr\/news\/eglise-du-dakota-du-nord-a-ouvrir-le-centre-dimmigration\/","og_site_name":"Church of the Nazarene","article_publisher":"https:\/\/www.facebook.com\/NazareneOfficial\/","twitter_card":"summary_large_image","twitter_site":"@Nazarene","schema":{"@context":"https:\/\/schema.org","@graph":[{"@type":"WebPage","@id":"https:\/\/nazarene.org\/fr\/news\/eglise-du-dakota-du-nord-a-ouvrir-le-centre-dimmigration\/","url":"https:\/\/nazarene.org\/fr\/news\/eglise-du-dakota-du-nord-a-ouvrir-le-centre-dimmigration\/","name":"\u00c9glise du Dakota du Nord \u00e0 ouvrir le centre d'immigration - Church of the Nazarene","isPartOf":{"@id":"https:\/\/nazarene.org\/fr\/#website"},"primaryImageOfPage":{"@id":"https:\/\/nazarene.org\/fr\/news\/eglise-du-dakota-du-nord-a-ouvrir-le-centre-dimmigration\/#primaryimage"},"image":{"@id":"https:\/\/nazarene.org\/fr\/news\/eglise-du-dakota-du-nord-a-ouvrir-le-centre-dimmigration\/#primaryimage"},"thumbnailUrl":"https:\/\/nazarene.org\/wp-content\/uploads\/2025\/02\/Minot-Paperwork.png","datePublished":"2021-07-23T05:00:00+00:00","breadcrumb":{"@id":"https:\/\/nazarene.org\/fr\/news\/eglise-du-dakota-du-nord-a-ouvrir-le-centre-dimmigration\/#breadcrumb"},"inLanguage":"fr-FR","potentialAction":[{"@type":"ReadAction","target":["https:\/\/nazarene.org\/fr\/news\/eglise-du-dakota-du-nord-a-ouvrir-le-centre-dimmigration\/"]}]},{"@type":"ImageObject","inLanguage":"fr-FR","@id":"https:\/\/nazarene.org\/fr\/news\/eglise-du-dakota-du-nord-a-ouvrir-le-centre-dimmigration\/#primaryimage","url":"https:\/\/nazarene.org\/wp-content\/uploads\/2025\/02\/Minot-Paperwork.png","contentUrl":"https:\/\/nazarene.org\/wp-content\/uploads\/2025\/02\/Minot-Paperwork.png","width":750,"height":400},{"@type":"BreadcrumbList","@id":"https:\/\/nazarene.org\/fr\/news\/eglise-du-dakota-du-nord-a-ouvrir-le-centre-dimmigration\/#breadcrumb","itemListElement":[{"@type":"ListItem","position":1,"name":"Home","item":"https:\/\/nazarene.org\/fr\/"},{"@type":"ListItem","position":2,"name":"News","item":"https:\/\/nazarene.org\/fr\/news\/"},{"@type":"ListItem","position":3,"name":"\u00c9glise du Dakota du Nord \u00e0 ouvrir le centre d&#8217;immigration"}]},{"@type":"WebSite","@id":"https:\/\/nazarene.org\/fr\/#website","url":"https:\/\/nazarene.org\/fr\/","name":"Church of the Nazarene","description":"Making Christlike Disciples in the Nations","publisher":{"@id":"https:\/\/nazarene.org\/fr\/#organization"},"potentialAction":[{"@type":"SearchAction","target":{"@type":"EntryPoint","urlTemplate":"https:\/\/nazarene.org\/fr\/?s={search_term_string}"},"query-input":{"@type":"PropertyValueSpecification","valueRequired":true,"valueName":"search_term_string"}}],"inLanguage":"fr-FR"},{"@type":"Organization","@id":"https:\/\/nazarene.org\/fr\/#organization","name":"Church of the Nazarene","url":"https:\/\/nazarene.org\/fr\/","logo":{"@type":"ImageObject","inLanguage":"fr-FR","@id":"https:\/\/nazarene.org\/fr\/#\/schema\/logo\/image\/","url":"https:\/\/nazarene.org\/wp-content\/uploads\/2024\/06\/Naz_Desktop_Black_Logo-1.svg","contentUrl":"https:\/\/nazarene.org\/wp-content\/uploads\/2024\/06\/Naz_Desktop_Black_Logo-1.svg","width":258,"height":36,"caption":"Church of the Nazarene"},"image":{"@id":"https:\/\/nazarene.org\/fr\/#\/schema\/logo\/image\/"},"sameAs":["https:\/\/www.facebook.com\/NazareneOfficial\/","https:\/\/x.com\/Nazarene","https:\/\/www.instagram.com\/nazareneofficial\/"]}]}},"_links":{"self":[{"href":"https:\/\/nazarene.org\/fr\/wp-json\/wp\/v2\/news\/48526","targetHints":{"allow":["GET"]}}],"collection":[{"href":"https:\/\/nazarene.org\/fr\/wp-json\/wp\/v2\/news"}],"about":[{"href":"https:\/\/nazarene.org\/fr\/wp-json\/wp\/v2\/types\/news"}],"author":[{"embeddable":true,"href":"https:\/\/nazarene.org\/fr\/wp-json\/wp\/v2\/users\/1"}],"version-history":[{"count":0,"href":"https:\/\/nazarene.org\/fr\/wp-json\/wp\/v2\/news\/48526\/revisions"}],"wp:featuredmedia":[{"embeddable":true,"href":"https:\/\/nazarene.org\/fr\/wp-json\/wp\/v2\/media\/27583"}],"wp:attachment":[{"href":"https:\/\/nazarene.org\/fr\/wp-json\/wp\/v2\/media?parent=48526"}],"wp:term":[{"taxonomy":"news-categories","embeddable":true,"href":"https:\/\/nazarene.org\/fr\/wp-json\/wp\/v2\/news-categories?post=48526"},{"taxonomy":"news-region-taxonomy","embeddable":true,"href":"https:\/\/nazarene.org\/fr\/wp-json\/wp\/v2\/news-region-taxonomy?post=48526"},{"taxonomy":"news-tag","embeddable":true,"href":"https:\/\/nazarene.org\/fr\/wp-json\/wp\/v2\/news-tag?post=48526"}],"curies":[{"name":"wp","href":"https:\/\/api.w.org\/{rel}","templated":true}]}}