{"id":47214,"date":"2024-09-19T00:00:00","date_gmt":"2024-09-19T05:00:00","guid":{"rendered":"https:\/\/nazarene.org\/news\/mvnu-nomme-un-nouveau-officier-en-chef-de-developpement\/"},"modified":"2024-09-19T00:00:00","modified_gmt":"2024-09-19T05:00:00","slug":"mvnu-nomme-un-nouveau-officier-en-chef-de-developpement","status":"publish","type":"news","link":"https:\/\/nazarene.org\/fr\/news\/mvnu-nomme-un-nouveau-officier-en-chef-de-developpement\/","title":{"rendered":"MVNU nomme un nouveau officier en chef de d\u00e9veloppement"},"content":{"rendered":"<p>Le pr\u00e9sident de l&rsquo;Universit\u00e9 Mount Vernon nazar\u00e9enne, Carson Castleman, a annonc\u00e9 la nomination de Brad Kochis en tant que nouveau officier de d\u00e9veloppement en chef du Bureau de l&rsquo;avancement universitaire. Il a pr\u00e9c\u00e9demment servi l&rsquo;universit\u00e9 en tant que directeur ex\u00e9cutif des Relations des anciens et de l&rsquo;avancement avant de prendre son r\u00f4le actuel de surintendant de l&rsquo;\u00c9glise de district de Caroline du Nord du Nazar\u00e9en.<\/p>\n<p>Kochis sera un ajout merveilleux \u00e0 la famille MVNU, ayant servi l&rsquo;\u00c9glise pendant les 25 derni\u00e8res ann\u00e9es dans divers r\u00f4les et plus r\u00e9cemment en tant que D.S. \u00bb, a d\u00e9clar\u00e9 Castleman. Ses comp\u00e9tences seront instrumentales pour engager les constituants MVNU et \u00e9tablir un Bureau d&rsquo;avancement qui honore notre pass\u00e9 tout en paving le chemin pour un avenir brillant. \u00ab\u00a0<\/p>\n<p>Kochis est un ancien ordonn\u00e9 avec plus de 27 ans d&rsquo;exp\u00e9rience de minist\u00e8re qui comprend un service de pasteur des jeunes dans les \u00c9glises, y compris l&rsquo;\u00c9glise de l&rsquo;Alliance Clearfork, Bellville, Ohio ; \u00c9glise Ashland Plaza du Nazar\u00e9en, Ashland, Kentucky ; Ironton Premi\u00e8re \u00c9glise du Nazar\u00e9en, Ironton, Ohio ; et \u00c9glise de Gracepoint du Nazar\u00e9en \u00e0 Loganville, G\u00e9orgie.<\/p>\n<p>En 2003, Kochis et sa famille ont d\u00e9m\u00e9nag\u00e9 en Ohio pour planter une \u00c9glise avec l&rsquo;\u00c9glise de district de l&rsquo;Ohio central-sud du Nazar\u00e9en, o\u00f9 il a servi de pasteur principal \u00e0 l&rsquo;\u00c9glise de raffinerie du Nazar\u00e9en \u00e0 Columbus, Ohio.<\/p>\n<p>La position CDO nouvellement cr\u00e9\u00e9e comprend la supervision de tous les programmes li\u00e9s aux donateurs et les activit\u00e9s de collecte de fonds pour l&rsquo;universit\u00e9, ainsi que l&rsquo;engagement avec les donateurs individuels, les \u00c9glises et les fondations pour soutenir les minist\u00e8res nationaux et mondiaux de MVNU. Kochis g\u00e9rera \u00e9galement un portefeuille de donateurs importants, alignera leurs int\u00e9r\u00eats sur les besoins de MVNU et identifiera de nouveaux donateurs potentiels.<\/p>\n<p>MVNU a jou\u00e9 un r\u00f4le important dans ma vie depuis les premiers jours de ma foi \u00bb, a d\u00e9clar\u00e9 Kochis. Je suis excit\u00e9 de revenir et de rejoindre Castleman et toute la communaut\u00e9 MVNU pour faire progresser la mission de Dieu par l&rsquo;universit\u00e9. \u00ab\u00a0<\/p>\n<p>Kochis est mari\u00e9 \u00e0 sa femme, Melissa, qu&rsquo;il a rencontr\u00e9e tout en \u00e9tudiant \u00e0 MVNU. Le couple a deux enfants adultes, Nathan et Rachel (Zane) Risser.<\/p>\n<p>Kochis se joindra MVNU 15 octobre 2024.<\/p>\n","protected":false},"excerpt":{"rendered":"<p>Le pr\u00e9sident de l&rsquo;Universit\u00e9 Mount Vernon nazar\u00e9enne, Carson Castleman, a annonc\u00e9 la nomination de Brad Kochis en tant que nouveau officier de d\u00e9veloppement en chef du Bureau de l&rsquo;avancement universitaire.<\/p>\n","protected":false},"author":1,"featured_media":30791,"menu_order":0,"template":"","news-categories":[],"news-region-taxonomy":[],"news-tag":[883,937],"class_list":["post-47214","news","type-news","status-publish","has-post-thumbnail","hentry","news-tag-collegial","news-tag-mvnu-fr"],"yoast_head":"<!-- This site is optimized with the Yoast SEO Premium plugin v27.1 (Yoast SEO v27.1.1) - https:\/\/yoast.com\/product\/yoast-seo-premium-wordpress\/ -->\n<title>MVNU nomme un nouveau officier en chef de d\u00e9veloppement - Church of the Nazarene<\/title>\n<meta name=\"robots\" content=\"index, follow, max-snippet:-1, max-image-preview:large, max-video-preview:-1\" \/>\n<link rel=\"canonical\" href=\"https:\/\/nazarene.org\/fr\/news\/mvnu-nomme-un-nouveau-officier-en-chef-de-developpement\/\" \/>\n<meta property=\"og:locale\" content=\"fr_FR\" \/>\n<meta property=\"og:type\" content=\"article\" \/>\n<meta property=\"og:title\" content=\"MVNU nomme un nouveau officier en chef de d\u00e9veloppement\" \/>\n<meta property=\"og:description\" content=\"Le pr\u00e9sident de l&#039;Universit\u00e9 Mount Vernon nazar\u00e9enne, Carson Castleman, a annonc\u00e9 la nomination de Brad Kochis en tant que nouveau officier de d\u00e9veloppement en chef du Bureau de l&#039;avancement universitaire.\" \/>\n<meta property=\"og:url\" content=\"https:\/\/nazarene.org\/fr\/news\/mvnu-nomme-un-nouveau-officier-en-chef-de-developpement\/\" \/>\n<meta property=\"og:site_name\" content=\"Church of the Nazarene\" \/>\n<meta property=\"article:publisher\" content=\"https:\/\/www.facebook.com\/NazareneOfficial\/\" \/>\n<meta name=\"twitter:card\" content=\"summary_large_image\" \/>\n<meta name=\"twitter:site\" content=\"@Nazarene\" \/>\n<script type=\"application\/ld+json\" class=\"yoast-schema-graph\">{\"@context\":\"https:\/\/schema.org\",\"@graph\":[{\"@type\":\"WebPage\",\"@id\":\"https:\/\/nazarene.org\/fr\/news\/mvnu-nomme-un-nouveau-officier-en-chef-de-developpement\/\",\"url\":\"https:\/\/nazarene.org\/fr\/news\/mvnu-nomme-un-nouveau-officier-en-chef-de-developpement\/\",\"name\":\"MVNU nomme un nouveau officier en chef de d\u00e9veloppement - Church of the Nazarene\",\"isPartOf\":{\"@id\":\"https:\/\/nazarene.org\/fr\/#website\"},\"primaryImageOfPage\":{\"@id\":\"https:\/\/nazarene.org\/fr\/news\/mvnu-nomme-un-nouveau-officier-en-chef-de-developpement\/#primaryimage\"},\"image\":{\"@id\":\"https:\/\/nazarene.org\/fr\/news\/mvnu-nomme-un-nouveau-officier-en-chef-de-developpement\/#primaryimage\"},\"thumbnailUrl\":\"https:\/\/nazarene.org\/wp-content\/uploads\/2025\/02\/Kochis.png\",\"datePublished\":\"2024-09-19T05:00:00+00:00\",\"breadcrumb\":{\"@id\":\"https:\/\/nazarene.org\/fr\/news\/mvnu-nomme-un-nouveau-officier-en-chef-de-developpement\/#breadcrumb\"},\"inLanguage\":\"fr-FR\",\"potentialAction\":[{\"@type\":\"ReadAction\",\"target\":[\"https:\/\/nazarene.org\/fr\/news\/mvnu-nomme-un-nouveau-officier-en-chef-de-developpement\/\"]}]},{\"@type\":\"ImageObject\",\"inLanguage\":\"fr-FR\",\"@id\":\"https:\/\/nazarene.org\/fr\/news\/mvnu-nomme-un-nouveau-officier-en-chef-de-developpement\/#primaryimage\",\"url\":\"https:\/\/nazarene.org\/wp-content\/uploads\/2025\/02\/Kochis.png\",\"contentUrl\":\"https:\/\/nazarene.org\/wp-content\/uploads\/2025\/02\/Kochis.png\",\"width\":750,\"height\":400},{\"@type\":\"BreadcrumbList\",\"@id\":\"https:\/\/nazarene.org\/fr\/news\/mvnu-nomme-un-nouveau-officier-en-chef-de-developpement\/#breadcrumb\",\"itemListElement\":[{\"@type\":\"ListItem\",\"position\":1,\"name\":\"Home\",\"item\":\"https:\/\/nazarene.org\/fr\/\"},{\"@type\":\"ListItem\",\"position\":2,\"name\":\"News\",\"item\":\"https:\/\/nazarene.org\/fr\/news\/\"},{\"@type\":\"ListItem\",\"position\":3,\"name\":\"MVNU nomme un nouveau officier en chef de d\u00e9veloppement\"}]},{\"@type\":\"WebSite\",\"@id\":\"https:\/\/nazarene.org\/fr\/#website\",\"url\":\"https:\/\/nazarene.org\/fr\/\",\"name\":\"Church of the Nazarene\",\"description\":\"Making Christlike Disciples in the Nations\",\"publisher\":{\"@id\":\"https:\/\/nazarene.org\/fr\/#organization\"},\"potentialAction\":[{\"@type\":\"SearchAction\",\"target\":{\"@type\":\"EntryPoint\",\"urlTemplate\":\"https:\/\/nazarene.org\/fr\/?s={search_term_string}\"},\"query-input\":{\"@type\":\"PropertyValueSpecification\",\"valueRequired\":true,\"valueName\":\"search_term_string\"}}],\"inLanguage\":\"fr-FR\"},{\"@type\":\"Organization\",\"@id\":\"https:\/\/nazarene.org\/fr\/#organization\",\"name\":\"Church of the Nazarene\",\"url\":\"https:\/\/nazarene.org\/fr\/\",\"logo\":{\"@type\":\"ImageObject\",\"inLanguage\":\"fr-FR\",\"@id\":\"https:\/\/nazarene.org\/fr\/#\/schema\/logo\/image\/\",\"url\":\"https:\/\/nazarene.org\/wp-content\/uploads\/2024\/06\/Naz_Desktop_Black_Logo-1.svg\",\"contentUrl\":\"https:\/\/nazarene.org\/wp-content\/uploads\/2024\/06\/Naz_Desktop_Black_Logo-1.svg\",\"width\":258,\"height\":36,\"caption\":\"Church of the Nazarene\"},\"image\":{\"@id\":\"https:\/\/nazarene.org\/fr\/#\/schema\/logo\/image\/\"},\"sameAs\":[\"https:\/\/www.facebook.com\/NazareneOfficial\/\",\"https:\/\/x.com\/Nazarene\",\"https:\/\/www.instagram.com\/nazareneofficial\/\"]}]}<\/script>\n<!-- \/ Yoast SEO Premium plugin. -->","yoast_head_json":{"title":"MVNU nomme un nouveau officier en chef de d\u00e9veloppement - Church of the Nazarene","robots":{"index":"index","follow":"follow","max-snippet":"max-snippet:-1","max-image-preview":"max-image-preview:large","max-video-preview":"max-video-preview:-1"},"canonical":"https:\/\/nazarene.org\/fr\/news\/mvnu-nomme-un-nouveau-officier-en-chef-de-developpement\/","og_locale":"fr_FR","og_type":"article","og_title":"MVNU nomme un nouveau officier en chef de d\u00e9veloppement","og_description":"Le pr\u00e9sident de l'Universit\u00e9 Mount Vernon nazar\u00e9enne, Carson Castleman, a annonc\u00e9 la nomination de Brad Kochis en tant que nouveau officier de d\u00e9veloppement en chef du Bureau de l'avancement universitaire.","og_url":"https:\/\/nazarene.org\/fr\/news\/mvnu-nomme-un-nouveau-officier-en-chef-de-developpement\/","og_site_name":"Church of the Nazarene","article_publisher":"https:\/\/www.facebook.com\/NazareneOfficial\/","twitter_card":"summary_large_image","twitter_site":"@Nazarene","schema":{"@context":"https:\/\/schema.org","@graph":[{"@type":"WebPage","@id":"https:\/\/nazarene.org\/fr\/news\/mvnu-nomme-un-nouveau-officier-en-chef-de-developpement\/","url":"https:\/\/nazarene.org\/fr\/news\/mvnu-nomme-un-nouveau-officier-en-chef-de-developpement\/","name":"MVNU nomme un nouveau officier en chef de d\u00e9veloppement - Church of the Nazarene","isPartOf":{"@id":"https:\/\/nazarene.org\/fr\/#website"},"primaryImageOfPage":{"@id":"https:\/\/nazarene.org\/fr\/news\/mvnu-nomme-un-nouveau-officier-en-chef-de-developpement\/#primaryimage"},"image":{"@id":"https:\/\/nazarene.org\/fr\/news\/mvnu-nomme-un-nouveau-officier-en-chef-de-developpement\/#primaryimage"},"thumbnailUrl":"https:\/\/nazarene.org\/wp-content\/uploads\/2025\/02\/Kochis.png","datePublished":"2024-09-19T05:00:00+00:00","breadcrumb":{"@id":"https:\/\/nazarene.org\/fr\/news\/mvnu-nomme-un-nouveau-officier-en-chef-de-developpement\/#breadcrumb"},"inLanguage":"fr-FR","potentialAction":[{"@type":"ReadAction","target":["https:\/\/nazarene.org\/fr\/news\/mvnu-nomme-un-nouveau-officier-en-chef-de-developpement\/"]}]},{"@type":"ImageObject","inLanguage":"fr-FR","@id":"https:\/\/nazarene.org\/fr\/news\/mvnu-nomme-un-nouveau-officier-en-chef-de-developpement\/#primaryimage","url":"https:\/\/nazarene.org\/wp-content\/uploads\/2025\/02\/Kochis.png","contentUrl":"https:\/\/nazarene.org\/wp-content\/uploads\/2025\/02\/Kochis.png","width":750,"height":400},{"@type":"BreadcrumbList","@id":"https:\/\/nazarene.org\/fr\/news\/mvnu-nomme-un-nouveau-officier-en-chef-de-developpement\/#breadcrumb","itemListElement":[{"@type":"ListItem","position":1,"name":"Home","item":"https:\/\/nazarene.org\/fr\/"},{"@type":"ListItem","position":2,"name":"News","item":"https:\/\/nazarene.org\/fr\/news\/"},{"@type":"ListItem","position":3,"name":"MVNU nomme un nouveau officier en chef de d\u00e9veloppement"}]},{"@type":"WebSite","@id":"https:\/\/nazarene.org\/fr\/#website","url":"https:\/\/nazarene.org\/fr\/","name":"Church of the Nazarene","description":"Making Christlike Disciples in the Nations","publisher":{"@id":"https:\/\/nazarene.org\/fr\/#organization"},"potentialAction":[{"@type":"SearchAction","target":{"@type":"EntryPoint","urlTemplate":"https:\/\/nazarene.org\/fr\/?s={search_term_string}"},"query-input":{"@type":"PropertyValueSpecification","valueRequired":true,"valueName":"search_term_string"}}],"inLanguage":"fr-FR"},{"@type":"Organization","@id":"https:\/\/nazarene.org\/fr\/#organization","name":"Church of the Nazarene","url":"https:\/\/nazarene.org\/fr\/","logo":{"@type":"ImageObject","inLanguage":"fr-FR","@id":"https:\/\/nazarene.org\/fr\/#\/schema\/logo\/image\/","url":"https:\/\/nazarene.org\/wp-content\/uploads\/2024\/06\/Naz_Desktop_Black_Logo-1.svg","contentUrl":"https:\/\/nazarene.org\/wp-content\/uploads\/2024\/06\/Naz_Desktop_Black_Logo-1.svg","width":258,"height":36,"caption":"Church of the Nazarene"},"image":{"@id":"https:\/\/nazarene.org\/fr\/#\/schema\/logo\/image\/"},"sameAs":["https:\/\/www.facebook.com\/NazareneOfficial\/","https:\/\/x.com\/Nazarene","https:\/\/www.instagram.com\/nazareneofficial\/"]}]}},"_links":{"self":[{"href":"https:\/\/nazarene.org\/fr\/wp-json\/wp\/v2\/news\/47214","targetHints":{"allow":["GET"]}}],"collection":[{"href":"https:\/\/nazarene.org\/fr\/wp-json\/wp\/v2\/news"}],"about":[{"href":"https:\/\/nazarene.org\/fr\/wp-json\/wp\/v2\/types\/news"}],"author":[{"embeddable":true,"href":"https:\/\/nazarene.org\/fr\/wp-json\/wp\/v2\/users\/1"}],"version-history":[{"count":0,"href":"https:\/\/nazarene.org\/fr\/wp-json\/wp\/v2\/news\/47214\/revisions"}],"wp:featuredmedia":[{"embeddable":true,"href":"https:\/\/nazarene.org\/fr\/wp-json\/wp\/v2\/media\/30791"}],"wp:attachment":[{"href":"https:\/\/nazarene.org\/fr\/wp-json\/wp\/v2\/media?parent=47214"}],"wp:term":[{"taxonomy":"news-categories","embeddable":true,"href":"https:\/\/nazarene.org\/fr\/wp-json\/wp\/v2\/news-categories?post=47214"},{"taxonomy":"news-region-taxonomy","embeddable":true,"href":"https:\/\/nazarene.org\/fr\/wp-json\/wp\/v2\/news-region-taxonomy?post=47214"},{"taxonomy":"news-tag","embeddable":true,"href":"https:\/\/nazarene.org\/fr\/wp-json\/wp\/v2\/news-tag?post=47214"}],"curies":[{"name":"wp","href":"https:\/\/api.w.org\/{rel}","templated":true}]}}