{"id":46709,"date":"2022-01-07T00:00:00","date_gmt":"2022-01-07T06:00:00","guid":{"rendered":"https:\/\/nazarene.org\/news\/leglise-de-la-fondation-nazareenne-elit-un-nouveau-president\/"},"modified":"2022-01-07T00:00:00","modified_gmt":"2022-01-07T06:00:00","slug":"leglise-de-la-fondation-nazareenne-elit-un-nouveau-president","status":"publish","type":"news","link":"https:\/\/nazarene.org\/fr\/news\/leglise-de-la-fondation-nazareenne-elit-un-nouveau-president\/","title":{"rendered":"L&rsquo;\u00c9glise de la Fondation nazar\u00e9enne \u00e9lit un nouveau pr\u00e9sident"},"content":{"rendered":"<p>Le Conseil des administrateurs de l&rsquo;\u00c9glise de la Fondation nazar\u00e9enne a \u00e9lu \u00e0 l&rsquo;unanimit\u00e9 Mark E. Lail en tant que prochain pr\u00e9sident.&nbsp;Lail prendra le poste le 2 mars 2022. Il succ\u00e8de au pr\u00e9sident int\u00e9rimaire Kenneth Roney.<\/p>\n<p>L&rsquo;\u00e9lection vient apr\u00e8s une recherche nationale par le Conseil de la Fondation nazar\u00e9enne, qui a commenc\u00e9 en avril de l&rsquo;ann\u00e9e derni\u00e8re.<\/p>\n<p>Le pr\u00e9sident du comit\u00e9 de recherche, le juge Charles A. Davis Jr., a not\u00e9 que Lail a une connaissance \u00e9tendue des dons d&rsquo;h\u00e9ritage complexes et se connecte bien avec une vari\u00e9t\u00e9 de donateurs.<\/p>\n<p>Il apporte \u00e0 la pr\u00e9sidence de la Fondation 22 ans en tant que pasteur principal ; service en tant que tr\u00e9sorier de district ; 10 ans en tant que directeur des minist\u00e8res de l&rsquo;intendance ; et neuf ans dans sa position actuelle de vice-pr\u00e9sident ex\u00e9cutif de la Fondation. Notre nouveau pr\u00e9sident a \u00e9galement d\u00e9montr\u00e9 un engagement \u00e0 la mission et aux valeurs de l&rsquo;\u00c9glise du Nazar\u00e9en. \u00ab\u00a0<\/p>\n<p>Lail a partag\u00e9 certains de ses plans pour l&rsquo;avenir du minist\u00e8re.<\/p>\n<p>Je suis honor\u00e9 l&rsquo;\u00c9glise du Nazar\u00e9en a exprim\u00e9 sa confiance en moi pour diriger la Fondation \u00bb, a d\u00e9clar\u00e9 Lail. Dans sa courte histoire de 18 ans, la Fondation nazar\u00e9enne a distribu\u00e9 plus de 100 millions de dollars aux minist\u00e8res. J&rsquo;esp\u00e8re construire sur le succ\u00e8s de mes pr\u00e9d\u00e9cesseurs en faisant les relations de donateur une priorit\u00e9 sup\u00e9rieure. L&rsquo;avenir de la Fondation comprend une plus grande collaboration avec les \u00c9glises locales, les districts et les minist\u00e8res au Centre du minist\u00e8re mondial. \u00ab\u00a0<\/p>\n<p>Lail est titulaire d&rsquo;un baccalaur\u00e9at en arts de l&rsquo;Universit\u00e9 Mount Vernon nazar\u00e9enne, une ma\u00eetrise en divinit\u00e9 du S\u00e9minaire th\u00e9ologique nazar\u00e9en et un docteur en minist\u00e8re du S\u00e9minaire th\u00e9ologique Fuller.<\/p>\n<p>Le Conseil des surintendants g\u00e9n\u00e9raux affirme la s\u00e9lection du Dr Mark Lail en tant que nouveau pr\u00e9sident de la Fondation nazar\u00e9enne \u00bb, a d\u00e9clar\u00e9 Carla Sunberg, pr\u00e9sident du Conseil des surintendants g\u00e9n\u00e9raux. Le Dr Lail est un grand homme d&rsquo;\u00c9glise et a un dossier de service fid\u00e8le par le minist\u00e8re financier dans et par l&rsquo;\u00c9glise. Les minist\u00e8res mondiaux de l&rsquo;\u00c9glise continuent \u00e0 b\u00e9n\u00e9ficier du travail de la Fondation et de son soutien pour faire des disciples semblables au Christ dans les nations. \u00ab\u00a0<\/p>\n<p>L&rsquo;\u00c9glise de la Fondation nazar\u00e9enne, ayant son si\u00e8ge au Centre du minist\u00e8re mondial \u00e0 Lenexa, Kansas, existe pour connecter la passion des disciples de Dieu avec la vision des \u00c9glises nazar\u00e9ennes, des districts et des minist\u00e8res. N&rsquo;importe qui peut laisser un h\u00e9ritage de g\u00e9n\u00e9rosit\u00e9. En savoir plus sur la Fondation \u00e0 <a href=\"https:\/\/legacy.nazarenefoundation.org\/\" target=\"_blank\">nazarenefoundation.org<\/a>, courriel info@nazarenefoundation.org ou appelez 913-577-2983.<\/p>\n<p><a href=\"https:\/\/legacy.nazarenefoundation.org\/\" target=\"_blank\">\u00c9glise de la Fondation nazar\u00e9enne<\/a><\/p>\n","protected":false},"excerpt":{"rendered":"<p>Le Conseil des administrateurs de l&rsquo;\u00c9glise de la Fondation nazar\u00e9enne a \u00e9lu \u00e0 l&rsquo;unanimit\u00e9 Mark E. Lail en tant que prochain pr\u00e9sident. Le vote \u00e9tait unanime. Lail prendra bureau le 2 mars 2022.<\/p>\n","protected":false},"author":1,"featured_media":28031,"menu_order":0,"template":"","news-categories":[],"news-region-taxonomy":[],"news-tag":[751,2196],"class_list":["post-46709","news","type-news","status-publish","has-post-thumbnail","hentry","news-tag-annonces-de-gmc","news-tag-fondation-nazareenne"],"yoast_head":"<!-- This site is optimized with the Yoast SEO Premium plugin v27.1 (Yoast SEO v27.1.1) - https:\/\/yoast.com\/product\/yoast-seo-premium-wordpress\/ -->\n<title>L&#039;\u00c9glise de la Fondation nazar\u00e9enne \u00e9lit un nouveau pr\u00e9sident - Church of the Nazarene<\/title>\n<meta name=\"robots\" content=\"index, follow, max-snippet:-1, max-image-preview:large, max-video-preview:-1\" \/>\n<link rel=\"canonical\" href=\"https:\/\/nazarene.org\/fr\/news\/leglise-de-la-fondation-nazareenne-elit-un-nouveau-president\/\" \/>\n<meta property=\"og:locale\" content=\"fr_FR\" \/>\n<meta property=\"og:type\" content=\"article\" \/>\n<meta property=\"og:title\" content=\"L&#039;\u00c9glise de la Fondation nazar\u00e9enne \u00e9lit un nouveau pr\u00e9sident\" \/>\n<meta property=\"og:description\" content=\"Le Conseil des administrateurs de l&#039;\u00c9glise de la Fondation nazar\u00e9enne a \u00e9lu \u00e0 l&#039;unanimit\u00e9 Mark E. Lail en tant que prochain pr\u00e9sident. Le vote \u00e9tait unanime. Lail prendra bureau le 2 mars 2022.\" \/>\n<meta property=\"og:url\" content=\"https:\/\/nazarene.org\/fr\/news\/leglise-de-la-fondation-nazareenne-elit-un-nouveau-president\/\" \/>\n<meta property=\"og:site_name\" content=\"Church of the Nazarene\" \/>\n<meta property=\"article:publisher\" content=\"https:\/\/www.facebook.com\/NazareneOfficial\/\" \/>\n<meta name=\"twitter:card\" content=\"summary_large_image\" \/>\n<meta name=\"twitter:site\" content=\"@Nazarene\" \/>\n<script type=\"application\/ld+json\" class=\"yoast-schema-graph\">{\"@context\":\"https:\/\/schema.org\",\"@graph\":[{\"@type\":\"WebPage\",\"@id\":\"https:\/\/nazarene.org\/fr\/news\/leglise-de-la-fondation-nazareenne-elit-un-nouveau-president\/\",\"url\":\"https:\/\/nazarene.org\/fr\/news\/leglise-de-la-fondation-nazareenne-elit-un-nouveau-president\/\",\"name\":\"L'\u00c9glise de la Fondation nazar\u00e9enne \u00e9lit un nouveau pr\u00e9sident - Church of the Nazarene\",\"isPartOf\":{\"@id\":\"https:\/\/nazarene.org\/fr\/#website\"},\"primaryImageOfPage\":{\"@id\":\"https:\/\/nazarene.org\/fr\/news\/leglise-de-la-fondation-nazareenne-elit-un-nouveau-president\/#primaryimage\"},\"image\":{\"@id\":\"https:\/\/nazarene.org\/fr\/news\/leglise-de-la-fondation-nazareenne-elit-un-nouveau-president\/#primaryimage\"},\"thumbnailUrl\":\"https:\/\/nazarene.org\/wp-content\/uploads\/2025\/02\/LailFoundation-scaled.jpg\",\"datePublished\":\"2022-01-07T06:00:00+00:00\",\"breadcrumb\":{\"@id\":\"https:\/\/nazarene.org\/fr\/news\/leglise-de-la-fondation-nazareenne-elit-un-nouveau-president\/#breadcrumb\"},\"inLanguage\":\"fr-FR\",\"potentialAction\":[{\"@type\":\"ReadAction\",\"target\":[\"https:\/\/nazarene.org\/fr\/news\/leglise-de-la-fondation-nazareenne-elit-un-nouveau-president\/\"]}]},{\"@type\":\"ImageObject\",\"inLanguage\":\"fr-FR\",\"@id\":\"https:\/\/nazarene.org\/fr\/news\/leglise-de-la-fondation-nazareenne-elit-un-nouveau-president\/#primaryimage\",\"url\":\"https:\/\/nazarene.org\/wp-content\/uploads\/2025\/02\/LailFoundation-scaled.jpg\",\"contentUrl\":\"https:\/\/nazarene.org\/wp-content\/uploads\/2025\/02\/LailFoundation-scaled.jpg\",\"width\":2560,\"height\":1366},{\"@type\":\"BreadcrumbList\",\"@id\":\"https:\/\/nazarene.org\/fr\/news\/leglise-de-la-fondation-nazareenne-elit-un-nouveau-president\/#breadcrumb\",\"itemListElement\":[{\"@type\":\"ListItem\",\"position\":1,\"name\":\"Home\",\"item\":\"https:\/\/nazarene.org\/fr\/\"},{\"@type\":\"ListItem\",\"position\":2,\"name\":\"News\",\"item\":\"https:\/\/nazarene.org\/fr\/news\/\"},{\"@type\":\"ListItem\",\"position\":3,\"name\":\"L&#8217;\u00c9glise de la Fondation nazar\u00e9enne \u00e9lit un nouveau pr\u00e9sident\"}]},{\"@type\":\"WebSite\",\"@id\":\"https:\/\/nazarene.org\/fr\/#website\",\"url\":\"https:\/\/nazarene.org\/fr\/\",\"name\":\"Church of the Nazarene\",\"description\":\"Making Christlike Disciples in the Nations\",\"publisher\":{\"@id\":\"https:\/\/nazarene.org\/fr\/#organization\"},\"potentialAction\":[{\"@type\":\"SearchAction\",\"target\":{\"@type\":\"EntryPoint\",\"urlTemplate\":\"https:\/\/nazarene.org\/fr\/?s={search_term_string}\"},\"query-input\":{\"@type\":\"PropertyValueSpecification\",\"valueRequired\":true,\"valueName\":\"search_term_string\"}}],\"inLanguage\":\"fr-FR\"},{\"@type\":\"Organization\",\"@id\":\"https:\/\/nazarene.org\/fr\/#organization\",\"name\":\"Church of the Nazarene\",\"url\":\"https:\/\/nazarene.org\/fr\/\",\"logo\":{\"@type\":\"ImageObject\",\"inLanguage\":\"fr-FR\",\"@id\":\"https:\/\/nazarene.org\/fr\/#\/schema\/logo\/image\/\",\"url\":\"https:\/\/nazarene.org\/wp-content\/uploads\/2024\/06\/Naz_Desktop_Black_Logo-1.svg\",\"contentUrl\":\"https:\/\/nazarene.org\/wp-content\/uploads\/2024\/06\/Naz_Desktop_Black_Logo-1.svg\",\"width\":258,\"height\":36,\"caption\":\"Church of the Nazarene\"},\"image\":{\"@id\":\"https:\/\/nazarene.org\/fr\/#\/schema\/logo\/image\/\"},\"sameAs\":[\"https:\/\/www.facebook.com\/NazareneOfficial\/\",\"https:\/\/x.com\/Nazarene\",\"https:\/\/www.instagram.com\/nazareneofficial\/\"]}]}<\/script>\n<!-- \/ Yoast SEO Premium plugin. -->","yoast_head_json":{"title":"L'\u00c9glise de la Fondation nazar\u00e9enne \u00e9lit un nouveau pr\u00e9sident - Church of the Nazarene","robots":{"index":"index","follow":"follow","max-snippet":"max-snippet:-1","max-image-preview":"max-image-preview:large","max-video-preview":"max-video-preview:-1"},"canonical":"https:\/\/nazarene.org\/fr\/news\/leglise-de-la-fondation-nazareenne-elit-un-nouveau-president\/","og_locale":"fr_FR","og_type":"article","og_title":"L'\u00c9glise de la Fondation nazar\u00e9enne \u00e9lit un nouveau pr\u00e9sident","og_description":"Le Conseil des administrateurs de l'\u00c9glise de la Fondation nazar\u00e9enne a \u00e9lu \u00e0 l'unanimit\u00e9 Mark E. Lail en tant que prochain pr\u00e9sident. Le vote \u00e9tait unanime. Lail prendra bureau le 2 mars 2022.","og_url":"https:\/\/nazarene.org\/fr\/news\/leglise-de-la-fondation-nazareenne-elit-un-nouveau-president\/","og_site_name":"Church of the Nazarene","article_publisher":"https:\/\/www.facebook.com\/NazareneOfficial\/","twitter_card":"summary_large_image","twitter_site":"@Nazarene","schema":{"@context":"https:\/\/schema.org","@graph":[{"@type":"WebPage","@id":"https:\/\/nazarene.org\/fr\/news\/leglise-de-la-fondation-nazareenne-elit-un-nouveau-president\/","url":"https:\/\/nazarene.org\/fr\/news\/leglise-de-la-fondation-nazareenne-elit-un-nouveau-president\/","name":"L'\u00c9glise de la Fondation nazar\u00e9enne \u00e9lit un nouveau pr\u00e9sident - Church of the Nazarene","isPartOf":{"@id":"https:\/\/nazarene.org\/fr\/#website"},"primaryImageOfPage":{"@id":"https:\/\/nazarene.org\/fr\/news\/leglise-de-la-fondation-nazareenne-elit-un-nouveau-president\/#primaryimage"},"image":{"@id":"https:\/\/nazarene.org\/fr\/news\/leglise-de-la-fondation-nazareenne-elit-un-nouveau-president\/#primaryimage"},"thumbnailUrl":"https:\/\/nazarene.org\/wp-content\/uploads\/2025\/02\/LailFoundation-scaled.jpg","datePublished":"2022-01-07T06:00:00+00:00","breadcrumb":{"@id":"https:\/\/nazarene.org\/fr\/news\/leglise-de-la-fondation-nazareenne-elit-un-nouveau-president\/#breadcrumb"},"inLanguage":"fr-FR","potentialAction":[{"@type":"ReadAction","target":["https:\/\/nazarene.org\/fr\/news\/leglise-de-la-fondation-nazareenne-elit-un-nouveau-president\/"]}]},{"@type":"ImageObject","inLanguage":"fr-FR","@id":"https:\/\/nazarene.org\/fr\/news\/leglise-de-la-fondation-nazareenne-elit-un-nouveau-president\/#primaryimage","url":"https:\/\/nazarene.org\/wp-content\/uploads\/2025\/02\/LailFoundation-scaled.jpg","contentUrl":"https:\/\/nazarene.org\/wp-content\/uploads\/2025\/02\/LailFoundation-scaled.jpg","width":2560,"height":1366},{"@type":"BreadcrumbList","@id":"https:\/\/nazarene.org\/fr\/news\/leglise-de-la-fondation-nazareenne-elit-un-nouveau-president\/#breadcrumb","itemListElement":[{"@type":"ListItem","position":1,"name":"Home","item":"https:\/\/nazarene.org\/fr\/"},{"@type":"ListItem","position":2,"name":"News","item":"https:\/\/nazarene.org\/fr\/news\/"},{"@type":"ListItem","position":3,"name":"L&#8217;\u00c9glise de la Fondation nazar\u00e9enne \u00e9lit un nouveau pr\u00e9sident"}]},{"@type":"WebSite","@id":"https:\/\/nazarene.org\/fr\/#website","url":"https:\/\/nazarene.org\/fr\/","name":"Church of the Nazarene","description":"Making Christlike Disciples in the Nations","publisher":{"@id":"https:\/\/nazarene.org\/fr\/#organization"},"potentialAction":[{"@type":"SearchAction","target":{"@type":"EntryPoint","urlTemplate":"https:\/\/nazarene.org\/fr\/?s={search_term_string}"},"query-input":{"@type":"PropertyValueSpecification","valueRequired":true,"valueName":"search_term_string"}}],"inLanguage":"fr-FR"},{"@type":"Organization","@id":"https:\/\/nazarene.org\/fr\/#organization","name":"Church of the Nazarene","url":"https:\/\/nazarene.org\/fr\/","logo":{"@type":"ImageObject","inLanguage":"fr-FR","@id":"https:\/\/nazarene.org\/fr\/#\/schema\/logo\/image\/","url":"https:\/\/nazarene.org\/wp-content\/uploads\/2024\/06\/Naz_Desktop_Black_Logo-1.svg","contentUrl":"https:\/\/nazarene.org\/wp-content\/uploads\/2024\/06\/Naz_Desktop_Black_Logo-1.svg","width":258,"height":36,"caption":"Church of the Nazarene"},"image":{"@id":"https:\/\/nazarene.org\/fr\/#\/schema\/logo\/image\/"},"sameAs":["https:\/\/www.facebook.com\/NazareneOfficial\/","https:\/\/x.com\/Nazarene","https:\/\/www.instagram.com\/nazareneofficial\/"]}]}},"_links":{"self":[{"href":"https:\/\/nazarene.org\/fr\/wp-json\/wp\/v2\/news\/46709","targetHints":{"allow":["GET"]}}],"collection":[{"href":"https:\/\/nazarene.org\/fr\/wp-json\/wp\/v2\/news"}],"about":[{"href":"https:\/\/nazarene.org\/fr\/wp-json\/wp\/v2\/types\/news"}],"author":[{"embeddable":true,"href":"https:\/\/nazarene.org\/fr\/wp-json\/wp\/v2\/users\/1"}],"version-history":[{"count":0,"href":"https:\/\/nazarene.org\/fr\/wp-json\/wp\/v2\/news\/46709\/revisions"}],"wp:featuredmedia":[{"embeddable":true,"href":"https:\/\/nazarene.org\/fr\/wp-json\/wp\/v2\/media\/28031"}],"wp:attachment":[{"href":"https:\/\/nazarene.org\/fr\/wp-json\/wp\/v2\/media?parent=46709"}],"wp:term":[{"taxonomy":"news-categories","embeddable":true,"href":"https:\/\/nazarene.org\/fr\/wp-json\/wp\/v2\/news-categories?post=46709"},{"taxonomy":"news-region-taxonomy","embeddable":true,"href":"https:\/\/nazarene.org\/fr\/wp-json\/wp\/v2\/news-region-taxonomy?post=46709"},{"taxonomy":"news-tag","embeddable":true,"href":"https:\/\/nazarene.org\/fr\/wp-json\/wp\/v2\/news-tag?post=46709"}],"curies":[{"name":"wp","href":"https:\/\/api.w.org\/{rel}","templated":true}]}}