{"id":46034,"date":"2022-06-16T00:00:00","date_gmt":"2022-06-16T05:00:00","guid":{"rendered":"https:\/\/nazarene.org\/news\/la-grace-qui-va-avant-le-couple-missionnaire-partage-le-voyage-de-disciple\/"},"modified":"2022-06-16T00:00:00","modified_gmt":"2022-06-16T05:00:00","slug":"la-grace-qui-va-avant-le-couple-missionnaire-partage-le-voyage-de-disciple","status":"publish","type":"news","link":"https:\/\/nazarene.org\/fr\/news\/la-grace-qui-va-avant-le-couple-missionnaire-partage-le-voyage-de-disciple\/","title":{"rendered":"La gr\u00e2ce qui va avant : Le couple missionnaire partage le voyage de disciple"},"content":{"rendered":"<p>Mireu et Mijiye Kim ont d\u00e9m\u00e9nag\u00e9 en Tha\u00eflande en novembre 2021 en tant que missionnaires. En couple, ils ont commenc\u00e9 \u00e0 prier que Dieu ouvrait &nbsp;les portes pour eux alors qu&rsquo;ils apprennent la langue tha\u00eflandaise et s&rsquo;immergent dans la culture tha\u00eflandaise.<\/p>\n<p>Il y a quelques mois, Mireu et Mijiye ont assist\u00e9 \u00e0 un \u00e9v\u00e9nement de formation organis\u00e9 par l&rsquo;\u00e9quipe du minist\u00e8re pionnier du champ d&rsquo;Asie du Sud-Est. L&rsquo;une des strat\u00e9gies qu&rsquo;elles ont apprises est bas\u00e9e sur l&rsquo;histoire de Lydia d&rsquo;Actes 16 : 9-15, &nbsp;qui est un exemple d&rsquo;un voyage de gr\u00e2ce parce que le Saint-Esprit a conduit Lydia \u00e0 l&rsquo;endroit o\u00f9 Paul pr\u00eachait.<\/p>\n<p>Apr\u00e8s avoir appris sur cela, les Kims ont commenc\u00e9 \u00e0 prier pour des opportunit\u00e9s d&rsquo;appliquer la strat\u00e9gie Lydia dans leur domaine de minist\u00e8re. Ils croyaient que Dieu \u00e9tait d\u00e9j\u00e0 au travail et avait pr\u00e9par\u00e9 le chemin pour eux m\u00eame avant d&rsquo;arriver dans le pays.&nbsp;<\/p>\n<p>Un jour, lorsque Mijiye est all\u00e9 au march\u00e9, elle a rencontr\u00e9 une femme chr\u00e9tienne. Mijiye a d\u00een\u00e9 avec la femme plusieurs fois et Mireu et Mijiye ont continu\u00e9 \u00e0 prier pour elle. Par elle, ils ont rencontr\u00e9 d&rsquo;autres personnes sur le march\u00e9, y compris un vendeur de fruits. Comme ils \u00e9taient toutes des femmes, Mireu a encourag\u00e9 Mijiye \u00e0 sortir et \u00e0 passer plus de temps avec eux. Une fois, les &nbsp;femmes ont invit\u00e9 Mireu \u00e0 leur maison \u00e9galement.<\/p>\n<p>Je suis all\u00e9 \u00e0 leur maison et a b\u00e9ni leur famille \u00bb, a d\u00e9clar\u00e9 Mireu. J&rsquo;avais l&rsquo;opportunit\u00e9 de partager l&rsquo;\u00c9vangile par mon t\u00e9moignage de vie. Nous avons \u00e9galement \u00e9cout\u00e9 de la musique chr\u00e9tienne. \u00a0\u00bb&nbsp;<\/p>\n<p><span style=\"letter-spacing: 0.02em;\">Lorsque l&rsquo;une des femmes a demand\u00e9 \u00e0 la femme chr\u00e9tienne sur l&rsquo;\u00c9glise&nbsp;, a r\u00e9pondu, \u00ab J&rsquo;ai toujours peur d&rsquo;aller \u00e0 l&rsquo;\u00c9glise \u00e0 cause du COVID-19. Depuis le d\u00e9but de la pand\u00e9mie, je n&rsquo;ai pas \u00e9t\u00e9 \u00e0 l&rsquo;\u00c9glise et il est presque deux ans maintenant. \u00bb<\/span><\/p>\n<p>Cependant, avec l&rsquo;encouragement re\u00e7u des femmes, elle a finalement d\u00e9cid\u00e9 de retourner \u00e0 l&rsquo;\u00c9glise. Maintenant, Mireu et Mijiye prient pour le vendeur de fruits et les autres femmes qu&rsquo;elles aussi les rejoindront \u00e0 l&rsquo;\u00c9glise.<\/p>\n<p>Ce n&rsquo;est qu&rsquo;un exemple de la fa\u00e7on dont Dieu se d\u00e9place dans la vie des gens.&nbsp;<\/p>\n<p>Je crois qu&rsquo;il y a de nombreux Lydias autour du champ d&rsquo;Asie du Sud-Est qui attendent que nous les rencontrions \u00bb, a partag\u00e9 Mireu. Veuillez prier pour ce pays et le champ d&rsquo;Asie du Sud-Est. Priez \u00e9galement pour les missionnaires travaillant dans ce champ. \u00ab\u00a0<\/p>\n<p>\u00c9glise de l&rsquo;Asie-Pacifique<\/p>\n","protected":false},"excerpt":{"rendered":"<p>Mireu et Mijiye Kim ont d\u00e9m\u00e9nag\u00e9 en Tha\u00eflande en novembre 2021 en tant que missionnaires. En couple, ils ont commenc\u00e9 \u00e0 prier que Dieu ouvrirait les portes pour eux alors qu&rsquo;ils apprennent la langue tha\u00eflandaise et s&rsquo;immergent dans la culture tha\u00eflandaise.<\/p>\n","protected":false},"author":1,"featured_media":28507,"menu_order":0,"template":"","news-categories":[],"news-region-taxonomy":[],"news-tag":[949,750,859],"class_list":["post-46034","news","type-news","status-publish","has-post-thumbnail","hentry","news-tag-missions-fr","news-tag-region-asie-pacifique","news-tag-thailande"],"yoast_head":"<!-- This site is optimized with the Yoast SEO Premium plugin v27.1 (Yoast SEO v27.1.1) - https:\/\/yoast.com\/product\/yoast-seo-premium-wordpress\/ -->\n<title>La gr\u00e2ce qui va avant : Le couple missionnaire partage le voyage de disciple - Church of the Nazarene<\/title>\n<meta name=\"robots\" content=\"index, follow, max-snippet:-1, max-image-preview:large, max-video-preview:-1\" \/>\n<link rel=\"canonical\" href=\"https:\/\/nazarene.org\/fr\/news\/la-grace-qui-va-avant-le-couple-missionnaire-partage-le-voyage-de-disciple\/\" \/>\n<meta property=\"og:locale\" content=\"fr_FR\" \/>\n<meta property=\"og:type\" content=\"article\" \/>\n<meta property=\"og:title\" content=\"La gr\u00e2ce qui va avant : Le couple missionnaire partage le voyage de disciple\" \/>\n<meta property=\"og:description\" content=\"Mireu et Mijiye Kim ont d\u00e9m\u00e9nag\u00e9 en Tha\u00eflande en novembre 2021 en tant que missionnaires. En couple, ils ont commenc\u00e9 \u00e0 prier que Dieu ouvrirait les portes pour eux alors qu&#039;ils apprennent la langue tha\u00eflandaise et s&#039;immergent dans la culture tha\u00eflandaise.\" \/>\n<meta property=\"og:url\" content=\"https:\/\/nazarene.org\/fr\/news\/la-grace-qui-va-avant-le-couple-missionnaire-partage-le-voyage-de-disciple\/\" \/>\n<meta property=\"og:site_name\" content=\"Church of the Nazarene\" \/>\n<meta property=\"article:publisher\" content=\"https:\/\/www.facebook.com\/NazareneOfficial\/\" \/>\n<meta name=\"twitter:card\" content=\"summary_large_image\" \/>\n<meta name=\"twitter:site\" content=\"@Nazarene\" \/>\n<script type=\"application\/ld+json\" class=\"yoast-schema-graph\">{\"@context\":\"https:\/\/schema.org\",\"@graph\":[{\"@type\":\"WebPage\",\"@id\":\"https:\/\/nazarene.org\/fr\/news\/la-grace-qui-va-avant-le-couple-missionnaire-partage-le-voyage-de-disciple\/\",\"url\":\"https:\/\/nazarene.org\/fr\/news\/la-grace-qui-va-avant-le-couple-missionnaire-partage-le-voyage-de-disciple\/\",\"name\":\"La gr\u00e2ce qui va avant : Le couple missionnaire partage le voyage de disciple - Church of the Nazarene\",\"isPartOf\":{\"@id\":\"https:\/\/nazarene.org\/fr\/#website\"},\"primaryImageOfPage\":{\"@id\":\"https:\/\/nazarene.org\/fr\/news\/la-grace-qui-va-avant-le-couple-missionnaire-partage-le-voyage-de-disciple\/#primaryimage\"},\"image\":{\"@id\":\"https:\/\/nazarene.org\/fr\/news\/la-grace-qui-va-avant-le-couple-missionnaire-partage-le-voyage-de-disciple\/#primaryimage\"},\"thumbnailUrl\":\"https:\/\/nazarene.org\/wp-content\/uploads\/2025\/02\/mijiye-copy.jpg\",\"datePublished\":\"2022-06-16T05:00:00+00:00\",\"breadcrumb\":{\"@id\":\"https:\/\/nazarene.org\/fr\/news\/la-grace-qui-va-avant-le-couple-missionnaire-partage-le-voyage-de-disciple\/#breadcrumb\"},\"inLanguage\":\"fr-FR\",\"potentialAction\":[{\"@type\":\"ReadAction\",\"target\":[\"https:\/\/nazarene.org\/fr\/news\/la-grace-qui-va-avant-le-couple-missionnaire-partage-le-voyage-de-disciple\/\"]}]},{\"@type\":\"ImageObject\",\"inLanguage\":\"fr-FR\",\"@id\":\"https:\/\/nazarene.org\/fr\/news\/la-grace-qui-va-avant-le-couple-missionnaire-partage-le-voyage-de-disciple\/#primaryimage\",\"url\":\"https:\/\/nazarene.org\/wp-content\/uploads\/2025\/02\/mijiye-copy.jpg\",\"contentUrl\":\"https:\/\/nazarene.org\/wp-content\/uploads\/2025\/02\/mijiye-copy.jpg\",\"width\":750,\"height\":400},{\"@type\":\"BreadcrumbList\",\"@id\":\"https:\/\/nazarene.org\/fr\/news\/la-grace-qui-va-avant-le-couple-missionnaire-partage-le-voyage-de-disciple\/#breadcrumb\",\"itemListElement\":[{\"@type\":\"ListItem\",\"position\":1,\"name\":\"Home\",\"item\":\"https:\/\/nazarene.org\/fr\/\"},{\"@type\":\"ListItem\",\"position\":2,\"name\":\"News\",\"item\":\"https:\/\/nazarene.org\/fr\/news\/\"},{\"@type\":\"ListItem\",\"position\":3,\"name\":\"La gr\u00e2ce qui va avant : Le couple missionnaire partage le voyage de disciple\"}]},{\"@type\":\"WebSite\",\"@id\":\"https:\/\/nazarene.org\/fr\/#website\",\"url\":\"https:\/\/nazarene.org\/fr\/\",\"name\":\"Church of the Nazarene\",\"description\":\"Making Christlike Disciples in the Nations\",\"publisher\":{\"@id\":\"https:\/\/nazarene.org\/fr\/#organization\"},\"potentialAction\":[{\"@type\":\"SearchAction\",\"target\":{\"@type\":\"EntryPoint\",\"urlTemplate\":\"https:\/\/nazarene.org\/fr\/?s={search_term_string}\"},\"query-input\":{\"@type\":\"PropertyValueSpecification\",\"valueRequired\":true,\"valueName\":\"search_term_string\"}}],\"inLanguage\":\"fr-FR\"},{\"@type\":\"Organization\",\"@id\":\"https:\/\/nazarene.org\/fr\/#organization\",\"name\":\"Church of the Nazarene\",\"url\":\"https:\/\/nazarene.org\/fr\/\",\"logo\":{\"@type\":\"ImageObject\",\"inLanguage\":\"fr-FR\",\"@id\":\"https:\/\/nazarene.org\/fr\/#\/schema\/logo\/image\/\",\"url\":\"https:\/\/nazarene.org\/wp-content\/uploads\/2024\/06\/Naz_Desktop_Black_Logo-1.svg\",\"contentUrl\":\"https:\/\/nazarene.org\/wp-content\/uploads\/2024\/06\/Naz_Desktop_Black_Logo-1.svg\",\"width\":258,\"height\":36,\"caption\":\"Church of the Nazarene\"},\"image\":{\"@id\":\"https:\/\/nazarene.org\/fr\/#\/schema\/logo\/image\/\"},\"sameAs\":[\"https:\/\/www.facebook.com\/NazareneOfficial\/\",\"https:\/\/x.com\/Nazarene\",\"https:\/\/www.instagram.com\/nazareneofficial\/\"]}]}<\/script>\n<!-- \/ Yoast SEO Premium plugin. -->","yoast_head_json":{"title":"La gr\u00e2ce qui va avant : Le couple missionnaire partage le voyage de disciple - Church of the Nazarene","robots":{"index":"index","follow":"follow","max-snippet":"max-snippet:-1","max-image-preview":"max-image-preview:large","max-video-preview":"max-video-preview:-1"},"canonical":"https:\/\/nazarene.org\/fr\/news\/la-grace-qui-va-avant-le-couple-missionnaire-partage-le-voyage-de-disciple\/","og_locale":"fr_FR","og_type":"article","og_title":"La gr\u00e2ce qui va avant : Le couple missionnaire partage le voyage de disciple","og_description":"Mireu et Mijiye Kim ont d\u00e9m\u00e9nag\u00e9 en Tha\u00eflande en novembre 2021 en tant que missionnaires. En couple, ils ont commenc\u00e9 \u00e0 prier que Dieu ouvrirait les portes pour eux alors qu'ils apprennent la langue tha\u00eflandaise et s'immergent dans la culture tha\u00eflandaise.","og_url":"https:\/\/nazarene.org\/fr\/news\/la-grace-qui-va-avant-le-couple-missionnaire-partage-le-voyage-de-disciple\/","og_site_name":"Church of the Nazarene","article_publisher":"https:\/\/www.facebook.com\/NazareneOfficial\/","twitter_card":"summary_large_image","twitter_site":"@Nazarene","schema":{"@context":"https:\/\/schema.org","@graph":[{"@type":"WebPage","@id":"https:\/\/nazarene.org\/fr\/news\/la-grace-qui-va-avant-le-couple-missionnaire-partage-le-voyage-de-disciple\/","url":"https:\/\/nazarene.org\/fr\/news\/la-grace-qui-va-avant-le-couple-missionnaire-partage-le-voyage-de-disciple\/","name":"La gr\u00e2ce qui va avant : Le couple missionnaire partage le voyage de disciple - Church of the Nazarene","isPartOf":{"@id":"https:\/\/nazarene.org\/fr\/#website"},"primaryImageOfPage":{"@id":"https:\/\/nazarene.org\/fr\/news\/la-grace-qui-va-avant-le-couple-missionnaire-partage-le-voyage-de-disciple\/#primaryimage"},"image":{"@id":"https:\/\/nazarene.org\/fr\/news\/la-grace-qui-va-avant-le-couple-missionnaire-partage-le-voyage-de-disciple\/#primaryimage"},"thumbnailUrl":"https:\/\/nazarene.org\/wp-content\/uploads\/2025\/02\/mijiye-copy.jpg","datePublished":"2022-06-16T05:00:00+00:00","breadcrumb":{"@id":"https:\/\/nazarene.org\/fr\/news\/la-grace-qui-va-avant-le-couple-missionnaire-partage-le-voyage-de-disciple\/#breadcrumb"},"inLanguage":"fr-FR","potentialAction":[{"@type":"ReadAction","target":["https:\/\/nazarene.org\/fr\/news\/la-grace-qui-va-avant-le-couple-missionnaire-partage-le-voyage-de-disciple\/"]}]},{"@type":"ImageObject","inLanguage":"fr-FR","@id":"https:\/\/nazarene.org\/fr\/news\/la-grace-qui-va-avant-le-couple-missionnaire-partage-le-voyage-de-disciple\/#primaryimage","url":"https:\/\/nazarene.org\/wp-content\/uploads\/2025\/02\/mijiye-copy.jpg","contentUrl":"https:\/\/nazarene.org\/wp-content\/uploads\/2025\/02\/mijiye-copy.jpg","width":750,"height":400},{"@type":"BreadcrumbList","@id":"https:\/\/nazarene.org\/fr\/news\/la-grace-qui-va-avant-le-couple-missionnaire-partage-le-voyage-de-disciple\/#breadcrumb","itemListElement":[{"@type":"ListItem","position":1,"name":"Home","item":"https:\/\/nazarene.org\/fr\/"},{"@type":"ListItem","position":2,"name":"News","item":"https:\/\/nazarene.org\/fr\/news\/"},{"@type":"ListItem","position":3,"name":"La gr\u00e2ce qui va avant : Le couple missionnaire partage le voyage de disciple"}]},{"@type":"WebSite","@id":"https:\/\/nazarene.org\/fr\/#website","url":"https:\/\/nazarene.org\/fr\/","name":"Church of the Nazarene","description":"Making Christlike Disciples in the Nations","publisher":{"@id":"https:\/\/nazarene.org\/fr\/#organization"},"potentialAction":[{"@type":"SearchAction","target":{"@type":"EntryPoint","urlTemplate":"https:\/\/nazarene.org\/fr\/?s={search_term_string}"},"query-input":{"@type":"PropertyValueSpecification","valueRequired":true,"valueName":"search_term_string"}}],"inLanguage":"fr-FR"},{"@type":"Organization","@id":"https:\/\/nazarene.org\/fr\/#organization","name":"Church of the Nazarene","url":"https:\/\/nazarene.org\/fr\/","logo":{"@type":"ImageObject","inLanguage":"fr-FR","@id":"https:\/\/nazarene.org\/fr\/#\/schema\/logo\/image\/","url":"https:\/\/nazarene.org\/wp-content\/uploads\/2024\/06\/Naz_Desktop_Black_Logo-1.svg","contentUrl":"https:\/\/nazarene.org\/wp-content\/uploads\/2024\/06\/Naz_Desktop_Black_Logo-1.svg","width":258,"height":36,"caption":"Church of the Nazarene"},"image":{"@id":"https:\/\/nazarene.org\/fr\/#\/schema\/logo\/image\/"},"sameAs":["https:\/\/www.facebook.com\/NazareneOfficial\/","https:\/\/x.com\/Nazarene","https:\/\/www.instagram.com\/nazareneofficial\/"]}]}},"_links":{"self":[{"href":"https:\/\/nazarene.org\/fr\/wp-json\/wp\/v2\/news\/46034","targetHints":{"allow":["GET"]}}],"collection":[{"href":"https:\/\/nazarene.org\/fr\/wp-json\/wp\/v2\/news"}],"about":[{"href":"https:\/\/nazarene.org\/fr\/wp-json\/wp\/v2\/types\/news"}],"author":[{"embeddable":true,"href":"https:\/\/nazarene.org\/fr\/wp-json\/wp\/v2\/users\/1"}],"version-history":[{"count":0,"href":"https:\/\/nazarene.org\/fr\/wp-json\/wp\/v2\/news\/46034\/revisions"}],"wp:featuredmedia":[{"embeddable":true,"href":"https:\/\/nazarene.org\/fr\/wp-json\/wp\/v2\/media\/28507"}],"wp:attachment":[{"href":"https:\/\/nazarene.org\/fr\/wp-json\/wp\/v2\/media?parent=46034"}],"wp:term":[{"taxonomy":"news-categories","embeddable":true,"href":"https:\/\/nazarene.org\/fr\/wp-json\/wp\/v2\/news-categories?post=46034"},{"taxonomy":"news-region-taxonomy","embeddable":true,"href":"https:\/\/nazarene.org\/fr\/wp-json\/wp\/v2\/news-region-taxonomy?post=46034"},{"taxonomy":"news-tag","embeddable":true,"href":"https:\/\/nazarene.org\/fr\/wp-json\/wp\/v2\/news-tag?post=46034"}],"curies":[{"name":"wp","href":"https:\/\/api.w.org\/{rel}","templated":true}]}}