{"id":45710,"date":"2022-10-20T00:00:00","date_gmt":"2022-10-20T05:00:00","guid":{"rendered":"https:\/\/nazarene.org\/news\/ga-kids-apporte-la-programmation-des-enfants-a-lassemblee-generale\/"},"modified":"2022-10-20T00:00:00","modified_gmt":"2022-10-20T05:00:00","slug":"ga-kids-apporte-la-programmation-des-enfants-a-lassemblee-generale","status":"publish","type":"news","link":"https:\/\/nazarene.org\/fr\/news\/ga-kids-apporte-la-programmation-des-enfants-a-lassemblee-generale\/","title":{"rendered":"GA Kids apporte la programmation des enfants \u00e0 l&rsquo;Assembl\u00e9e g\u00e9n\u00e9rale"},"content":{"rendered":"<p>La conf\u00e9rence GA Kids, en liaison avec le Quiz mondial 2023, apportera la programmation des enfants \u00e0 l&rsquo;Assembl\u00e9e g\u00e9n\u00e9rale comme jamais auparavant. Pendant les services du soir du 9-11 juin 2023 \u00e0 la 30e Assembl\u00e9e g\u00e9n\u00e9rale et aux conventions, GA Kids sera un minist\u00e8re intentionnelle pour les enfants et les familles.<\/p>\n<p>GA Kids comportera des services pour la petite enfance et les enfants \u00e9l\u00e9mentaires, un service d&rsquo;adoration interg\u00e9n\u00e9rationnel et des opportunit\u00e9s engageantes pour toute la famille de se connecter avec sa famille nazar\u00e9enne mondiale, le tout \u00e0 un co\u00fbt minimal.<\/p>\n<p>L&rsquo;Assembl\u00e9e g\u00e9n\u00e9rale et les conventions 2023 ne seront comme aucun autre rassemblement que nous avons eu dans le pass\u00e9 \u00bb, a d\u00e9clar\u00e9 Scott Rainey, directeur mondial du disciple nazar\u00e9en. Il y aura des activit\u00e9s pour tous les \u00e2ges tout au long du week-end du 9-11 juin 2023. \u00ab\u00a0<\/p>\n<p>GA Kids auront des services sp\u00e9cifiques \u00e0 l&rsquo;\u00e2ge pour la petite enfance (3 ans et pot form\u00e9 par le jardin d&rsquo;enfants termin\u00e9) et \u00e9l\u00e9mentaire (termin\u00e9 de la premi\u00e8re ann\u00e9e \u00e0 la 6e ann\u00e9e) le vendredi, le samedi et le dimanche soir. Le service de l&rsquo;Assembl\u00e9e g\u00e9n\u00e9rale principale et des conventions du dimanche matin sera un service interg\u00e9n\u00e9rationnel avec des services sp\u00e9cifiques \u00e0 l&rsquo;\u00e2ge pour la petite enfance uniquement.<\/p>\n<p>La programmation des enfants est dirig\u00e9e par un comit\u00e9 GA Kids compos\u00e9 de pasteurs nazar\u00e9ens, dirig\u00e9 par Trey et Candace Brooks d&rsquo;\u00c9quip pour Engager.<\/p>\n<p>Candice et moi sommes excit\u00e9s de diriger une \u00e9quipe dou\u00e9e de leaders d&rsquo;enfants nazar\u00e9ens pour ce minist\u00e8re incroyable investissant dans la vie des enfants et de leurs familles \u00bb, a d\u00e9clar\u00e9 Trey. Nous esp\u00e9rons voir toute votre famille l\u00e0 ! \u00ab\u00a0<\/p>\n<p>Les familles sont \u00e9galement les bienvenues pour assister au Quiz mondial 2023 le samedi 10 juin 2023.<\/p>\n<p>Alors que les quizzers se pr\u00e9parent pour le Quiz mondial 2023, ils \u00e9tudient 1 et 2 Samuel intens\u00e9ment \u00bb, a d\u00e9clar\u00e9 Dorothy Whipp, coordonnateur du Quiz mondial 2023. Le 10 juin sera un jour excitant alors que des milliers d&rsquo;\u00e9tudiants et de familles se r\u00e9unissent pour cette exp\u00e9rience inoubliable. \u00ab\u00a0<\/p>\n<p>Inscrivez-vous aujourd&rsquo;hui pour GA Kids en <a href=\"https:\/\/cvent.me\/YbN5nd\" target=\"_blank\">suivant ce lien<\/a>. L&rsquo;inscription se ferme le 8 mai 2023.<\/p>\n<p>Si votre famille a d\u00e9j\u00e0 envisag\u00e9 de venir \u00e0 l&rsquo;Assembl\u00e9e g\u00e9n\u00e9rale, cela est l&rsquo;ann\u00e9e \u00e0 venir \u00bb, a d\u00e9clar\u00e9 Rainey. Chaque groupe d&rsquo;\u00e2ge sera heureux que vous l&rsquo;avez fait ! \u00ab\u00a0<\/p>\n<p>De nombreux volontaires seront n\u00e9cessaires pour GA Kids. Pour en savoir plus sur la fa\u00e7on dont vous pouvez aider, <a href=\"https:\/\/www.nazarene.org\/article\/volunteers-needed-ga-kids-world-quiz-2023\" target=\"_blank\">cliquez ici<\/a>.<br \/>\nPour plus d&rsquo;informations sur &nbsp;la 30e Assembl\u00e9e g\u00e9n\u00e9rale et les conventions, <a href=\"https:\/\/ga2023.nazarene.org\/\" target=\"_blank\">cliquez ici<\/a>.<\/p>\n","protected":false},"excerpt":{"rendered":"<p>La conf\u00e9rence GA Kids, en liaison avec le Quiz mondial 2023, apportera la programmation des enfants \u00e0 l&rsquo;Assembl\u00e9e g\u00e9n\u00e9rale comme jamais auparavant. Pendant les services du soir du 9-11 juin 2023 \u00e0 la 30e Assembl\u00e9e g\u00e9n\u00e9rale et aux conventions, GA Kids sera un minist\u00e8re intentionnelle pour les enfants et les familles.<\/p>\n","protected":false},"author":1,"featured_media":28875,"menu_order":0,"template":"","news-categories":[],"news-region-taxonomy":[],"news-tag":[1641],"class_list":["post-45710","news","type-news","status-publish","has-post-thumbnail","hentry","news-tag-30e-assemblee-generale"],"yoast_head":"<!-- This site is optimized with the Yoast SEO Premium plugin v27.1 (Yoast SEO v27.1.1) - https:\/\/yoast.com\/product\/yoast-seo-premium-wordpress\/ -->\n<title>GA Kids apporte la programmation des enfants \u00e0 l&#039;Assembl\u00e9e g\u00e9n\u00e9rale - Church of the Nazarene<\/title>\n<meta name=\"robots\" content=\"index, follow, max-snippet:-1, max-image-preview:large, max-video-preview:-1\" \/>\n<link rel=\"canonical\" href=\"https:\/\/nazarene.org\/fr\/news\/ga-kids-apporte-la-programmation-des-enfants-a-lassemblee-generale\/\" \/>\n<meta property=\"og:locale\" content=\"fr_FR\" \/>\n<meta property=\"og:type\" content=\"article\" \/>\n<meta property=\"og:title\" content=\"GA Kids apporte la programmation des enfants \u00e0 l&#039;Assembl\u00e9e g\u00e9n\u00e9rale\" \/>\n<meta property=\"og:description\" content=\"La conf\u00e9rence GA Kids, en liaison avec le Quiz mondial 2023, apportera la programmation des enfants \u00e0 l&#039;Assembl\u00e9e g\u00e9n\u00e9rale comme jamais auparavant. Pendant les services du soir du 9-11 juin 2023 \u00e0 la 30e Assembl\u00e9e g\u00e9n\u00e9rale et aux conventions, GA Kids sera un minist\u00e8re intentionnelle pour les enfants et les familles.\" \/>\n<meta property=\"og:url\" content=\"https:\/\/nazarene.org\/fr\/news\/ga-kids-apporte-la-programmation-des-enfants-a-lassemblee-generale\/\" \/>\n<meta property=\"og:site_name\" content=\"Church of the Nazarene\" \/>\n<meta property=\"article:publisher\" content=\"https:\/\/www.facebook.com\/NazareneOfficial\/\" \/>\n<meta name=\"twitter:card\" content=\"summary_large_image\" \/>\n<meta name=\"twitter:site\" content=\"@Nazarene\" \/>\n<script type=\"application\/ld+json\" class=\"yoast-schema-graph\">{\"@context\":\"https:\/\/schema.org\",\"@graph\":[{\"@type\":\"WebPage\",\"@id\":\"https:\/\/nazarene.org\/fr\/news\/ga-kids-apporte-la-programmation-des-enfants-a-lassemblee-generale\/\",\"url\":\"https:\/\/nazarene.org\/fr\/news\/ga-kids-apporte-la-programmation-des-enfants-a-lassemblee-generale\/\",\"name\":\"GA Kids apporte la programmation des enfants \u00e0 l'Assembl\u00e9e g\u00e9n\u00e9rale - Church of the Nazarene\",\"isPartOf\":{\"@id\":\"https:\/\/nazarene.org\/fr\/#website\"},\"primaryImageOfPage\":{\"@id\":\"https:\/\/nazarene.org\/fr\/news\/ga-kids-apporte-la-programmation-des-enfants-a-lassemblee-generale\/#primaryimage\"},\"image\":{\"@id\":\"https:\/\/nazarene.org\/fr\/news\/ga-kids-apporte-la-programmation-des-enfants-a-lassemblee-generale\/#primaryimage\"},\"thumbnailUrl\":\"https:\/\/nazarene.org\/wp-content\/uploads\/2025\/02\/World-Quiz-2017.jpg\",\"datePublished\":\"2022-10-20T05:00:00+00:00\",\"breadcrumb\":{\"@id\":\"https:\/\/nazarene.org\/fr\/news\/ga-kids-apporte-la-programmation-des-enfants-a-lassemblee-generale\/#breadcrumb\"},\"inLanguage\":\"fr-FR\",\"potentialAction\":[{\"@type\":\"ReadAction\",\"target\":[\"https:\/\/nazarene.org\/fr\/news\/ga-kids-apporte-la-programmation-des-enfants-a-lassemblee-generale\/\"]}]},{\"@type\":\"ImageObject\",\"inLanguage\":\"fr-FR\",\"@id\":\"https:\/\/nazarene.org\/fr\/news\/ga-kids-apporte-la-programmation-des-enfants-a-lassemblee-generale\/#primaryimage\",\"url\":\"https:\/\/nazarene.org\/wp-content\/uploads\/2025\/02\/World-Quiz-2017.jpg\",\"contentUrl\":\"https:\/\/nazarene.org\/wp-content\/uploads\/2025\/02\/World-Quiz-2017.jpg\",\"width\":750,\"height\":400},{\"@type\":\"BreadcrumbList\",\"@id\":\"https:\/\/nazarene.org\/fr\/news\/ga-kids-apporte-la-programmation-des-enfants-a-lassemblee-generale\/#breadcrumb\",\"itemListElement\":[{\"@type\":\"ListItem\",\"position\":1,\"name\":\"Home\",\"item\":\"https:\/\/nazarene.org\/fr\/\"},{\"@type\":\"ListItem\",\"position\":2,\"name\":\"News\",\"item\":\"https:\/\/nazarene.org\/fr\/news\/\"},{\"@type\":\"ListItem\",\"position\":3,\"name\":\"GA Kids apporte la programmation des enfants \u00e0 l&#8217;Assembl\u00e9e g\u00e9n\u00e9rale\"}]},{\"@type\":\"WebSite\",\"@id\":\"https:\/\/nazarene.org\/fr\/#website\",\"url\":\"https:\/\/nazarene.org\/fr\/\",\"name\":\"Church of the Nazarene\",\"description\":\"Making Christlike Disciples in the Nations\",\"publisher\":{\"@id\":\"https:\/\/nazarene.org\/fr\/#organization\"},\"potentialAction\":[{\"@type\":\"SearchAction\",\"target\":{\"@type\":\"EntryPoint\",\"urlTemplate\":\"https:\/\/nazarene.org\/fr\/?s={search_term_string}\"},\"query-input\":{\"@type\":\"PropertyValueSpecification\",\"valueRequired\":true,\"valueName\":\"search_term_string\"}}],\"inLanguage\":\"fr-FR\"},{\"@type\":\"Organization\",\"@id\":\"https:\/\/nazarene.org\/fr\/#organization\",\"name\":\"Church of the Nazarene\",\"url\":\"https:\/\/nazarene.org\/fr\/\",\"logo\":{\"@type\":\"ImageObject\",\"inLanguage\":\"fr-FR\",\"@id\":\"https:\/\/nazarene.org\/fr\/#\/schema\/logo\/image\/\",\"url\":\"https:\/\/nazarene.org\/wp-content\/uploads\/2024\/06\/Naz_Desktop_Black_Logo-1.svg\",\"contentUrl\":\"https:\/\/nazarene.org\/wp-content\/uploads\/2024\/06\/Naz_Desktop_Black_Logo-1.svg\",\"width\":258,\"height\":36,\"caption\":\"Church of the Nazarene\"},\"image\":{\"@id\":\"https:\/\/nazarene.org\/fr\/#\/schema\/logo\/image\/\"},\"sameAs\":[\"https:\/\/www.facebook.com\/NazareneOfficial\/\",\"https:\/\/x.com\/Nazarene\",\"https:\/\/www.instagram.com\/nazareneofficial\/\"]}]}<\/script>\n<!-- \/ Yoast SEO Premium plugin. -->","yoast_head_json":{"title":"GA Kids apporte la programmation des enfants \u00e0 l'Assembl\u00e9e g\u00e9n\u00e9rale - Church of the Nazarene","robots":{"index":"index","follow":"follow","max-snippet":"max-snippet:-1","max-image-preview":"max-image-preview:large","max-video-preview":"max-video-preview:-1"},"canonical":"https:\/\/nazarene.org\/fr\/news\/ga-kids-apporte-la-programmation-des-enfants-a-lassemblee-generale\/","og_locale":"fr_FR","og_type":"article","og_title":"GA Kids apporte la programmation des enfants \u00e0 l'Assembl\u00e9e g\u00e9n\u00e9rale","og_description":"La conf\u00e9rence GA Kids, en liaison avec le Quiz mondial 2023, apportera la programmation des enfants \u00e0 l'Assembl\u00e9e g\u00e9n\u00e9rale comme jamais auparavant. Pendant les services du soir du 9-11 juin 2023 \u00e0 la 30e Assembl\u00e9e g\u00e9n\u00e9rale et aux conventions, GA Kids sera un minist\u00e8re intentionnelle pour les enfants et les familles.","og_url":"https:\/\/nazarene.org\/fr\/news\/ga-kids-apporte-la-programmation-des-enfants-a-lassemblee-generale\/","og_site_name":"Church of the Nazarene","article_publisher":"https:\/\/www.facebook.com\/NazareneOfficial\/","twitter_card":"summary_large_image","twitter_site":"@Nazarene","schema":{"@context":"https:\/\/schema.org","@graph":[{"@type":"WebPage","@id":"https:\/\/nazarene.org\/fr\/news\/ga-kids-apporte-la-programmation-des-enfants-a-lassemblee-generale\/","url":"https:\/\/nazarene.org\/fr\/news\/ga-kids-apporte-la-programmation-des-enfants-a-lassemblee-generale\/","name":"GA Kids apporte la programmation des enfants \u00e0 l'Assembl\u00e9e g\u00e9n\u00e9rale - Church of the Nazarene","isPartOf":{"@id":"https:\/\/nazarene.org\/fr\/#website"},"primaryImageOfPage":{"@id":"https:\/\/nazarene.org\/fr\/news\/ga-kids-apporte-la-programmation-des-enfants-a-lassemblee-generale\/#primaryimage"},"image":{"@id":"https:\/\/nazarene.org\/fr\/news\/ga-kids-apporte-la-programmation-des-enfants-a-lassemblee-generale\/#primaryimage"},"thumbnailUrl":"https:\/\/nazarene.org\/wp-content\/uploads\/2025\/02\/World-Quiz-2017.jpg","datePublished":"2022-10-20T05:00:00+00:00","breadcrumb":{"@id":"https:\/\/nazarene.org\/fr\/news\/ga-kids-apporte-la-programmation-des-enfants-a-lassemblee-generale\/#breadcrumb"},"inLanguage":"fr-FR","potentialAction":[{"@type":"ReadAction","target":["https:\/\/nazarene.org\/fr\/news\/ga-kids-apporte-la-programmation-des-enfants-a-lassemblee-generale\/"]}]},{"@type":"ImageObject","inLanguage":"fr-FR","@id":"https:\/\/nazarene.org\/fr\/news\/ga-kids-apporte-la-programmation-des-enfants-a-lassemblee-generale\/#primaryimage","url":"https:\/\/nazarene.org\/wp-content\/uploads\/2025\/02\/World-Quiz-2017.jpg","contentUrl":"https:\/\/nazarene.org\/wp-content\/uploads\/2025\/02\/World-Quiz-2017.jpg","width":750,"height":400},{"@type":"BreadcrumbList","@id":"https:\/\/nazarene.org\/fr\/news\/ga-kids-apporte-la-programmation-des-enfants-a-lassemblee-generale\/#breadcrumb","itemListElement":[{"@type":"ListItem","position":1,"name":"Home","item":"https:\/\/nazarene.org\/fr\/"},{"@type":"ListItem","position":2,"name":"News","item":"https:\/\/nazarene.org\/fr\/news\/"},{"@type":"ListItem","position":3,"name":"GA Kids apporte la programmation des enfants \u00e0 l&#8217;Assembl\u00e9e g\u00e9n\u00e9rale"}]},{"@type":"WebSite","@id":"https:\/\/nazarene.org\/fr\/#website","url":"https:\/\/nazarene.org\/fr\/","name":"Church of the Nazarene","description":"Making Christlike Disciples in the Nations","publisher":{"@id":"https:\/\/nazarene.org\/fr\/#organization"},"potentialAction":[{"@type":"SearchAction","target":{"@type":"EntryPoint","urlTemplate":"https:\/\/nazarene.org\/fr\/?s={search_term_string}"},"query-input":{"@type":"PropertyValueSpecification","valueRequired":true,"valueName":"search_term_string"}}],"inLanguage":"fr-FR"},{"@type":"Organization","@id":"https:\/\/nazarene.org\/fr\/#organization","name":"Church of the Nazarene","url":"https:\/\/nazarene.org\/fr\/","logo":{"@type":"ImageObject","inLanguage":"fr-FR","@id":"https:\/\/nazarene.org\/fr\/#\/schema\/logo\/image\/","url":"https:\/\/nazarene.org\/wp-content\/uploads\/2024\/06\/Naz_Desktop_Black_Logo-1.svg","contentUrl":"https:\/\/nazarene.org\/wp-content\/uploads\/2024\/06\/Naz_Desktop_Black_Logo-1.svg","width":258,"height":36,"caption":"Church of the Nazarene"},"image":{"@id":"https:\/\/nazarene.org\/fr\/#\/schema\/logo\/image\/"},"sameAs":["https:\/\/www.facebook.com\/NazareneOfficial\/","https:\/\/x.com\/Nazarene","https:\/\/www.instagram.com\/nazareneofficial\/"]}]}},"_links":{"self":[{"href":"https:\/\/nazarene.org\/fr\/wp-json\/wp\/v2\/news\/45710","targetHints":{"allow":["GET"]}}],"collection":[{"href":"https:\/\/nazarene.org\/fr\/wp-json\/wp\/v2\/news"}],"about":[{"href":"https:\/\/nazarene.org\/fr\/wp-json\/wp\/v2\/types\/news"}],"author":[{"embeddable":true,"href":"https:\/\/nazarene.org\/fr\/wp-json\/wp\/v2\/users\/1"}],"version-history":[{"count":0,"href":"https:\/\/nazarene.org\/fr\/wp-json\/wp\/v2\/news\/45710\/revisions"}],"wp:featuredmedia":[{"embeddable":true,"href":"https:\/\/nazarene.org\/fr\/wp-json\/wp\/v2\/media\/28875"}],"wp:attachment":[{"href":"https:\/\/nazarene.org\/fr\/wp-json\/wp\/v2\/media?parent=45710"}],"wp:term":[{"taxonomy":"news-categories","embeddable":true,"href":"https:\/\/nazarene.org\/fr\/wp-json\/wp\/v2\/news-categories?post=45710"},{"taxonomy":"news-region-taxonomy","embeddable":true,"href":"https:\/\/nazarene.org\/fr\/wp-json\/wp\/v2\/news-region-taxonomy?post=45710"},{"taxonomy":"news-tag","embeddable":true,"href":"https:\/\/nazarene.org\/fr\/wp-json\/wp\/v2\/news-tag?post=45710"}],"curies":[{"name":"wp","href":"https:\/\/api.w.org\/{rel}","templated":true}]}}