{"id":45578,"date":"2022-11-10T00:00:00","date_gmt":"2022-11-10T06:00:00","guid":{"rendered":"https:\/\/nazarene.org\/news\/jai-un-nom-apporte-la-dignite-aux-sans-abri-a-kansas-city\/"},"modified":"2022-11-10T00:00:00","modified_gmt":"2022-11-10T06:00:00","slug":"jai-un-nom-apporte-la-dignite-aux-sans-abri-a-kansas-city","status":"publish","type":"news","link":"https:\/\/nazarene.org\/fr\/news\/jai-un-nom-apporte-la-dignite-aux-sans-abri-a-kansas-city\/","title":{"rendered":"J&rsquo;ai un nom \u00bb apporte la dignit\u00e9 aux sans-abri \u00e0 Kansas City"},"content":{"rendered":"<p>Plus de quatre fois une semaine, Don Pardew fait son chemin dans les divers campements de sans-abri \u00e0 Kansas City, Missouri. Il apporte de la nourriture, des couvertures, des chauffages au propane, des manteaux et plus pour distribuer par son minist\u00e8re, J&rsquo;ai un nom ou I.H.A.N.<\/p>\n<p>Les efforts de Pardew ont commenc\u00e9 pendant la pand\u00e9mie de COVID-19 lorsqu&rsquo;il verrait des sans-abri aux coins de la rue avec des signes demandant de l&rsquo;argent. Il a commenc\u00e9 \u00e0 se demander : \u00ab Quel est leur nom ? Quelle est leur histoire ? \u00bb<\/p>\n<p>J&rsquo;ai remarqu\u00e9 que les gens se sont arr\u00eat\u00e9s, ont donn\u00e9 un dollar et ont conduit \u00bb, a d\u00e9clar\u00e9 Pardew. Cela est important. Mais quel est le nom de ce gars ? Quel est le nom de cette fille ? Quelle est leur histoire sans la comparer \u00e0 la v\u00f4tre ? \u00ab\u00a0<\/p>\n<p>Bien que ses efforts aient commenc\u00e9 en tant qu&rsquo;effort individuel, le soutien de son \u00c9glise, l&rsquo;\u00c9glise de Nall Avenue du Nazar\u00e9en \u00e0 Mission, Kansas, lui a permis de faire grandir le minist\u00e8re en quelque chose de plus significatif.<\/p>\n<p>Pardew sortira les lundis et les mardis dans les camps de sans-abri pr\u00e8s du centre-ville de Kansas City, v\u00e9rifiera la sant\u00e9 et la s\u00e9curit\u00e9 des r\u00e9sidents, prendra l&rsquo;inventaire des besoins et peut-\u00eatre m\u00eame apporter quelques collations.<\/p>\n<p>Les quatri\u00e8me jours apr\u00e8s le travail, Pardew s&rsquo;arr\u00eate par la cuisine de l&rsquo;\u00c9glise pour prendre environ 30-40 repas chauds qui ont \u00e9t\u00e9 donn\u00e9s et pr\u00e9par\u00e9s \u00e0 la main par plusieurs volontaires de la congr\u00e9gation. Les vendredis, il prend \u00e0 nouveau l&rsquo;inventaire avant de passer la plupart du samedi \u00e0 distribuer des n\u00e9cessit\u00e9s comme des manteaux, des gants, des casquettes de stockage et des articles hygi\u00e9niques \u00e0 divers camps avec un groupe de volontaires de l&rsquo;\u00c9glise.<\/p>\n<p>La curiosit\u00e9 et l&#8217;empathie de Pardew proviennent de sa propre histoire. Il a fait l&rsquo;exp\u00e9rience de l&rsquo;itin\u00e9rance \u00e0 l&rsquo;\u00e2ge de 10 ans, dormant derri\u00e8re une benne pour \u00e9chapper \u00e0 sa vie \u00e0 la maison abusive. En tant qu&rsquo;adulte, il a combattu la d\u00e9pendance \u00e0 la drogue pendant pr\u00e8s de 25 ans. Maintenant qu&rsquo;il a d\u00e9pass\u00e9 ses jours les plus sombres, il utilise maintenant ce pass\u00e9 pour se connecter aux gens.<\/p>\n<p>Ils partagent leur histoire et je peux partager mon histoire et ma marche avec le Christ parce que j&rsquo;ai \u00e9t\u00e9 dans des situations similaires \u00bb, a d\u00e9clar\u00e9 Pardew. Si je partage cela avec eux alors qu&rsquo;ils partagent leur histoire, il y a une connexion. \u00ab\u00a0<\/p>\n<p>Pardew croit que les noms sont puissants lorsqu&rsquo;ils cr\u00e9ent une connexion.<\/p>\n<p>Lorsque vous voyez \u00e0 quel point il est important pour eux, ils font une double prise et regardent, et vous pouvez dire qu&rsquo;ils pensent : \u00ab C&rsquo;est ma famille. Ils me reconnaissent. Ils me connaissent, \u00bb Pardew a dit.<\/p>\n<p>Pardew, un entrepreneur m\u00e9canique pour le groupe P-1, a \u00e9t\u00e9 nomm\u00e9 pour repr\u00e9senter son district pour le prix de service communautaire annuel de la soci\u00e9t\u00e9. Pardew et I.H.A.N. ont gagn\u00e9, recevant une donation lourde au minist\u00e8re et la reconnaissance de ses efforts pour aider \u00e0 restaurer la dignit\u00e9 et r\u00e9humaniser les sans-abri \u00e0 Kansas City.<\/p>\n<p>Trop souvent, Pardew sent que les gens souffrant de sans-abri et de d\u00e9pendance sont balay\u00e9s sous le tapis. En ob\u00e9issance \u00e0 l&rsquo;appel de Dieu, Pardew essaie de cr\u00e9er plus de relations personnelles et de restaurer la dignit\u00e9 de la personne avant de tenter de l&rsquo;obtenir \u00e0 abandonner les habitudes destructrices.<\/p>\n<p>Vous ne pouvez pas forcer quelqu&rsquo;un \u00e0 changer et la plupart des gens l\u00e0-bas, si vous les forcez \u00e0 changer, ils creuseront un trou plus profond \u00bb, a d\u00e9clar\u00e9 Pardew.<\/p>\n<p>La vraie solution est de les faire comprendre qu&rsquo;ils ont une identit\u00e9, un but dans notre soci\u00e9t\u00e9 et qu&rsquo;ils sont des gens qui m\u00e9ritent de bonnes choses. Une fois qu&rsquo;ils commencent \u00e0 se regarder dans cette lumi\u00e8re, ils commencent \u00e0 changer. \u00ab\u00a0<\/p>\n","protected":false},"excerpt":{"rendered":"<p>Plus de quatre fois une semaine, Don Pardew fait son chemin dans les divers campements de sans-abri \u00e0 Kansas City, Missouri. Il apporte de la nourriture, des couvertures, des chauffages au propane, des manteaux et plus pour distribuer par son minist\u00e8re, J&rsquo;ai un nom ou I.H.A.N. Les efforts de Pardew ont commenc\u00e9 pendant la pand\u00e9mie [&hellip;]<\/p>\n","protected":false},"author":1,"featured_media":28927,"menu_order":0,"template":"","news-categories":[],"news-region-taxonomy":[],"news-tag":[758,1787,1387],"class_list":["post-45578","news","type-news","status-publish","has-post-thumbnail","hentry","news-tag-etats-unis-canada","news-tag-kansas-fr","news-tag-missouri-fr"],"yoast_head":"<!-- This site is optimized with the Yoast SEO Premium plugin v27.1 (Yoast SEO v27.1.1) - https:\/\/yoast.com\/product\/yoast-seo-premium-wordpress\/ -->\n<title>J&#039;ai un nom \u00bb apporte la dignit\u00e9 aux sans-abri \u00e0 Kansas City - Church of the Nazarene<\/title>\n<meta name=\"robots\" content=\"index, follow, max-snippet:-1, max-image-preview:large, max-video-preview:-1\" \/>\n<link rel=\"canonical\" href=\"https:\/\/nazarene.org\/fr\/news\/jai-un-nom-apporte-la-dignite-aux-sans-abri-a-kansas-city\/\" \/>\n<meta property=\"og:locale\" content=\"fr_FR\" \/>\n<meta property=\"og:type\" content=\"article\" \/>\n<meta property=\"og:title\" content=\"J&#039;ai un nom \u00bb apporte la dignit\u00e9 aux sans-abri \u00e0 Kansas City\" \/>\n<meta property=\"og:description\" content=\"Plus de quatre fois une semaine, Don Pardew fait son chemin dans les divers campements de sans-abri \u00e0 Kansas City, Missouri. Il apporte de la nourriture, des couvertures, des chauffages au propane, des manteaux et plus pour distribuer par son minist\u00e8re, J&rsquo;ai un nom ou I.H.A.N. Les efforts de Pardew ont commenc\u00e9 pendant la pand\u00e9mie [&hellip;]\" \/>\n<meta property=\"og:url\" content=\"https:\/\/nazarene.org\/fr\/news\/jai-un-nom-apporte-la-dignite-aux-sans-abri-a-kansas-city\/\" \/>\n<meta property=\"og:site_name\" content=\"Church of the Nazarene\" \/>\n<meta property=\"article:publisher\" content=\"https:\/\/www.facebook.com\/NazareneOfficial\/\" \/>\n<meta name=\"twitter:card\" content=\"summary_large_image\" \/>\n<meta name=\"twitter:site\" content=\"@Nazarene\" \/>\n<script type=\"application\/ld+json\" class=\"yoast-schema-graph\">{\"@context\":\"https:\/\/schema.org\",\"@graph\":[{\"@type\":\"WebPage\",\"@id\":\"https:\/\/nazarene.org\/fr\/news\/jai-un-nom-apporte-la-dignite-aux-sans-abri-a-kansas-city\/\",\"url\":\"https:\/\/nazarene.org\/fr\/news\/jai-un-nom-apporte-la-dignite-aux-sans-abri-a-kansas-city\/\",\"name\":\"J'ai un nom \u00bb apporte la dignit\u00e9 aux sans-abri \u00e0 Kansas City - Church of the Nazarene\",\"isPartOf\":{\"@id\":\"https:\/\/nazarene.org\/fr\/#website\"},\"primaryImageOfPage\":{\"@id\":\"https:\/\/nazarene.org\/fr\/news\/jai-un-nom-apporte-la-dignite-aux-sans-abri-a-kansas-city\/#primaryimage\"},\"image\":{\"@id\":\"https:\/\/nazarene.org\/fr\/news\/jai-un-nom-apporte-la-dignite-aux-sans-abri-a-kansas-city\/#primaryimage\"},\"thumbnailUrl\":\"https:\/\/nazarene.org\/wp-content\/uploads\/2025\/02\/IHAN.jpg\",\"datePublished\":\"2022-11-10T06:00:00+00:00\",\"breadcrumb\":{\"@id\":\"https:\/\/nazarene.org\/fr\/news\/jai-un-nom-apporte-la-dignite-aux-sans-abri-a-kansas-city\/#breadcrumb\"},\"inLanguage\":\"fr-FR\",\"potentialAction\":[{\"@type\":\"ReadAction\",\"target\":[\"https:\/\/nazarene.org\/fr\/news\/jai-un-nom-apporte-la-dignite-aux-sans-abri-a-kansas-city\/\"]}]},{\"@type\":\"ImageObject\",\"inLanguage\":\"fr-FR\",\"@id\":\"https:\/\/nazarene.org\/fr\/news\/jai-un-nom-apporte-la-dignite-aux-sans-abri-a-kansas-city\/#primaryimage\",\"url\":\"https:\/\/nazarene.org\/wp-content\/uploads\/2025\/02\/IHAN.jpg\",\"contentUrl\":\"https:\/\/nazarene.org\/wp-content\/uploads\/2025\/02\/IHAN.jpg\",\"width\":750,\"height\":400},{\"@type\":\"BreadcrumbList\",\"@id\":\"https:\/\/nazarene.org\/fr\/news\/jai-un-nom-apporte-la-dignite-aux-sans-abri-a-kansas-city\/#breadcrumb\",\"itemListElement\":[{\"@type\":\"ListItem\",\"position\":1,\"name\":\"Home\",\"item\":\"https:\/\/nazarene.org\/fr\/\"},{\"@type\":\"ListItem\",\"position\":2,\"name\":\"News\",\"item\":\"https:\/\/nazarene.org\/fr\/news\/\"},{\"@type\":\"ListItem\",\"position\":3,\"name\":\"J&#8217;ai un nom \u00bb apporte la dignit\u00e9 aux sans-abri \u00e0 Kansas City\"}]},{\"@type\":\"WebSite\",\"@id\":\"https:\/\/nazarene.org\/fr\/#website\",\"url\":\"https:\/\/nazarene.org\/fr\/\",\"name\":\"Church of the Nazarene\",\"description\":\"Making Christlike Disciples in the Nations\",\"publisher\":{\"@id\":\"https:\/\/nazarene.org\/fr\/#organization\"},\"potentialAction\":[{\"@type\":\"SearchAction\",\"target\":{\"@type\":\"EntryPoint\",\"urlTemplate\":\"https:\/\/nazarene.org\/fr\/?s={search_term_string}\"},\"query-input\":{\"@type\":\"PropertyValueSpecification\",\"valueRequired\":true,\"valueName\":\"search_term_string\"}}],\"inLanguage\":\"fr-FR\"},{\"@type\":\"Organization\",\"@id\":\"https:\/\/nazarene.org\/fr\/#organization\",\"name\":\"Church of the Nazarene\",\"url\":\"https:\/\/nazarene.org\/fr\/\",\"logo\":{\"@type\":\"ImageObject\",\"inLanguage\":\"fr-FR\",\"@id\":\"https:\/\/nazarene.org\/fr\/#\/schema\/logo\/image\/\",\"url\":\"https:\/\/nazarene.org\/wp-content\/uploads\/2024\/06\/Naz_Desktop_Black_Logo-1.svg\",\"contentUrl\":\"https:\/\/nazarene.org\/wp-content\/uploads\/2024\/06\/Naz_Desktop_Black_Logo-1.svg\",\"width\":258,\"height\":36,\"caption\":\"Church of the Nazarene\"},\"image\":{\"@id\":\"https:\/\/nazarene.org\/fr\/#\/schema\/logo\/image\/\"},\"sameAs\":[\"https:\/\/www.facebook.com\/NazareneOfficial\/\",\"https:\/\/x.com\/Nazarene\",\"https:\/\/www.instagram.com\/nazareneofficial\/\"]}]}<\/script>\n<!-- \/ Yoast SEO Premium plugin. -->","yoast_head_json":{"title":"J'ai un nom \u00bb apporte la dignit\u00e9 aux sans-abri \u00e0 Kansas City - Church of the Nazarene","robots":{"index":"index","follow":"follow","max-snippet":"max-snippet:-1","max-image-preview":"max-image-preview:large","max-video-preview":"max-video-preview:-1"},"canonical":"https:\/\/nazarene.org\/fr\/news\/jai-un-nom-apporte-la-dignite-aux-sans-abri-a-kansas-city\/","og_locale":"fr_FR","og_type":"article","og_title":"J'ai un nom \u00bb apporte la dignit\u00e9 aux sans-abri \u00e0 Kansas City","og_description":"Plus de quatre fois une semaine, Don Pardew fait son chemin dans les divers campements de sans-abri \u00e0 Kansas City, Missouri. Il apporte de la nourriture, des couvertures, des chauffages au propane, des manteaux et plus pour distribuer par son minist\u00e8re, J&rsquo;ai un nom ou I.H.A.N. Les efforts de Pardew ont commenc\u00e9 pendant la pand\u00e9mie [&hellip;]","og_url":"https:\/\/nazarene.org\/fr\/news\/jai-un-nom-apporte-la-dignite-aux-sans-abri-a-kansas-city\/","og_site_name":"Church of the Nazarene","article_publisher":"https:\/\/www.facebook.com\/NazareneOfficial\/","twitter_card":"summary_large_image","twitter_site":"@Nazarene","schema":{"@context":"https:\/\/schema.org","@graph":[{"@type":"WebPage","@id":"https:\/\/nazarene.org\/fr\/news\/jai-un-nom-apporte-la-dignite-aux-sans-abri-a-kansas-city\/","url":"https:\/\/nazarene.org\/fr\/news\/jai-un-nom-apporte-la-dignite-aux-sans-abri-a-kansas-city\/","name":"J'ai un nom \u00bb apporte la dignit\u00e9 aux sans-abri \u00e0 Kansas City - Church of the Nazarene","isPartOf":{"@id":"https:\/\/nazarene.org\/fr\/#website"},"primaryImageOfPage":{"@id":"https:\/\/nazarene.org\/fr\/news\/jai-un-nom-apporte-la-dignite-aux-sans-abri-a-kansas-city\/#primaryimage"},"image":{"@id":"https:\/\/nazarene.org\/fr\/news\/jai-un-nom-apporte-la-dignite-aux-sans-abri-a-kansas-city\/#primaryimage"},"thumbnailUrl":"https:\/\/nazarene.org\/wp-content\/uploads\/2025\/02\/IHAN.jpg","datePublished":"2022-11-10T06:00:00+00:00","breadcrumb":{"@id":"https:\/\/nazarene.org\/fr\/news\/jai-un-nom-apporte-la-dignite-aux-sans-abri-a-kansas-city\/#breadcrumb"},"inLanguage":"fr-FR","potentialAction":[{"@type":"ReadAction","target":["https:\/\/nazarene.org\/fr\/news\/jai-un-nom-apporte-la-dignite-aux-sans-abri-a-kansas-city\/"]}]},{"@type":"ImageObject","inLanguage":"fr-FR","@id":"https:\/\/nazarene.org\/fr\/news\/jai-un-nom-apporte-la-dignite-aux-sans-abri-a-kansas-city\/#primaryimage","url":"https:\/\/nazarene.org\/wp-content\/uploads\/2025\/02\/IHAN.jpg","contentUrl":"https:\/\/nazarene.org\/wp-content\/uploads\/2025\/02\/IHAN.jpg","width":750,"height":400},{"@type":"BreadcrumbList","@id":"https:\/\/nazarene.org\/fr\/news\/jai-un-nom-apporte-la-dignite-aux-sans-abri-a-kansas-city\/#breadcrumb","itemListElement":[{"@type":"ListItem","position":1,"name":"Home","item":"https:\/\/nazarene.org\/fr\/"},{"@type":"ListItem","position":2,"name":"News","item":"https:\/\/nazarene.org\/fr\/news\/"},{"@type":"ListItem","position":3,"name":"J&#8217;ai un nom \u00bb apporte la dignit\u00e9 aux sans-abri \u00e0 Kansas City"}]},{"@type":"WebSite","@id":"https:\/\/nazarene.org\/fr\/#website","url":"https:\/\/nazarene.org\/fr\/","name":"Church of the Nazarene","description":"Making Christlike Disciples in the Nations","publisher":{"@id":"https:\/\/nazarene.org\/fr\/#organization"},"potentialAction":[{"@type":"SearchAction","target":{"@type":"EntryPoint","urlTemplate":"https:\/\/nazarene.org\/fr\/?s={search_term_string}"},"query-input":{"@type":"PropertyValueSpecification","valueRequired":true,"valueName":"search_term_string"}}],"inLanguage":"fr-FR"},{"@type":"Organization","@id":"https:\/\/nazarene.org\/fr\/#organization","name":"Church of the Nazarene","url":"https:\/\/nazarene.org\/fr\/","logo":{"@type":"ImageObject","inLanguage":"fr-FR","@id":"https:\/\/nazarene.org\/fr\/#\/schema\/logo\/image\/","url":"https:\/\/nazarene.org\/wp-content\/uploads\/2024\/06\/Naz_Desktop_Black_Logo-1.svg","contentUrl":"https:\/\/nazarene.org\/wp-content\/uploads\/2024\/06\/Naz_Desktop_Black_Logo-1.svg","width":258,"height":36,"caption":"Church of the Nazarene"},"image":{"@id":"https:\/\/nazarene.org\/fr\/#\/schema\/logo\/image\/"},"sameAs":["https:\/\/www.facebook.com\/NazareneOfficial\/","https:\/\/x.com\/Nazarene","https:\/\/www.instagram.com\/nazareneofficial\/"]}]}},"_links":{"self":[{"href":"https:\/\/nazarene.org\/fr\/wp-json\/wp\/v2\/news\/45578","targetHints":{"allow":["GET"]}}],"collection":[{"href":"https:\/\/nazarene.org\/fr\/wp-json\/wp\/v2\/news"}],"about":[{"href":"https:\/\/nazarene.org\/fr\/wp-json\/wp\/v2\/types\/news"}],"author":[{"embeddable":true,"href":"https:\/\/nazarene.org\/fr\/wp-json\/wp\/v2\/users\/1"}],"version-history":[{"count":0,"href":"https:\/\/nazarene.org\/fr\/wp-json\/wp\/v2\/news\/45578\/revisions"}],"wp:featuredmedia":[{"embeddable":true,"href":"https:\/\/nazarene.org\/fr\/wp-json\/wp\/v2\/media\/28927"}],"wp:attachment":[{"href":"https:\/\/nazarene.org\/fr\/wp-json\/wp\/v2\/media?parent=45578"}],"wp:term":[{"taxonomy":"news-categories","embeddable":true,"href":"https:\/\/nazarene.org\/fr\/wp-json\/wp\/v2\/news-categories?post=45578"},{"taxonomy":"news-region-taxonomy","embeddable":true,"href":"https:\/\/nazarene.org\/fr\/wp-json\/wp\/v2\/news-region-taxonomy?post=45578"},{"taxonomy":"news-tag","embeddable":true,"href":"https:\/\/nazarene.org\/fr\/wp-json\/wp\/v2\/news-tag?post=45578"}],"curies":[{"name":"wp","href":"https:\/\/api.w.org\/{rel}","templated":true}]}}