{"id":45439,"date":"2022-12-08T00:00:00","date_gmt":"2022-12-08T06:00:00","guid":{"rendered":"https:\/\/nazarene.org\/news\/le-ministere-de-priere-au-tribunal-de-equateur-trouve-du-succes\/"},"modified":"2022-12-08T00:00:00","modified_gmt":"2022-12-08T06:00:00","slug":"le-ministere-de-priere-au-tribunal-de-equateur-trouve-du-succes","status":"publish","type":"news","link":"https:\/\/nazarene.org\/fr\/news\/le-ministere-de-priere-au-tribunal-de-equateur-trouve-du-succes\/","title":{"rendered":"Le minist\u00e8re de pri\u00e8re au tribunal de \u00c9quateur trouve du succ\u00e8s"},"content":{"rendered":"<p>Le pasteur Marcelo Fretes et son \u00e9quipe de minist\u00e8re de pri\u00e8re se tiennent en dehors de leur tribunal local hebdomadaire \u00e0 Latacunga, \u00c9quateur. Beaucoup se sont arr\u00eat\u00e9s pour demander une pri\u00e8re pour soulager leurs fardeaux.<\/p>\n<p>Fretes a \u00e9t\u00e9 inspir\u00e9 pour commencer le minist\u00e8re apr\u00e8s avoir \u00e9t\u00e9 t\u00e9moin d&rsquo;un autre minist\u00e8re de pri\u00e8re en visitant une congr\u00e9gation \u00e0 Kokomo, Indiana, \u00c9tats-Unis. Il a vu comment un groupe de personnes de l&rsquo;\u00c9glise a install\u00e9 une table et a offert une pri\u00e8re aux spectateurs.<\/p>\n<p>Certaines personnes accepteraient ces pri\u00e8res et certains ne l&rsquo;ont pas fait \u00bb, a d\u00e9clar\u00e9 Fretes. Je me souviens d&rsquo;une femme enceinte s&rsquo;arr\u00eatant pr\u00e8s de la table pour demander la pri\u00e8re ; elle \u00e9tait sur le point d&rsquo;aller au palais de justice. Son visage avait l&rsquo;air troubl\u00e9, mais apr\u00e8s le temps de pri\u00e8re, elle avait l&rsquo;air esp\u00e9ratrice. \u00ab\u00a0<\/p>\n<p>Cette exp\u00e9rience a tellement eu un impact sur la vie de Fretes qu&rsquo;il a d\u00e9cid\u00e9 de commencer un minist\u00e8re similaire \u00e0 Latacunga. Lui et son \u00e9quipe ont install\u00e9 une banni\u00e8re qui lisait : \u00ab Nous voulons prier pour vous \u00bb. Chaque semaine, 15-20 personnes approchent de l&rsquo;\u00e9quipe de pri\u00e8re d\u00e9&nbsp;sirant \u00eatre pri\u00e9e.<\/p>\n<p>Un jour, une femme est venue pour demander la pri\u00e8re \u00bb, a d\u00e9clar\u00e9 Fretes. Apr\u00e8s que l&rsquo;\u00e9quipe a pri\u00e9 pour elle, elle a tir\u00e9 de l&rsquo;argent de son sac \u00e0 main. L&rsquo;\u00e9quipe lui a dit que la pri\u00e8re \u00e9tait gratuite. Lorsque la femme a entendu cela, elle a commenc\u00e9 \u00e0 pleurer parce qu&rsquo;elle ne pouvait pas croire que la paix qu&rsquo;elle a sentie \u00e9tait [venue gratuite de co\u00fbt]. \u00ab\u00a0<\/p>\n<p>Karla Vallejo et Amparo Bonilla font partie de l&rsquo;\u00e9quipe de pri\u00e8re qui se pr\u00e9sente fid\u00e8lement au palais de justice hebdomadaire. Bonilla a tir\u00e9 son inspiration pour participer au minist\u00e8re de pri\u00e8re en regardant comment les missionnaires ont travaill\u00e9 \u00e0 Latacunga.<\/p>\n<p>Ma motivation \u00e0 participer \u00e0 ce minist\u00e8re est d&rsquo;aider les gens \u00bb, a d\u00e9clar\u00e9 Bonilla. J&rsquo;ai vu comment les missionnaires [ont travaill\u00e9] \u00e0 Latacunga, ce qui m&rsquo;a inspir\u00e9 pour s&rsquo;impliquer dans les missions. \u00ab\u00a0<\/p>\n<p>Karla Vallejo est un croyant ferme en la pri\u00e8re. Lorsqu&rsquo;elle a particip\u00e9 \u00e0 un \u00e9v\u00e9nement de pri\u00e8re dans la communaut\u00e9, elle a r\u00e9alis\u00e9 que les fardeaux que les gens portent avec eux.<\/p>\n<p>Je r\u00e9alise que nous avons toujours quelque chose pour prier \u00bb, a d\u00e9clar\u00e9 Vallejo. Il y a toujours un besoin, une peur, une douleur ou une maladie ; lorsque nous ne connaissons pas J\u00e9sus, nous sommes captifs de ces sentiments et seule la Parole peut nous lib\u00e9rer. \u00ab\u00a0<\/p>\n<p>Fretes a \u00e9t\u00e9 t\u00e9moin du regard de peur et de d\u00e9sespoir de beaucoup avant ou apr\u00e8s \u00eatre entr\u00e9 dans le palais de justice.<\/p>\n<p>Les gens qui arrivent l\u00e0 [le palais de justice] arrivent avec un c\u0153ur lourd \u00bb, a d\u00e9clar\u00e9 Fretes. Beaucoup sont sur le point de recevoir une sentence ce jour-l\u00e0 et avant d&rsquo;entrer dans cet endroit, ils peuvent rencontrer des gens qui peuvent prier pour eux et les aider \u00e0 porter un fardeau. Ces gens entrent avec un sens de paix pour faire face \u00e0 tout ce qu&rsquo;ils ont besoin de faire. \u00ab\u00a0<\/p>\n<p>Dans les villes voisines, d&rsquo;autres pasteurs &#8211; \u00e0 la fois Nazar\u00e9en et non nazar\u00e9en &#8211; ont vu l&rsquo;impact que l&rsquo;\u00c9glise de Latacunga fait et cherchent \u00e0 reproduire le minist\u00e8re de pri\u00e8re dans leur ville.<\/p>\n<p>Fretes se sent oblig\u00e9 de s&rsquo;impliquer partout o\u00f9 il voit un besoin. Une \u00c9criture qui l&rsquo;a incit\u00e9 \u00e0 s&rsquo;&nbsp;immerger dans sa communaut\u00e9 &nbsp;dans Matthieu 9 : 35.<\/p>\n<p>Le besoin est l\u00e0 \u00bb, a d\u00e9clar\u00e9 Fretes. J\u00e9sus irait l\u00e0 o\u00f9 \u00e9tait le besoin. Il prendrait soin de l&rsquo;aveugle et du boiteux. Ceci est notre temps (maintenant) pour voir la gloire de Dieu. Vous pouvez vous demander ce que vous pouvez faire ; vous pouvez faire beaucoup. Les ressources suivront toujours la vision. Il peut faire de grandes choses avec le peu que vous pouvez avoir. \u00ab\u00a0<\/p>\n","protected":false},"excerpt":{"rendered":"<p>Le pasteur Marcelo Fretes et son \u00e9quipe de minist\u00e8re de pri\u00e8re se tiennent en dehors de leur tribunal local hebdomadaire \u00e0 Latacunga, \u00c9quateur. Beaucoup se sont arr\u00eat\u00e9s pour demander une pri\u00e8re pour soulager leur fardeau.<\/p>\n","protected":false},"author":1,"featured_media":28983,"menu_order":0,"template":"","news-categories":[],"news-region-taxonomy":[],"news-tag":[782,822],"class_list":["post-45439","news","type-news","status-publish","has-post-thumbnail","hentry","news-tag-amerique-du-sud","news-tag-equateur"],"yoast_head":"<!-- This site is optimized with the Yoast SEO Premium plugin v27.1 (Yoast SEO v27.1.1) - https:\/\/yoast.com\/product\/yoast-seo-premium-wordpress\/ -->\n<title>Le minist\u00e8re de pri\u00e8re au tribunal de \u00c9quateur trouve du succ\u00e8s - Church of the Nazarene<\/title>\n<meta name=\"robots\" content=\"index, follow, max-snippet:-1, max-image-preview:large, max-video-preview:-1\" \/>\n<link rel=\"canonical\" href=\"https:\/\/nazarene.org\/fr\/news\/le-ministere-de-priere-au-tribunal-de-equateur-trouve-du-succes\/\" \/>\n<meta property=\"og:locale\" content=\"fr_FR\" \/>\n<meta property=\"og:type\" content=\"article\" \/>\n<meta property=\"og:title\" content=\"Le minist\u00e8re de pri\u00e8re au tribunal de \u00c9quateur trouve du succ\u00e8s\" \/>\n<meta property=\"og:description\" content=\"Le pasteur Marcelo Fretes et son \u00e9quipe de minist\u00e8re de pri\u00e8re se tiennent en dehors de leur tribunal local hebdomadaire \u00e0 Latacunga, \u00c9quateur. Beaucoup se sont arr\u00eat\u00e9s pour demander une pri\u00e8re pour soulager leur fardeau.\" \/>\n<meta property=\"og:url\" content=\"https:\/\/nazarene.org\/fr\/news\/le-ministere-de-priere-au-tribunal-de-equateur-trouve-du-succes\/\" \/>\n<meta property=\"og:site_name\" content=\"Church of the Nazarene\" \/>\n<meta property=\"article:publisher\" content=\"https:\/\/www.facebook.com\/NazareneOfficial\/\" \/>\n<meta name=\"twitter:card\" content=\"summary_large_image\" \/>\n<meta name=\"twitter:site\" content=\"@Nazarene\" \/>\n<script type=\"application\/ld+json\" class=\"yoast-schema-graph\">{\"@context\":\"https:\/\/schema.org\",\"@graph\":[{\"@type\":\"WebPage\",\"@id\":\"https:\/\/nazarene.org\/fr\/news\/le-ministere-de-priere-au-tribunal-de-equateur-trouve-du-succes\/\",\"url\":\"https:\/\/nazarene.org\/fr\/news\/le-ministere-de-priere-au-tribunal-de-equateur-trouve-du-succes\/\",\"name\":\"Le minist\u00e8re de pri\u00e8re au tribunal de \u00c9quateur trouve du succ\u00e8s - Church of the Nazarene\",\"isPartOf\":{\"@id\":\"https:\/\/nazarene.org\/fr\/#website\"},\"primaryImageOfPage\":{\"@id\":\"https:\/\/nazarene.org\/fr\/news\/le-ministere-de-priere-au-tribunal-de-equateur-trouve-du-succes\/#primaryimage\"},\"image\":{\"@id\":\"https:\/\/nazarene.org\/fr\/news\/le-ministere-de-priere-au-tribunal-de-equateur-trouve-du-succes\/#primaryimage\"},\"thumbnailUrl\":\"https:\/\/nazarene.org\/wp-content\/uploads\/2025\/02\/Latacunga.jpg\",\"datePublished\":\"2022-12-08T06:00:00+00:00\",\"breadcrumb\":{\"@id\":\"https:\/\/nazarene.org\/fr\/news\/le-ministere-de-priere-au-tribunal-de-equateur-trouve-du-succes\/#breadcrumb\"},\"inLanguage\":\"fr-FR\",\"potentialAction\":[{\"@type\":\"ReadAction\",\"target\":[\"https:\/\/nazarene.org\/fr\/news\/le-ministere-de-priere-au-tribunal-de-equateur-trouve-du-succes\/\"]}]},{\"@type\":\"ImageObject\",\"inLanguage\":\"fr-FR\",\"@id\":\"https:\/\/nazarene.org\/fr\/news\/le-ministere-de-priere-au-tribunal-de-equateur-trouve-du-succes\/#primaryimage\",\"url\":\"https:\/\/nazarene.org\/wp-content\/uploads\/2025\/02\/Latacunga.jpg\",\"contentUrl\":\"https:\/\/nazarene.org\/wp-content\/uploads\/2025\/02\/Latacunga.jpg\",\"width\":750,\"height\":400},{\"@type\":\"BreadcrumbList\",\"@id\":\"https:\/\/nazarene.org\/fr\/news\/le-ministere-de-priere-au-tribunal-de-equateur-trouve-du-succes\/#breadcrumb\",\"itemListElement\":[{\"@type\":\"ListItem\",\"position\":1,\"name\":\"Home\",\"item\":\"https:\/\/nazarene.org\/fr\/\"},{\"@type\":\"ListItem\",\"position\":2,\"name\":\"News\",\"item\":\"https:\/\/nazarene.org\/fr\/news\/\"},{\"@type\":\"ListItem\",\"position\":3,\"name\":\"Le minist\u00e8re de pri\u00e8re au tribunal de \u00c9quateur trouve du succ\u00e8s\"}]},{\"@type\":\"WebSite\",\"@id\":\"https:\/\/nazarene.org\/fr\/#website\",\"url\":\"https:\/\/nazarene.org\/fr\/\",\"name\":\"Church of the Nazarene\",\"description\":\"Making Christlike Disciples in the Nations\",\"publisher\":{\"@id\":\"https:\/\/nazarene.org\/fr\/#organization\"},\"potentialAction\":[{\"@type\":\"SearchAction\",\"target\":{\"@type\":\"EntryPoint\",\"urlTemplate\":\"https:\/\/nazarene.org\/fr\/?s={search_term_string}\"},\"query-input\":{\"@type\":\"PropertyValueSpecification\",\"valueRequired\":true,\"valueName\":\"search_term_string\"}}],\"inLanguage\":\"fr-FR\"},{\"@type\":\"Organization\",\"@id\":\"https:\/\/nazarene.org\/fr\/#organization\",\"name\":\"Church of the Nazarene\",\"url\":\"https:\/\/nazarene.org\/fr\/\",\"logo\":{\"@type\":\"ImageObject\",\"inLanguage\":\"fr-FR\",\"@id\":\"https:\/\/nazarene.org\/fr\/#\/schema\/logo\/image\/\",\"url\":\"https:\/\/nazarene.org\/wp-content\/uploads\/2024\/06\/Naz_Desktop_Black_Logo-1.svg\",\"contentUrl\":\"https:\/\/nazarene.org\/wp-content\/uploads\/2024\/06\/Naz_Desktop_Black_Logo-1.svg\",\"width\":258,\"height\":36,\"caption\":\"Church of the Nazarene\"},\"image\":{\"@id\":\"https:\/\/nazarene.org\/fr\/#\/schema\/logo\/image\/\"},\"sameAs\":[\"https:\/\/www.facebook.com\/NazareneOfficial\/\",\"https:\/\/x.com\/Nazarene\",\"https:\/\/www.instagram.com\/nazareneofficial\/\"]}]}<\/script>\n<!-- \/ Yoast SEO Premium plugin. -->","yoast_head_json":{"title":"Le minist\u00e8re de pri\u00e8re au tribunal de \u00c9quateur trouve du succ\u00e8s - Church of the Nazarene","robots":{"index":"index","follow":"follow","max-snippet":"max-snippet:-1","max-image-preview":"max-image-preview:large","max-video-preview":"max-video-preview:-1"},"canonical":"https:\/\/nazarene.org\/fr\/news\/le-ministere-de-priere-au-tribunal-de-equateur-trouve-du-succes\/","og_locale":"fr_FR","og_type":"article","og_title":"Le minist\u00e8re de pri\u00e8re au tribunal de \u00c9quateur trouve du succ\u00e8s","og_description":"Le pasteur Marcelo Fretes et son \u00e9quipe de minist\u00e8re de pri\u00e8re se tiennent en dehors de leur tribunal local hebdomadaire \u00e0 Latacunga, \u00c9quateur. Beaucoup se sont arr\u00eat\u00e9s pour demander une pri\u00e8re pour soulager leur fardeau.","og_url":"https:\/\/nazarene.org\/fr\/news\/le-ministere-de-priere-au-tribunal-de-equateur-trouve-du-succes\/","og_site_name":"Church of the Nazarene","article_publisher":"https:\/\/www.facebook.com\/NazareneOfficial\/","twitter_card":"summary_large_image","twitter_site":"@Nazarene","schema":{"@context":"https:\/\/schema.org","@graph":[{"@type":"WebPage","@id":"https:\/\/nazarene.org\/fr\/news\/le-ministere-de-priere-au-tribunal-de-equateur-trouve-du-succes\/","url":"https:\/\/nazarene.org\/fr\/news\/le-ministere-de-priere-au-tribunal-de-equateur-trouve-du-succes\/","name":"Le minist\u00e8re de pri\u00e8re au tribunal de \u00c9quateur trouve du succ\u00e8s - Church of the Nazarene","isPartOf":{"@id":"https:\/\/nazarene.org\/fr\/#website"},"primaryImageOfPage":{"@id":"https:\/\/nazarene.org\/fr\/news\/le-ministere-de-priere-au-tribunal-de-equateur-trouve-du-succes\/#primaryimage"},"image":{"@id":"https:\/\/nazarene.org\/fr\/news\/le-ministere-de-priere-au-tribunal-de-equateur-trouve-du-succes\/#primaryimage"},"thumbnailUrl":"https:\/\/nazarene.org\/wp-content\/uploads\/2025\/02\/Latacunga.jpg","datePublished":"2022-12-08T06:00:00+00:00","breadcrumb":{"@id":"https:\/\/nazarene.org\/fr\/news\/le-ministere-de-priere-au-tribunal-de-equateur-trouve-du-succes\/#breadcrumb"},"inLanguage":"fr-FR","potentialAction":[{"@type":"ReadAction","target":["https:\/\/nazarene.org\/fr\/news\/le-ministere-de-priere-au-tribunal-de-equateur-trouve-du-succes\/"]}]},{"@type":"ImageObject","inLanguage":"fr-FR","@id":"https:\/\/nazarene.org\/fr\/news\/le-ministere-de-priere-au-tribunal-de-equateur-trouve-du-succes\/#primaryimage","url":"https:\/\/nazarene.org\/wp-content\/uploads\/2025\/02\/Latacunga.jpg","contentUrl":"https:\/\/nazarene.org\/wp-content\/uploads\/2025\/02\/Latacunga.jpg","width":750,"height":400},{"@type":"BreadcrumbList","@id":"https:\/\/nazarene.org\/fr\/news\/le-ministere-de-priere-au-tribunal-de-equateur-trouve-du-succes\/#breadcrumb","itemListElement":[{"@type":"ListItem","position":1,"name":"Home","item":"https:\/\/nazarene.org\/fr\/"},{"@type":"ListItem","position":2,"name":"News","item":"https:\/\/nazarene.org\/fr\/news\/"},{"@type":"ListItem","position":3,"name":"Le minist\u00e8re de pri\u00e8re au tribunal de \u00c9quateur trouve du succ\u00e8s"}]},{"@type":"WebSite","@id":"https:\/\/nazarene.org\/fr\/#website","url":"https:\/\/nazarene.org\/fr\/","name":"Church of the Nazarene","description":"Making Christlike Disciples in the Nations","publisher":{"@id":"https:\/\/nazarene.org\/fr\/#organization"},"potentialAction":[{"@type":"SearchAction","target":{"@type":"EntryPoint","urlTemplate":"https:\/\/nazarene.org\/fr\/?s={search_term_string}"},"query-input":{"@type":"PropertyValueSpecification","valueRequired":true,"valueName":"search_term_string"}}],"inLanguage":"fr-FR"},{"@type":"Organization","@id":"https:\/\/nazarene.org\/fr\/#organization","name":"Church of the Nazarene","url":"https:\/\/nazarene.org\/fr\/","logo":{"@type":"ImageObject","inLanguage":"fr-FR","@id":"https:\/\/nazarene.org\/fr\/#\/schema\/logo\/image\/","url":"https:\/\/nazarene.org\/wp-content\/uploads\/2024\/06\/Naz_Desktop_Black_Logo-1.svg","contentUrl":"https:\/\/nazarene.org\/wp-content\/uploads\/2024\/06\/Naz_Desktop_Black_Logo-1.svg","width":258,"height":36,"caption":"Church of the Nazarene"},"image":{"@id":"https:\/\/nazarene.org\/fr\/#\/schema\/logo\/image\/"},"sameAs":["https:\/\/www.facebook.com\/NazareneOfficial\/","https:\/\/x.com\/Nazarene","https:\/\/www.instagram.com\/nazareneofficial\/"]}]}},"_links":{"self":[{"href":"https:\/\/nazarene.org\/fr\/wp-json\/wp\/v2\/news\/45439","targetHints":{"allow":["GET"]}}],"collection":[{"href":"https:\/\/nazarene.org\/fr\/wp-json\/wp\/v2\/news"}],"about":[{"href":"https:\/\/nazarene.org\/fr\/wp-json\/wp\/v2\/types\/news"}],"author":[{"embeddable":true,"href":"https:\/\/nazarene.org\/fr\/wp-json\/wp\/v2\/users\/1"}],"version-history":[{"count":0,"href":"https:\/\/nazarene.org\/fr\/wp-json\/wp\/v2\/news\/45439\/revisions"}],"wp:featuredmedia":[{"embeddable":true,"href":"https:\/\/nazarene.org\/fr\/wp-json\/wp\/v2\/media\/28983"}],"wp:attachment":[{"href":"https:\/\/nazarene.org\/fr\/wp-json\/wp\/v2\/media?parent=45439"}],"wp:term":[{"taxonomy":"news-categories","embeddable":true,"href":"https:\/\/nazarene.org\/fr\/wp-json\/wp\/v2\/news-categories?post=45439"},{"taxonomy":"news-region-taxonomy","embeddable":true,"href":"https:\/\/nazarene.org\/fr\/wp-json\/wp\/v2\/news-region-taxonomy?post=45439"},{"taxonomy":"news-tag","embeddable":true,"href":"https:\/\/nazarene.org\/fr\/wp-json\/wp\/v2\/news-tag?post=45439"}],"curies":[{"name":"wp","href":"https:\/\/api.w.org\/{rel}","templated":true}]}}