{"id":44977,"date":"2023-05-11T00:00:00","date_gmt":"2023-05-11T05:00:00","guid":{"rendered":"https:\/\/nazarene.org\/news\/leaders-nmi-du-bresil-equipes-par-atelier\/"},"modified":"2023-05-11T00:00:00","modified_gmt":"2023-05-11T05:00:00","slug":"leaders-nmi-du-bresil-equipes-par-atelier","status":"publish","type":"news","link":"https:\/\/nazarene.org\/fr\/news\/leaders-nmi-du-bresil-equipes-par-atelier\/","title":{"rendered":"Leaders NMI du Br\u00e9sil \u00e9quip\u00e9s par atelier"},"content":{"rendered":"<p>La quatri\u00e8me r\u00e9union nationale des Missions nazar\u00e9ennes internationales au Br\u00e9sil a \u00e9t\u00e9 tenue 14-16 avril 2023 sous le th\u00e8me Jusqu&rsquo;\u00e0 ce que todos ou\u00e7am (Jusqu&rsquo;\u00e0 ce que tout le monde entende). L&rsquo;\u00e9v\u00e9nement a \u00e9t\u00e9 assist\u00e9 par 180 leaders de mission sous le leadership du coordonnateur national NMI, Antonio Carlos.<\/p>\n<p>Manuel Lima, directeur de la sous-r\u00e9gion du Br\u00e9sil, a ouvert l&rsquo;\u00e9v\u00e9nement vendredi soir avec un mot provocateur qui comprenait des donn\u00e9es de l&rsquo;enqu\u00eate de la Force missionnaire br\u00e9silienne 2022 et ses implications sur les pratiques missionnaires.<\/p>\n<p>Samedi, les leaders NMI ont assist\u00e9 \u00e0 des discussions qui \u00e9taient guid\u00e9es par le th\u00e8me central et ont soulign\u00e9 la proclamation de l&rsquo;\u00c9vangile parmi tous les peuples, en particulier les non atteints. T\u00f4t le matin, le coordonnateur du minist\u00e8re holistique du Br\u00e9sil, Sandro Ribeiro, a apport\u00e9 une d\u00e9votion pour l&rsquo;\u00e9dification des participants. Peu apr\u00e8s, Felipe Fulanetto, secr\u00e9taire national du NMI Br\u00e9sil, a donn\u00e9 deux pr\u00e9sentations avec les th\u00e8mes \u00ab Saintet\u00e9 et missions \u00bb et \u00ab But et Piliers de NMI \u00bb.<\/p>\n<p>Dans l&rsquo;apr\u00e8s-midi, Ivanilzes Carna\u00faba, pr\u00e9sident de district de NMI nord-est central, a pr\u00e9sent\u00e9 sur le sujet \u00ab Id\u00e9es, outils et strat\u00e9gies pour NMI \u00bb. Ensuite, Igor Vale, pr\u00e9sident de district de NMI Amaz\u00f4nia, a partag\u00e9 des statistiques et le besoin de sensibilisation aux personnes non atteintes pendant un segment intitul\u00e9 \u00ab Jusqu&rsquo;\u00e0 ce que tout le monde entende \u00bb.&nbsp;<\/p>\n<p>Pendant la pr\u00e9sentation finale, Maely Ion\u00e3, coordonnateur de l&rsquo;\u00c9cole des missions pour les adolescents (EMA), a parl\u00e9 du besoin critique de soins missionnaires pendant une session intitul\u00e9e \u00ab Prendre soin de ceux qui se soucient \u00bb.<\/p>\n<p>Le panel des missions de samedi soir comprenait Cassia Borges, Cinthia Galvan, Edivaldo Junior, Igor Vale, Ivanilzes Carna\u00faba, Maely Ion\u00e3, Rodrigo Weber et Sidney Xax\u00e1. Le pr\u00e9sident du district de Paulistano NMI Ver\u00f4nica Oliveira a mod\u00e9r\u00e9 le panel.<\/p>\n<p>Dimanche matin, l&rsquo;\u00e9v\u00e9nement est venu \u00e0 une fin avec la pr\u00e9dication du surintendant du district de Porto Alegre, Romero Moreira. Ensuite, la Communion a \u00e9t\u00e9 distribu\u00e9e avec la participation de tout le monde.<\/p>\n<p>Tout au long de l&rsquo;\u00e9v\u00e9nement, les leaders ont soulign\u00e9 le besoin de prier pour les peuples non atteints et les missionnaires pendant les temps de pri\u00e8re tenus chaque jour \u00e0 10 : 02. Le temps \u00e9tait li\u00e9 \u00e0 Luc 10 : 2, La r\u00e9colte est abondante, mais les travailleurs sont peu. Priez par cons\u00e9quent le Seigneur de la r\u00e9colte pour envoyer des travailleurs dans sa r\u00e9colte. \u00a0\u00bb&nbsp;<\/p>\n<p>Les cartes pr\u00e9sentant des donn\u00e9es statistiques sur les peuples non atteints et les opportunit\u00e9s missionnaires par l&rsquo;\u00c9glise du Nazar\u00e9en ont \u00e9t\u00e9 distribu\u00e9es lorsque les gens sont partis. Les participants sont partis engag\u00e9s dans la pri\u00e8re et l&rsquo;envoi missionnaire dans un esprit d&rsquo;unit\u00e9 et de saintet\u00e9 afin que tous les gens puissent entendre sur J\u00e9sus-Christ.<\/p>\n<p>\u00c9glise de l&rsquo;Am\u00e9rique du Sud nazar\u00e9enne<\/p>\n","protected":false},"excerpt":{"rendered":"<p>La quatri\u00e8me r\u00e9union nationale des Missions nazar\u00e9ennes internationales au Br\u00e9sil a \u00e9t\u00e9 tenue 14-16 avril 2023 sous le th\u00e8me Jusqu&rsquo;\u00e0 ce que todos ou\u00e7am (Jusqu&rsquo;\u00e0 ce que tout le monde entende). L&rsquo;\u00e9v\u00e9nement a \u00e9t\u00e9 assist\u00e9 par 180 leaders de mission.<\/p>\n","protected":false},"author":1,"featured_media":29379,"menu_order":0,"template":"","news-categories":[],"news-region-taxonomy":[],"news-tag":[782,783],"class_list":["post-44977","news","type-news","status-publish","has-post-thumbnail","hentry","news-tag-amerique-du-sud","news-tag-bresil"],"yoast_head":"<!-- This site is optimized with the Yoast SEO Premium plugin v27.1 (Yoast SEO v27.1.1) - https:\/\/yoast.com\/product\/yoast-seo-premium-wordpress\/ -->\n<title>Leaders NMI du Br\u00e9sil \u00e9quip\u00e9s par atelier - Church of the Nazarene<\/title>\n<meta name=\"robots\" content=\"index, follow, max-snippet:-1, max-image-preview:large, max-video-preview:-1\" \/>\n<link rel=\"canonical\" href=\"https:\/\/nazarene.org\/fr\/news\/leaders-nmi-du-bresil-equipes-par-atelier\/\" \/>\n<meta property=\"og:locale\" content=\"fr_FR\" \/>\n<meta property=\"og:type\" content=\"article\" \/>\n<meta property=\"og:title\" content=\"Leaders NMI du Br\u00e9sil \u00e9quip\u00e9s par atelier\" \/>\n<meta property=\"og:description\" content=\"La quatri\u00e8me r\u00e9union nationale des Missions nazar\u00e9ennes internationales au Br\u00e9sil a \u00e9t\u00e9 tenue 14-16 avril 2023 sous le th\u00e8me Jusqu&#039;\u00e0 ce que todos ou\u00e7am (Jusqu&#039;\u00e0 ce que tout le monde entende). L&#039;\u00e9v\u00e9nement a \u00e9t\u00e9 assist\u00e9 par 180 leaders de mission.\" \/>\n<meta property=\"og:url\" content=\"https:\/\/nazarene.org\/fr\/news\/leaders-nmi-du-bresil-equipes-par-atelier\/\" \/>\n<meta property=\"og:site_name\" content=\"Church of the Nazarene\" \/>\n<meta property=\"article:publisher\" content=\"https:\/\/www.facebook.com\/NazareneOfficial\/\" \/>\n<meta name=\"twitter:card\" content=\"summary_large_image\" \/>\n<meta name=\"twitter:site\" content=\"@Nazarene\" \/>\n<script type=\"application\/ld+json\" class=\"yoast-schema-graph\">{\"@context\":\"https:\/\/schema.org\",\"@graph\":[{\"@type\":\"WebPage\",\"@id\":\"https:\/\/nazarene.org\/fr\/news\/leaders-nmi-du-bresil-equipes-par-atelier\/\",\"url\":\"https:\/\/nazarene.org\/fr\/news\/leaders-nmi-du-bresil-equipes-par-atelier\/\",\"name\":\"Leaders NMI du Br\u00e9sil \u00e9quip\u00e9s par atelier - Church of the Nazarene\",\"isPartOf\":{\"@id\":\"https:\/\/nazarene.org\/fr\/#website\"},\"primaryImageOfPage\":{\"@id\":\"https:\/\/nazarene.org\/fr\/news\/leaders-nmi-du-bresil-equipes-par-atelier\/#primaryimage\"},\"image\":{\"@id\":\"https:\/\/nazarene.org\/fr\/news\/leaders-nmi-du-bresil-equipes-par-atelier\/#primaryimage\"},\"thumbnailUrl\":\"https:\/\/nazarene.org\/wp-content\/uploads\/2025\/02\/MNI3-copy.jpg\",\"datePublished\":\"2023-05-11T05:00:00+00:00\",\"breadcrumb\":{\"@id\":\"https:\/\/nazarene.org\/fr\/news\/leaders-nmi-du-bresil-equipes-par-atelier\/#breadcrumb\"},\"inLanguage\":\"fr-FR\",\"potentialAction\":[{\"@type\":\"ReadAction\",\"target\":[\"https:\/\/nazarene.org\/fr\/news\/leaders-nmi-du-bresil-equipes-par-atelier\/\"]}]},{\"@type\":\"ImageObject\",\"inLanguage\":\"fr-FR\",\"@id\":\"https:\/\/nazarene.org\/fr\/news\/leaders-nmi-du-bresil-equipes-par-atelier\/#primaryimage\",\"url\":\"https:\/\/nazarene.org\/wp-content\/uploads\/2025\/02\/MNI3-copy.jpg\",\"contentUrl\":\"https:\/\/nazarene.org\/wp-content\/uploads\/2025\/02\/MNI3-copy.jpg\",\"width\":1600,\"height\":854},{\"@type\":\"BreadcrumbList\",\"@id\":\"https:\/\/nazarene.org\/fr\/news\/leaders-nmi-du-bresil-equipes-par-atelier\/#breadcrumb\",\"itemListElement\":[{\"@type\":\"ListItem\",\"position\":1,\"name\":\"Home\",\"item\":\"https:\/\/nazarene.org\/fr\/\"},{\"@type\":\"ListItem\",\"position\":2,\"name\":\"News\",\"item\":\"https:\/\/nazarene.org\/fr\/news\/\"},{\"@type\":\"ListItem\",\"position\":3,\"name\":\"Leaders NMI du Br\u00e9sil \u00e9quip\u00e9s par atelier\"}]},{\"@type\":\"WebSite\",\"@id\":\"https:\/\/nazarene.org\/fr\/#website\",\"url\":\"https:\/\/nazarene.org\/fr\/\",\"name\":\"Church of the Nazarene\",\"description\":\"Making Christlike Disciples in the Nations\",\"publisher\":{\"@id\":\"https:\/\/nazarene.org\/fr\/#organization\"},\"potentialAction\":[{\"@type\":\"SearchAction\",\"target\":{\"@type\":\"EntryPoint\",\"urlTemplate\":\"https:\/\/nazarene.org\/fr\/?s={search_term_string}\"},\"query-input\":{\"@type\":\"PropertyValueSpecification\",\"valueRequired\":true,\"valueName\":\"search_term_string\"}}],\"inLanguage\":\"fr-FR\"},{\"@type\":\"Organization\",\"@id\":\"https:\/\/nazarene.org\/fr\/#organization\",\"name\":\"Church of the Nazarene\",\"url\":\"https:\/\/nazarene.org\/fr\/\",\"logo\":{\"@type\":\"ImageObject\",\"inLanguage\":\"fr-FR\",\"@id\":\"https:\/\/nazarene.org\/fr\/#\/schema\/logo\/image\/\",\"url\":\"https:\/\/nazarene.org\/wp-content\/uploads\/2024\/06\/Naz_Desktop_Black_Logo-1.svg\",\"contentUrl\":\"https:\/\/nazarene.org\/wp-content\/uploads\/2024\/06\/Naz_Desktop_Black_Logo-1.svg\",\"width\":258,\"height\":36,\"caption\":\"Church of the Nazarene\"},\"image\":{\"@id\":\"https:\/\/nazarene.org\/fr\/#\/schema\/logo\/image\/\"},\"sameAs\":[\"https:\/\/www.facebook.com\/NazareneOfficial\/\",\"https:\/\/x.com\/Nazarene\",\"https:\/\/www.instagram.com\/nazareneofficial\/\"]}]}<\/script>\n<!-- \/ Yoast SEO Premium plugin. -->","yoast_head_json":{"title":"Leaders NMI du Br\u00e9sil \u00e9quip\u00e9s par atelier - Church of the Nazarene","robots":{"index":"index","follow":"follow","max-snippet":"max-snippet:-1","max-image-preview":"max-image-preview:large","max-video-preview":"max-video-preview:-1"},"canonical":"https:\/\/nazarene.org\/fr\/news\/leaders-nmi-du-bresil-equipes-par-atelier\/","og_locale":"fr_FR","og_type":"article","og_title":"Leaders NMI du Br\u00e9sil \u00e9quip\u00e9s par atelier","og_description":"La quatri\u00e8me r\u00e9union nationale des Missions nazar\u00e9ennes internationales au Br\u00e9sil a \u00e9t\u00e9 tenue 14-16 avril 2023 sous le th\u00e8me Jusqu'\u00e0 ce que todos ou\u00e7am (Jusqu'\u00e0 ce que tout le monde entende). L'\u00e9v\u00e9nement a \u00e9t\u00e9 assist\u00e9 par 180 leaders de mission.","og_url":"https:\/\/nazarene.org\/fr\/news\/leaders-nmi-du-bresil-equipes-par-atelier\/","og_site_name":"Church of the Nazarene","article_publisher":"https:\/\/www.facebook.com\/NazareneOfficial\/","twitter_card":"summary_large_image","twitter_site":"@Nazarene","schema":{"@context":"https:\/\/schema.org","@graph":[{"@type":"WebPage","@id":"https:\/\/nazarene.org\/fr\/news\/leaders-nmi-du-bresil-equipes-par-atelier\/","url":"https:\/\/nazarene.org\/fr\/news\/leaders-nmi-du-bresil-equipes-par-atelier\/","name":"Leaders NMI du Br\u00e9sil \u00e9quip\u00e9s par atelier - Church of the Nazarene","isPartOf":{"@id":"https:\/\/nazarene.org\/fr\/#website"},"primaryImageOfPage":{"@id":"https:\/\/nazarene.org\/fr\/news\/leaders-nmi-du-bresil-equipes-par-atelier\/#primaryimage"},"image":{"@id":"https:\/\/nazarene.org\/fr\/news\/leaders-nmi-du-bresil-equipes-par-atelier\/#primaryimage"},"thumbnailUrl":"https:\/\/nazarene.org\/wp-content\/uploads\/2025\/02\/MNI3-copy.jpg","datePublished":"2023-05-11T05:00:00+00:00","breadcrumb":{"@id":"https:\/\/nazarene.org\/fr\/news\/leaders-nmi-du-bresil-equipes-par-atelier\/#breadcrumb"},"inLanguage":"fr-FR","potentialAction":[{"@type":"ReadAction","target":["https:\/\/nazarene.org\/fr\/news\/leaders-nmi-du-bresil-equipes-par-atelier\/"]}]},{"@type":"ImageObject","inLanguage":"fr-FR","@id":"https:\/\/nazarene.org\/fr\/news\/leaders-nmi-du-bresil-equipes-par-atelier\/#primaryimage","url":"https:\/\/nazarene.org\/wp-content\/uploads\/2025\/02\/MNI3-copy.jpg","contentUrl":"https:\/\/nazarene.org\/wp-content\/uploads\/2025\/02\/MNI3-copy.jpg","width":1600,"height":854},{"@type":"BreadcrumbList","@id":"https:\/\/nazarene.org\/fr\/news\/leaders-nmi-du-bresil-equipes-par-atelier\/#breadcrumb","itemListElement":[{"@type":"ListItem","position":1,"name":"Home","item":"https:\/\/nazarene.org\/fr\/"},{"@type":"ListItem","position":2,"name":"News","item":"https:\/\/nazarene.org\/fr\/news\/"},{"@type":"ListItem","position":3,"name":"Leaders NMI du Br\u00e9sil \u00e9quip\u00e9s par atelier"}]},{"@type":"WebSite","@id":"https:\/\/nazarene.org\/fr\/#website","url":"https:\/\/nazarene.org\/fr\/","name":"Church of the Nazarene","description":"Making Christlike Disciples in the Nations","publisher":{"@id":"https:\/\/nazarene.org\/fr\/#organization"},"potentialAction":[{"@type":"SearchAction","target":{"@type":"EntryPoint","urlTemplate":"https:\/\/nazarene.org\/fr\/?s={search_term_string}"},"query-input":{"@type":"PropertyValueSpecification","valueRequired":true,"valueName":"search_term_string"}}],"inLanguage":"fr-FR"},{"@type":"Organization","@id":"https:\/\/nazarene.org\/fr\/#organization","name":"Church of the Nazarene","url":"https:\/\/nazarene.org\/fr\/","logo":{"@type":"ImageObject","inLanguage":"fr-FR","@id":"https:\/\/nazarene.org\/fr\/#\/schema\/logo\/image\/","url":"https:\/\/nazarene.org\/wp-content\/uploads\/2024\/06\/Naz_Desktop_Black_Logo-1.svg","contentUrl":"https:\/\/nazarene.org\/wp-content\/uploads\/2024\/06\/Naz_Desktop_Black_Logo-1.svg","width":258,"height":36,"caption":"Church of the Nazarene"},"image":{"@id":"https:\/\/nazarene.org\/fr\/#\/schema\/logo\/image\/"},"sameAs":["https:\/\/www.facebook.com\/NazareneOfficial\/","https:\/\/x.com\/Nazarene","https:\/\/www.instagram.com\/nazareneofficial\/"]}]}},"_links":{"self":[{"href":"https:\/\/nazarene.org\/fr\/wp-json\/wp\/v2\/news\/44977","targetHints":{"allow":["GET"]}}],"collection":[{"href":"https:\/\/nazarene.org\/fr\/wp-json\/wp\/v2\/news"}],"about":[{"href":"https:\/\/nazarene.org\/fr\/wp-json\/wp\/v2\/types\/news"}],"author":[{"embeddable":true,"href":"https:\/\/nazarene.org\/fr\/wp-json\/wp\/v2\/users\/1"}],"version-history":[{"count":0,"href":"https:\/\/nazarene.org\/fr\/wp-json\/wp\/v2\/news\/44977\/revisions"}],"wp:featuredmedia":[{"embeddable":true,"href":"https:\/\/nazarene.org\/fr\/wp-json\/wp\/v2\/media\/29379"}],"wp:attachment":[{"href":"https:\/\/nazarene.org\/fr\/wp-json\/wp\/v2\/media?parent=44977"}],"wp:term":[{"taxonomy":"news-categories","embeddable":true,"href":"https:\/\/nazarene.org\/fr\/wp-json\/wp\/v2\/news-categories?post=44977"},{"taxonomy":"news-region-taxonomy","embeddable":true,"href":"https:\/\/nazarene.org\/fr\/wp-json\/wp\/v2\/news-region-taxonomy?post=44977"},{"taxonomy":"news-tag","embeddable":true,"href":"https:\/\/nazarene.org\/fr\/wp-json\/wp\/v2\/news-tag?post=44977"}],"curies":[{"name":"wp","href":"https:\/\/api.w.org\/{rel}","templated":true}]}}