{"id":44502,"date":"2024-11-22T00:00:00","date_gmt":"2024-11-22T06:00:00","guid":{"rendered":"https:\/\/nazarene.org\/news\/celebrer-le-ministere-mission-sur-le-champ-mediterraneen-occidental\/"},"modified":"2024-11-22T00:00:00","modified_gmt":"2024-11-22T06:00:00","slug":"celebrer-le-ministere-mission-sur-le-champ-mediterraneen-occidental","status":"publish","type":"news","link":"https:\/\/nazarene.org\/fr\/news\/celebrer-le-ministere-mission-sur-le-champ-mediterraneen-occidental\/","title":{"rendered":"C\u00e9l\u00e9brer le minist\u00e8re, mission sur le champ m\u00e9diterran\u00e9en occidental"},"content":{"rendered":"<p>Un groupe de leaders des r\u00e9gions Eurasie et \u00c9tats-Unis \/ Canada a voyag\u00e9 dans tout le champ m\u00e9diterran\u00e9en occidental de 4-13&nbsp;November&nbsp;to voit comment Dieu est au travail \u00e0 travers les \u00c9glises nazar\u00e9ennes locales en France, au Portugal, en Italie et en Espagne.<\/p>\n<p>Le voyage, r\u00eav\u00e9 par Geoff Kunselman, directeur du d\u00e9veloppement de l&rsquo;intendance pour l&rsquo;\u00c9glise du Nazar\u00e9en et dirig\u00e9 par le surintendant g\u00e9n\u00e9ral Carla Sunberg, comprenait des pasteurs de l&rsquo;\u00c9glise locaux, des missionnaires, des surintendants de district, des leaders r\u00e9gionaux et ceux servant dans l&rsquo;\u00e9ducation et la publication.<\/p>\n<p>Alors que le groupe a visit\u00e9 les \u00c9glises locales pour en apprendre davantage sur les contextes et les minist\u00e8res des congr\u00e9gations, ils ont \u00e9galement tenu des discussions sur des sujets allant des d\u00e9fis du minist\u00e8re dans un contexte post-chr\u00e9tien \u00e0 l&rsquo;\u00e9ducation th\u00e9ologique, au mentorat, \u00e0 la migration et aux partenariats mondiaux. L&rsquo;un des th\u00e8mes principaux \u00e9tait un rappel que la famille nazar\u00e9enne est mondiale.&nbsp;<\/p>\n<p>Kristin Burchfiel, un missionnaire qui sert au Portugal, \u00e9tait l&rsquo;un des membres du voyage.&nbsp;<\/p>\n<p>Il \u00e9tait si encourageant d&rsquo;\u00eatre rappel\u00e9 de nos connexions les uns aux autres et de se r\u00e9unir et de partager sur nos contextes et d&rsquo;apprendre les uns des autres \u00bb, a d\u00e9clar\u00e9 Burchfiel. Nous avons entendu d&rsquo;innombrables histoires de la fid\u00e9lit\u00e9 de Dieu et de la fid\u00e9lit\u00e9 des leaders locaux qui pers\u00e9v\u00e8rent dans leurs appels et voient des vies transform\u00e9es. Dans un groupe aussi diversifi\u00e9, il \u00e9tait incroyable de voir comment Dieu a donn\u00e9 chacun de nous et nous a donn\u00e9 des passions pour diff\u00e9rentes choses. Je pense que nous arrivons \u00e0 faire l&rsquo;exp\u00e9rience de Dieu de mani\u00e8re plus compl\u00e8te et compl\u00e8te lorsque nous nous r\u00e9unissons. \u00a0\u00bb&nbsp;<\/p>\n<p>En plus des discussions, le groupe avait l&rsquo;opportunit\u00e9 de prier pour et d&rsquo;encourager les pasteurs dans les \u00c9glises qu&rsquo;ils ont visit\u00e9es et de participer aux services d&rsquo;ordination au Portugal et en Italie.&nbsp;<\/p>\n<p>Diego Lopez, coordonnateur de strat\u00e9gie de champ pour la M\u00e9diterran\u00e9e occidentale, a d\u00e9clar\u00e9 que le voyage \u00e9tait un grand encouragement \u00e0 de nombreux pasteurs de champ et leaders qui se sont, parfois, sentis d\u00e9connect\u00e9 de la d\u00e9nomination mondiale.&nbsp;<\/p>\n<p>Le fait que leurs histoires et leurs r\u00e9alisations ont \u00e9t\u00e9 entendues et ont pri\u00e9 pour eux signifiait beaucoup pour eux \u00bb, a d\u00e9clar\u00e9 Lopez.&nbsp;<\/p>\n<p>Histoire apr\u00e8s histoire a \u00e9t\u00e9 partag\u00e9e des miracles que Dieu effectue dans et \u00e0 travers les \u00c9glises nazar\u00e9ennes locales dans ces deux r\u00e9gions et elle a servi de rappel que tous les Nazar\u00e9ens font partie de l&rsquo;histoire de Dieu.<\/p>\n<p>Un exemple vient du district de France, o\u00f9 les leaders ont continu\u00e9 \u00e0 investir dans les relations, m\u00eame dans des circonstances difficiles. Par l&rsquo;intentionnalit\u00e9 et un retour aux bases de l&rsquo;\u00e9ducation th\u00e9ologique et de la construction de relations, les congr\u00e9gations respirent une nouvelle vie dans leurs contextes.&nbsp;<\/p>\n<p>Dans une \u00c9glise \u00e0 Saragoza, Espagne, le pasteur a partag\u00e9 le travail de transformation que Dieu a fait en lui personnellement et dans la vie de sa famille et comment cela l&rsquo;a conduit \u00e0 \u00eatre capable de ministrer de mani\u00e8re unique aux autres dans la communaut\u00e9 qui se trouvent face \u00e0 des d\u00e9fis similaires. &nbsp;&nbsp;<\/p>\n<p>Dans l&rsquo;ensemble, les participants ont senti le voyage \u00e9tait un rappel important que Dieu continue \u00e0 appeler les gens \u00e0 le rejoindre dans le travail qu&rsquo;il fait dans le monde et que les individus sont plus forts lorsqu&rsquo;ils font partenariat.&nbsp;<\/p>\n<p>Michelle Lynam, coordinatrice des communications de la r\u00e9gion Eurasie, a \u00e9t\u00e9 frapp\u00e9e par la diversit\u00e9 du groupe, partageant que certaines des femmes avaient commenc\u00e9 l&rsquo;\u00c9glise du Nazar\u00e9en dans leurs pays et ont pos\u00e9 les fondations pour l&rsquo;\u00e9ducation th\u00e9ologique pour \u00e9quiper les pasteurs et les leaders l\u00e0.&nbsp;<\/p>\n<p>\u00c0 des points, c&rsquo;\u00e9tait comme si nous obtenions un aper\u00e7u dans les livres d&rsquo;histoire des fabricants d&rsquo;histoire eux-m\u00eames \u00bb, a d\u00e9clar\u00e9 Lynam. La richesse d&rsquo;exp\u00e9rience et de connaissances autour de la table \u00e9tait \u00e0 la fois humble et excitante. Les conversations et les connexions \u00e9taient fa\u00e7onnantes, esp\u00e9rantes, inspirantes et intentionnelles. \u00ab\u00a0<\/p>\n<p>\u00c9glise de la r\u00e9gion de l&rsquo;Eurasie nazar\u00e9enne<\/p>\n","protected":false},"excerpt":{"rendered":"<p>Un groupe de leaders des r\u00e9gions Eurasie et \u00c9tats-Unis \/ Canada a voyag\u00e9 dans tout le champ de m\u00e9diterran\u00e9en occidentale du 4-13 novembre, visitant des \u00c9glises locales en France, en Italie, en Espagne et au Portugal pour apprendre sur les contextes et les minist\u00e8res des congr\u00e9gations. L&rsquo;un des th\u00e8mes principaux \u00e9tait un rappel que la famille nazar\u00e9enne est mondiale. <\/p>\n","protected":false},"author":1,"featured_media":30959,"menu_order":0,"template":"","news-categories":[],"news-region-taxonomy":[],"news-tag":[1745,1986,1987,1988,774],"class_list":["post-44502","news","type-news","status-publish","has-post-thumbnail","hentry","news-tag-allemagne","news-tag-espagne","news-tag-italie","news-tag-portugal-fr","news-tag-region-eurasie"],"yoast_head":"<!-- This site is optimized with the Yoast SEO Premium plugin v27.1 (Yoast SEO v27.1.1) - https:\/\/yoast.com\/product\/yoast-seo-premium-wordpress\/ -->\n<title>C\u00e9l\u00e9brer le minist\u00e8re, mission sur le champ m\u00e9diterran\u00e9en occidental - Church of the Nazarene<\/title>\n<meta name=\"robots\" content=\"index, follow, max-snippet:-1, max-image-preview:large, max-video-preview:-1\" \/>\n<link rel=\"canonical\" href=\"https:\/\/nazarene.org\/fr\/news\/celebrer-le-ministere-mission-sur-le-champ-mediterraneen-occidental\/\" \/>\n<meta property=\"og:locale\" content=\"fr_FR\" \/>\n<meta property=\"og:type\" content=\"article\" \/>\n<meta property=\"og:title\" content=\"C\u00e9l\u00e9brer le minist\u00e8re, mission sur le champ m\u00e9diterran\u00e9en occidental\" \/>\n<meta property=\"og:description\" content=\"Un groupe de leaders des r\u00e9gions Eurasie et \u00c9tats-Unis \/ Canada a voyag\u00e9 dans tout le champ de m\u00e9diterran\u00e9en occidentale du 4-13 novembre, visitant des \u00c9glises locales en France, en Italie, en Espagne et au Portugal pour apprendre sur les contextes et les minist\u00e8res des congr\u00e9gations. L&#039;un des th\u00e8mes principaux \u00e9tait un rappel que la famille nazar\u00e9enne est mondiale.\" \/>\n<meta property=\"og:url\" content=\"https:\/\/nazarene.org\/fr\/news\/celebrer-le-ministere-mission-sur-le-champ-mediterraneen-occidental\/\" \/>\n<meta property=\"og:site_name\" content=\"Church of the Nazarene\" \/>\n<meta property=\"article:publisher\" content=\"https:\/\/www.facebook.com\/NazareneOfficial\/\" \/>\n<meta name=\"twitter:card\" content=\"summary_large_image\" \/>\n<meta name=\"twitter:site\" content=\"@Nazarene\" \/>\n<script type=\"application\/ld+json\" class=\"yoast-schema-graph\">{\"@context\":\"https:\/\/schema.org\",\"@graph\":[{\"@type\":\"WebPage\",\"@id\":\"https:\/\/nazarene.org\/fr\/news\/celebrer-le-ministere-mission-sur-le-champ-mediterraneen-occidental\/\",\"url\":\"https:\/\/nazarene.org\/fr\/news\/celebrer-le-ministere-mission-sur-le-champ-mediterraneen-occidental\/\",\"name\":\"C\u00e9l\u00e9brer le minist\u00e8re, mission sur le champ m\u00e9diterran\u00e9en occidental - Church of the Nazarene\",\"isPartOf\":{\"@id\":\"https:\/\/nazarene.org\/fr\/#website\"},\"primaryImageOfPage\":{\"@id\":\"https:\/\/nazarene.org\/fr\/news\/celebrer-le-ministere-mission-sur-le-champ-mediterraneen-occidental\/#primaryimage\"},\"image\":{\"@id\":\"https:\/\/nazarene.org\/fr\/news\/celebrer-le-ministere-mission-sur-le-champ-mediterraneen-occidental\/#primaryimage\"},\"thumbnailUrl\":\"https:\/\/nazarene.org\/wp-content\/uploads\/2025\/02\/Eurasia-LT.jpg\",\"datePublished\":\"2024-11-22T06:00:00+00:00\",\"breadcrumb\":{\"@id\":\"https:\/\/nazarene.org\/fr\/news\/celebrer-le-ministere-mission-sur-le-champ-mediterraneen-occidental\/#breadcrumb\"},\"inLanguage\":\"fr-FR\",\"potentialAction\":[{\"@type\":\"ReadAction\",\"target\":[\"https:\/\/nazarene.org\/fr\/news\/celebrer-le-ministere-mission-sur-le-champ-mediterraneen-occidental\/\"]}]},{\"@type\":\"ImageObject\",\"inLanguage\":\"fr-FR\",\"@id\":\"https:\/\/nazarene.org\/fr\/news\/celebrer-le-ministere-mission-sur-le-champ-mediterraneen-occidental\/#primaryimage\",\"url\":\"https:\/\/nazarene.org\/wp-content\/uploads\/2025\/02\/Eurasia-LT.jpg\",\"contentUrl\":\"https:\/\/nazarene.org\/wp-content\/uploads\/2025\/02\/Eurasia-LT.jpg\",\"width\":750,\"height\":400},{\"@type\":\"BreadcrumbList\",\"@id\":\"https:\/\/nazarene.org\/fr\/news\/celebrer-le-ministere-mission-sur-le-champ-mediterraneen-occidental\/#breadcrumb\",\"itemListElement\":[{\"@type\":\"ListItem\",\"position\":1,\"name\":\"Home\",\"item\":\"https:\/\/nazarene.org\/fr\/\"},{\"@type\":\"ListItem\",\"position\":2,\"name\":\"News\",\"item\":\"https:\/\/nazarene.org\/fr\/news\/\"},{\"@type\":\"ListItem\",\"position\":3,\"name\":\"C\u00e9l\u00e9brer le minist\u00e8re, mission sur le champ m\u00e9diterran\u00e9en occidental\"}]},{\"@type\":\"WebSite\",\"@id\":\"https:\/\/nazarene.org\/fr\/#website\",\"url\":\"https:\/\/nazarene.org\/fr\/\",\"name\":\"Church of the Nazarene\",\"description\":\"Making Christlike Disciples in the Nations\",\"publisher\":{\"@id\":\"https:\/\/nazarene.org\/fr\/#organization\"},\"potentialAction\":[{\"@type\":\"SearchAction\",\"target\":{\"@type\":\"EntryPoint\",\"urlTemplate\":\"https:\/\/nazarene.org\/fr\/?s={search_term_string}\"},\"query-input\":{\"@type\":\"PropertyValueSpecification\",\"valueRequired\":true,\"valueName\":\"search_term_string\"}}],\"inLanguage\":\"fr-FR\"},{\"@type\":\"Organization\",\"@id\":\"https:\/\/nazarene.org\/fr\/#organization\",\"name\":\"Church of the Nazarene\",\"url\":\"https:\/\/nazarene.org\/fr\/\",\"logo\":{\"@type\":\"ImageObject\",\"inLanguage\":\"fr-FR\",\"@id\":\"https:\/\/nazarene.org\/fr\/#\/schema\/logo\/image\/\",\"url\":\"https:\/\/nazarene.org\/wp-content\/uploads\/2024\/06\/Naz_Desktop_Black_Logo-1.svg\",\"contentUrl\":\"https:\/\/nazarene.org\/wp-content\/uploads\/2024\/06\/Naz_Desktop_Black_Logo-1.svg\",\"width\":258,\"height\":36,\"caption\":\"Church of the Nazarene\"},\"image\":{\"@id\":\"https:\/\/nazarene.org\/fr\/#\/schema\/logo\/image\/\"},\"sameAs\":[\"https:\/\/www.facebook.com\/NazareneOfficial\/\",\"https:\/\/x.com\/Nazarene\",\"https:\/\/www.instagram.com\/nazareneofficial\/\"]}]}<\/script>\n<!-- \/ Yoast SEO Premium plugin. -->","yoast_head_json":{"title":"C\u00e9l\u00e9brer le minist\u00e8re, mission sur le champ m\u00e9diterran\u00e9en occidental - Church of the Nazarene","robots":{"index":"index","follow":"follow","max-snippet":"max-snippet:-1","max-image-preview":"max-image-preview:large","max-video-preview":"max-video-preview:-1"},"canonical":"https:\/\/nazarene.org\/fr\/news\/celebrer-le-ministere-mission-sur-le-champ-mediterraneen-occidental\/","og_locale":"fr_FR","og_type":"article","og_title":"C\u00e9l\u00e9brer le minist\u00e8re, mission sur le champ m\u00e9diterran\u00e9en occidental","og_description":"Un groupe de leaders des r\u00e9gions Eurasie et \u00c9tats-Unis \/ Canada a voyag\u00e9 dans tout le champ de m\u00e9diterran\u00e9en occidentale du 4-13 novembre, visitant des \u00c9glises locales en France, en Italie, en Espagne et au Portugal pour apprendre sur les contextes et les minist\u00e8res des congr\u00e9gations. L'un des th\u00e8mes principaux \u00e9tait un rappel que la famille nazar\u00e9enne est mondiale.","og_url":"https:\/\/nazarene.org\/fr\/news\/celebrer-le-ministere-mission-sur-le-champ-mediterraneen-occidental\/","og_site_name":"Church of the Nazarene","article_publisher":"https:\/\/www.facebook.com\/NazareneOfficial\/","twitter_card":"summary_large_image","twitter_site":"@Nazarene","schema":{"@context":"https:\/\/schema.org","@graph":[{"@type":"WebPage","@id":"https:\/\/nazarene.org\/fr\/news\/celebrer-le-ministere-mission-sur-le-champ-mediterraneen-occidental\/","url":"https:\/\/nazarene.org\/fr\/news\/celebrer-le-ministere-mission-sur-le-champ-mediterraneen-occidental\/","name":"C\u00e9l\u00e9brer le minist\u00e8re, mission sur le champ m\u00e9diterran\u00e9en occidental - Church of the Nazarene","isPartOf":{"@id":"https:\/\/nazarene.org\/fr\/#website"},"primaryImageOfPage":{"@id":"https:\/\/nazarene.org\/fr\/news\/celebrer-le-ministere-mission-sur-le-champ-mediterraneen-occidental\/#primaryimage"},"image":{"@id":"https:\/\/nazarene.org\/fr\/news\/celebrer-le-ministere-mission-sur-le-champ-mediterraneen-occidental\/#primaryimage"},"thumbnailUrl":"https:\/\/nazarene.org\/wp-content\/uploads\/2025\/02\/Eurasia-LT.jpg","datePublished":"2024-11-22T06:00:00+00:00","breadcrumb":{"@id":"https:\/\/nazarene.org\/fr\/news\/celebrer-le-ministere-mission-sur-le-champ-mediterraneen-occidental\/#breadcrumb"},"inLanguage":"fr-FR","potentialAction":[{"@type":"ReadAction","target":["https:\/\/nazarene.org\/fr\/news\/celebrer-le-ministere-mission-sur-le-champ-mediterraneen-occidental\/"]}]},{"@type":"ImageObject","inLanguage":"fr-FR","@id":"https:\/\/nazarene.org\/fr\/news\/celebrer-le-ministere-mission-sur-le-champ-mediterraneen-occidental\/#primaryimage","url":"https:\/\/nazarene.org\/wp-content\/uploads\/2025\/02\/Eurasia-LT.jpg","contentUrl":"https:\/\/nazarene.org\/wp-content\/uploads\/2025\/02\/Eurasia-LT.jpg","width":750,"height":400},{"@type":"BreadcrumbList","@id":"https:\/\/nazarene.org\/fr\/news\/celebrer-le-ministere-mission-sur-le-champ-mediterraneen-occidental\/#breadcrumb","itemListElement":[{"@type":"ListItem","position":1,"name":"Home","item":"https:\/\/nazarene.org\/fr\/"},{"@type":"ListItem","position":2,"name":"News","item":"https:\/\/nazarene.org\/fr\/news\/"},{"@type":"ListItem","position":3,"name":"C\u00e9l\u00e9brer le minist\u00e8re, mission sur le champ m\u00e9diterran\u00e9en occidental"}]},{"@type":"WebSite","@id":"https:\/\/nazarene.org\/fr\/#website","url":"https:\/\/nazarene.org\/fr\/","name":"Church of the Nazarene","description":"Making Christlike Disciples in the Nations","publisher":{"@id":"https:\/\/nazarene.org\/fr\/#organization"},"potentialAction":[{"@type":"SearchAction","target":{"@type":"EntryPoint","urlTemplate":"https:\/\/nazarene.org\/fr\/?s={search_term_string}"},"query-input":{"@type":"PropertyValueSpecification","valueRequired":true,"valueName":"search_term_string"}}],"inLanguage":"fr-FR"},{"@type":"Organization","@id":"https:\/\/nazarene.org\/fr\/#organization","name":"Church of the Nazarene","url":"https:\/\/nazarene.org\/fr\/","logo":{"@type":"ImageObject","inLanguage":"fr-FR","@id":"https:\/\/nazarene.org\/fr\/#\/schema\/logo\/image\/","url":"https:\/\/nazarene.org\/wp-content\/uploads\/2024\/06\/Naz_Desktop_Black_Logo-1.svg","contentUrl":"https:\/\/nazarene.org\/wp-content\/uploads\/2024\/06\/Naz_Desktop_Black_Logo-1.svg","width":258,"height":36,"caption":"Church of the Nazarene"},"image":{"@id":"https:\/\/nazarene.org\/fr\/#\/schema\/logo\/image\/"},"sameAs":["https:\/\/www.facebook.com\/NazareneOfficial\/","https:\/\/x.com\/Nazarene","https:\/\/www.instagram.com\/nazareneofficial\/"]}]}},"_links":{"self":[{"href":"https:\/\/nazarene.org\/fr\/wp-json\/wp\/v2\/news\/44502","targetHints":{"allow":["GET"]}}],"collection":[{"href":"https:\/\/nazarene.org\/fr\/wp-json\/wp\/v2\/news"}],"about":[{"href":"https:\/\/nazarene.org\/fr\/wp-json\/wp\/v2\/types\/news"}],"author":[{"embeddable":true,"href":"https:\/\/nazarene.org\/fr\/wp-json\/wp\/v2\/users\/1"}],"version-history":[{"count":0,"href":"https:\/\/nazarene.org\/fr\/wp-json\/wp\/v2\/news\/44502\/revisions"}],"wp:featuredmedia":[{"embeddable":true,"href":"https:\/\/nazarene.org\/fr\/wp-json\/wp\/v2\/media\/30959"}],"wp:attachment":[{"href":"https:\/\/nazarene.org\/fr\/wp-json\/wp\/v2\/media?parent=44502"}],"wp:term":[{"taxonomy":"news-categories","embeddable":true,"href":"https:\/\/nazarene.org\/fr\/wp-json\/wp\/v2\/news-categories?post=44502"},{"taxonomy":"news-region-taxonomy","embeddable":true,"href":"https:\/\/nazarene.org\/fr\/wp-json\/wp\/v2\/news-region-taxonomy?post=44502"},{"taxonomy":"news-tag","embeddable":true,"href":"https:\/\/nazarene.org\/fr\/wp-json\/wp\/v2\/news-tag?post=44502"}],"curies":[{"name":"wp","href":"https:\/\/api.w.org\/{rel}","templated":true}]}}