{"id":44354,"date":"2024-10-03T00:00:00","date_gmt":"2024-10-03T05:00:00","guid":{"rendered":"https:\/\/nazarene.org\/news\/une-priere-pour-le-liban\/"},"modified":"2024-10-03T00:00:00","modified_gmt":"2024-10-03T05:00:00","slug":"une-priere-pour-le-liban","status":"publish","type":"news","link":"https:\/\/nazarene.org\/fr\/news\/une-priere-pour-le-liban\/","title":{"rendered":"Une pri\u00e8re pour le Liban"},"content":{"rendered":"<p>Les c\u0153urs ont mal dans le monde entier pour ceux qui vivent les impacts de la guerre qui s&rsquo;est \u00e9tendue au Liban. Comme toutes les \u00e9coles au Liban, l&rsquo;\u00e9cole nazar\u00e9enne \u00e0 Beyrouth a \u00e9t\u00e9 ferm\u00e9e temporairement. Cependant, les soins de l&rsquo;\u00c9glise et de l&rsquo;\u00e9cole pour la communaut\u00e9 continuent alors qu&rsquo;ils distribuent de la nourriture, des couvertures et des matelas \u00e0 ceux qui sont dans le besoin.<\/p>\n<p>L&rsquo;\u00e9cole nazar\u00e9enne au Liban a exist\u00e9 depuis les ann\u00e9es 1960 et a endur\u00e9 de nombreuses guerres, explosions et difficult\u00e9s \u00e9conomiques. Gr\u00e2ce au courage du personnel, \u00e0 la fid\u00e9lit\u00e9 des parents et \u00e0 l&rsquo;amour et le soutien des Nazar\u00e9ens du monde entier, l&rsquo;\u00e9cole continue \u00e0 servir ceux qui sont dans le besoin.&nbsp;<\/p>\n<p>La pri\u00e8re est demand\u00e9e pour les enfants, le personnel et tous ceux qui souffrent pendant cette guerre.<\/p>\n<blockquote>\n<p><em>Seigneur de paix et de mis\u00e9ricorde, nous demandons que votre pr\u00e9sence soit ressentie au milieu de ce conflit qui perturbe la vie de ceux au Liban. Nous prions pour une fin rapide \u00e0 la violence. Nous prions pour la protection et la s\u00e9curit\u00e9 pour les enfants et les personnes les plus vuln\u00e9rables impact\u00e9s par cette d\u00e9vastation. Dieu, laissez votre paix r\u00e9gner et travailler \u00e0 travers votre peuple pour apporter la gu\u00e9rison, l&rsquo;espoir et le r\u00e9confort \u00e0 tout le monde autour d&rsquo;eux. Donnez \u00e0 votre \u00c9glise sagesse et conseils dans les jours \u00e0 venir alors que vos gens continuent \u00e0 r\u00e9pondre aux besoins autour d&rsquo;eux. Seigneur, entendez nos pri\u00e8res.&nbsp;<\/em><\/p>\n<\/blockquote>\n<p><strong>Comment vous pouvez aider<\/strong><\/p>\n<p>Pour soutenir la r\u00e9ponse dirig\u00e9e par l&rsquo;\u00c9glise au Liban, donner au <a href=\"http:\/\/give.ncm.org\/donate\/123595?source=C24NCMEML\">Fonds de r\u00e9ponse \u00e0 la crise du Moyen-Orient<\/a>.&nbsp;Pour envoyer des dons par courrier :<\/p>\n<p>Aux \u00c9tats-Unis, faire des ch\u00e8ques payables au \u00ab Tr\u00e9sorier g\u00e9n\u00e9ral \u00bb et les envoyer \u00e0 :<\/p>\n<blockquote>\n<p>Services de tr\u00e9sorerie mondiaux<\/p>\n<p>\u00c9glise du Nazar\u00e9en<\/p>\n<p>17001 Prairie Star Pkwy<\/p>\n<p>Lenexa, KS 66220<\/p>\n<p>Assurez-vous de mettre 123595 dans la zone de m\u00e9mo de votre ch\u00e8que.<\/p>\n<\/blockquote>\n<p>Au Canada, faire des ch\u00e8ques payables \u00e0 l&rsquo;&nbsp;\u00ab \u00c9glise du Nazar\u00e9en \u00bb et les envoyer \u00e0 :<\/p>\n<blockquote>\n<p>\u00c9glise du Nazar\u00e9en du Canada<\/p>\n<p>3657 Ponytrail Drive, Mississauga, ON | L4X 1W5<\/p>\n<p>Assurez-vous de mettre 123595 dans la zone de m\u00e9mo de votre ch\u00e8que.<\/p>\n<\/blockquote>\n<p>Pour tout autre pays, donnez par l&rsquo;interm\u00e9diaire de votre \u00c9glise locale ou district, d\u00e9signer votre don \u00e0 la r\u00e9ponse \u00e0 la crise du Moyen-Orient.<\/p>\n","protected":false},"excerpt":{"rendered":"<p>Les c\u0153urs ont mal dans le monde entier pour ceux qui vivent les impacts de la guerre qui s&rsquo;est \u00e9tendue au Liban. Pour en savoir plus sur son impact sur l&rsquo;\u00e9cole nazar\u00e9enne au Liban et comment soutenir, cliquez sur Lire plus.<\/p>\n","protected":false},"author":1,"featured_media":30827,"menu_order":0,"template":"","news-categories":[],"news-region-taxonomy":[],"news-tag":[1966,774],"class_list":["post-44354","news","type-news","status-publish","has-post-thumbnail","hentry","news-tag-liban","news-tag-region-eurasie"],"yoast_head":"<!-- This site is optimized with the Yoast SEO Premium plugin v27.1 (Yoast SEO v27.1.1) - https:\/\/yoast.com\/product\/yoast-seo-premium-wordpress\/ -->\n<title>Une pri\u00e8re pour le Liban - Church of the Nazarene<\/title>\n<meta name=\"robots\" content=\"index, follow, max-snippet:-1, max-image-preview:large, max-video-preview:-1\" \/>\n<link rel=\"canonical\" href=\"https:\/\/nazarene.org\/fr\/news\/une-priere-pour-le-liban\/\" \/>\n<meta property=\"og:locale\" content=\"fr_FR\" \/>\n<meta property=\"og:type\" content=\"article\" \/>\n<meta property=\"og:title\" content=\"Une pri\u00e8re pour le Liban\" \/>\n<meta property=\"og:description\" content=\"Les c\u0153urs ont mal dans le monde entier pour ceux qui vivent les impacts de la guerre qui s&#039;est \u00e9tendue au Liban. Pour en savoir plus sur son impact sur l&#039;\u00e9cole nazar\u00e9enne au Liban et comment soutenir, cliquez sur Lire plus.\" \/>\n<meta property=\"og:url\" content=\"https:\/\/nazarene.org\/fr\/news\/une-priere-pour-le-liban\/\" \/>\n<meta property=\"og:site_name\" content=\"Church of the Nazarene\" \/>\n<meta property=\"article:publisher\" content=\"https:\/\/www.facebook.com\/NazareneOfficial\/\" \/>\n<meta name=\"twitter:card\" content=\"summary_large_image\" \/>\n<meta name=\"twitter:site\" content=\"@Nazarene\" \/>\n<script type=\"application\/ld+json\" class=\"yoast-schema-graph\">{\"@context\":\"https:\/\/schema.org\",\"@graph\":[{\"@type\":\"WebPage\",\"@id\":\"https:\/\/nazarene.org\/fr\/news\/une-priere-pour-le-liban\/\",\"url\":\"https:\/\/nazarene.org\/fr\/news\/une-priere-pour-le-liban\/\",\"name\":\"Une pri\u00e8re pour le Liban - Church of the Nazarene\",\"isPartOf\":{\"@id\":\"https:\/\/nazarene.org\/fr\/#website\"},\"primaryImageOfPage\":{\"@id\":\"https:\/\/nazarene.org\/fr\/news\/une-priere-pour-le-liban\/#primaryimage\"},\"image\":{\"@id\":\"https:\/\/nazarene.org\/fr\/news\/une-priere-pour-le-liban\/#primaryimage\"},\"thumbnailUrl\":\"https:\/\/nazarene.org\/wp-content\/uploads\/2025\/02\/NES-School-2022_262-copy.jpg\",\"datePublished\":\"2024-10-03T05:00:00+00:00\",\"breadcrumb\":{\"@id\":\"https:\/\/nazarene.org\/fr\/news\/une-priere-pour-le-liban\/#breadcrumb\"},\"inLanguage\":\"fr-FR\",\"potentialAction\":[{\"@type\":\"ReadAction\",\"target\":[\"https:\/\/nazarene.org\/fr\/news\/une-priere-pour-le-liban\/\"]}]},{\"@type\":\"ImageObject\",\"inLanguage\":\"fr-FR\",\"@id\":\"https:\/\/nazarene.org\/fr\/news\/une-priere-pour-le-liban\/#primaryimage\",\"url\":\"https:\/\/nazarene.org\/wp-content\/uploads\/2025\/02\/NES-School-2022_262-copy.jpg\",\"contentUrl\":\"https:\/\/nazarene.org\/wp-content\/uploads\/2025\/02\/NES-School-2022_262-copy.jpg\",\"width\":750,\"height\":400},{\"@type\":\"BreadcrumbList\",\"@id\":\"https:\/\/nazarene.org\/fr\/news\/une-priere-pour-le-liban\/#breadcrumb\",\"itemListElement\":[{\"@type\":\"ListItem\",\"position\":1,\"name\":\"Home\",\"item\":\"https:\/\/nazarene.org\/fr\/\"},{\"@type\":\"ListItem\",\"position\":2,\"name\":\"News\",\"item\":\"https:\/\/nazarene.org\/fr\/news\/\"},{\"@type\":\"ListItem\",\"position\":3,\"name\":\"Une pri\u00e8re pour le Liban\"}]},{\"@type\":\"WebSite\",\"@id\":\"https:\/\/nazarene.org\/fr\/#website\",\"url\":\"https:\/\/nazarene.org\/fr\/\",\"name\":\"Church of the Nazarene\",\"description\":\"Making Christlike Disciples in the Nations\",\"publisher\":{\"@id\":\"https:\/\/nazarene.org\/fr\/#organization\"},\"potentialAction\":[{\"@type\":\"SearchAction\",\"target\":{\"@type\":\"EntryPoint\",\"urlTemplate\":\"https:\/\/nazarene.org\/fr\/?s={search_term_string}\"},\"query-input\":{\"@type\":\"PropertyValueSpecification\",\"valueRequired\":true,\"valueName\":\"search_term_string\"}}],\"inLanguage\":\"fr-FR\"},{\"@type\":\"Organization\",\"@id\":\"https:\/\/nazarene.org\/fr\/#organization\",\"name\":\"Church of the Nazarene\",\"url\":\"https:\/\/nazarene.org\/fr\/\",\"logo\":{\"@type\":\"ImageObject\",\"inLanguage\":\"fr-FR\",\"@id\":\"https:\/\/nazarene.org\/fr\/#\/schema\/logo\/image\/\",\"url\":\"https:\/\/nazarene.org\/wp-content\/uploads\/2024\/06\/Naz_Desktop_Black_Logo-1.svg\",\"contentUrl\":\"https:\/\/nazarene.org\/wp-content\/uploads\/2024\/06\/Naz_Desktop_Black_Logo-1.svg\",\"width\":258,\"height\":36,\"caption\":\"Church of the Nazarene\"},\"image\":{\"@id\":\"https:\/\/nazarene.org\/fr\/#\/schema\/logo\/image\/\"},\"sameAs\":[\"https:\/\/www.facebook.com\/NazareneOfficial\/\",\"https:\/\/x.com\/Nazarene\",\"https:\/\/www.instagram.com\/nazareneofficial\/\"]}]}<\/script>\n<!-- \/ Yoast SEO Premium plugin. -->","yoast_head_json":{"title":"Une pri\u00e8re pour le Liban - Church of the Nazarene","robots":{"index":"index","follow":"follow","max-snippet":"max-snippet:-1","max-image-preview":"max-image-preview:large","max-video-preview":"max-video-preview:-1"},"canonical":"https:\/\/nazarene.org\/fr\/news\/une-priere-pour-le-liban\/","og_locale":"fr_FR","og_type":"article","og_title":"Une pri\u00e8re pour le Liban","og_description":"Les c\u0153urs ont mal dans le monde entier pour ceux qui vivent les impacts de la guerre qui s'est \u00e9tendue au Liban. Pour en savoir plus sur son impact sur l'\u00e9cole nazar\u00e9enne au Liban et comment soutenir, cliquez sur Lire plus.","og_url":"https:\/\/nazarene.org\/fr\/news\/une-priere-pour-le-liban\/","og_site_name":"Church of the Nazarene","article_publisher":"https:\/\/www.facebook.com\/NazareneOfficial\/","twitter_card":"summary_large_image","twitter_site":"@Nazarene","schema":{"@context":"https:\/\/schema.org","@graph":[{"@type":"WebPage","@id":"https:\/\/nazarene.org\/fr\/news\/une-priere-pour-le-liban\/","url":"https:\/\/nazarene.org\/fr\/news\/une-priere-pour-le-liban\/","name":"Une pri\u00e8re pour le Liban - Church of the Nazarene","isPartOf":{"@id":"https:\/\/nazarene.org\/fr\/#website"},"primaryImageOfPage":{"@id":"https:\/\/nazarene.org\/fr\/news\/une-priere-pour-le-liban\/#primaryimage"},"image":{"@id":"https:\/\/nazarene.org\/fr\/news\/une-priere-pour-le-liban\/#primaryimage"},"thumbnailUrl":"https:\/\/nazarene.org\/wp-content\/uploads\/2025\/02\/NES-School-2022_262-copy.jpg","datePublished":"2024-10-03T05:00:00+00:00","breadcrumb":{"@id":"https:\/\/nazarene.org\/fr\/news\/une-priere-pour-le-liban\/#breadcrumb"},"inLanguage":"fr-FR","potentialAction":[{"@type":"ReadAction","target":["https:\/\/nazarene.org\/fr\/news\/une-priere-pour-le-liban\/"]}]},{"@type":"ImageObject","inLanguage":"fr-FR","@id":"https:\/\/nazarene.org\/fr\/news\/une-priere-pour-le-liban\/#primaryimage","url":"https:\/\/nazarene.org\/wp-content\/uploads\/2025\/02\/NES-School-2022_262-copy.jpg","contentUrl":"https:\/\/nazarene.org\/wp-content\/uploads\/2025\/02\/NES-School-2022_262-copy.jpg","width":750,"height":400},{"@type":"BreadcrumbList","@id":"https:\/\/nazarene.org\/fr\/news\/une-priere-pour-le-liban\/#breadcrumb","itemListElement":[{"@type":"ListItem","position":1,"name":"Home","item":"https:\/\/nazarene.org\/fr\/"},{"@type":"ListItem","position":2,"name":"News","item":"https:\/\/nazarene.org\/fr\/news\/"},{"@type":"ListItem","position":3,"name":"Une pri\u00e8re pour le Liban"}]},{"@type":"WebSite","@id":"https:\/\/nazarene.org\/fr\/#website","url":"https:\/\/nazarene.org\/fr\/","name":"Church of the Nazarene","description":"Making Christlike Disciples in the Nations","publisher":{"@id":"https:\/\/nazarene.org\/fr\/#organization"},"potentialAction":[{"@type":"SearchAction","target":{"@type":"EntryPoint","urlTemplate":"https:\/\/nazarene.org\/fr\/?s={search_term_string}"},"query-input":{"@type":"PropertyValueSpecification","valueRequired":true,"valueName":"search_term_string"}}],"inLanguage":"fr-FR"},{"@type":"Organization","@id":"https:\/\/nazarene.org\/fr\/#organization","name":"Church of the Nazarene","url":"https:\/\/nazarene.org\/fr\/","logo":{"@type":"ImageObject","inLanguage":"fr-FR","@id":"https:\/\/nazarene.org\/fr\/#\/schema\/logo\/image\/","url":"https:\/\/nazarene.org\/wp-content\/uploads\/2024\/06\/Naz_Desktop_Black_Logo-1.svg","contentUrl":"https:\/\/nazarene.org\/wp-content\/uploads\/2024\/06\/Naz_Desktop_Black_Logo-1.svg","width":258,"height":36,"caption":"Church of the Nazarene"},"image":{"@id":"https:\/\/nazarene.org\/fr\/#\/schema\/logo\/image\/"},"sameAs":["https:\/\/www.facebook.com\/NazareneOfficial\/","https:\/\/x.com\/Nazarene","https:\/\/www.instagram.com\/nazareneofficial\/"]}]}},"_links":{"self":[{"href":"https:\/\/nazarene.org\/fr\/wp-json\/wp\/v2\/news\/44354","targetHints":{"allow":["GET"]}}],"collection":[{"href":"https:\/\/nazarene.org\/fr\/wp-json\/wp\/v2\/news"}],"about":[{"href":"https:\/\/nazarene.org\/fr\/wp-json\/wp\/v2\/types\/news"}],"author":[{"embeddable":true,"href":"https:\/\/nazarene.org\/fr\/wp-json\/wp\/v2\/users\/1"}],"version-history":[{"count":0,"href":"https:\/\/nazarene.org\/fr\/wp-json\/wp\/v2\/news\/44354\/revisions"}],"wp:featuredmedia":[{"embeddable":true,"href":"https:\/\/nazarene.org\/fr\/wp-json\/wp\/v2\/media\/30827"}],"wp:attachment":[{"href":"https:\/\/nazarene.org\/fr\/wp-json\/wp\/v2\/media?parent=44354"}],"wp:term":[{"taxonomy":"news-categories","embeddable":true,"href":"https:\/\/nazarene.org\/fr\/wp-json\/wp\/v2\/news-categories?post=44354"},{"taxonomy":"news-region-taxonomy","embeddable":true,"href":"https:\/\/nazarene.org\/fr\/wp-json\/wp\/v2\/news-region-taxonomy?post=44354"},{"taxonomy":"news-tag","embeddable":true,"href":"https:\/\/nazarene.org\/fr\/wp-json\/wp\/v2\/news-tag?post=44354"}],"curies":[{"name":"wp","href":"https:\/\/api.w.org\/{rel}","templated":true}]}}