{"id":44177,"date":"2024-09-05T00:00:00","date_gmt":"2024-09-05T05:00:00","guid":{"rendered":"https:\/\/nazarene.org\/news\/le-ministere-cafe-renforce-les-mariages-les-familles-au-venezuela\/"},"modified":"2025-06-20T00:41:26","modified_gmt":"2025-06-20T05:41:26","slug":"le-ministere-cafe-renforce-les-mariages-les-familles-au-venezuela","status":"publish","type":"news","link":"https:\/\/nazarene.org\/fr\/news\/le-ministere-cafe-renforce-les-mariages-les-familles-au-venezuela\/","title":{"rendered":"Le minist\u00e8re CAF\u00c9 renforce les mariages, les familles au Venezuela"},"content":{"rendered":"<p>Le minist\u00e8re du mariage CAF\u00c9 (Casados Felices) de l&rsquo;\u00c9glise de Vida Nueva du Nazar\u00e9en \u00e0 Machiques dans le district du Venezuela Lago a organis\u00e9 une conf\u00e9rence appel\u00e9e <i>Conectados <\/i>(Connect\u00e9) pour la deuxi\u00e8me ann\u00e9e cons\u00e9cutive.<\/p>\n<p>La conf\u00e9rence visait \u00e0 b\u00e9nir et \u00e0 renforcer les mariages par plusieurs ateliers : \u00ab Soins de soi physiques et \u00e9motionnels dans le mariage \u00bb, \u00ab Technologie et r\u00e9seaux sociaux vs. mariage et famille \u00bb et \u00ab Principes, r\u00f4les et fonctions dans le mariage et la soci\u00e9t\u00e9 \u00bb.<\/p>\n<p>L&rsquo;\u00e9v\u00e9nement a \u00e9t\u00e9 tenu \u00e0 Zona Perij\u00e1 sur trois semaines cons\u00e9cutives et 31 couples ont particip\u00e9. La conf\u00e9rence s&rsquo;est &nbsp;termin\u00e9e avec une soir\u00e9e romantique remplie de musique en direct, d&rsquo;un d\u00eener et d&rsquo;un sermon. En outre, les certificats ont \u00e9t\u00e9 donn\u00e9s aux couples pour leur participation.<\/p>\n<p>Roxana Mercado a partag\u00e9 qu&rsquo;elle et son mari ont lutt\u00e9 \u00e9motionnellement dans leur mariage.<\/p>\n<p>Mais depuis la &nbsp;conf\u00e9rence, nous avons appris \u00e0 voir les choses d&rsquo;un autre point de vue. Je peux dire que ma vie mari\u00e9e avait un sens \u00e0 nouveau \u00bb, a d\u00e9clar\u00e9 Mercado. M\u00eame si mon mari est toujours dans le processus de conversion, sa relation avec moi a chang\u00e9 et il est plus attentif, aimant et patient. Je sais que Dieu continuera \u00e0 nous transformer et \u00e0 nous guider dans notre mariage. \u00ab\u00a0<\/p>\n<p>Keudy Rujano et Lunnary de Rujano, coordonnateurs du minist\u00e8re CAFE, disent que les gens doivent \u00eatre &nbsp;intentionnels dans leurs mariages.<\/p>\n<p>Ce minist\u00e8re a aid\u00e9 de nombreuses familles \u00e0 \u00eatre form\u00e9es selon l&rsquo;image de Dieu pour le renforcement et la restauration de la m\u00eame chose \u00bb, a d\u00e9clar\u00e9 Lunnary. Pour cette raison, ce minist\u00e8re est de grande importance pour chaque Nazar\u00e9en. \u00ab\u00a0<\/p>\n<p>\u00c9glise de l&rsquo;Am\u00e9rique du Sud nazar\u00e9enne<\/p>\n","protected":false},"excerpt":{"rendered":"<p>Le minist\u00e8re du mariage CAF\u00c9 (Casados Felices) de l&rsquo;\u00c9glise de Vida Nueva du Nazar\u00e9en \u00e0 Machiques dans le district du Venezuela Lago a organis\u00e9 une conf\u00e9rence appel\u00e9e Conectados (Connect\u00e9) pour la deuxi\u00e8me ann\u00e9e cons\u00e9cutive.<\/p>\n","protected":false},"author":1,"featured_media":30743,"menu_order":0,"template":"","news-categories":[],"news-region-taxonomy":[],"news-tag":[782,954],"class_list":["post-44177","news","type-news","status-publish","has-post-thumbnail","hentry","news-tag-amerique-du-sud","news-tag-venezuela-fr"],"yoast_head":"<!-- This site is optimized with the Yoast SEO Premium plugin v27.1 (Yoast SEO v27.1.1) - https:\/\/yoast.com\/product\/yoast-seo-premium-wordpress\/ -->\n<title>Le minist\u00e8re CAF\u00c9 renforce les mariages, les familles au Venezuela - Church of the Nazarene<\/title>\n<meta name=\"robots\" content=\"index, follow, max-snippet:-1, max-image-preview:large, max-video-preview:-1\" \/>\n<link rel=\"canonical\" href=\"https:\/\/nazarene.org\/fr\/news\/le-ministere-cafe-renforce-les-mariages-les-familles-au-venezuela\/\" \/>\n<meta property=\"og:locale\" content=\"fr_FR\" \/>\n<meta property=\"og:type\" content=\"article\" \/>\n<meta property=\"og:title\" content=\"Le minist\u00e8re CAF\u00c9 renforce les mariages, les familles au Venezuela\" \/>\n<meta property=\"og:description\" content=\"Le minist\u00e8re du mariage CAF\u00c9 (Casados Felices) de l&#039;\u00c9glise de Vida Nueva du Nazar\u00e9en \u00e0 Machiques dans le district du Venezuela Lago a organis\u00e9 une conf\u00e9rence appel\u00e9e Conectados (Connect\u00e9) pour la deuxi\u00e8me ann\u00e9e cons\u00e9cutive.\" \/>\n<meta property=\"og:url\" content=\"https:\/\/nazarene.org\/fr\/news\/le-ministere-cafe-renforce-les-mariages-les-familles-au-venezuela\/\" \/>\n<meta property=\"og:site_name\" content=\"Church of the Nazarene\" \/>\n<meta property=\"article:publisher\" content=\"https:\/\/www.facebook.com\/NazareneOfficial\/\" \/>\n<meta property=\"article:modified_time\" content=\"2025-06-20T05:41:26+00:00\" \/>\n<meta property=\"og:image\" content=\"https:\/\/nazarene.org\/wp-content\/uploads\/2025\/02\/CAFE-Venezuela.jpg\" \/>\n\t<meta property=\"og:image:width\" content=\"750\" \/>\n\t<meta property=\"og:image:height\" content=\"400\" \/>\n\t<meta property=\"og:image:type\" content=\"image\/jpeg\" \/>\n<meta name=\"twitter:card\" content=\"summary_large_image\" \/>\n<meta name=\"twitter:site\" content=\"@Nazarene\" \/>\n<script type=\"application\/ld+json\" class=\"yoast-schema-graph\">{\"@context\":\"https:\/\/schema.org\",\"@graph\":[{\"@type\":\"WebPage\",\"@id\":\"https:\/\/nazarene.org\/fr\/news\/le-ministere-cafe-renforce-les-mariages-les-familles-au-venezuela\/\",\"url\":\"https:\/\/nazarene.org\/fr\/news\/le-ministere-cafe-renforce-les-mariages-les-familles-au-venezuela\/\",\"name\":\"Le minist\u00e8re CAF\u00c9 renforce les mariages, les familles au Venezuela - Church of the Nazarene\",\"isPartOf\":{\"@id\":\"https:\/\/nazarene.org\/fr\/#website\"},\"primaryImageOfPage\":{\"@id\":\"https:\/\/nazarene.org\/fr\/news\/le-ministere-cafe-renforce-les-mariages-les-familles-au-venezuela\/#primaryimage\"},\"image\":{\"@id\":\"https:\/\/nazarene.org\/fr\/news\/le-ministere-cafe-renforce-les-mariages-les-familles-au-venezuela\/#primaryimage\"},\"thumbnailUrl\":\"https:\/\/nazarene.org\/wp-content\/uploads\/2025\/02\/CAFE-Venezuela.jpg\",\"datePublished\":\"2024-09-05T05:00:00+00:00\",\"dateModified\":\"2025-06-20T05:41:26+00:00\",\"breadcrumb\":{\"@id\":\"https:\/\/nazarene.org\/fr\/news\/le-ministere-cafe-renforce-les-mariages-les-familles-au-venezuela\/#breadcrumb\"},\"inLanguage\":\"fr-FR\",\"potentialAction\":[{\"@type\":\"ReadAction\",\"target\":[\"https:\/\/nazarene.org\/fr\/news\/le-ministere-cafe-renforce-les-mariages-les-familles-au-venezuela\/\"]}]},{\"@type\":\"ImageObject\",\"inLanguage\":\"fr-FR\",\"@id\":\"https:\/\/nazarene.org\/fr\/news\/le-ministere-cafe-renforce-les-mariages-les-familles-au-venezuela\/#primaryimage\",\"url\":\"https:\/\/nazarene.org\/wp-content\/uploads\/2025\/02\/CAFE-Venezuela.jpg\",\"contentUrl\":\"https:\/\/nazarene.org\/wp-content\/uploads\/2025\/02\/CAFE-Venezuela.jpg\",\"width\":750,\"height\":400},{\"@type\":\"BreadcrumbList\",\"@id\":\"https:\/\/nazarene.org\/fr\/news\/le-ministere-cafe-renforce-les-mariages-les-familles-au-venezuela\/#breadcrumb\",\"itemListElement\":[{\"@type\":\"ListItem\",\"position\":1,\"name\":\"Home\",\"item\":\"https:\/\/nazarene.org\/fr\/\"},{\"@type\":\"ListItem\",\"position\":2,\"name\":\"News\",\"item\":\"https:\/\/nazarene.org\/fr\/news\/\"},{\"@type\":\"ListItem\",\"position\":3,\"name\":\"Le minist\u00e8re CAF\u00c9 renforce les mariages, les familles au Venezuela\"}]},{\"@type\":\"WebSite\",\"@id\":\"https:\/\/nazarene.org\/fr\/#website\",\"url\":\"https:\/\/nazarene.org\/fr\/\",\"name\":\"Church of the Nazarene\",\"description\":\"Making Christlike Disciples in the Nations\",\"publisher\":{\"@id\":\"https:\/\/nazarene.org\/fr\/#organization\"},\"potentialAction\":[{\"@type\":\"SearchAction\",\"target\":{\"@type\":\"EntryPoint\",\"urlTemplate\":\"https:\/\/nazarene.org\/fr\/?s={search_term_string}\"},\"query-input\":{\"@type\":\"PropertyValueSpecification\",\"valueRequired\":true,\"valueName\":\"search_term_string\"}}],\"inLanguage\":\"fr-FR\"},{\"@type\":\"Organization\",\"@id\":\"https:\/\/nazarene.org\/fr\/#organization\",\"name\":\"Church of the Nazarene\",\"url\":\"https:\/\/nazarene.org\/fr\/\",\"logo\":{\"@type\":\"ImageObject\",\"inLanguage\":\"fr-FR\",\"@id\":\"https:\/\/nazarene.org\/fr\/#\/schema\/logo\/image\/\",\"url\":\"https:\/\/nazarene.org\/wp-content\/uploads\/2024\/06\/Naz_Desktop_Black_Logo-1.svg\",\"contentUrl\":\"https:\/\/nazarene.org\/wp-content\/uploads\/2024\/06\/Naz_Desktop_Black_Logo-1.svg\",\"width\":258,\"height\":36,\"caption\":\"Church of the Nazarene\"},\"image\":{\"@id\":\"https:\/\/nazarene.org\/fr\/#\/schema\/logo\/image\/\"},\"sameAs\":[\"https:\/\/www.facebook.com\/NazareneOfficial\/\",\"https:\/\/x.com\/Nazarene\",\"https:\/\/www.instagram.com\/nazareneofficial\/\"]}]}<\/script>\n<!-- \/ Yoast SEO Premium plugin. -->","yoast_head_json":{"title":"Le minist\u00e8re CAF\u00c9 renforce les mariages, les familles au Venezuela - Church of the Nazarene","robots":{"index":"index","follow":"follow","max-snippet":"max-snippet:-1","max-image-preview":"max-image-preview:large","max-video-preview":"max-video-preview:-1"},"canonical":"https:\/\/nazarene.org\/fr\/news\/le-ministere-cafe-renforce-les-mariages-les-familles-au-venezuela\/","og_locale":"fr_FR","og_type":"article","og_title":"Le minist\u00e8re CAF\u00c9 renforce les mariages, les familles au Venezuela","og_description":"Le minist\u00e8re du mariage CAF\u00c9 (Casados Felices) de l'\u00c9glise de Vida Nueva du Nazar\u00e9en \u00e0 Machiques dans le district du Venezuela Lago a organis\u00e9 une conf\u00e9rence appel\u00e9e Conectados (Connect\u00e9) pour la deuxi\u00e8me ann\u00e9e cons\u00e9cutive.","og_url":"https:\/\/nazarene.org\/fr\/news\/le-ministere-cafe-renforce-les-mariages-les-familles-au-venezuela\/","og_site_name":"Church of the Nazarene","article_publisher":"https:\/\/www.facebook.com\/NazareneOfficial\/","article_modified_time":"2025-06-20T05:41:26+00:00","og_image":[{"width":750,"height":400,"url":"https:\/\/nazarene.org\/wp-content\/uploads\/2025\/02\/CAFE-Venezuela.jpg","type":"image\/jpeg"}],"twitter_card":"summary_large_image","twitter_site":"@Nazarene","schema":{"@context":"https:\/\/schema.org","@graph":[{"@type":"WebPage","@id":"https:\/\/nazarene.org\/fr\/news\/le-ministere-cafe-renforce-les-mariages-les-familles-au-venezuela\/","url":"https:\/\/nazarene.org\/fr\/news\/le-ministere-cafe-renforce-les-mariages-les-familles-au-venezuela\/","name":"Le minist\u00e8re CAF\u00c9 renforce les mariages, les familles au Venezuela - Church of the Nazarene","isPartOf":{"@id":"https:\/\/nazarene.org\/fr\/#website"},"primaryImageOfPage":{"@id":"https:\/\/nazarene.org\/fr\/news\/le-ministere-cafe-renforce-les-mariages-les-familles-au-venezuela\/#primaryimage"},"image":{"@id":"https:\/\/nazarene.org\/fr\/news\/le-ministere-cafe-renforce-les-mariages-les-familles-au-venezuela\/#primaryimage"},"thumbnailUrl":"https:\/\/nazarene.org\/wp-content\/uploads\/2025\/02\/CAFE-Venezuela.jpg","datePublished":"2024-09-05T05:00:00+00:00","dateModified":"2025-06-20T05:41:26+00:00","breadcrumb":{"@id":"https:\/\/nazarene.org\/fr\/news\/le-ministere-cafe-renforce-les-mariages-les-familles-au-venezuela\/#breadcrumb"},"inLanguage":"fr-FR","potentialAction":[{"@type":"ReadAction","target":["https:\/\/nazarene.org\/fr\/news\/le-ministere-cafe-renforce-les-mariages-les-familles-au-venezuela\/"]}]},{"@type":"ImageObject","inLanguage":"fr-FR","@id":"https:\/\/nazarene.org\/fr\/news\/le-ministere-cafe-renforce-les-mariages-les-familles-au-venezuela\/#primaryimage","url":"https:\/\/nazarene.org\/wp-content\/uploads\/2025\/02\/CAFE-Venezuela.jpg","contentUrl":"https:\/\/nazarene.org\/wp-content\/uploads\/2025\/02\/CAFE-Venezuela.jpg","width":750,"height":400},{"@type":"BreadcrumbList","@id":"https:\/\/nazarene.org\/fr\/news\/le-ministere-cafe-renforce-les-mariages-les-familles-au-venezuela\/#breadcrumb","itemListElement":[{"@type":"ListItem","position":1,"name":"Home","item":"https:\/\/nazarene.org\/fr\/"},{"@type":"ListItem","position":2,"name":"News","item":"https:\/\/nazarene.org\/fr\/news\/"},{"@type":"ListItem","position":3,"name":"Le minist\u00e8re CAF\u00c9 renforce les mariages, les familles au Venezuela"}]},{"@type":"WebSite","@id":"https:\/\/nazarene.org\/fr\/#website","url":"https:\/\/nazarene.org\/fr\/","name":"Church of the Nazarene","description":"Making Christlike Disciples in the Nations","publisher":{"@id":"https:\/\/nazarene.org\/fr\/#organization"},"potentialAction":[{"@type":"SearchAction","target":{"@type":"EntryPoint","urlTemplate":"https:\/\/nazarene.org\/fr\/?s={search_term_string}"},"query-input":{"@type":"PropertyValueSpecification","valueRequired":true,"valueName":"search_term_string"}}],"inLanguage":"fr-FR"},{"@type":"Organization","@id":"https:\/\/nazarene.org\/fr\/#organization","name":"Church of the Nazarene","url":"https:\/\/nazarene.org\/fr\/","logo":{"@type":"ImageObject","inLanguage":"fr-FR","@id":"https:\/\/nazarene.org\/fr\/#\/schema\/logo\/image\/","url":"https:\/\/nazarene.org\/wp-content\/uploads\/2024\/06\/Naz_Desktop_Black_Logo-1.svg","contentUrl":"https:\/\/nazarene.org\/wp-content\/uploads\/2024\/06\/Naz_Desktop_Black_Logo-1.svg","width":258,"height":36,"caption":"Church of the Nazarene"},"image":{"@id":"https:\/\/nazarene.org\/fr\/#\/schema\/logo\/image\/"},"sameAs":["https:\/\/www.facebook.com\/NazareneOfficial\/","https:\/\/x.com\/Nazarene","https:\/\/www.instagram.com\/nazareneofficial\/"]}]}},"_links":{"self":[{"href":"https:\/\/nazarene.org\/fr\/wp-json\/wp\/v2\/news\/44177","targetHints":{"allow":["GET"]}}],"collection":[{"href":"https:\/\/nazarene.org\/fr\/wp-json\/wp\/v2\/news"}],"about":[{"href":"https:\/\/nazarene.org\/fr\/wp-json\/wp\/v2\/types\/news"}],"author":[{"embeddable":true,"href":"https:\/\/nazarene.org\/fr\/wp-json\/wp\/v2\/users\/1"}],"version-history":[{"count":0,"href":"https:\/\/nazarene.org\/fr\/wp-json\/wp\/v2\/news\/44177\/revisions"}],"wp:featuredmedia":[{"embeddable":true,"href":"https:\/\/nazarene.org\/fr\/wp-json\/wp\/v2\/media\/30743"}],"wp:attachment":[{"href":"https:\/\/nazarene.org\/fr\/wp-json\/wp\/v2\/media?parent=44177"}],"wp:term":[{"taxonomy":"news-categories","embeddable":true,"href":"https:\/\/nazarene.org\/fr\/wp-json\/wp\/v2\/news-categories?post=44177"},{"taxonomy":"news-region-taxonomy","embeddable":true,"href":"https:\/\/nazarene.org\/fr\/wp-json\/wp\/v2\/news-region-taxonomy?post=44177"},{"taxonomy":"news-tag","embeddable":true,"href":"https:\/\/nazarene.org\/fr\/wp-json\/wp\/v2\/news-tag?post=44177"}],"curies":[{"name":"wp","href":"https:\/\/api.w.org\/{rel}","templated":true}]}}