{"id":44169,"date":"2024-09-06T00:00:00","date_gmt":"2024-09-06T05:00:00","guid":{"rendered":"https:\/\/nazarene.org\/news\/mvnu-nomme-un-nouveau-vp-des-relations-universitaires-et-des-partenariats-strategiques\/"},"modified":"2025-06-20T00:41:27","modified_gmt":"2025-06-20T05:41:27","slug":"mvnu-nomme-un-nouveau-vp-des-relations-universitaires-et-des-partenariats-strategiques","status":"publish","type":"news","link":"https:\/\/nazarene.org\/fr\/news\/mvnu-nomme-un-nouveau-vp-des-relations-universitaires-et-des-partenariats-strategiques\/","title":{"rendered":"MVNU nomme un nouveau VP des relations universitaires et des partenariats strat\u00e9giques"},"content":{"rendered":"<p>Le pr\u00e9sident de l&rsquo;Universit\u00e9 Mount Vernon nazar\u00e9enne, Carson Castleman, a annonc\u00e9 la nomination de Robert Stanley en tant que vice-pr\u00e9sident des relations universitaires et des partenariats strat\u00e9giques, efficace le 1 septembre.<\/p>\n<p>Stanley a servi d&rsquo;assistant sp\u00e9cial au pr\u00e9sident des initiatives strat\u00e9giques et des partenariats innovants depuis son retour \u00e0 MVNU en octobre 2023.<\/p>\n<p>Je suis honor\u00e9 d&rsquo;avoir ce privil\u00e8ge pour aider \u00e0 influencer et diriger dans une universit\u00e9 que j&rsquo;aime ch\u00e8rement \u00bb, a d\u00e9clar\u00e9 Stanley. MVNU a impact\u00e9 et m&rsquo;a fa\u00e7onn\u00e9 pour une grande partie de ma vie ainsi que ma famille. Je suis excit\u00e9 pour cette nouvelle opportunit\u00e9. \u00ab\u00a0<\/p>\n<p>Nous sommes confiants que le leadership et l&rsquo;exp\u00e9rience du r\u00e9v\u00e9rend Stanley seront instrumentaux dans nos efforts pour renforcer les relations externes, augmenter l&rsquo;inscription par des partenariats et am\u00e9liorer l&rsquo;engagement des anciens \u00bb, a d\u00e9clar\u00e9 Castleman. Il est un leader exceptionnel avec un \u00e9tat d&rsquo;esprit de croissance et est bien pr\u00e9par\u00e9 pour ce nouveau d\u00e9fi. \u00ab\u00a0<\/p>\n<p>Dans son nouveau r\u00f4le de vice-pr\u00e9sident, Stanley ajoutera des responsabilit\u00e9s de relations universitaires, y compris les relations avec les anciens \u00e9l\u00e8ves, \u00e0 ses r\u00f4les avec le programme d&rsquo;\u00e9tudes ex\u00e9cutives internationales et les initiatives strat\u00e9giques.<\/p>\n<p>Mon objectif dans la restructuration de l&rsquo;\u00e9quipe administrative \u00e0 MVNU est de capitaliser sur les opportunit\u00e9s \u00e0 venir. En alignant l&rsquo;\u00e9quipe sur les objectifs et la vision de l&rsquo;universit\u00e9, nous pouvons am\u00e9liorer l&rsquo;efficacit\u00e9, l&rsquo;innovation et la collaboration \u00bb, a d\u00e9clar\u00e9 Castleman. Cette nouvelle restructuration nous permettra de nous adapter aux demandes changeantes, de favoriser une culture d&rsquo;excellence et finalement de d\u00e9passer notre potentiel. Il est un mouvement strat\u00e9gique qui conduira la croissance, am\u00e9liorera la prise de d\u00e9cision et assurera un succ\u00e8s durable pour MVNU. \u00ab\u00a0<\/p>\n<p>Stanley a fait \u00e9cho aux commentaires de Castleman, d\u00e9clarant : \u00ab Je suis chanceux d&rsquo;avoir des leaders exp\u00e9riment\u00e9s et des membres d&rsquo;\u00e9quipe dans cette nouvelle division. Comme dans de nombreuses transitions et restructurations, le plus grand d\u00e9fi regardera les choses d&rsquo;une nouvelle fa\u00e7on. Les d\u00e9fis dans l&rsquo;enseignement sup\u00e9rieur chr\u00e9tien sont r\u00e9els. Je crois que des changements comme cette restructuration peuvent r\u00e9unir les membres pour aider \u00e0 aborder de nouvelles opportunit\u00e9s et fa\u00e7ons pour nous d&rsquo;avoir un impact sur les \u00e9tudiants, les anciens et notre communaut\u00e9. \u00ab\u00a0<\/p>\n<p>Un dipl\u00f4m\u00e9 de MVNU de 1996 avec un baccalaur\u00e9at en arts en religion, Stanley est un ancien ordonn\u00e9 dans l&rsquo;\u00c9glise du Nazar\u00e9en et d\u00e9tient une ma\u00eetrise en sciences en gestion de MVNU (2017). Ses ant\u00e9c\u00e9dents \u00e9tendues comprennent des r\u00f4les de leadership dans le recrutement et les admissions \u00e0 MVNU, ainsi que le fait de servir de professeur adjoint. Avant de revenir \u00e0 MVNU \u00e0 temps plein, Stanley \u00e9tait le directeur ex\u00e9cutif de succ\u00e8s en ligne et \u00e9tudiant \u00e0 l&rsquo;Universit\u00e9 Indiana Wesleyan.<\/p>\n<p>Qu&rsquo;il soit dans les admissions, les services \u00e9tudiants ou de travailler avec les anciens et la communaut\u00e9, \u00e0 la fin, tout est de prendre soin des gens \u00bb, a d\u00e9clar\u00e9 Stanley. MVNU, au cours des d\u00e9cennies, a \u00e9t\u00e9 donn\u00e9e l&rsquo;opportunit\u00e9 d&rsquo;aider \u00e0 changer et \u00e0 avoir un impact sur des vies pour le Christ. Je pense que mon exp\u00e9rience ant\u00e9rieure de travail dans le minist\u00e8re de l&rsquo;\u00c9glise, l&rsquo;enseignement sup\u00e9rieur chr\u00e9tien et le monde des affaires m&rsquo;aide bien \u00e0 aider \u00e0 diriger le travail dans les relations universitaires et les partenariats strat\u00e9giques.<\/p>\n<p>Stanley a ajout\u00e9, \u00ab Je crois que nous avons le plus grand ancien et la communaut\u00e9 locale qui appr\u00e9cie profond\u00e9ment MVNU. Leur engagement et leur investissement continu sont essentiels \u00e0 notre succ\u00e8s. J&rsquo;esp\u00e8re que nous pouvons continuer \u00e0 construire sur les liens forts qui existent d\u00e9j\u00e0 tout en les invitant \u00e0 venir \u00e0 nos c\u00f4t\u00e9s pour aider \u00e0 d\u00e9velopper de nouvelles fa\u00e7ons de rendre MVNU meilleur pour la prochaine d\u00e9cennie \u00e0 venir. \u00ab\u00a0<\/p>\n<p>Stanley et sa femme, Angela, r\u00e9sident \u00e0 Howard et ont deux fils adultes, Spencer et Sam.<\/p>\n<p>Universit\u00e9 Mount Vernon nazar\u00e9enne<\/p>\n","protected":false},"excerpt":{"rendered":"<p>Le pr\u00e9sident de l&rsquo;Universit\u00e9 Mount Vernon nazar\u00e9enne, Carson Castleman, a annonc\u00e9 la nomination de Robert Stanley en tant que vice-pr\u00e9sident des relations universitaires et des partenariats strat\u00e9giques, efficace le 1 septembre.<\/p>\n","protected":false},"author":1,"featured_media":30751,"menu_order":0,"template":"","news-categories":[],"news-region-taxonomy":[],"news-tag":[883,937],"class_list":["post-44169","news","type-news","status-publish","has-post-thumbnail","hentry","news-tag-collegial","news-tag-mvnu-fr"],"yoast_head":"<!-- This site is optimized with the Yoast SEO Premium plugin v27.1 (Yoast SEO v27.1.1) - https:\/\/yoast.com\/product\/yoast-seo-premium-wordpress\/ -->\n<title>MVNU nomme un nouveau VP des relations universitaires et des partenariats strat\u00e9giques - Church of the Nazarene<\/title>\n<meta name=\"robots\" content=\"index, follow, max-snippet:-1, max-image-preview:large, max-video-preview:-1\" \/>\n<link rel=\"canonical\" href=\"https:\/\/nazarene.org\/fr\/news\/mvnu-nomme-un-nouveau-vp-des-relations-universitaires-et-des-partenariats-strategiques\/\" \/>\n<meta property=\"og:locale\" content=\"fr_FR\" \/>\n<meta property=\"og:type\" content=\"article\" \/>\n<meta property=\"og:title\" content=\"MVNU nomme un nouveau VP des relations universitaires et des partenariats strat\u00e9giques\" \/>\n<meta property=\"og:description\" content=\"Le pr\u00e9sident de l&#039;Universit\u00e9 Mount Vernon nazar\u00e9enne, Carson Castleman, a annonc\u00e9 la nomination de Robert Stanley en tant que vice-pr\u00e9sident des relations universitaires et des partenariats strat\u00e9giques, efficace le 1 septembre.\" \/>\n<meta property=\"og:url\" content=\"https:\/\/nazarene.org\/fr\/news\/mvnu-nomme-un-nouveau-vp-des-relations-universitaires-et-des-partenariats-strategiques\/\" \/>\n<meta property=\"og:site_name\" content=\"Church of the Nazarene\" \/>\n<meta property=\"article:publisher\" content=\"https:\/\/www.facebook.com\/NazareneOfficial\/\" \/>\n<meta property=\"article:modified_time\" content=\"2025-06-20T05:41:27+00:00\" \/>\n<meta property=\"og:image\" content=\"https:\/\/nazarene.org\/wp-content\/uploads\/2025\/02\/MVNU-Stanley.jpg\" \/>\n\t<meta property=\"og:image:width\" content=\"750\" \/>\n\t<meta property=\"og:image:height\" content=\"400\" \/>\n\t<meta property=\"og:image:type\" content=\"image\/jpeg\" \/>\n<meta name=\"twitter:card\" content=\"summary_large_image\" \/>\n<meta name=\"twitter:site\" content=\"@Nazarene\" \/>\n<script type=\"application\/ld+json\" class=\"yoast-schema-graph\">{\"@context\":\"https:\/\/schema.org\",\"@graph\":[{\"@type\":\"WebPage\",\"@id\":\"https:\/\/nazarene.org\/fr\/news\/mvnu-nomme-un-nouveau-vp-des-relations-universitaires-et-des-partenariats-strategiques\/\",\"url\":\"https:\/\/nazarene.org\/fr\/news\/mvnu-nomme-un-nouveau-vp-des-relations-universitaires-et-des-partenariats-strategiques\/\",\"name\":\"MVNU nomme un nouveau VP des relations universitaires et des partenariats strat\u00e9giques - Church of the Nazarene\",\"isPartOf\":{\"@id\":\"https:\/\/nazarene.org\/fr\/#website\"},\"primaryImageOfPage\":{\"@id\":\"https:\/\/nazarene.org\/fr\/news\/mvnu-nomme-un-nouveau-vp-des-relations-universitaires-et-des-partenariats-strategiques\/#primaryimage\"},\"image\":{\"@id\":\"https:\/\/nazarene.org\/fr\/news\/mvnu-nomme-un-nouveau-vp-des-relations-universitaires-et-des-partenariats-strategiques\/#primaryimage\"},\"thumbnailUrl\":\"https:\/\/nazarene.org\/wp-content\/uploads\/2025\/02\/MVNU-Stanley.jpg\",\"datePublished\":\"2024-09-06T05:00:00+00:00\",\"dateModified\":\"2025-06-20T05:41:27+00:00\",\"breadcrumb\":{\"@id\":\"https:\/\/nazarene.org\/fr\/news\/mvnu-nomme-un-nouveau-vp-des-relations-universitaires-et-des-partenariats-strategiques\/#breadcrumb\"},\"inLanguage\":\"fr-FR\",\"potentialAction\":[{\"@type\":\"ReadAction\",\"target\":[\"https:\/\/nazarene.org\/fr\/news\/mvnu-nomme-un-nouveau-vp-des-relations-universitaires-et-des-partenariats-strategiques\/\"]}]},{\"@type\":\"ImageObject\",\"inLanguage\":\"fr-FR\",\"@id\":\"https:\/\/nazarene.org\/fr\/news\/mvnu-nomme-un-nouveau-vp-des-relations-universitaires-et-des-partenariats-strategiques\/#primaryimage\",\"url\":\"https:\/\/nazarene.org\/wp-content\/uploads\/2025\/02\/MVNU-Stanley.jpg\",\"contentUrl\":\"https:\/\/nazarene.org\/wp-content\/uploads\/2025\/02\/MVNU-Stanley.jpg\",\"width\":750,\"height\":400},{\"@type\":\"BreadcrumbList\",\"@id\":\"https:\/\/nazarene.org\/fr\/news\/mvnu-nomme-un-nouveau-vp-des-relations-universitaires-et-des-partenariats-strategiques\/#breadcrumb\",\"itemListElement\":[{\"@type\":\"ListItem\",\"position\":1,\"name\":\"Home\",\"item\":\"https:\/\/nazarene.org\/fr\/\"},{\"@type\":\"ListItem\",\"position\":2,\"name\":\"News\",\"item\":\"https:\/\/nazarene.org\/fr\/news\/\"},{\"@type\":\"ListItem\",\"position\":3,\"name\":\"MVNU nomme un nouveau VP des relations universitaires et des partenariats strat\u00e9giques\"}]},{\"@type\":\"WebSite\",\"@id\":\"https:\/\/nazarene.org\/fr\/#website\",\"url\":\"https:\/\/nazarene.org\/fr\/\",\"name\":\"Church of the Nazarene\",\"description\":\"Making Christlike Disciples in the Nations\",\"publisher\":{\"@id\":\"https:\/\/nazarene.org\/fr\/#organization\"},\"potentialAction\":[{\"@type\":\"SearchAction\",\"target\":{\"@type\":\"EntryPoint\",\"urlTemplate\":\"https:\/\/nazarene.org\/fr\/?s={search_term_string}\"},\"query-input\":{\"@type\":\"PropertyValueSpecification\",\"valueRequired\":true,\"valueName\":\"search_term_string\"}}],\"inLanguage\":\"fr-FR\"},{\"@type\":\"Organization\",\"@id\":\"https:\/\/nazarene.org\/fr\/#organization\",\"name\":\"Church of the Nazarene\",\"url\":\"https:\/\/nazarene.org\/fr\/\",\"logo\":{\"@type\":\"ImageObject\",\"inLanguage\":\"fr-FR\",\"@id\":\"https:\/\/nazarene.org\/fr\/#\/schema\/logo\/image\/\",\"url\":\"https:\/\/nazarene.org\/wp-content\/uploads\/2024\/06\/Naz_Desktop_Black_Logo-1.svg\",\"contentUrl\":\"https:\/\/nazarene.org\/wp-content\/uploads\/2024\/06\/Naz_Desktop_Black_Logo-1.svg\",\"width\":258,\"height\":36,\"caption\":\"Church of the Nazarene\"},\"image\":{\"@id\":\"https:\/\/nazarene.org\/fr\/#\/schema\/logo\/image\/\"},\"sameAs\":[\"https:\/\/www.facebook.com\/NazareneOfficial\/\",\"https:\/\/x.com\/Nazarene\",\"https:\/\/www.instagram.com\/nazareneofficial\/\"]}]}<\/script>\n<!-- \/ Yoast SEO Premium plugin. -->","yoast_head_json":{"title":"MVNU nomme un nouveau VP des relations universitaires et des partenariats strat\u00e9giques - Church of the Nazarene","robots":{"index":"index","follow":"follow","max-snippet":"max-snippet:-1","max-image-preview":"max-image-preview:large","max-video-preview":"max-video-preview:-1"},"canonical":"https:\/\/nazarene.org\/fr\/news\/mvnu-nomme-un-nouveau-vp-des-relations-universitaires-et-des-partenariats-strategiques\/","og_locale":"fr_FR","og_type":"article","og_title":"MVNU nomme un nouveau VP des relations universitaires et des partenariats strat\u00e9giques","og_description":"Le pr\u00e9sident de l'Universit\u00e9 Mount Vernon nazar\u00e9enne, Carson Castleman, a annonc\u00e9 la nomination de Robert Stanley en tant que vice-pr\u00e9sident des relations universitaires et des partenariats strat\u00e9giques, efficace le 1 septembre.","og_url":"https:\/\/nazarene.org\/fr\/news\/mvnu-nomme-un-nouveau-vp-des-relations-universitaires-et-des-partenariats-strategiques\/","og_site_name":"Church of the Nazarene","article_publisher":"https:\/\/www.facebook.com\/NazareneOfficial\/","article_modified_time":"2025-06-20T05:41:27+00:00","og_image":[{"width":750,"height":400,"url":"https:\/\/nazarene.org\/wp-content\/uploads\/2025\/02\/MVNU-Stanley.jpg","type":"image\/jpeg"}],"twitter_card":"summary_large_image","twitter_site":"@Nazarene","schema":{"@context":"https:\/\/schema.org","@graph":[{"@type":"WebPage","@id":"https:\/\/nazarene.org\/fr\/news\/mvnu-nomme-un-nouveau-vp-des-relations-universitaires-et-des-partenariats-strategiques\/","url":"https:\/\/nazarene.org\/fr\/news\/mvnu-nomme-un-nouveau-vp-des-relations-universitaires-et-des-partenariats-strategiques\/","name":"MVNU nomme un nouveau VP des relations universitaires et des partenariats strat\u00e9giques - Church of the Nazarene","isPartOf":{"@id":"https:\/\/nazarene.org\/fr\/#website"},"primaryImageOfPage":{"@id":"https:\/\/nazarene.org\/fr\/news\/mvnu-nomme-un-nouveau-vp-des-relations-universitaires-et-des-partenariats-strategiques\/#primaryimage"},"image":{"@id":"https:\/\/nazarene.org\/fr\/news\/mvnu-nomme-un-nouveau-vp-des-relations-universitaires-et-des-partenariats-strategiques\/#primaryimage"},"thumbnailUrl":"https:\/\/nazarene.org\/wp-content\/uploads\/2025\/02\/MVNU-Stanley.jpg","datePublished":"2024-09-06T05:00:00+00:00","dateModified":"2025-06-20T05:41:27+00:00","breadcrumb":{"@id":"https:\/\/nazarene.org\/fr\/news\/mvnu-nomme-un-nouveau-vp-des-relations-universitaires-et-des-partenariats-strategiques\/#breadcrumb"},"inLanguage":"fr-FR","potentialAction":[{"@type":"ReadAction","target":["https:\/\/nazarene.org\/fr\/news\/mvnu-nomme-un-nouveau-vp-des-relations-universitaires-et-des-partenariats-strategiques\/"]}]},{"@type":"ImageObject","inLanguage":"fr-FR","@id":"https:\/\/nazarene.org\/fr\/news\/mvnu-nomme-un-nouveau-vp-des-relations-universitaires-et-des-partenariats-strategiques\/#primaryimage","url":"https:\/\/nazarene.org\/wp-content\/uploads\/2025\/02\/MVNU-Stanley.jpg","contentUrl":"https:\/\/nazarene.org\/wp-content\/uploads\/2025\/02\/MVNU-Stanley.jpg","width":750,"height":400},{"@type":"BreadcrumbList","@id":"https:\/\/nazarene.org\/fr\/news\/mvnu-nomme-un-nouveau-vp-des-relations-universitaires-et-des-partenariats-strategiques\/#breadcrumb","itemListElement":[{"@type":"ListItem","position":1,"name":"Home","item":"https:\/\/nazarene.org\/fr\/"},{"@type":"ListItem","position":2,"name":"News","item":"https:\/\/nazarene.org\/fr\/news\/"},{"@type":"ListItem","position":3,"name":"MVNU nomme un nouveau VP des relations universitaires et des partenariats strat\u00e9giques"}]},{"@type":"WebSite","@id":"https:\/\/nazarene.org\/fr\/#website","url":"https:\/\/nazarene.org\/fr\/","name":"Church of the Nazarene","description":"Making Christlike Disciples in the Nations","publisher":{"@id":"https:\/\/nazarene.org\/fr\/#organization"},"potentialAction":[{"@type":"SearchAction","target":{"@type":"EntryPoint","urlTemplate":"https:\/\/nazarene.org\/fr\/?s={search_term_string}"},"query-input":{"@type":"PropertyValueSpecification","valueRequired":true,"valueName":"search_term_string"}}],"inLanguage":"fr-FR"},{"@type":"Organization","@id":"https:\/\/nazarene.org\/fr\/#organization","name":"Church of the Nazarene","url":"https:\/\/nazarene.org\/fr\/","logo":{"@type":"ImageObject","inLanguage":"fr-FR","@id":"https:\/\/nazarene.org\/fr\/#\/schema\/logo\/image\/","url":"https:\/\/nazarene.org\/wp-content\/uploads\/2024\/06\/Naz_Desktop_Black_Logo-1.svg","contentUrl":"https:\/\/nazarene.org\/wp-content\/uploads\/2024\/06\/Naz_Desktop_Black_Logo-1.svg","width":258,"height":36,"caption":"Church of the Nazarene"},"image":{"@id":"https:\/\/nazarene.org\/fr\/#\/schema\/logo\/image\/"},"sameAs":["https:\/\/www.facebook.com\/NazareneOfficial\/","https:\/\/x.com\/Nazarene","https:\/\/www.instagram.com\/nazareneofficial\/"]}]}},"_links":{"self":[{"href":"https:\/\/nazarene.org\/fr\/wp-json\/wp\/v2\/news\/44169","targetHints":{"allow":["GET"]}}],"collection":[{"href":"https:\/\/nazarene.org\/fr\/wp-json\/wp\/v2\/news"}],"about":[{"href":"https:\/\/nazarene.org\/fr\/wp-json\/wp\/v2\/types\/news"}],"author":[{"embeddable":true,"href":"https:\/\/nazarene.org\/fr\/wp-json\/wp\/v2\/users\/1"}],"version-history":[{"count":0,"href":"https:\/\/nazarene.org\/fr\/wp-json\/wp\/v2\/news\/44169\/revisions"}],"wp:featuredmedia":[{"embeddable":true,"href":"https:\/\/nazarene.org\/fr\/wp-json\/wp\/v2\/media\/30751"}],"wp:attachment":[{"href":"https:\/\/nazarene.org\/fr\/wp-json\/wp\/v2\/media?parent=44169"}],"wp:term":[{"taxonomy":"news-categories","embeddable":true,"href":"https:\/\/nazarene.org\/fr\/wp-json\/wp\/v2\/news-categories?post=44169"},{"taxonomy":"news-region-taxonomy","embeddable":true,"href":"https:\/\/nazarene.org\/fr\/wp-json\/wp\/v2\/news-region-taxonomy?post=44169"},{"taxonomy":"news-tag","embeddable":true,"href":"https:\/\/nazarene.org\/fr\/wp-json\/wp\/v2\/news-tag?post=44169"}],"curies":[{"name":"wp","href":"https:\/\/api.w.org\/{rel}","templated":true}]}}