{"id":43915,"date":"2024-06-12T00:00:00","date_gmt":"2024-06-12T05:00:00","guid":{"rendered":"https:\/\/nazarene.org\/news\/dustin-ledford-elu-surintendant-du-district-du-nebraska\/"},"modified":"2024-06-12T00:00:00","modified_gmt":"2024-06-12T05:00:00","slug":"dustin-ledford-elu-surintendant-du-district-du-nebraska","status":"publish","type":"news","link":"https:\/\/nazarene.org\/fr\/news\/dustin-ledford-elu-surintendant-du-district-du-nebraska\/","title":{"rendered":"Dustin Ledford \u00e9lu surintendant du district du Nebraska"},"content":{"rendered":"<p>Dustin Ledford a \u00e9t\u00e9 \u00e9lu surintendant du district du Nebraska le 6 juin 2024. Ledford sert actuellement de pasteur de la Premi\u00e8re \u00c9glise de Carthage du Nazar\u00e9en au Missouri.<\/p>\n<p>Je suis humble par l&rsquo;opportunit\u00e9 de faire partenariat avec les pasteurs et les \u00c9glises du Nebraska \u00bb, a d\u00e9clar\u00e9 Ledford.&nbsp;Je suis excit\u00e9 de rejoindre J\u00e9sus dans sa mission pour chercher et sauver le perdu. \u00ab\u00a0<\/p>\n<p>Dustin commencera sa nouvelle affectation le 6 juillet 2024. Il remplacera Daniel Cole, qui a servi de surintendant du district du Nebraska depuis 2011.<\/p>\n<p>Ledford est un ancien de l&rsquo;Universit\u00e9 MidAmerica nazar\u00e9enne, obtenant son dipl\u00f4me avec son baccalaur\u00e9at en 1992. Il a minist\u00e9 dans le district de Joplin depuis.<br \/>\nIl a servi sur le personnel \u00e0 Carthage Premi\u00e8re \u00c9glise du Nazar\u00e9en de 1992 \u00e0 1995 et puis \u00e0 l&rsquo;\u00c9glise Parsons du Nazar\u00e9en au Kansas de 1995 \u00e0 2000. En 2000, il a commenc\u00e9 \u00e0 paster \u00e0 l&rsquo;\u00c9glise d&rsquo;Ava Highway du Nazar\u00e9en jusqu&rsquo;en 2006, date \u00e0 laquelle il est revenu \u00e0 Carthage Premier en tant que pasteur principal.<\/p>\n<p>Dustin et sa femme, Kara, ont deux enfants adultes et r\u00e9sident actuellement \u00e0 Carthage, Missouri.<\/p>\n","protected":false},"excerpt":{"rendered":"<p>Dustin Ledford a \u00e9t\u00e9 \u00e9lu surintendant du district du Nebraska le 6 juin 2024. Ledford sert actuellement de pasteur de la Premi\u00e8re \u00c9glise de Carthage du Nazar\u00e9en au Missouri.<\/p>\n","protected":false},"author":1,"featured_media":30535,"menu_order":0,"template":"","news-categories":[],"news-region-taxonomy":[],"news-tag":[758,1615],"class_list":["post-43915","news","type-news","status-publish","has-post-thumbnail","hentry","news-tag-etats-unis-canada","news-tag-nebraska-fr"],"yoast_head":"<!-- This site is optimized with the Yoast SEO Premium plugin v27.1 (Yoast SEO v27.1.1) - https:\/\/yoast.com\/product\/yoast-seo-premium-wordpress\/ -->\n<title>Dustin Ledford \u00e9lu surintendant du district du Nebraska - Church of the Nazarene<\/title>\n<meta name=\"robots\" content=\"index, follow, max-snippet:-1, max-image-preview:large, max-video-preview:-1\" \/>\n<link rel=\"canonical\" href=\"https:\/\/nazarene.org\/fr\/news\/dustin-ledford-elu-surintendant-du-district-du-nebraska\/\" \/>\n<meta property=\"og:locale\" content=\"fr_FR\" \/>\n<meta property=\"og:type\" content=\"article\" \/>\n<meta property=\"og:title\" content=\"Dustin Ledford \u00e9lu surintendant du district du Nebraska\" \/>\n<meta property=\"og:description\" content=\"Dustin Ledford a \u00e9t\u00e9 \u00e9lu surintendant du district du Nebraska le 6 juin 2024. Ledford sert actuellement de pasteur de la Premi\u00e8re \u00c9glise de Carthage du Nazar\u00e9en au Missouri.\" \/>\n<meta property=\"og:url\" content=\"https:\/\/nazarene.org\/fr\/news\/dustin-ledford-elu-surintendant-du-district-du-nebraska\/\" \/>\n<meta property=\"og:site_name\" content=\"Church of the Nazarene\" \/>\n<meta property=\"article:publisher\" content=\"https:\/\/www.facebook.com\/NazareneOfficial\/\" \/>\n<meta name=\"twitter:card\" content=\"summary_large_image\" \/>\n<meta name=\"twitter:site\" content=\"@Nazarene\" \/>\n<script type=\"application\/ld+json\" class=\"yoast-schema-graph\">{\"@context\":\"https:\/\/schema.org\",\"@graph\":[{\"@type\":\"WebPage\",\"@id\":\"https:\/\/nazarene.org\/fr\/news\/dustin-ledford-elu-surintendant-du-district-du-nebraska\/\",\"url\":\"https:\/\/nazarene.org\/fr\/news\/dustin-ledford-elu-surintendant-du-district-du-nebraska\/\",\"name\":\"Dustin Ledford \u00e9lu surintendant du district du Nebraska - Church of the Nazarene\",\"isPartOf\":{\"@id\":\"https:\/\/nazarene.org\/fr\/#website\"},\"primaryImageOfPage\":{\"@id\":\"https:\/\/nazarene.org\/fr\/news\/dustin-ledford-elu-surintendant-du-district-du-nebraska\/#primaryimage\"},\"image\":{\"@id\":\"https:\/\/nazarene.org\/fr\/news\/dustin-ledford-elu-surintendant-du-district-du-nebraska\/#primaryimage\"},\"thumbnailUrl\":\"https:\/\/nazarene.org\/wp-content\/uploads\/2025\/02\/Dustin-Ledford.jpg\",\"datePublished\":\"2024-06-12T05:00:00+00:00\",\"breadcrumb\":{\"@id\":\"https:\/\/nazarene.org\/fr\/news\/dustin-ledford-elu-surintendant-du-district-du-nebraska\/#breadcrumb\"},\"inLanguage\":\"fr-FR\",\"potentialAction\":[{\"@type\":\"ReadAction\",\"target\":[\"https:\/\/nazarene.org\/fr\/news\/dustin-ledford-elu-surintendant-du-district-du-nebraska\/\"]}]},{\"@type\":\"ImageObject\",\"inLanguage\":\"fr-FR\",\"@id\":\"https:\/\/nazarene.org\/fr\/news\/dustin-ledford-elu-surintendant-du-district-du-nebraska\/#primaryimage\",\"url\":\"https:\/\/nazarene.org\/wp-content\/uploads\/2025\/02\/Dustin-Ledford.jpg\",\"contentUrl\":\"https:\/\/nazarene.org\/wp-content\/uploads\/2025\/02\/Dustin-Ledford.jpg\",\"width\":1800,\"height\":960},{\"@type\":\"BreadcrumbList\",\"@id\":\"https:\/\/nazarene.org\/fr\/news\/dustin-ledford-elu-surintendant-du-district-du-nebraska\/#breadcrumb\",\"itemListElement\":[{\"@type\":\"ListItem\",\"position\":1,\"name\":\"Home\",\"item\":\"https:\/\/nazarene.org\/fr\/\"},{\"@type\":\"ListItem\",\"position\":2,\"name\":\"News\",\"item\":\"https:\/\/nazarene.org\/fr\/news\/\"},{\"@type\":\"ListItem\",\"position\":3,\"name\":\"Dustin Ledford \u00e9lu surintendant du district du Nebraska\"}]},{\"@type\":\"WebSite\",\"@id\":\"https:\/\/nazarene.org\/fr\/#website\",\"url\":\"https:\/\/nazarene.org\/fr\/\",\"name\":\"Church of the Nazarene\",\"description\":\"Making Christlike Disciples in the Nations\",\"publisher\":{\"@id\":\"https:\/\/nazarene.org\/fr\/#organization\"},\"potentialAction\":[{\"@type\":\"SearchAction\",\"target\":{\"@type\":\"EntryPoint\",\"urlTemplate\":\"https:\/\/nazarene.org\/fr\/?s={search_term_string}\"},\"query-input\":{\"@type\":\"PropertyValueSpecification\",\"valueRequired\":true,\"valueName\":\"search_term_string\"}}],\"inLanguage\":\"fr-FR\"},{\"@type\":\"Organization\",\"@id\":\"https:\/\/nazarene.org\/fr\/#organization\",\"name\":\"Church of the Nazarene\",\"url\":\"https:\/\/nazarene.org\/fr\/\",\"logo\":{\"@type\":\"ImageObject\",\"inLanguage\":\"fr-FR\",\"@id\":\"https:\/\/nazarene.org\/fr\/#\/schema\/logo\/image\/\",\"url\":\"https:\/\/nazarene.org\/wp-content\/uploads\/2024\/06\/Naz_Desktop_Black_Logo-1.svg\",\"contentUrl\":\"https:\/\/nazarene.org\/wp-content\/uploads\/2024\/06\/Naz_Desktop_Black_Logo-1.svg\",\"width\":258,\"height\":36,\"caption\":\"Church of the Nazarene\"},\"image\":{\"@id\":\"https:\/\/nazarene.org\/fr\/#\/schema\/logo\/image\/\"},\"sameAs\":[\"https:\/\/www.facebook.com\/NazareneOfficial\/\",\"https:\/\/x.com\/Nazarene\",\"https:\/\/www.instagram.com\/nazareneofficial\/\"]}]}<\/script>\n<!-- \/ Yoast SEO Premium plugin. -->","yoast_head_json":{"title":"Dustin Ledford \u00e9lu surintendant du district du Nebraska - Church of the Nazarene","robots":{"index":"index","follow":"follow","max-snippet":"max-snippet:-1","max-image-preview":"max-image-preview:large","max-video-preview":"max-video-preview:-1"},"canonical":"https:\/\/nazarene.org\/fr\/news\/dustin-ledford-elu-surintendant-du-district-du-nebraska\/","og_locale":"fr_FR","og_type":"article","og_title":"Dustin Ledford \u00e9lu surintendant du district du Nebraska","og_description":"Dustin Ledford a \u00e9t\u00e9 \u00e9lu surintendant du district du Nebraska le 6 juin 2024. Ledford sert actuellement de pasteur de la Premi\u00e8re \u00c9glise de Carthage du Nazar\u00e9en au Missouri.","og_url":"https:\/\/nazarene.org\/fr\/news\/dustin-ledford-elu-surintendant-du-district-du-nebraska\/","og_site_name":"Church of the Nazarene","article_publisher":"https:\/\/www.facebook.com\/NazareneOfficial\/","twitter_card":"summary_large_image","twitter_site":"@Nazarene","schema":{"@context":"https:\/\/schema.org","@graph":[{"@type":"WebPage","@id":"https:\/\/nazarene.org\/fr\/news\/dustin-ledford-elu-surintendant-du-district-du-nebraska\/","url":"https:\/\/nazarene.org\/fr\/news\/dustin-ledford-elu-surintendant-du-district-du-nebraska\/","name":"Dustin Ledford \u00e9lu surintendant du district du Nebraska - Church of the Nazarene","isPartOf":{"@id":"https:\/\/nazarene.org\/fr\/#website"},"primaryImageOfPage":{"@id":"https:\/\/nazarene.org\/fr\/news\/dustin-ledford-elu-surintendant-du-district-du-nebraska\/#primaryimage"},"image":{"@id":"https:\/\/nazarene.org\/fr\/news\/dustin-ledford-elu-surintendant-du-district-du-nebraska\/#primaryimage"},"thumbnailUrl":"https:\/\/nazarene.org\/wp-content\/uploads\/2025\/02\/Dustin-Ledford.jpg","datePublished":"2024-06-12T05:00:00+00:00","breadcrumb":{"@id":"https:\/\/nazarene.org\/fr\/news\/dustin-ledford-elu-surintendant-du-district-du-nebraska\/#breadcrumb"},"inLanguage":"fr-FR","potentialAction":[{"@type":"ReadAction","target":["https:\/\/nazarene.org\/fr\/news\/dustin-ledford-elu-surintendant-du-district-du-nebraska\/"]}]},{"@type":"ImageObject","inLanguage":"fr-FR","@id":"https:\/\/nazarene.org\/fr\/news\/dustin-ledford-elu-surintendant-du-district-du-nebraska\/#primaryimage","url":"https:\/\/nazarene.org\/wp-content\/uploads\/2025\/02\/Dustin-Ledford.jpg","contentUrl":"https:\/\/nazarene.org\/wp-content\/uploads\/2025\/02\/Dustin-Ledford.jpg","width":1800,"height":960},{"@type":"BreadcrumbList","@id":"https:\/\/nazarene.org\/fr\/news\/dustin-ledford-elu-surintendant-du-district-du-nebraska\/#breadcrumb","itemListElement":[{"@type":"ListItem","position":1,"name":"Home","item":"https:\/\/nazarene.org\/fr\/"},{"@type":"ListItem","position":2,"name":"News","item":"https:\/\/nazarene.org\/fr\/news\/"},{"@type":"ListItem","position":3,"name":"Dustin Ledford \u00e9lu surintendant du district du Nebraska"}]},{"@type":"WebSite","@id":"https:\/\/nazarene.org\/fr\/#website","url":"https:\/\/nazarene.org\/fr\/","name":"Church of the Nazarene","description":"Making Christlike Disciples in the Nations","publisher":{"@id":"https:\/\/nazarene.org\/fr\/#organization"},"potentialAction":[{"@type":"SearchAction","target":{"@type":"EntryPoint","urlTemplate":"https:\/\/nazarene.org\/fr\/?s={search_term_string}"},"query-input":{"@type":"PropertyValueSpecification","valueRequired":true,"valueName":"search_term_string"}}],"inLanguage":"fr-FR"},{"@type":"Organization","@id":"https:\/\/nazarene.org\/fr\/#organization","name":"Church of the Nazarene","url":"https:\/\/nazarene.org\/fr\/","logo":{"@type":"ImageObject","inLanguage":"fr-FR","@id":"https:\/\/nazarene.org\/fr\/#\/schema\/logo\/image\/","url":"https:\/\/nazarene.org\/wp-content\/uploads\/2024\/06\/Naz_Desktop_Black_Logo-1.svg","contentUrl":"https:\/\/nazarene.org\/wp-content\/uploads\/2024\/06\/Naz_Desktop_Black_Logo-1.svg","width":258,"height":36,"caption":"Church of the Nazarene"},"image":{"@id":"https:\/\/nazarene.org\/fr\/#\/schema\/logo\/image\/"},"sameAs":["https:\/\/www.facebook.com\/NazareneOfficial\/","https:\/\/x.com\/Nazarene","https:\/\/www.instagram.com\/nazareneofficial\/"]}]}},"_links":{"self":[{"href":"https:\/\/nazarene.org\/fr\/wp-json\/wp\/v2\/news\/43915","targetHints":{"allow":["GET"]}}],"collection":[{"href":"https:\/\/nazarene.org\/fr\/wp-json\/wp\/v2\/news"}],"about":[{"href":"https:\/\/nazarene.org\/fr\/wp-json\/wp\/v2\/types\/news"}],"author":[{"embeddable":true,"href":"https:\/\/nazarene.org\/fr\/wp-json\/wp\/v2\/users\/1"}],"version-history":[{"count":0,"href":"https:\/\/nazarene.org\/fr\/wp-json\/wp\/v2\/news\/43915\/revisions"}],"wp:featuredmedia":[{"embeddable":true,"href":"https:\/\/nazarene.org\/fr\/wp-json\/wp\/v2\/media\/30535"}],"wp:attachment":[{"href":"https:\/\/nazarene.org\/fr\/wp-json\/wp\/v2\/media?parent=43915"}],"wp:term":[{"taxonomy":"news-categories","embeddable":true,"href":"https:\/\/nazarene.org\/fr\/wp-json\/wp\/v2\/news-categories?post=43915"},{"taxonomy":"news-region-taxonomy","embeddable":true,"href":"https:\/\/nazarene.org\/fr\/wp-json\/wp\/v2\/news-region-taxonomy?post=43915"},{"taxonomy":"news-tag","embeddable":true,"href":"https:\/\/nazarene.org\/fr\/wp-json\/wp\/v2\/news-tag?post=43915"}],"curies":[{"name":"wp","href":"https:\/\/api.w.org\/{rel}","templated":true}]}}