{"id":43803,"date":"2024-05-08T00:00:00","date_gmt":"2024-05-08T05:00:00","guid":{"rendered":"https:\/\/nazarene.org\/news\/palcon-habilite-les-leaders-de-champ-phillippines-micronesie\/"},"modified":"2024-05-08T00:00:00","modified_gmt":"2024-05-08T05:00:00","slug":"palcon-habilite-les-leaders-de-champ-phillippines-micronesie","status":"publish","type":"news","link":"https:\/\/nazarene.org\/fr\/news\/palcon-habilite-les-leaders-de-champ-phillippines-micronesie\/","title":{"rendered":"PALCON habilite les leaders de champ Phillippines-Micron\u00e9sie"},"content":{"rendered":"<p>Plus de 300 leaders de Luzon, Visayas et Mindanao ont rejoint la conf\u00e9rence des pasteurs et des la\u00efcs (PALCON) 9-11 avril 2024, tenu au Centre de r\u00e9cr\u00e9ations Rizal aux Philippines.<\/p>\n<p>L&rsquo;un des objectifs de la conf\u00e9rence est d&rsquo;assurer que les pasteurs et les leaders de l&rsquo;\u00c9glise seront \u00e9quip\u00e9s et conscients des probl\u00e8mes qui doivent \u00eatre trait\u00e9s. Les sujets pl\u00e9niers comprenaient la compr\u00e9hension de soi et des \u00e9motions, les sujets juridiques sp\u00e9cifiques \u00e0 l&rsquo;\u00c9glise du Nazar\u00e9en aux Philippines, minist\u00e9rer aux jeunes dans les temps post-modernes, d\u00e9fier l&rsquo;\u00c9glise \u00e0 imaginer l&rsquo;avenir de la mobilisation NMI dans les \u00c9glises locales, le lancement du programme de disciple nazar\u00e9en et responsabiliser les la\u00efcs en tant que coll\u00e8gues aux c\u00f4t\u00e9s des pasteurs qui sont appel\u00e9s \u00e0 ministrer \u00e0 tous les groupes.<\/p>\n<p>Le message de redressement de Joven Laroya pendant les services d&rsquo;adoration a &nbsp;d\u00e9fi\u00e9 les participants. Son message a encourag\u00e9 un re-d\u00e9vouement de service et un appel \u00e0 la source de gr\u00e2ce et de talents abondants, notre Seigneur J\u00e9sus-Christ.<\/p>\n<p>Les d\u00e9l\u00e9gu\u00e9s ont \u00e9galement \u00e9t\u00e9 offerts diff\u00e9rents ateliers minist\u00e9riels qui seraient b\u00e9n\u00e9fiques, qui comprenaient des strat\u00e9gies et des techniques pour confronter les travailleurs dans ces temps qui changent. Les sujets comprenaient le minist\u00e8re aux enfants et aux jeunes, le minist\u00e8re d&rsquo;aum\u00f4nerie, la gestion des finances de l&rsquo;\u00c9glise et l&rsquo;&nbsp;\u00e9vang\u00e9lisation ext\u00e9rieure.<\/p>\n<p>La r\u00e9union d&rsquo;adoration PALCON a \u00e9t\u00e9 conclue avec la Communion conduite par le directeur r\u00e9gional Asie-Pacifique Mark Louw.<\/p>\n<p>\u00c9glise de l&rsquo;Asie-Pacifique<\/p>\n","protected":false},"excerpt":{"rendered":"<p>Plus de 300 leaders de Luzon, Visayas et Mindanao ont rejoint la conf\u00e9rence des pasteurs et des la\u00efcs (PALCON) 9-11 avril 2024, tenu au Centre de r\u00e9cr\u00e9ations Rizal aux Philippines.<\/p>\n","protected":false},"author":1,"featured_media":30423,"menu_order":0,"template":"","news-categories":[],"news-region-taxonomy":[],"news-tag":[806,750],"class_list":["post-43803","news","type-news","status-publish","has-post-thumbnail","hentry","news-tag-philippines-fr","news-tag-region-asie-pacifique"],"yoast_head":"<!-- This site is optimized with the Yoast SEO Premium plugin v27.1 (Yoast SEO v27.1.1) - https:\/\/yoast.com\/product\/yoast-seo-premium-wordpress\/ -->\n<title>PALCON habilite les leaders de champ Phillippines-Micron\u00e9sie - Church of the Nazarene<\/title>\n<meta name=\"robots\" content=\"index, follow, max-snippet:-1, max-image-preview:large, max-video-preview:-1\" \/>\n<link rel=\"canonical\" href=\"https:\/\/nazarene.org\/fr\/news\/palcon-habilite-les-leaders-de-champ-phillippines-micronesie\/\" \/>\n<meta property=\"og:locale\" content=\"fr_FR\" \/>\n<meta property=\"og:type\" content=\"article\" \/>\n<meta property=\"og:title\" content=\"PALCON habilite les leaders de champ Phillippines-Micron\u00e9sie\" \/>\n<meta property=\"og:description\" content=\"Plus de 300 leaders de Luzon, Visayas et Mindanao ont rejoint la conf\u00e9rence des pasteurs et des la\u00efcs (PALCON) 9-11 avril 2024, tenu au Centre de r\u00e9cr\u00e9ations Rizal aux Philippines.\" \/>\n<meta property=\"og:url\" content=\"https:\/\/nazarene.org\/fr\/news\/palcon-habilite-les-leaders-de-champ-phillippines-micronesie\/\" \/>\n<meta property=\"og:site_name\" content=\"Church of the Nazarene\" \/>\n<meta property=\"article:publisher\" content=\"https:\/\/www.facebook.com\/NazareneOfficial\/\" \/>\n<meta name=\"twitter:card\" content=\"summary_large_image\" \/>\n<meta name=\"twitter:site\" content=\"@Nazarene\" \/>\n<script type=\"application\/ld+json\" class=\"yoast-schema-graph\">{\"@context\":\"https:\/\/schema.org\",\"@graph\":[{\"@type\":\"WebPage\",\"@id\":\"https:\/\/nazarene.org\/fr\/news\/palcon-habilite-les-leaders-de-champ-phillippines-micronesie\/\",\"url\":\"https:\/\/nazarene.org\/fr\/news\/palcon-habilite-les-leaders-de-champ-phillippines-micronesie\/\",\"name\":\"PALCON habilite les leaders de champ Phillippines-Micron\u00e9sie - Church of the Nazarene\",\"isPartOf\":{\"@id\":\"https:\/\/nazarene.org\/fr\/#website\"},\"primaryImageOfPage\":{\"@id\":\"https:\/\/nazarene.org\/fr\/news\/palcon-habilite-les-leaders-de-champ-phillippines-micronesie\/#primaryimage\"},\"image\":{\"@id\":\"https:\/\/nazarene.org\/fr\/news\/palcon-habilite-les-leaders-de-champ-phillippines-micronesie\/#primaryimage\"},\"thumbnailUrl\":\"https:\/\/nazarene.org\/wp-content\/uploads\/2025\/02\/PMN-Palcon-copy.jpg\",\"datePublished\":\"2024-05-08T05:00:00+00:00\",\"breadcrumb\":{\"@id\":\"https:\/\/nazarene.org\/fr\/news\/palcon-habilite-les-leaders-de-champ-phillippines-micronesie\/#breadcrumb\"},\"inLanguage\":\"fr-FR\",\"potentialAction\":[{\"@type\":\"ReadAction\",\"target\":[\"https:\/\/nazarene.org\/fr\/news\/palcon-habilite-les-leaders-de-champ-phillippines-micronesie\/\"]}]},{\"@type\":\"ImageObject\",\"inLanguage\":\"fr-FR\",\"@id\":\"https:\/\/nazarene.org\/fr\/news\/palcon-habilite-les-leaders-de-champ-phillippines-micronesie\/#primaryimage\",\"url\":\"https:\/\/nazarene.org\/wp-content\/uploads\/2025\/02\/PMN-Palcon-copy.jpg\",\"contentUrl\":\"https:\/\/nazarene.org\/wp-content\/uploads\/2025\/02\/PMN-Palcon-copy.jpg\",\"width\":1392,\"height\":742},{\"@type\":\"BreadcrumbList\",\"@id\":\"https:\/\/nazarene.org\/fr\/news\/palcon-habilite-les-leaders-de-champ-phillippines-micronesie\/#breadcrumb\",\"itemListElement\":[{\"@type\":\"ListItem\",\"position\":1,\"name\":\"Home\",\"item\":\"https:\/\/nazarene.org\/fr\/\"},{\"@type\":\"ListItem\",\"position\":2,\"name\":\"News\",\"item\":\"https:\/\/nazarene.org\/fr\/news\/\"},{\"@type\":\"ListItem\",\"position\":3,\"name\":\"PALCON habilite les leaders de champ Phillippines-Micron\u00e9sie\"}]},{\"@type\":\"WebSite\",\"@id\":\"https:\/\/nazarene.org\/fr\/#website\",\"url\":\"https:\/\/nazarene.org\/fr\/\",\"name\":\"Church of the Nazarene\",\"description\":\"Making Christlike Disciples in the Nations\",\"publisher\":{\"@id\":\"https:\/\/nazarene.org\/fr\/#organization\"},\"potentialAction\":[{\"@type\":\"SearchAction\",\"target\":{\"@type\":\"EntryPoint\",\"urlTemplate\":\"https:\/\/nazarene.org\/fr\/?s={search_term_string}\"},\"query-input\":{\"@type\":\"PropertyValueSpecification\",\"valueRequired\":true,\"valueName\":\"search_term_string\"}}],\"inLanguage\":\"fr-FR\"},{\"@type\":\"Organization\",\"@id\":\"https:\/\/nazarene.org\/fr\/#organization\",\"name\":\"Church of the Nazarene\",\"url\":\"https:\/\/nazarene.org\/fr\/\",\"logo\":{\"@type\":\"ImageObject\",\"inLanguage\":\"fr-FR\",\"@id\":\"https:\/\/nazarene.org\/fr\/#\/schema\/logo\/image\/\",\"url\":\"https:\/\/nazarene.org\/wp-content\/uploads\/2024\/06\/Naz_Desktop_Black_Logo-1.svg\",\"contentUrl\":\"https:\/\/nazarene.org\/wp-content\/uploads\/2024\/06\/Naz_Desktop_Black_Logo-1.svg\",\"width\":258,\"height\":36,\"caption\":\"Church of the Nazarene\"},\"image\":{\"@id\":\"https:\/\/nazarene.org\/fr\/#\/schema\/logo\/image\/\"},\"sameAs\":[\"https:\/\/www.facebook.com\/NazareneOfficial\/\",\"https:\/\/x.com\/Nazarene\",\"https:\/\/www.instagram.com\/nazareneofficial\/\"]}]}<\/script>\n<!-- \/ Yoast SEO Premium plugin. -->","yoast_head_json":{"title":"PALCON habilite les leaders de champ Phillippines-Micron\u00e9sie - Church of the Nazarene","robots":{"index":"index","follow":"follow","max-snippet":"max-snippet:-1","max-image-preview":"max-image-preview:large","max-video-preview":"max-video-preview:-1"},"canonical":"https:\/\/nazarene.org\/fr\/news\/palcon-habilite-les-leaders-de-champ-phillippines-micronesie\/","og_locale":"fr_FR","og_type":"article","og_title":"PALCON habilite les leaders de champ Phillippines-Micron\u00e9sie","og_description":"Plus de 300 leaders de Luzon, Visayas et Mindanao ont rejoint la conf\u00e9rence des pasteurs et des la\u00efcs (PALCON) 9-11 avril 2024, tenu au Centre de r\u00e9cr\u00e9ations Rizal aux Philippines.","og_url":"https:\/\/nazarene.org\/fr\/news\/palcon-habilite-les-leaders-de-champ-phillippines-micronesie\/","og_site_name":"Church of the Nazarene","article_publisher":"https:\/\/www.facebook.com\/NazareneOfficial\/","twitter_card":"summary_large_image","twitter_site":"@Nazarene","schema":{"@context":"https:\/\/schema.org","@graph":[{"@type":"WebPage","@id":"https:\/\/nazarene.org\/fr\/news\/palcon-habilite-les-leaders-de-champ-phillippines-micronesie\/","url":"https:\/\/nazarene.org\/fr\/news\/palcon-habilite-les-leaders-de-champ-phillippines-micronesie\/","name":"PALCON habilite les leaders de champ Phillippines-Micron\u00e9sie - Church of the Nazarene","isPartOf":{"@id":"https:\/\/nazarene.org\/fr\/#website"},"primaryImageOfPage":{"@id":"https:\/\/nazarene.org\/fr\/news\/palcon-habilite-les-leaders-de-champ-phillippines-micronesie\/#primaryimage"},"image":{"@id":"https:\/\/nazarene.org\/fr\/news\/palcon-habilite-les-leaders-de-champ-phillippines-micronesie\/#primaryimage"},"thumbnailUrl":"https:\/\/nazarene.org\/wp-content\/uploads\/2025\/02\/PMN-Palcon-copy.jpg","datePublished":"2024-05-08T05:00:00+00:00","breadcrumb":{"@id":"https:\/\/nazarene.org\/fr\/news\/palcon-habilite-les-leaders-de-champ-phillippines-micronesie\/#breadcrumb"},"inLanguage":"fr-FR","potentialAction":[{"@type":"ReadAction","target":["https:\/\/nazarene.org\/fr\/news\/palcon-habilite-les-leaders-de-champ-phillippines-micronesie\/"]}]},{"@type":"ImageObject","inLanguage":"fr-FR","@id":"https:\/\/nazarene.org\/fr\/news\/palcon-habilite-les-leaders-de-champ-phillippines-micronesie\/#primaryimage","url":"https:\/\/nazarene.org\/wp-content\/uploads\/2025\/02\/PMN-Palcon-copy.jpg","contentUrl":"https:\/\/nazarene.org\/wp-content\/uploads\/2025\/02\/PMN-Palcon-copy.jpg","width":1392,"height":742},{"@type":"BreadcrumbList","@id":"https:\/\/nazarene.org\/fr\/news\/palcon-habilite-les-leaders-de-champ-phillippines-micronesie\/#breadcrumb","itemListElement":[{"@type":"ListItem","position":1,"name":"Home","item":"https:\/\/nazarene.org\/fr\/"},{"@type":"ListItem","position":2,"name":"News","item":"https:\/\/nazarene.org\/fr\/news\/"},{"@type":"ListItem","position":3,"name":"PALCON habilite les leaders de champ Phillippines-Micron\u00e9sie"}]},{"@type":"WebSite","@id":"https:\/\/nazarene.org\/fr\/#website","url":"https:\/\/nazarene.org\/fr\/","name":"Church of the Nazarene","description":"Making Christlike Disciples in the Nations","publisher":{"@id":"https:\/\/nazarene.org\/fr\/#organization"},"potentialAction":[{"@type":"SearchAction","target":{"@type":"EntryPoint","urlTemplate":"https:\/\/nazarene.org\/fr\/?s={search_term_string}"},"query-input":{"@type":"PropertyValueSpecification","valueRequired":true,"valueName":"search_term_string"}}],"inLanguage":"fr-FR"},{"@type":"Organization","@id":"https:\/\/nazarene.org\/fr\/#organization","name":"Church of the Nazarene","url":"https:\/\/nazarene.org\/fr\/","logo":{"@type":"ImageObject","inLanguage":"fr-FR","@id":"https:\/\/nazarene.org\/fr\/#\/schema\/logo\/image\/","url":"https:\/\/nazarene.org\/wp-content\/uploads\/2024\/06\/Naz_Desktop_Black_Logo-1.svg","contentUrl":"https:\/\/nazarene.org\/wp-content\/uploads\/2024\/06\/Naz_Desktop_Black_Logo-1.svg","width":258,"height":36,"caption":"Church of the Nazarene"},"image":{"@id":"https:\/\/nazarene.org\/fr\/#\/schema\/logo\/image\/"},"sameAs":["https:\/\/www.facebook.com\/NazareneOfficial\/","https:\/\/x.com\/Nazarene","https:\/\/www.instagram.com\/nazareneofficial\/"]}]}},"_links":{"self":[{"href":"https:\/\/nazarene.org\/fr\/wp-json\/wp\/v2\/news\/43803","targetHints":{"allow":["GET"]}}],"collection":[{"href":"https:\/\/nazarene.org\/fr\/wp-json\/wp\/v2\/news"}],"about":[{"href":"https:\/\/nazarene.org\/fr\/wp-json\/wp\/v2\/types\/news"}],"author":[{"embeddable":true,"href":"https:\/\/nazarene.org\/fr\/wp-json\/wp\/v2\/users\/1"}],"version-history":[{"count":0,"href":"https:\/\/nazarene.org\/fr\/wp-json\/wp\/v2\/news\/43803\/revisions"}],"wp:featuredmedia":[{"embeddable":true,"href":"https:\/\/nazarene.org\/fr\/wp-json\/wp\/v2\/media\/30423"}],"wp:attachment":[{"href":"https:\/\/nazarene.org\/fr\/wp-json\/wp\/v2\/media?parent=43803"}],"wp:term":[{"taxonomy":"news-categories","embeddable":true,"href":"https:\/\/nazarene.org\/fr\/wp-json\/wp\/v2\/news-categories?post=43803"},{"taxonomy":"news-region-taxonomy","embeddable":true,"href":"https:\/\/nazarene.org\/fr\/wp-json\/wp\/v2\/news-region-taxonomy?post=43803"},{"taxonomy":"news-tag","embeddable":true,"href":"https:\/\/nazarene.org\/fr\/wp-json\/wp\/v2\/news-tag?post=43803"}],"curies":[{"name":"wp","href":"https:\/\/api.w.org\/{rel}","templated":true}]}}