{"id":43750,"date":"2024-05-02T00:00:00","date_gmt":"2024-05-02T05:00:00","guid":{"rendered":"https:\/\/nazarene.org\/news\/la-region-de-lafrique-apporte-levangile-a-camelback\/"},"modified":"2024-05-02T00:00:00","modified_gmt":"2024-05-02T05:00:00","slug":"la-region-de-lafrique-apporte-levangile-a-camelback","status":"publish","type":"news","link":"https:\/\/nazarene.org\/fr\/news\/la-region-de-lafrique-apporte-levangile-a-camelback\/","title":{"rendered":"La r\u00e9gion de l&rsquo;Afrique apporte l&rsquo;\u00c9vangile \u00e0 Camelback"},"content":{"rendered":"<p>Il y a de vastes \u00e9tendues de terre en Afrique o\u00f9 les gens font leur vie par le troupeau de chameau. Ces personnes nomades voyagent avec leurs troupeaux pour le p\u00e2turage et l&rsquo;eau. Ils traversent souvent les fronti\u00e8res sans aucun respect des \u00c9tats politiques modernes. Bien que certains romantisent ce style de vie comme libre et facile, les groupes de personnes nomades sont class\u00e9s comme certains des groupes de personnes les plus non atteints.<\/p>\n<p>Traditionnellement, il a \u00e9t\u00e9 d\u00e9fi\u00e9 d&rsquo;\u00e9vang\u00e9liser et d&rsquo;\u00e9tablir des \u00c9glises dans un groupe de personnes qui n&rsquo;est jamais au m\u00eame endroit pendant plus de quelques semaines. Les difficult\u00e9s de ce style de vie ont emp\u00each\u00e9 de nombreux \u00e9vang\u00e9lisateurs ou missionnaires potentiels d&rsquo;atteindre ces groupes.<\/p>\n<p>Mais Dieu a donn\u00e9 au leadership de l&rsquo;\u00c9glise du Nazar\u00e9en de la sagesse pour d\u00e9velopper une strat\u00e9gie pour atteindre ces nomades avec l&rsquo;\u00c9vangile de J\u00e9sus-Christ. Cette strat\u00e9gie est venue d&rsquo;une conversation d&rsquo;un missionnaire avec un nomade dans les ann\u00e9es 1980.<\/p>\n<p>Le missionnaire a demand\u00e9 au nomade : \u00ab Que prendra-t-il pour vous de devenir un disciple de J\u00e9sus ? \u00bb<\/p>\n<p>Le nomade a r\u00e9pondu : \u00ab Lorsque vous pouvez mettre votre \u00c9glise sur le dos de mon chameau, j&rsquo;envisagerai de devenir un chr\u00e9tien. \u00bb<\/p>\n<p>Et c&rsquo;est ce que les \u00e9vang\u00e9lisateurs ont fait &#8211; a mis l&rsquo;\u00c9glise sur camelback. Par cette strat\u00e9gie, une \u00e9quipe de deux \u00e9vang\u00e9lisateurs partagent la responsabilit\u00e9 d&rsquo;un petit troupeau de chameaux poss\u00e9d\u00e9 par l&rsquo;\u00c9glise du Nazar\u00e9en. Ces \u00e9vang\u00e9lisateurs eux-m\u00eames viennent d&rsquo;un arri\u00e8re-plan nomade. Ils prennent tour de r\u00f4le voyageant avec les nomades dans des groupes plus grands et partagent les mots de J\u00e9sus avec des individus dans le groupe.<\/p>\n<p>L&rsquo;\u00e9vang\u00e9lisation un sur un dans le contexte du nomade a \u00e9t\u00e9 tr\u00e8s efficace et de nombreux nomades viennent au Seigneur. Cette strat\u00e9gie fonctionne \u00e9galement bien pour le disciple. L&rsquo;\u00c9glise du Nazar\u00e9en a maintenant plusieurs \u00e9quipes travaillant &nbsp;les nomades, avec des plans pour d\u00e9velopper plus d&rsquo;\u00e9quipes lorsque les ressources deviennent disponibles.<\/p>\n<p>\u00c9glise de la r\u00e9gion de l&rsquo;Afrique nazar\u00e9enne<\/p>\n","protected":false},"excerpt":{"rendered":"<p>Atteindre les gens nomades de l&rsquo;Afrique a \u00e9t\u00e9 un d\u00e9fi pour les missionnaires et les \u00e9vang\u00e9lisateurs en raison des difficult\u00e9s du style de vie. Cependant, une perc\u00e9e a donn\u00e9 \u00e0 l&rsquo;\u00c9glise du Nazar\u00e9en en Afrique un plan et une strat\u00e9gie pour \u00e9vang\u00e9liser et faire de ces groupes de personnes des disciples.<\/p>\n","protected":false},"author":1,"featured_media":30407,"menu_order":0,"template":"","news-categories":[],"news-region-taxonomy":[],"news-tag":[882,1868,949],"class_list":["post-43750","news","type-news","status-publish","has-post-thumbnail","hentry","news-tag-afrique","news-tag-camelback-fr","news-tag-missions-fr"],"yoast_head":"<!-- This site is optimized with the Yoast SEO Premium plugin v27.1 (Yoast SEO v27.1.1) - https:\/\/yoast.com\/product\/yoast-seo-premium-wordpress\/ -->\n<title>La r\u00e9gion de l&#039;Afrique apporte l&#039;\u00c9vangile \u00e0 Camelback - Church of the Nazarene<\/title>\n<meta name=\"robots\" content=\"index, follow, max-snippet:-1, max-image-preview:large, max-video-preview:-1\" \/>\n<link rel=\"canonical\" href=\"https:\/\/nazarene.org\/fr\/news\/la-region-de-lafrique-apporte-levangile-a-camelback\/\" \/>\n<meta property=\"og:locale\" content=\"fr_FR\" \/>\n<meta property=\"og:type\" content=\"article\" \/>\n<meta property=\"og:title\" content=\"La r\u00e9gion de l&#039;Afrique apporte l&#039;\u00c9vangile \u00e0 Camelback\" \/>\n<meta property=\"og:description\" content=\"Atteindre les gens nomades de l&#039;Afrique a \u00e9t\u00e9 un d\u00e9fi pour les missionnaires et les \u00e9vang\u00e9lisateurs en raison des difficult\u00e9s du style de vie. Cependant, une perc\u00e9e a donn\u00e9 \u00e0 l&#039;\u00c9glise du Nazar\u00e9en en Afrique un plan et une strat\u00e9gie pour \u00e9vang\u00e9liser et faire de ces groupes de personnes des disciples.\" \/>\n<meta property=\"og:url\" content=\"https:\/\/nazarene.org\/fr\/news\/la-region-de-lafrique-apporte-levangile-a-camelback\/\" \/>\n<meta property=\"og:site_name\" content=\"Church of the Nazarene\" \/>\n<meta property=\"article:publisher\" content=\"https:\/\/www.facebook.com\/NazareneOfficial\/\" \/>\n<meta name=\"twitter:card\" content=\"summary_large_image\" \/>\n<meta name=\"twitter:site\" content=\"@Nazarene\" \/>\n<script type=\"application\/ld+json\" class=\"yoast-schema-graph\">{\"@context\":\"https:\/\/schema.org\",\"@graph\":[{\"@type\":\"WebPage\",\"@id\":\"https:\/\/nazarene.org\/fr\/news\/la-region-de-lafrique-apporte-levangile-a-camelback\/\",\"url\":\"https:\/\/nazarene.org\/fr\/news\/la-region-de-lafrique-apporte-levangile-a-camelback\/\",\"name\":\"La r\u00e9gion de l'Afrique apporte l'\u00c9vangile \u00e0 Camelback - Church of the Nazarene\",\"isPartOf\":{\"@id\":\"https:\/\/nazarene.org\/fr\/#website\"},\"primaryImageOfPage\":{\"@id\":\"https:\/\/nazarene.org\/fr\/news\/la-region-de-lafrique-apporte-levangile-a-camelback\/#primaryimage\"},\"image\":{\"@id\":\"https:\/\/nazarene.org\/fr\/news\/la-region-de-lafrique-apporte-levangile-a-camelback\/#primaryimage\"},\"thumbnailUrl\":\"https:\/\/nazarene.org\/wp-content\/uploads\/2025\/02\/AEF-Camelback.jpg\",\"datePublished\":\"2024-05-02T05:00:00+00:00\",\"breadcrumb\":{\"@id\":\"https:\/\/nazarene.org\/fr\/news\/la-region-de-lafrique-apporte-levangile-a-camelback\/#breadcrumb\"},\"inLanguage\":\"fr-FR\",\"potentialAction\":[{\"@type\":\"ReadAction\",\"target\":[\"https:\/\/nazarene.org\/fr\/news\/la-region-de-lafrique-apporte-levangile-a-camelback\/\"]}]},{\"@type\":\"ImageObject\",\"inLanguage\":\"fr-FR\",\"@id\":\"https:\/\/nazarene.org\/fr\/news\/la-region-de-lafrique-apporte-levangile-a-camelback\/#primaryimage\",\"url\":\"https:\/\/nazarene.org\/wp-content\/uploads\/2025\/02\/AEF-Camelback.jpg\",\"contentUrl\":\"https:\/\/nazarene.org\/wp-content\/uploads\/2025\/02\/AEF-Camelback.jpg\",\"width\":1648,\"height\":879},{\"@type\":\"BreadcrumbList\",\"@id\":\"https:\/\/nazarene.org\/fr\/news\/la-region-de-lafrique-apporte-levangile-a-camelback\/#breadcrumb\",\"itemListElement\":[{\"@type\":\"ListItem\",\"position\":1,\"name\":\"Home\",\"item\":\"https:\/\/nazarene.org\/fr\/\"},{\"@type\":\"ListItem\",\"position\":2,\"name\":\"News\",\"item\":\"https:\/\/nazarene.org\/fr\/news\/\"},{\"@type\":\"ListItem\",\"position\":3,\"name\":\"La r\u00e9gion de l&#8217;Afrique apporte l&#8217;\u00c9vangile \u00e0 Camelback\"}]},{\"@type\":\"WebSite\",\"@id\":\"https:\/\/nazarene.org\/fr\/#website\",\"url\":\"https:\/\/nazarene.org\/fr\/\",\"name\":\"Church of the Nazarene\",\"description\":\"Making Christlike Disciples in the Nations\",\"publisher\":{\"@id\":\"https:\/\/nazarene.org\/fr\/#organization\"},\"potentialAction\":[{\"@type\":\"SearchAction\",\"target\":{\"@type\":\"EntryPoint\",\"urlTemplate\":\"https:\/\/nazarene.org\/fr\/?s={search_term_string}\"},\"query-input\":{\"@type\":\"PropertyValueSpecification\",\"valueRequired\":true,\"valueName\":\"search_term_string\"}}],\"inLanguage\":\"fr-FR\"},{\"@type\":\"Organization\",\"@id\":\"https:\/\/nazarene.org\/fr\/#organization\",\"name\":\"Church of the Nazarene\",\"url\":\"https:\/\/nazarene.org\/fr\/\",\"logo\":{\"@type\":\"ImageObject\",\"inLanguage\":\"fr-FR\",\"@id\":\"https:\/\/nazarene.org\/fr\/#\/schema\/logo\/image\/\",\"url\":\"https:\/\/nazarene.org\/wp-content\/uploads\/2024\/06\/Naz_Desktop_Black_Logo-1.svg\",\"contentUrl\":\"https:\/\/nazarene.org\/wp-content\/uploads\/2024\/06\/Naz_Desktop_Black_Logo-1.svg\",\"width\":258,\"height\":36,\"caption\":\"Church of the Nazarene\"},\"image\":{\"@id\":\"https:\/\/nazarene.org\/fr\/#\/schema\/logo\/image\/\"},\"sameAs\":[\"https:\/\/www.facebook.com\/NazareneOfficial\/\",\"https:\/\/x.com\/Nazarene\",\"https:\/\/www.instagram.com\/nazareneofficial\/\"]}]}<\/script>\n<!-- \/ Yoast SEO Premium plugin. -->","yoast_head_json":{"title":"La r\u00e9gion de l'Afrique apporte l'\u00c9vangile \u00e0 Camelback - Church of the Nazarene","robots":{"index":"index","follow":"follow","max-snippet":"max-snippet:-1","max-image-preview":"max-image-preview:large","max-video-preview":"max-video-preview:-1"},"canonical":"https:\/\/nazarene.org\/fr\/news\/la-region-de-lafrique-apporte-levangile-a-camelback\/","og_locale":"fr_FR","og_type":"article","og_title":"La r\u00e9gion de l'Afrique apporte l'\u00c9vangile \u00e0 Camelback","og_description":"Atteindre les gens nomades de l'Afrique a \u00e9t\u00e9 un d\u00e9fi pour les missionnaires et les \u00e9vang\u00e9lisateurs en raison des difficult\u00e9s du style de vie. Cependant, une perc\u00e9e a donn\u00e9 \u00e0 l'\u00c9glise du Nazar\u00e9en en Afrique un plan et une strat\u00e9gie pour \u00e9vang\u00e9liser et faire de ces groupes de personnes des disciples.","og_url":"https:\/\/nazarene.org\/fr\/news\/la-region-de-lafrique-apporte-levangile-a-camelback\/","og_site_name":"Church of the Nazarene","article_publisher":"https:\/\/www.facebook.com\/NazareneOfficial\/","twitter_card":"summary_large_image","twitter_site":"@Nazarene","schema":{"@context":"https:\/\/schema.org","@graph":[{"@type":"WebPage","@id":"https:\/\/nazarene.org\/fr\/news\/la-region-de-lafrique-apporte-levangile-a-camelback\/","url":"https:\/\/nazarene.org\/fr\/news\/la-region-de-lafrique-apporte-levangile-a-camelback\/","name":"La r\u00e9gion de l'Afrique apporte l'\u00c9vangile \u00e0 Camelback - Church of the Nazarene","isPartOf":{"@id":"https:\/\/nazarene.org\/fr\/#website"},"primaryImageOfPage":{"@id":"https:\/\/nazarene.org\/fr\/news\/la-region-de-lafrique-apporte-levangile-a-camelback\/#primaryimage"},"image":{"@id":"https:\/\/nazarene.org\/fr\/news\/la-region-de-lafrique-apporte-levangile-a-camelback\/#primaryimage"},"thumbnailUrl":"https:\/\/nazarene.org\/wp-content\/uploads\/2025\/02\/AEF-Camelback.jpg","datePublished":"2024-05-02T05:00:00+00:00","breadcrumb":{"@id":"https:\/\/nazarene.org\/fr\/news\/la-region-de-lafrique-apporte-levangile-a-camelback\/#breadcrumb"},"inLanguage":"fr-FR","potentialAction":[{"@type":"ReadAction","target":["https:\/\/nazarene.org\/fr\/news\/la-region-de-lafrique-apporte-levangile-a-camelback\/"]}]},{"@type":"ImageObject","inLanguage":"fr-FR","@id":"https:\/\/nazarene.org\/fr\/news\/la-region-de-lafrique-apporte-levangile-a-camelback\/#primaryimage","url":"https:\/\/nazarene.org\/wp-content\/uploads\/2025\/02\/AEF-Camelback.jpg","contentUrl":"https:\/\/nazarene.org\/wp-content\/uploads\/2025\/02\/AEF-Camelback.jpg","width":1648,"height":879},{"@type":"BreadcrumbList","@id":"https:\/\/nazarene.org\/fr\/news\/la-region-de-lafrique-apporte-levangile-a-camelback\/#breadcrumb","itemListElement":[{"@type":"ListItem","position":1,"name":"Home","item":"https:\/\/nazarene.org\/fr\/"},{"@type":"ListItem","position":2,"name":"News","item":"https:\/\/nazarene.org\/fr\/news\/"},{"@type":"ListItem","position":3,"name":"La r\u00e9gion de l&#8217;Afrique apporte l&#8217;\u00c9vangile \u00e0 Camelback"}]},{"@type":"WebSite","@id":"https:\/\/nazarene.org\/fr\/#website","url":"https:\/\/nazarene.org\/fr\/","name":"Church of the Nazarene","description":"Making Christlike Disciples in the Nations","publisher":{"@id":"https:\/\/nazarene.org\/fr\/#organization"},"potentialAction":[{"@type":"SearchAction","target":{"@type":"EntryPoint","urlTemplate":"https:\/\/nazarene.org\/fr\/?s={search_term_string}"},"query-input":{"@type":"PropertyValueSpecification","valueRequired":true,"valueName":"search_term_string"}}],"inLanguage":"fr-FR"},{"@type":"Organization","@id":"https:\/\/nazarene.org\/fr\/#organization","name":"Church of the Nazarene","url":"https:\/\/nazarene.org\/fr\/","logo":{"@type":"ImageObject","inLanguage":"fr-FR","@id":"https:\/\/nazarene.org\/fr\/#\/schema\/logo\/image\/","url":"https:\/\/nazarene.org\/wp-content\/uploads\/2024\/06\/Naz_Desktop_Black_Logo-1.svg","contentUrl":"https:\/\/nazarene.org\/wp-content\/uploads\/2024\/06\/Naz_Desktop_Black_Logo-1.svg","width":258,"height":36,"caption":"Church of the Nazarene"},"image":{"@id":"https:\/\/nazarene.org\/fr\/#\/schema\/logo\/image\/"},"sameAs":["https:\/\/www.facebook.com\/NazareneOfficial\/","https:\/\/x.com\/Nazarene","https:\/\/www.instagram.com\/nazareneofficial\/"]}]}},"_links":{"self":[{"href":"https:\/\/nazarene.org\/fr\/wp-json\/wp\/v2\/news\/43750","targetHints":{"allow":["GET"]}}],"collection":[{"href":"https:\/\/nazarene.org\/fr\/wp-json\/wp\/v2\/news"}],"about":[{"href":"https:\/\/nazarene.org\/fr\/wp-json\/wp\/v2\/types\/news"}],"author":[{"embeddable":true,"href":"https:\/\/nazarene.org\/fr\/wp-json\/wp\/v2\/users\/1"}],"version-history":[{"count":0,"href":"https:\/\/nazarene.org\/fr\/wp-json\/wp\/v2\/news\/43750\/revisions"}],"wp:featuredmedia":[{"embeddable":true,"href":"https:\/\/nazarene.org\/fr\/wp-json\/wp\/v2\/media\/30407"}],"wp:attachment":[{"href":"https:\/\/nazarene.org\/fr\/wp-json\/wp\/v2\/media?parent=43750"}],"wp:term":[{"taxonomy":"news-categories","embeddable":true,"href":"https:\/\/nazarene.org\/fr\/wp-json\/wp\/v2\/news-categories?post=43750"},{"taxonomy":"news-region-taxonomy","embeddable":true,"href":"https:\/\/nazarene.org\/fr\/wp-json\/wp\/v2\/news-region-taxonomy?post=43750"},{"taxonomy":"news-tag","embeddable":true,"href":"https:\/\/nazarene.org\/fr\/wp-json\/wp\/v2\/news-tag?post=43750"}],"curies":[{"name":"wp","href":"https:\/\/api.w.org\/{rel}","templated":true}]}}