{"id":43690,"date":"2024-03-28T00:00:00","date_gmt":"2024-03-28T05:00:00","guid":{"rendered":"https:\/\/nazarene.org\/news\/la-guinee-equatoriale-celebre-la-premiere-classe-de-diplome-du-clerge-du-partenariat-deducation-sans-frontiere\/"},"modified":"2024-03-28T00:00:00","modified_gmt":"2024-03-28T05:00:00","slug":"la-guinee-equatoriale-celebre-la-premiere-classe-de-diplome-du-clerge-du-partenariat-deducation-sans-frontiere","status":"publish","type":"news","link":"https:\/\/nazarene.org\/fr\/news\/la-guinee-equatoriale-celebre-la-premiere-classe-de-diplome-du-clerge-du-partenariat-deducation-sans-frontiere\/","title":{"rendered":"La Guin\u00e9e \u00e9quatoriale c\u00e9l\u00e8bre la premi\u00e8re classe de dipl\u00f4me du clerg\u00e9 du partenariat d&rsquo;\u00e9ducation sans fronti\u00e8re"},"content":{"rendered":"<p>En 2021, un accord d&rsquo;\u00e9ducation historique sans fronti\u00e8re a \u00e9t\u00e9 annonc\u00e9 entre la Guin\u00e9e \u00e9quatoriale et le <i>S\u00e9minaire th\u00e9ologique nazar\u00e9en (STN) Cono Sur<\/i> en Argentine. En mars, les premiers fruits des graines plant\u00e9es par ce partenariat ont \u00e9t\u00e9 r\u00e9colt\u00e9s.<\/p>\n<p>Pendant une c\u00e9l\u00e9bration le week-end du 15-17 mars, le programme a c\u00e9l\u00e9br\u00e9 ses neuf premiers dipl\u00f4m\u00e9s de Guin\u00e9e \u00e9quatoriale. En outre, cinq dipl\u00f4m\u00e9s ont \u00e9t\u00e9 ordonn\u00e9s dans une c\u00e9r\u00e9monie plus tard ce week-end-l\u00e0.<\/p>\n<p>Nous nous r\u00e9jouissons pour ce grand pas dans l&rsquo;avancement du Royaume et de l&rsquo;\u00c9glise du Nazar\u00e9en en Guin\u00e9e \u00e9quatoriale \u00bb, a d\u00e9clar\u00e9 Jorge Julca, recteur de <i>STN-Cono Sur<\/i>. Nous n&rsquo;avons aucun doute que le Seigneur a des choses encore plus grandes pour son \u00c9glise dans ce pays. Nous remercions le Seigneur pour tous ceux qui ont fait ce r\u00eave devenir r\u00e9alit\u00e9. \u00ab\u00a0<\/p>\n<p>La pr\u00e9sence de l&rsquo;\u00c9glise du Nazar\u00e9en en Guin\u00e9e \u00e9quatoriale a \u00e9t\u00e9 \u00e9tablie en 2002 par Mario et Irma Martinez, ressortissants argentins, qui ont r\u00e9pondu \u00e0 l&rsquo;appel \u00e0 commencer \u00e0 d\u00e9velopper l&rsquo;\u00c9glise dans le seul pays de langue espagnole dans la r\u00e9gion de l&rsquo;Afrique et le dernier pays de langue espagnole sans pr\u00e9sence nazar\u00e9enne.<\/p>\n<p>Martinez a exprim\u00e9 sa gratitude dans un message de m\u00e9dias sociaux.<\/p>\n<p>Si votre r\u00eave ne vous fait pas peur, il est petit \u00bb, a \u00e9crit Martinez, en remerciant les nombreuses personnes qui ont jou\u00e9 un r\u00f4le dans ce projet. Merci \u00e0 tout le monde d&rsquo;avoir rendu possible ce r\u00eave que nous avons eu depuis 2002. \u00ab\u00a0<\/p>\n<p>\u00c9tablir la pr\u00e9sence de l&rsquo;\u00c9glise du Nazar\u00e9en vient avec un plan de croissance. Et la croissance n\u00e9cessite naturellement des conversations sur l&rsquo;\u00e9ducation du clerg\u00e9.<\/p>\n<p>En 2017, la conversation a acc\u00e9l\u00e9r\u00e9 \u00e0 la 29e Assembl\u00e9e g\u00e9n\u00e9rale et un accord \u00e9ducatif a commenc\u00e9 par une r\u00e9union entre le recteur <i>STN-Cono Sur<\/i> et le coordonnateur de l&rsquo;\u00e9ducation de la r\u00e9gion d&rsquo;Am\u00e9rique du Sud Jorge Julca ; Coordonnateur de l&rsquo;\u00e9ducation de la r\u00e9gion de l&rsquo;Afrique Gabriel Benjiman ; maintenant surintendant de district de Guin\u00e9e \u00e9quatoriale Daniel Ncuna ; et Aderito Ferreira. Ces premi\u00e8res conversations ont \u00e9t\u00e9 soutenues par les surintendants g\u00e9n\u00e9raux Christian Sarmiento et Fili Chambo &#8211; qui \u00e0 l&rsquo;\u00e9poque a servi de directeurs r\u00e9gionaux pour l&rsquo;Am\u00e9rique du Sud et l&rsquo;Afrique, respectivement.<\/p>\n<p>En mai 2021, le Partenariat interr\u00e9gional pour l&rsquo;\u00e9ducation th\u00e9ologique a \u00e9t\u00e9 lanc\u00e9, illustrant le pouvoir de la collaboration pendant la pand\u00e9mie. Les \u00e9quipes d&rsquo;Am\u00e9rique du Sud et d&rsquo;Afrique ont travaill\u00e9 pour fournir le cours d&rsquo;\u00e9tude valid\u00e9 en espagnol en Guin\u00e9e \u00e9quatoriale.<\/p>\n<p>Par le partenariat, les pasteurs et les \u00e9tudiants de Guin\u00e9e \u00e9quatoriale sont entr\u00e9s dans le programme de baccalaur\u00e9at en th\u00e9ologie, qui comprenait une piste vers l&rsquo;ordination (approuv\u00e9e par ICOSAC). Tous ces cours ont \u00e9t\u00e9 administr\u00e9s par des m\u00e9dias en ligne dans des salles de classe virtuelles et sur site et des conf\u00e9rences vid\u00e9o.<\/p>\n<p>La conception de livraison \u00e9ducative \u00e9tait une \u00e9tape pour l&rsquo;\u00e9ducation mondiale et le d\u00e9veloppement du clerg\u00e9. Il est historique parce qu&rsquo;il est la premi\u00e8re fois que les institutions d&rsquo;\u00e9ducation th\u00e9ologique ont fait un accord interr\u00e9gional pour servir dans la formation du clerg\u00e9.<\/p>\n<p>En partenariat ensemble, nous \u00e9tions capables de fournir \u00e0 nos ministres en pr\u00e9paration certains des meilleurs \u00e9ducateurs nazar\u00e9ens hispanophones \u00bb, a d\u00e9clar\u00e9 le coordonnateur de l&rsquo;\u00e9ducation de la r\u00e9gion de l&rsquo;Afrique Gabriel Benjiman. L&rsquo;\u00e9ducation sans fronti\u00e8re nous enseigne qu&rsquo;il est une intendance plus efficace et responsable de nos ressources de prendre quelque chose qui existe et de l&rsquo;adapter au lieu de r\u00e9inventer le programme. \u00ab\u00a0<\/p>\n<p>Le directeur de l&rsquo;\u00e9ducation mondiale et du d\u00e9veloppement du clerg\u00e9 Klaus Arnold croit que le r\u00e9seau mondial de l&rsquo;\u00c9glise du Nazar\u00e9en est une force cruciale de l&rsquo;accord \u00e9ducatif.<\/p>\n<p>La collaboration entre la r\u00e9gion d&rsquo;Am\u00e9rique du Sud et la r\u00e9gion de l&rsquo;Afrique est un exemple merveilleux d&rsquo;\u00e9ducation sans fronti\u00e8res &#8211; partager les forces que nous avons chacun et faire quelque chose de possible ensemble &#8211; qu&rsquo;aucun de nous seul n&rsquo;a jamais pu accomplir \u00bb, a d\u00e9clar\u00e9 Arnold. Ceci est la pens\u00e9e du royaume, menant aux actions du royaume, avec des r\u00e9sultats du royaume. \u00ab\u00a0<\/p>\n","protected":false},"excerpt":{"rendered":"<p>En 2021, la Guin\u00e9e \u00e9quatoriale et le S\u00e9minaire th\u00e9ologique Nazar\u00e9en Cono Sur ont annonc\u00e9 un accord d&rsquo;\u00e9ducation historique sans fronti\u00e8re. En mars, les premiers fruits des graines plant\u00e9es par ce partenariat ont \u00e9t\u00e9 r\u00e9colt\u00e9s, avec neuf clerg\u00e9 obtenant leur dipl\u00f4me, cinq desquels ont \u00e9t\u00e9 ordonn\u00e9s.<\/p>\n","protected":false},"author":1,"featured_media":30295,"menu_order":0,"template":"","news-categories":[],"news-region-taxonomy":[],"news-tag":[882,1560],"class_list":["post-43690","news","type-news","status-publish","has-post-thumbnail","hentry","news-tag-afrique","news-tag-guinee-equatoriale"],"yoast_head":"<!-- This site is optimized with the Yoast SEO Premium plugin v27.1 (Yoast SEO v27.1.1) - https:\/\/yoast.com\/product\/yoast-seo-premium-wordpress\/ -->\n<title>La Guin\u00e9e \u00e9quatoriale c\u00e9l\u00e8bre la premi\u00e8re classe de dipl\u00f4me du clerg\u00e9 du partenariat d&#039;\u00e9ducation sans fronti\u00e8re - Church of the Nazarene<\/title>\n<meta name=\"robots\" content=\"index, follow, max-snippet:-1, max-image-preview:large, max-video-preview:-1\" \/>\n<link rel=\"canonical\" href=\"https:\/\/nazarene.org\/fr\/news\/la-guinee-equatoriale-celebre-la-premiere-classe-de-diplome-du-clerge-du-partenariat-deducation-sans-frontiere\/\" \/>\n<meta property=\"og:locale\" content=\"fr_FR\" \/>\n<meta property=\"og:type\" content=\"article\" \/>\n<meta property=\"og:title\" content=\"La Guin\u00e9e \u00e9quatoriale c\u00e9l\u00e8bre la premi\u00e8re classe de dipl\u00f4me du clerg\u00e9 du partenariat d&#039;\u00e9ducation sans fronti\u00e8re\" \/>\n<meta property=\"og:description\" content=\"En 2021, la Guin\u00e9e \u00e9quatoriale et le S\u00e9minaire th\u00e9ologique Nazar\u00e9en Cono Sur ont annonc\u00e9 un accord d&#039;\u00e9ducation historique sans fronti\u00e8re. En mars, les premiers fruits des graines plant\u00e9es par ce partenariat ont \u00e9t\u00e9 r\u00e9colt\u00e9s, avec neuf clerg\u00e9 obtenant leur dipl\u00f4me, cinq desquels ont \u00e9t\u00e9 ordonn\u00e9s.\" \/>\n<meta property=\"og:url\" content=\"https:\/\/nazarene.org\/fr\/news\/la-guinee-equatoriale-celebre-la-premiere-classe-de-diplome-du-clerge-du-partenariat-deducation-sans-frontiere\/\" \/>\n<meta property=\"og:site_name\" content=\"Church of the Nazarene\" \/>\n<meta property=\"article:publisher\" content=\"https:\/\/www.facebook.com\/NazareneOfficial\/\" \/>\n<meta name=\"twitter:card\" content=\"summary_large_image\" \/>\n<meta name=\"twitter:site\" content=\"@Nazarene\" \/>\n<script type=\"application\/ld+json\" class=\"yoast-schema-graph\">{\"@context\":\"https:\/\/schema.org\",\"@graph\":[{\"@type\":\"WebPage\",\"@id\":\"https:\/\/nazarene.org\/fr\/news\/la-guinee-equatoriale-celebre-la-premiere-classe-de-diplome-du-clerge-du-partenariat-deducation-sans-frontiere\/\",\"url\":\"https:\/\/nazarene.org\/fr\/news\/la-guinee-equatoriale-celebre-la-premiere-classe-de-diplome-du-clerge-du-partenariat-deducation-sans-frontiere\/\",\"name\":\"La Guin\u00e9e \u00e9quatoriale c\u00e9l\u00e8bre la premi\u00e8re classe de dipl\u00f4me du clerg\u00e9 du partenariat d'\u00e9ducation sans fronti\u00e8re - Church of the Nazarene\",\"isPartOf\":{\"@id\":\"https:\/\/nazarene.org\/fr\/#website\"},\"primaryImageOfPage\":{\"@id\":\"https:\/\/nazarene.org\/fr\/news\/la-guinee-equatoriale-celebre-la-premiere-classe-de-diplome-du-clerge-du-partenariat-deducation-sans-frontiere\/#primaryimage\"},\"image\":{\"@id\":\"https:\/\/nazarene.org\/fr\/news\/la-guinee-equatoriale-celebre-la-premiere-classe-de-diplome-du-clerge-du-partenariat-deducation-sans-frontiere\/#primaryimage\"},\"thumbnailUrl\":\"https:\/\/nazarene.org\/wp-content\/uploads\/2025\/02\/EQ-Guinea.jpg\",\"datePublished\":\"2024-03-28T05:00:00+00:00\",\"breadcrumb\":{\"@id\":\"https:\/\/nazarene.org\/fr\/news\/la-guinee-equatoriale-celebre-la-premiere-classe-de-diplome-du-clerge-du-partenariat-deducation-sans-frontiere\/#breadcrumb\"},\"inLanguage\":\"fr-FR\",\"potentialAction\":[{\"@type\":\"ReadAction\",\"target\":[\"https:\/\/nazarene.org\/fr\/news\/la-guinee-equatoriale-celebre-la-premiere-classe-de-diplome-du-clerge-du-partenariat-deducation-sans-frontiere\/\"]}]},{\"@type\":\"ImageObject\",\"inLanguage\":\"fr-FR\",\"@id\":\"https:\/\/nazarene.org\/fr\/news\/la-guinee-equatoriale-celebre-la-premiere-classe-de-diplome-du-clerge-du-partenariat-deducation-sans-frontiere\/#primaryimage\",\"url\":\"https:\/\/nazarene.org\/wp-content\/uploads\/2025\/02\/EQ-Guinea.jpg\",\"contentUrl\":\"https:\/\/nazarene.org\/wp-content\/uploads\/2025\/02\/EQ-Guinea.jpg\",\"width\":1280,\"height\":682},{\"@type\":\"BreadcrumbList\",\"@id\":\"https:\/\/nazarene.org\/fr\/news\/la-guinee-equatoriale-celebre-la-premiere-classe-de-diplome-du-clerge-du-partenariat-deducation-sans-frontiere\/#breadcrumb\",\"itemListElement\":[{\"@type\":\"ListItem\",\"position\":1,\"name\":\"Home\",\"item\":\"https:\/\/nazarene.org\/fr\/\"},{\"@type\":\"ListItem\",\"position\":2,\"name\":\"News\",\"item\":\"https:\/\/nazarene.org\/fr\/news\/\"},{\"@type\":\"ListItem\",\"position\":3,\"name\":\"La Guin\u00e9e \u00e9quatoriale c\u00e9l\u00e8bre la premi\u00e8re classe de dipl\u00f4me du clerg\u00e9 du partenariat d&#8217;\u00e9ducation sans fronti\u00e8re\"}]},{\"@type\":\"WebSite\",\"@id\":\"https:\/\/nazarene.org\/fr\/#website\",\"url\":\"https:\/\/nazarene.org\/fr\/\",\"name\":\"Church of the Nazarene\",\"description\":\"Making Christlike Disciples in the Nations\",\"publisher\":{\"@id\":\"https:\/\/nazarene.org\/fr\/#organization\"},\"potentialAction\":[{\"@type\":\"SearchAction\",\"target\":{\"@type\":\"EntryPoint\",\"urlTemplate\":\"https:\/\/nazarene.org\/fr\/?s={search_term_string}\"},\"query-input\":{\"@type\":\"PropertyValueSpecification\",\"valueRequired\":true,\"valueName\":\"search_term_string\"}}],\"inLanguage\":\"fr-FR\"},{\"@type\":\"Organization\",\"@id\":\"https:\/\/nazarene.org\/fr\/#organization\",\"name\":\"Church of the Nazarene\",\"url\":\"https:\/\/nazarene.org\/fr\/\",\"logo\":{\"@type\":\"ImageObject\",\"inLanguage\":\"fr-FR\",\"@id\":\"https:\/\/nazarene.org\/fr\/#\/schema\/logo\/image\/\",\"url\":\"https:\/\/nazarene.org\/wp-content\/uploads\/2024\/06\/Naz_Desktop_Black_Logo-1.svg\",\"contentUrl\":\"https:\/\/nazarene.org\/wp-content\/uploads\/2024\/06\/Naz_Desktop_Black_Logo-1.svg\",\"width\":258,\"height\":36,\"caption\":\"Church of the Nazarene\"},\"image\":{\"@id\":\"https:\/\/nazarene.org\/fr\/#\/schema\/logo\/image\/\"},\"sameAs\":[\"https:\/\/www.facebook.com\/NazareneOfficial\/\",\"https:\/\/x.com\/Nazarene\",\"https:\/\/www.instagram.com\/nazareneofficial\/\"]}]}<\/script>\n<!-- \/ Yoast SEO Premium plugin. -->","yoast_head_json":{"title":"La Guin\u00e9e \u00e9quatoriale c\u00e9l\u00e8bre la premi\u00e8re classe de dipl\u00f4me du clerg\u00e9 du partenariat d'\u00e9ducation sans fronti\u00e8re - Church of the Nazarene","robots":{"index":"index","follow":"follow","max-snippet":"max-snippet:-1","max-image-preview":"max-image-preview:large","max-video-preview":"max-video-preview:-1"},"canonical":"https:\/\/nazarene.org\/fr\/news\/la-guinee-equatoriale-celebre-la-premiere-classe-de-diplome-du-clerge-du-partenariat-deducation-sans-frontiere\/","og_locale":"fr_FR","og_type":"article","og_title":"La Guin\u00e9e \u00e9quatoriale c\u00e9l\u00e8bre la premi\u00e8re classe de dipl\u00f4me du clerg\u00e9 du partenariat d'\u00e9ducation sans fronti\u00e8re","og_description":"En 2021, la Guin\u00e9e \u00e9quatoriale et le S\u00e9minaire th\u00e9ologique Nazar\u00e9en Cono Sur ont annonc\u00e9 un accord d'\u00e9ducation historique sans fronti\u00e8re. En mars, les premiers fruits des graines plant\u00e9es par ce partenariat ont \u00e9t\u00e9 r\u00e9colt\u00e9s, avec neuf clerg\u00e9 obtenant leur dipl\u00f4me, cinq desquels ont \u00e9t\u00e9 ordonn\u00e9s.","og_url":"https:\/\/nazarene.org\/fr\/news\/la-guinee-equatoriale-celebre-la-premiere-classe-de-diplome-du-clerge-du-partenariat-deducation-sans-frontiere\/","og_site_name":"Church of the Nazarene","article_publisher":"https:\/\/www.facebook.com\/NazareneOfficial\/","twitter_card":"summary_large_image","twitter_site":"@Nazarene","schema":{"@context":"https:\/\/schema.org","@graph":[{"@type":"WebPage","@id":"https:\/\/nazarene.org\/fr\/news\/la-guinee-equatoriale-celebre-la-premiere-classe-de-diplome-du-clerge-du-partenariat-deducation-sans-frontiere\/","url":"https:\/\/nazarene.org\/fr\/news\/la-guinee-equatoriale-celebre-la-premiere-classe-de-diplome-du-clerge-du-partenariat-deducation-sans-frontiere\/","name":"La Guin\u00e9e \u00e9quatoriale c\u00e9l\u00e8bre la premi\u00e8re classe de dipl\u00f4me du clerg\u00e9 du partenariat d'\u00e9ducation sans fronti\u00e8re - Church of the Nazarene","isPartOf":{"@id":"https:\/\/nazarene.org\/fr\/#website"},"primaryImageOfPage":{"@id":"https:\/\/nazarene.org\/fr\/news\/la-guinee-equatoriale-celebre-la-premiere-classe-de-diplome-du-clerge-du-partenariat-deducation-sans-frontiere\/#primaryimage"},"image":{"@id":"https:\/\/nazarene.org\/fr\/news\/la-guinee-equatoriale-celebre-la-premiere-classe-de-diplome-du-clerge-du-partenariat-deducation-sans-frontiere\/#primaryimage"},"thumbnailUrl":"https:\/\/nazarene.org\/wp-content\/uploads\/2025\/02\/EQ-Guinea.jpg","datePublished":"2024-03-28T05:00:00+00:00","breadcrumb":{"@id":"https:\/\/nazarene.org\/fr\/news\/la-guinee-equatoriale-celebre-la-premiere-classe-de-diplome-du-clerge-du-partenariat-deducation-sans-frontiere\/#breadcrumb"},"inLanguage":"fr-FR","potentialAction":[{"@type":"ReadAction","target":["https:\/\/nazarene.org\/fr\/news\/la-guinee-equatoriale-celebre-la-premiere-classe-de-diplome-du-clerge-du-partenariat-deducation-sans-frontiere\/"]}]},{"@type":"ImageObject","inLanguage":"fr-FR","@id":"https:\/\/nazarene.org\/fr\/news\/la-guinee-equatoriale-celebre-la-premiere-classe-de-diplome-du-clerge-du-partenariat-deducation-sans-frontiere\/#primaryimage","url":"https:\/\/nazarene.org\/wp-content\/uploads\/2025\/02\/EQ-Guinea.jpg","contentUrl":"https:\/\/nazarene.org\/wp-content\/uploads\/2025\/02\/EQ-Guinea.jpg","width":1280,"height":682},{"@type":"BreadcrumbList","@id":"https:\/\/nazarene.org\/fr\/news\/la-guinee-equatoriale-celebre-la-premiere-classe-de-diplome-du-clerge-du-partenariat-deducation-sans-frontiere\/#breadcrumb","itemListElement":[{"@type":"ListItem","position":1,"name":"Home","item":"https:\/\/nazarene.org\/fr\/"},{"@type":"ListItem","position":2,"name":"News","item":"https:\/\/nazarene.org\/fr\/news\/"},{"@type":"ListItem","position":3,"name":"La Guin\u00e9e \u00e9quatoriale c\u00e9l\u00e8bre la premi\u00e8re classe de dipl\u00f4me du clerg\u00e9 du partenariat d&#8217;\u00e9ducation sans fronti\u00e8re"}]},{"@type":"WebSite","@id":"https:\/\/nazarene.org\/fr\/#website","url":"https:\/\/nazarene.org\/fr\/","name":"Church of the Nazarene","description":"Making Christlike Disciples in the Nations","publisher":{"@id":"https:\/\/nazarene.org\/fr\/#organization"},"potentialAction":[{"@type":"SearchAction","target":{"@type":"EntryPoint","urlTemplate":"https:\/\/nazarene.org\/fr\/?s={search_term_string}"},"query-input":{"@type":"PropertyValueSpecification","valueRequired":true,"valueName":"search_term_string"}}],"inLanguage":"fr-FR"},{"@type":"Organization","@id":"https:\/\/nazarene.org\/fr\/#organization","name":"Church of the Nazarene","url":"https:\/\/nazarene.org\/fr\/","logo":{"@type":"ImageObject","inLanguage":"fr-FR","@id":"https:\/\/nazarene.org\/fr\/#\/schema\/logo\/image\/","url":"https:\/\/nazarene.org\/wp-content\/uploads\/2024\/06\/Naz_Desktop_Black_Logo-1.svg","contentUrl":"https:\/\/nazarene.org\/wp-content\/uploads\/2024\/06\/Naz_Desktop_Black_Logo-1.svg","width":258,"height":36,"caption":"Church of the Nazarene"},"image":{"@id":"https:\/\/nazarene.org\/fr\/#\/schema\/logo\/image\/"},"sameAs":["https:\/\/www.facebook.com\/NazareneOfficial\/","https:\/\/x.com\/Nazarene","https:\/\/www.instagram.com\/nazareneofficial\/"]}]}},"_links":{"self":[{"href":"https:\/\/nazarene.org\/fr\/wp-json\/wp\/v2\/news\/43690","targetHints":{"allow":["GET"]}}],"collection":[{"href":"https:\/\/nazarene.org\/fr\/wp-json\/wp\/v2\/news"}],"about":[{"href":"https:\/\/nazarene.org\/fr\/wp-json\/wp\/v2\/types\/news"}],"author":[{"embeddable":true,"href":"https:\/\/nazarene.org\/fr\/wp-json\/wp\/v2\/users\/1"}],"version-history":[{"count":0,"href":"https:\/\/nazarene.org\/fr\/wp-json\/wp\/v2\/news\/43690\/revisions"}],"wp:featuredmedia":[{"embeddable":true,"href":"https:\/\/nazarene.org\/fr\/wp-json\/wp\/v2\/media\/30295"}],"wp:attachment":[{"href":"https:\/\/nazarene.org\/fr\/wp-json\/wp\/v2\/media?parent=43690"}],"wp:term":[{"taxonomy":"news-categories","embeddable":true,"href":"https:\/\/nazarene.org\/fr\/wp-json\/wp\/v2\/news-categories?post=43690"},{"taxonomy":"news-region-taxonomy","embeddable":true,"href":"https:\/\/nazarene.org\/fr\/wp-json\/wp\/v2\/news-region-taxonomy?post=43690"},{"taxonomy":"news-tag","embeddable":true,"href":"https:\/\/nazarene.org\/fr\/wp-json\/wp\/v2\/news-tag?post=43690"}],"curies":[{"name":"wp","href":"https:\/\/api.w.org\/{rel}","templated":true}]}}