{"id":43195,"date":"2023-09-08T00:00:00","date_gmt":"2023-09-08T05:00:00","guid":{"rendered":"https:\/\/nazarene.org\/news\/se-souvenir-deunice-brubaker\/"},"modified":"2023-09-08T00:00:00","modified_gmt":"2023-09-08T05:00:00","slug":"se-souvenir-deunice-brubaker","status":"publish","type":"news","link":"https:\/\/nazarene.org\/fr\/news\/se-souvenir-deunice-brubaker\/","title":{"rendered":"Se souvenir d&rsquo;Eunice Brubaker"},"content":{"rendered":"<p>Eunice Brubaker, 68, de Topeka, Kansas, est d\u00e9c\u00e9d\u00e9 le 5 septembre 2023 apr\u00e8s une longue bataille avec le cancer. Elle \u00e9tait une ministre, aum\u00f4ni\u00e8re, missionnaire et ancienne pr\u00e9sidente mondiale des missions internationales nazar\u00e9ennes. Elle avait \u00e9t\u00e9 aum\u00f4ni\u00e8re pour la Chambre des repr\u00e9sentants d&rsquo;\u00c9tat du Kansas depuis 2007.&nbsp;<\/p>\n<p>Eunice est n\u00e9 le 4 mai 1955 \u00e0 Ray et Dorothy Marlin \u00e0 Indianapolis, Indiana. Elle est dipl\u00f4m\u00e9e de l&rsquo;\u00e9cole secondaire centrale Franklin et est all\u00e9e assister au Coll\u00e8ge MidAmerica nazar\u00e9en (maintenant Universit\u00e9), o\u00f9 elle a obtenu son dipl\u00f4me en 1977. Elle a gagn\u00e9 une ma\u00eetrise du S\u00e9minaire th\u00e9ologique nazar\u00e9en.<\/p>\n<p>En 1979, elle est entr\u00e9e dans le champ des missions, servant aux Philippines jusqu&rsquo;en 1991. Elle a enseign\u00e9 au Coll\u00e8ge biblique nazar\u00e9en Luzon (maintenant Coll\u00e8ge nazar\u00e9en philippin) et \u00e9tait un grand mentor aux \u00e9tudiants LNBC.<\/p>\n<p>Lorsqu&rsquo;elle est revenue du c\u00f4t\u00e9 de l&rsquo;\u00c9tat, elle a rencontr\u00e9 son mari, Ken Brubaker, qu&rsquo;elle a \u00e9pous\u00e9 le 6 mars 1993. Ensemble, ils ont partag\u00e9 30 ans de travail dans de nombreux domaines du minist\u00e8re.<\/p>\n<p>Malgr\u00e9 la sortie du champ des missions, la passion d&rsquo;Eunice pour les missions est rest\u00e9e forte tout au long de sa vie. Elle a servi de pr\u00e9sidente des Missions nazar\u00e9ennes internationales (NMI) de 2000 \u00e0 2008 ainsi que vice-pr\u00e9sidente mondiale NMI, pr\u00e9sidente du district de Kansas City NMI et pr\u00e9sident NMI de son \u00c9glise locale.<\/p>\n<p>Savoir Eunice \u00e9tait de conna\u00eetre la passion pour NMI et le perdu \u00bb, a d\u00e9clar\u00e9 le directeur mondial NMI Lola Brickey. Beaucoup dans le monde connaissent J\u00e9sus parce qu&rsquo;Eunice a investi sa vie et ses \u00e9nergies dans la propagation des bonnes nouvelles et de la saintet\u00e9 scripturaire, faisant des disciples semblables au Christ dans les nations. Nous c\u00e9l\u00e9brons la vie de service et de minist\u00e8re d&rsquo;Eunice et son engagement \u00e0 NMI et le travail des missions. \u00ab\u00a0<\/p>\n<p>Eunice et Ken ont coordonn\u00e9 les voyages Travail et t\u00e9moin, partageant l&rsquo;\u00c9vangile dans plus de 56 pays.<\/p>\n<p>Elle a servi sur le personnel \u00e0 la Premi\u00e8re \u00c9glise de Lawrence du Nazar\u00e9en (1993-1995), \u00c9glise de Topeka Fairlawn du Nazar\u00e9en (2004-2012) et a dirig\u00e9 l&rsquo;\u00c9glise de Edge de Water du Nazar\u00e9en (2016-2022). Elle \u00e9tait un professeur adjoint \u00e0 l&rsquo;Universit\u00e9 MidAmerica nazar\u00e9enne et a enseign\u00e9 \u00e0 l&rsquo;\u00e9cole latine Cair Paravel.<\/p>\n<p>En 2007, Eunice est devenu l&rsquo;aum\u00f4nier de la Chambre des repr\u00e9sentants du Kansas.&nbsp;<\/p>\n<p>Eunice \u00e9tait un aum\u00f4nier merveilleux avec un c\u0153ur pour le service au Seigneur \u00bb, a d\u00e9clar\u00e9 le pr\u00e9sident de la Chambre Dan Hawkins dans une d\u00e9claration. Le courage qu&rsquo;elle a affich\u00e9 au cours des derni\u00e8res ann\u00e9es \u00e9tait vraiment inspirant pour tous. \u00ab\u00a0<\/p>\n<p>Le repr\u00e9sentant Robyn Essex a appel\u00e9 la mort de Brubaker une \u00ab grande perte \u00bb dans un message Facebook.<\/p>\n<p>M\u00eame lorsqu&rsquo;elle ne se sentait pas bien, elle \u00e9tait d\u00e9termin\u00e9e \u00e0 commencer nos sessions avec un mot encourageant et une pri\u00e8re \u00bb, a d\u00e9clar\u00e9 Essex. Parfois, il a pris un grand effort juste pour faire travailler sa voix, mais ses mots \u00e9taient toujours oints. \u00ab\u00a0<\/p>\n<p>Eunice a \u00e9t\u00e9 pr\u00e9c\u00e9d\u00e9e dans la mort par ses parents et son fr\u00e8re, Stephen Ray Marlin. Elle est surv\u00e9cue par son mari, Ken ; fr\u00e8res, Robert et Timothy Marlin ; s\u0153ur, Alice Palmer ; sept ni\u00e8ces et quatre neveux.&nbsp;<\/p>\n<p>La visite, o\u00f9 la famille accueillera des amis, sera mercredi 13 septembre 2023 de 9 \u00e0 10 heures \u00e0 l&rsquo;\u00c9glise Wanamaker Woods du Nazar\u00e9en, 3501 SW Wanamaker Road, Topeka, Kansas. Un service de c\u00e9l\u00e9bration de la vie et une r\u00e9ception suivront \u00e0 10 a.m. Le service de tombe aura lieu \u00e0 1 h au cimeti\u00e8re de Prairie Home.<\/p>\n","protected":false},"excerpt":{"rendered":"<p>Eunice Brubaker, 68, de Topeka, Kansas, est d\u00e9c\u00e9d\u00e9 le 5 septembre 2023 apr\u00e8s une longue bataille avec le cancer.<\/p>\n","protected":false},"author":1,"featured_media":29803,"menu_order":0,"template":"","news-categories":[],"news-region-taxonomy":[],"news-tag":[758,949,815],"class_list":["post-43195","news","type-news","status-publish","has-post-thumbnail","hentry","news-tag-etats-unis-canada","news-tag-missions-fr","news-tag-passages"],"yoast_head":"<!-- This site is optimized with the Yoast SEO Premium plugin v27.1 (Yoast SEO v27.1.1) - https:\/\/yoast.com\/product\/yoast-seo-premium-wordpress\/ -->\n<title>Se souvenir d&#039;Eunice Brubaker - Church of the Nazarene<\/title>\n<meta name=\"robots\" content=\"index, follow, max-snippet:-1, max-image-preview:large, max-video-preview:-1\" \/>\n<link rel=\"canonical\" href=\"https:\/\/nazarene.org\/fr\/news\/se-souvenir-deunice-brubaker\/\" \/>\n<meta property=\"og:locale\" content=\"fr_FR\" \/>\n<meta property=\"og:type\" content=\"article\" \/>\n<meta property=\"og:title\" content=\"Se souvenir d&#039;Eunice Brubaker\" \/>\n<meta property=\"og:description\" content=\"Eunice Brubaker, 68, de Topeka, Kansas, est d\u00e9c\u00e9d\u00e9 le 5 septembre 2023 apr\u00e8s une longue bataille avec le cancer.\" \/>\n<meta property=\"og:url\" content=\"https:\/\/nazarene.org\/fr\/news\/se-souvenir-deunice-brubaker\/\" \/>\n<meta property=\"og:site_name\" content=\"Church of the Nazarene\" \/>\n<meta property=\"article:publisher\" content=\"https:\/\/www.facebook.com\/NazareneOfficial\/\" \/>\n<meta name=\"twitter:card\" content=\"summary_large_image\" \/>\n<meta name=\"twitter:site\" content=\"@Nazarene\" \/>\n<script type=\"application\/ld+json\" class=\"yoast-schema-graph\">{\"@context\":\"https:\/\/schema.org\",\"@graph\":[{\"@type\":\"WebPage\",\"@id\":\"https:\/\/nazarene.org\/fr\/news\/se-souvenir-deunice-brubaker\/\",\"url\":\"https:\/\/nazarene.org\/fr\/news\/se-souvenir-deunice-brubaker\/\",\"name\":\"Se souvenir d'Eunice Brubaker - Church of the Nazarene\",\"isPartOf\":{\"@id\":\"https:\/\/nazarene.org\/fr\/#website\"},\"primaryImageOfPage\":{\"@id\":\"https:\/\/nazarene.org\/fr\/news\/se-souvenir-deunice-brubaker\/#primaryimage\"},\"image\":{\"@id\":\"https:\/\/nazarene.org\/fr\/news\/se-souvenir-deunice-brubaker\/#primaryimage\"},\"thumbnailUrl\":\"https:\/\/nazarene.org\/wp-content\/uploads\/2025\/02\/Eunice-Brubaker.png\",\"datePublished\":\"2023-09-08T05:00:00+00:00\",\"breadcrumb\":{\"@id\":\"https:\/\/nazarene.org\/fr\/news\/se-souvenir-deunice-brubaker\/#breadcrumb\"},\"inLanguage\":\"fr-FR\",\"potentialAction\":[{\"@type\":\"ReadAction\",\"target\":[\"https:\/\/nazarene.org\/fr\/news\/se-souvenir-deunice-brubaker\/\"]}]},{\"@type\":\"ImageObject\",\"inLanguage\":\"fr-FR\",\"@id\":\"https:\/\/nazarene.org\/fr\/news\/se-souvenir-deunice-brubaker\/#primaryimage\",\"url\":\"https:\/\/nazarene.org\/wp-content\/uploads\/2025\/02\/Eunice-Brubaker.png\",\"contentUrl\":\"https:\/\/nazarene.org\/wp-content\/uploads\/2025\/02\/Eunice-Brubaker.png\",\"width\":3125,\"height\":1667},{\"@type\":\"BreadcrumbList\",\"@id\":\"https:\/\/nazarene.org\/fr\/news\/se-souvenir-deunice-brubaker\/#breadcrumb\",\"itemListElement\":[{\"@type\":\"ListItem\",\"position\":1,\"name\":\"Home\",\"item\":\"https:\/\/nazarene.org\/fr\/\"},{\"@type\":\"ListItem\",\"position\":2,\"name\":\"News\",\"item\":\"https:\/\/nazarene.org\/fr\/news\/\"},{\"@type\":\"ListItem\",\"position\":3,\"name\":\"Se souvenir d&#8217;Eunice Brubaker\"}]},{\"@type\":\"WebSite\",\"@id\":\"https:\/\/nazarene.org\/fr\/#website\",\"url\":\"https:\/\/nazarene.org\/fr\/\",\"name\":\"Church of the Nazarene\",\"description\":\"Making Christlike Disciples in the Nations\",\"publisher\":{\"@id\":\"https:\/\/nazarene.org\/fr\/#organization\"},\"potentialAction\":[{\"@type\":\"SearchAction\",\"target\":{\"@type\":\"EntryPoint\",\"urlTemplate\":\"https:\/\/nazarene.org\/fr\/?s={search_term_string}\"},\"query-input\":{\"@type\":\"PropertyValueSpecification\",\"valueRequired\":true,\"valueName\":\"search_term_string\"}}],\"inLanguage\":\"fr-FR\"},{\"@type\":\"Organization\",\"@id\":\"https:\/\/nazarene.org\/fr\/#organization\",\"name\":\"Church of the Nazarene\",\"url\":\"https:\/\/nazarene.org\/fr\/\",\"logo\":{\"@type\":\"ImageObject\",\"inLanguage\":\"fr-FR\",\"@id\":\"https:\/\/nazarene.org\/fr\/#\/schema\/logo\/image\/\",\"url\":\"https:\/\/nazarene.org\/wp-content\/uploads\/2024\/06\/Naz_Desktop_Black_Logo-1.svg\",\"contentUrl\":\"https:\/\/nazarene.org\/wp-content\/uploads\/2024\/06\/Naz_Desktop_Black_Logo-1.svg\",\"width\":258,\"height\":36,\"caption\":\"Church of the Nazarene\"},\"image\":{\"@id\":\"https:\/\/nazarene.org\/fr\/#\/schema\/logo\/image\/\"},\"sameAs\":[\"https:\/\/www.facebook.com\/NazareneOfficial\/\",\"https:\/\/x.com\/Nazarene\",\"https:\/\/www.instagram.com\/nazareneofficial\/\"]}]}<\/script>\n<!-- \/ Yoast SEO Premium plugin. -->","yoast_head_json":{"title":"Se souvenir d'Eunice Brubaker - Church of the Nazarene","robots":{"index":"index","follow":"follow","max-snippet":"max-snippet:-1","max-image-preview":"max-image-preview:large","max-video-preview":"max-video-preview:-1"},"canonical":"https:\/\/nazarene.org\/fr\/news\/se-souvenir-deunice-brubaker\/","og_locale":"fr_FR","og_type":"article","og_title":"Se souvenir d'Eunice Brubaker","og_description":"Eunice Brubaker, 68, de Topeka, Kansas, est d\u00e9c\u00e9d\u00e9 le 5 septembre 2023 apr\u00e8s une longue bataille avec le cancer.","og_url":"https:\/\/nazarene.org\/fr\/news\/se-souvenir-deunice-brubaker\/","og_site_name":"Church of the Nazarene","article_publisher":"https:\/\/www.facebook.com\/NazareneOfficial\/","twitter_card":"summary_large_image","twitter_site":"@Nazarene","schema":{"@context":"https:\/\/schema.org","@graph":[{"@type":"WebPage","@id":"https:\/\/nazarene.org\/fr\/news\/se-souvenir-deunice-brubaker\/","url":"https:\/\/nazarene.org\/fr\/news\/se-souvenir-deunice-brubaker\/","name":"Se souvenir d'Eunice Brubaker - Church of the Nazarene","isPartOf":{"@id":"https:\/\/nazarene.org\/fr\/#website"},"primaryImageOfPage":{"@id":"https:\/\/nazarene.org\/fr\/news\/se-souvenir-deunice-brubaker\/#primaryimage"},"image":{"@id":"https:\/\/nazarene.org\/fr\/news\/se-souvenir-deunice-brubaker\/#primaryimage"},"thumbnailUrl":"https:\/\/nazarene.org\/wp-content\/uploads\/2025\/02\/Eunice-Brubaker.png","datePublished":"2023-09-08T05:00:00+00:00","breadcrumb":{"@id":"https:\/\/nazarene.org\/fr\/news\/se-souvenir-deunice-brubaker\/#breadcrumb"},"inLanguage":"fr-FR","potentialAction":[{"@type":"ReadAction","target":["https:\/\/nazarene.org\/fr\/news\/se-souvenir-deunice-brubaker\/"]}]},{"@type":"ImageObject","inLanguage":"fr-FR","@id":"https:\/\/nazarene.org\/fr\/news\/se-souvenir-deunice-brubaker\/#primaryimage","url":"https:\/\/nazarene.org\/wp-content\/uploads\/2025\/02\/Eunice-Brubaker.png","contentUrl":"https:\/\/nazarene.org\/wp-content\/uploads\/2025\/02\/Eunice-Brubaker.png","width":3125,"height":1667},{"@type":"BreadcrumbList","@id":"https:\/\/nazarene.org\/fr\/news\/se-souvenir-deunice-brubaker\/#breadcrumb","itemListElement":[{"@type":"ListItem","position":1,"name":"Home","item":"https:\/\/nazarene.org\/fr\/"},{"@type":"ListItem","position":2,"name":"News","item":"https:\/\/nazarene.org\/fr\/news\/"},{"@type":"ListItem","position":3,"name":"Se souvenir d&#8217;Eunice Brubaker"}]},{"@type":"WebSite","@id":"https:\/\/nazarene.org\/fr\/#website","url":"https:\/\/nazarene.org\/fr\/","name":"Church of the Nazarene","description":"Making Christlike Disciples in the Nations","publisher":{"@id":"https:\/\/nazarene.org\/fr\/#organization"},"potentialAction":[{"@type":"SearchAction","target":{"@type":"EntryPoint","urlTemplate":"https:\/\/nazarene.org\/fr\/?s={search_term_string}"},"query-input":{"@type":"PropertyValueSpecification","valueRequired":true,"valueName":"search_term_string"}}],"inLanguage":"fr-FR"},{"@type":"Organization","@id":"https:\/\/nazarene.org\/fr\/#organization","name":"Church of the Nazarene","url":"https:\/\/nazarene.org\/fr\/","logo":{"@type":"ImageObject","inLanguage":"fr-FR","@id":"https:\/\/nazarene.org\/fr\/#\/schema\/logo\/image\/","url":"https:\/\/nazarene.org\/wp-content\/uploads\/2024\/06\/Naz_Desktop_Black_Logo-1.svg","contentUrl":"https:\/\/nazarene.org\/wp-content\/uploads\/2024\/06\/Naz_Desktop_Black_Logo-1.svg","width":258,"height":36,"caption":"Church of the Nazarene"},"image":{"@id":"https:\/\/nazarene.org\/fr\/#\/schema\/logo\/image\/"},"sameAs":["https:\/\/www.facebook.com\/NazareneOfficial\/","https:\/\/x.com\/Nazarene","https:\/\/www.instagram.com\/nazareneofficial\/"]}]}},"_links":{"self":[{"href":"https:\/\/nazarene.org\/fr\/wp-json\/wp\/v2\/news\/43195","targetHints":{"allow":["GET"]}}],"collection":[{"href":"https:\/\/nazarene.org\/fr\/wp-json\/wp\/v2\/news"}],"about":[{"href":"https:\/\/nazarene.org\/fr\/wp-json\/wp\/v2\/types\/news"}],"author":[{"embeddable":true,"href":"https:\/\/nazarene.org\/fr\/wp-json\/wp\/v2\/users\/1"}],"version-history":[{"count":0,"href":"https:\/\/nazarene.org\/fr\/wp-json\/wp\/v2\/news\/43195\/revisions"}],"wp:featuredmedia":[{"embeddable":true,"href":"https:\/\/nazarene.org\/fr\/wp-json\/wp\/v2\/media\/29803"}],"wp:attachment":[{"href":"https:\/\/nazarene.org\/fr\/wp-json\/wp\/v2\/media?parent=43195"}],"wp:term":[{"taxonomy":"news-categories","embeddable":true,"href":"https:\/\/nazarene.org\/fr\/wp-json\/wp\/v2\/news-categories?post=43195"},{"taxonomy":"news-region-taxonomy","embeddable":true,"href":"https:\/\/nazarene.org\/fr\/wp-json\/wp\/v2\/news-region-taxonomy?post=43195"},{"taxonomy":"news-tag","embeddable":true,"href":"https:\/\/nazarene.org\/fr\/wp-json\/wp\/v2\/news-tag?post=43195"}],"curies":[{"name":"wp","href":"https:\/\/api.w.org\/{rel}","templated":true}]}}