{"id":43026,"date":"2023-06-30T00:00:00","date_gmt":"2023-06-30T05:00:00","guid":{"rendered":"https:\/\/nazarene.org\/news\/celebrer-la-vie-ministere-delton-wood\/"},"modified":"2023-06-30T00:00:00","modified_gmt":"2023-06-30T05:00:00","slug":"celebrer-la-vie-ministere-delton-wood","status":"publish","type":"news","link":"https:\/\/nazarene.org\/fr\/news\/celebrer-la-vie-ministere-delton-wood\/","title":{"rendered":"C\u00e9l\u00e9brer la vie, minist\u00e8re d&rsquo;Elton Wood"},"content":{"rendered":"<p>Elton Wood, 97, de Riverside, Rhode Island, est d\u00e9c\u00e9d\u00e9 le 22 juin 2023. Il \u00e9tait un ministre retrait\u00e9, un \u00e9vang\u00e9liste et un missionnaire qui a servi au Cap-Vert et au Br\u00e9sil pendant 40 ans.<\/p>\n<p>James Roy Elton Wood est n\u00e9 le 1 juin 1928 \u00e0 Lubbock, Texas, \u00e0 M. et Mme S. L. Wood, ministres \u00e0 Bowie, Texas. Il a donn\u00e9 sa vie au Seigneur \u00e0 16 ans et quatre ans plus tard a senti l&rsquo;appel au champ de missions.&nbsp;<\/p>\n<p>Elton a servi d&rsquo;\u00e9vang\u00e9liste avant de rencontrer sa femme, Margaret Little. Ils ont \u00e9t\u00e9 mari\u00e9s en mai 1947 et ont servi de pasteurs \u00e9tudiants \u00e0 l&rsquo;\u00c9glise Hennessey du Nazar\u00e9en \u00e0 Oklahoma pendant un an. Ils ont \u00e9vang\u00e9lis\u00e9 ensemble \u00e0 Oklahoma jusqu&rsquo;\u00e0 ce qu&rsquo;ils obtiennent leur dipl\u00f4me du Coll\u00e8ge nazar\u00e9en Bethany en 1952.<\/p>\n<p>Elton et Margaret ont \u00e9t\u00e9 commission\u00e9s en tant que missionnaires pendant la r\u00e9union de 1952 du Conseil g\u00e9n\u00e9ral. Elton a servi de directeur du coll\u00e8ge biblique au Cabo Vert de 1953 \u00e0 1975. Pendant ce temps, il a \u00e9galement past\u00e9 dans l&rsquo;\u00c9glise de Mindelo du Nazar\u00e9en et l&rsquo;\u00c9glise de Praia du Nazar\u00e9en dans la capitale du Cabo Verde.<\/p>\n<p>En 1976, le Woods a d\u00e9m\u00e9nag\u00e9 au Br\u00e9sil pour devenir pr\u00e9sident du S\u00e9minaire nazar\u00e9en \u00e0 Campinas, Sao Paulo. L\u00e0, Elton a aid\u00e9 \u00e0 d\u00e9velopper le campus en construisant neuf b\u00e2timents diff\u00e9rents. La biblioth\u00e8que au s\u00e9minaire est nomm\u00e9e apr\u00e8s Wood.<\/p>\n<p>De 1981 \u00e0 1984, Elton a \u00e9galement servi de directeur de mission du Br\u00e9sil, o\u00f9 il a voyag\u00e9 aux assembl\u00e9es de district et a aid\u00e9 \u00e0 identifier de nouvelles zones de plantation de l&rsquo;\u00c9glise. Lui et Margaret ont pris leur retraite des missions en 1993.<br \/>\nSa vie et son h\u00e9ritage sont souven\u00e9s et c\u00e9l\u00e9br\u00e9s par beaucoup. Il \u00e9tait connu affectueusement comme \u00ab Papo \u00bb.<\/p>\n<p>Ma vie ne serait pas ce qu&rsquo;elle est aujourd&rsquo;hui si ce n&rsquo;est pas pour son minist\u00e8re \u00bb, a d\u00e9clar\u00e9 Natalie Rodriguez-Zapata sur Facebook. Il y a tellement \u00e0 apprendre de la fa\u00e7on dont Papo a v\u00e9cu sa vie. Ses pri\u00e8res et ses mots d&rsquo;encouragement seront pour toujours avec moi et je me sens si privil\u00e9gi\u00e9 d&rsquo;avoir partag\u00e9 du temps avec une \u00e2me aussi pr\u00e9cieuse. \u00ab\u00a0<\/p>\n<p>Elton a \u00e9t\u00e9 pr\u00e9c\u00e9d\u00e9 dans la mort par sa femme, Margaret, qui est d\u00e9c\u00e9d\u00e9e en 2020.<\/p>\n<p>Il est surv\u00e9cu par sa seule fille, Carol Wood Lima et son mari, Elizeu Lima ; deux petits-enfants, Shayla Lima Miranda et Shane Lima ; et quatre arri\u00e8re-petits-enfants, Chelsey, Celynna, Caleb et Christian.<\/p>\n<p>En raison de l&rsquo;impact r\u00e9pandu de la vie d&rsquo;Elton Wood, la famille Lima recevra une visite et des condol\u00e9ances aux arrangements fun\u00e9raires, encore \u00e0 \u00eatre annonc\u00e9.<\/p>\n<p>&nbsp;<\/p>\n","protected":false},"excerpt":{"rendered":"<p>Elton Wood, 97, de Riverside, Rhode Island, est d\u00e9c\u00e9d\u00e9 le 22 juin 2023. Il \u00e9tait un ministre retrait\u00e9, \u00e9vang\u00e9liste et missionnaire qui a servi au Cap-Vert et au Br\u00e9sil pendant 40 ans.<\/p>\n","protected":false},"author":1,"featured_media":29611,"menu_order":0,"template":"","news-categories":[],"news-region-taxonomy":[],"news-tag":[882,782,783,1399,949],"class_list":["post-43026","news","type-news","status-publish","has-post-thumbnail","hentry","news-tag-afrique","news-tag-amerique-du-sud","news-tag-bresil","news-tag-cap-vert","news-tag-missions-fr"],"yoast_head":"<!-- This site is optimized with the Yoast SEO Premium plugin v27.1 (Yoast SEO v27.1.1) - https:\/\/yoast.com\/product\/yoast-seo-premium-wordpress\/ -->\n<title>C\u00e9l\u00e9brer la vie, minist\u00e8re d&#039;Elton Wood - Church of the Nazarene<\/title>\n<meta name=\"robots\" content=\"index, follow, max-snippet:-1, max-image-preview:large, max-video-preview:-1\" \/>\n<link rel=\"canonical\" href=\"https:\/\/nazarene.org\/fr\/news\/celebrer-la-vie-ministere-delton-wood\/\" \/>\n<meta property=\"og:locale\" content=\"fr_FR\" \/>\n<meta property=\"og:type\" content=\"article\" \/>\n<meta property=\"og:title\" content=\"C\u00e9l\u00e9brer la vie, minist\u00e8re d&#039;Elton Wood\" \/>\n<meta property=\"og:description\" content=\"Elton Wood, 97, de Riverside, Rhode Island, est d\u00e9c\u00e9d\u00e9 le 22 juin 2023. Il \u00e9tait un ministre retrait\u00e9, \u00e9vang\u00e9liste et missionnaire qui a servi au Cap-Vert et au Br\u00e9sil pendant 40 ans.\" \/>\n<meta property=\"og:url\" content=\"https:\/\/nazarene.org\/fr\/news\/celebrer-la-vie-ministere-delton-wood\/\" \/>\n<meta property=\"og:site_name\" content=\"Church of the Nazarene\" \/>\n<meta property=\"article:publisher\" content=\"https:\/\/www.facebook.com\/NazareneOfficial\/\" \/>\n<meta name=\"twitter:card\" content=\"summary_large_image\" \/>\n<meta name=\"twitter:site\" content=\"@Nazarene\" \/>\n<script type=\"application\/ld+json\" class=\"yoast-schema-graph\">{\"@context\":\"https:\/\/schema.org\",\"@graph\":[{\"@type\":\"WebPage\",\"@id\":\"https:\/\/nazarene.org\/fr\/news\/celebrer-la-vie-ministere-delton-wood\/\",\"url\":\"https:\/\/nazarene.org\/fr\/news\/celebrer-la-vie-ministere-delton-wood\/\",\"name\":\"C\u00e9l\u00e9brer la vie, minist\u00e8re d'Elton Wood - Church of the Nazarene\",\"isPartOf\":{\"@id\":\"https:\/\/nazarene.org\/fr\/#website\"},\"primaryImageOfPage\":{\"@id\":\"https:\/\/nazarene.org\/fr\/news\/celebrer-la-vie-ministere-delton-wood\/#primaryimage\"},\"image\":{\"@id\":\"https:\/\/nazarene.org\/fr\/news\/celebrer-la-vie-ministere-delton-wood\/#primaryimage\"},\"thumbnailUrl\":\"https:\/\/nazarene.org\/wp-content\/uploads\/2025\/02\/Elton-Wood.png\",\"datePublished\":\"2023-06-30T05:00:00+00:00\",\"breadcrumb\":{\"@id\":\"https:\/\/nazarene.org\/fr\/news\/celebrer-la-vie-ministere-delton-wood\/#breadcrumb\"},\"inLanguage\":\"fr-FR\",\"potentialAction\":[{\"@type\":\"ReadAction\",\"target\":[\"https:\/\/nazarene.org\/fr\/news\/celebrer-la-vie-ministere-delton-wood\/\"]}]},{\"@type\":\"ImageObject\",\"inLanguage\":\"fr-FR\",\"@id\":\"https:\/\/nazarene.org\/fr\/news\/celebrer-la-vie-ministere-delton-wood\/#primaryimage\",\"url\":\"https:\/\/nazarene.org\/wp-content\/uploads\/2025\/02\/Elton-Wood.png\",\"contentUrl\":\"https:\/\/nazarene.org\/wp-content\/uploads\/2025\/02\/Elton-Wood.png\",\"width\":1800,\"height\":960},{\"@type\":\"BreadcrumbList\",\"@id\":\"https:\/\/nazarene.org\/fr\/news\/celebrer-la-vie-ministere-delton-wood\/#breadcrumb\",\"itemListElement\":[{\"@type\":\"ListItem\",\"position\":1,\"name\":\"Home\",\"item\":\"https:\/\/nazarene.org\/fr\/\"},{\"@type\":\"ListItem\",\"position\":2,\"name\":\"News\",\"item\":\"https:\/\/nazarene.org\/fr\/news\/\"},{\"@type\":\"ListItem\",\"position\":3,\"name\":\"C\u00e9l\u00e9brer la vie, minist\u00e8re d&#8217;Elton Wood\"}]},{\"@type\":\"WebSite\",\"@id\":\"https:\/\/nazarene.org\/fr\/#website\",\"url\":\"https:\/\/nazarene.org\/fr\/\",\"name\":\"Church of the Nazarene\",\"description\":\"Making Christlike Disciples in the Nations\",\"publisher\":{\"@id\":\"https:\/\/nazarene.org\/fr\/#organization\"},\"potentialAction\":[{\"@type\":\"SearchAction\",\"target\":{\"@type\":\"EntryPoint\",\"urlTemplate\":\"https:\/\/nazarene.org\/fr\/?s={search_term_string}\"},\"query-input\":{\"@type\":\"PropertyValueSpecification\",\"valueRequired\":true,\"valueName\":\"search_term_string\"}}],\"inLanguage\":\"fr-FR\"},{\"@type\":\"Organization\",\"@id\":\"https:\/\/nazarene.org\/fr\/#organization\",\"name\":\"Church of the Nazarene\",\"url\":\"https:\/\/nazarene.org\/fr\/\",\"logo\":{\"@type\":\"ImageObject\",\"inLanguage\":\"fr-FR\",\"@id\":\"https:\/\/nazarene.org\/fr\/#\/schema\/logo\/image\/\",\"url\":\"https:\/\/nazarene.org\/wp-content\/uploads\/2024\/06\/Naz_Desktop_Black_Logo-1.svg\",\"contentUrl\":\"https:\/\/nazarene.org\/wp-content\/uploads\/2024\/06\/Naz_Desktop_Black_Logo-1.svg\",\"width\":258,\"height\":36,\"caption\":\"Church of the Nazarene\"},\"image\":{\"@id\":\"https:\/\/nazarene.org\/fr\/#\/schema\/logo\/image\/\"},\"sameAs\":[\"https:\/\/www.facebook.com\/NazareneOfficial\/\",\"https:\/\/x.com\/Nazarene\",\"https:\/\/www.instagram.com\/nazareneofficial\/\"]}]}<\/script>\n<!-- \/ Yoast SEO Premium plugin. -->","yoast_head_json":{"title":"C\u00e9l\u00e9brer la vie, minist\u00e8re d'Elton Wood - Church of the Nazarene","robots":{"index":"index","follow":"follow","max-snippet":"max-snippet:-1","max-image-preview":"max-image-preview:large","max-video-preview":"max-video-preview:-1"},"canonical":"https:\/\/nazarene.org\/fr\/news\/celebrer-la-vie-ministere-delton-wood\/","og_locale":"fr_FR","og_type":"article","og_title":"C\u00e9l\u00e9brer la vie, minist\u00e8re d'Elton Wood","og_description":"Elton Wood, 97, de Riverside, Rhode Island, est d\u00e9c\u00e9d\u00e9 le 22 juin 2023. Il \u00e9tait un ministre retrait\u00e9, \u00e9vang\u00e9liste et missionnaire qui a servi au Cap-Vert et au Br\u00e9sil pendant 40 ans.","og_url":"https:\/\/nazarene.org\/fr\/news\/celebrer-la-vie-ministere-delton-wood\/","og_site_name":"Church of the Nazarene","article_publisher":"https:\/\/www.facebook.com\/NazareneOfficial\/","twitter_card":"summary_large_image","twitter_site":"@Nazarene","schema":{"@context":"https:\/\/schema.org","@graph":[{"@type":"WebPage","@id":"https:\/\/nazarene.org\/fr\/news\/celebrer-la-vie-ministere-delton-wood\/","url":"https:\/\/nazarene.org\/fr\/news\/celebrer-la-vie-ministere-delton-wood\/","name":"C\u00e9l\u00e9brer la vie, minist\u00e8re d'Elton Wood - Church of the Nazarene","isPartOf":{"@id":"https:\/\/nazarene.org\/fr\/#website"},"primaryImageOfPage":{"@id":"https:\/\/nazarene.org\/fr\/news\/celebrer-la-vie-ministere-delton-wood\/#primaryimage"},"image":{"@id":"https:\/\/nazarene.org\/fr\/news\/celebrer-la-vie-ministere-delton-wood\/#primaryimage"},"thumbnailUrl":"https:\/\/nazarene.org\/wp-content\/uploads\/2025\/02\/Elton-Wood.png","datePublished":"2023-06-30T05:00:00+00:00","breadcrumb":{"@id":"https:\/\/nazarene.org\/fr\/news\/celebrer-la-vie-ministere-delton-wood\/#breadcrumb"},"inLanguage":"fr-FR","potentialAction":[{"@type":"ReadAction","target":["https:\/\/nazarene.org\/fr\/news\/celebrer-la-vie-ministere-delton-wood\/"]}]},{"@type":"ImageObject","inLanguage":"fr-FR","@id":"https:\/\/nazarene.org\/fr\/news\/celebrer-la-vie-ministere-delton-wood\/#primaryimage","url":"https:\/\/nazarene.org\/wp-content\/uploads\/2025\/02\/Elton-Wood.png","contentUrl":"https:\/\/nazarene.org\/wp-content\/uploads\/2025\/02\/Elton-Wood.png","width":1800,"height":960},{"@type":"BreadcrumbList","@id":"https:\/\/nazarene.org\/fr\/news\/celebrer-la-vie-ministere-delton-wood\/#breadcrumb","itemListElement":[{"@type":"ListItem","position":1,"name":"Home","item":"https:\/\/nazarene.org\/fr\/"},{"@type":"ListItem","position":2,"name":"News","item":"https:\/\/nazarene.org\/fr\/news\/"},{"@type":"ListItem","position":3,"name":"C\u00e9l\u00e9brer la vie, minist\u00e8re d&#8217;Elton Wood"}]},{"@type":"WebSite","@id":"https:\/\/nazarene.org\/fr\/#website","url":"https:\/\/nazarene.org\/fr\/","name":"Church of the Nazarene","description":"Making Christlike Disciples in the Nations","publisher":{"@id":"https:\/\/nazarene.org\/fr\/#organization"},"potentialAction":[{"@type":"SearchAction","target":{"@type":"EntryPoint","urlTemplate":"https:\/\/nazarene.org\/fr\/?s={search_term_string}"},"query-input":{"@type":"PropertyValueSpecification","valueRequired":true,"valueName":"search_term_string"}}],"inLanguage":"fr-FR"},{"@type":"Organization","@id":"https:\/\/nazarene.org\/fr\/#organization","name":"Church of the Nazarene","url":"https:\/\/nazarene.org\/fr\/","logo":{"@type":"ImageObject","inLanguage":"fr-FR","@id":"https:\/\/nazarene.org\/fr\/#\/schema\/logo\/image\/","url":"https:\/\/nazarene.org\/wp-content\/uploads\/2024\/06\/Naz_Desktop_Black_Logo-1.svg","contentUrl":"https:\/\/nazarene.org\/wp-content\/uploads\/2024\/06\/Naz_Desktop_Black_Logo-1.svg","width":258,"height":36,"caption":"Church of the Nazarene"},"image":{"@id":"https:\/\/nazarene.org\/fr\/#\/schema\/logo\/image\/"},"sameAs":["https:\/\/www.facebook.com\/NazareneOfficial\/","https:\/\/x.com\/Nazarene","https:\/\/www.instagram.com\/nazareneofficial\/"]}]}},"_links":{"self":[{"href":"https:\/\/nazarene.org\/fr\/wp-json\/wp\/v2\/news\/43026","targetHints":{"allow":["GET"]}}],"collection":[{"href":"https:\/\/nazarene.org\/fr\/wp-json\/wp\/v2\/news"}],"about":[{"href":"https:\/\/nazarene.org\/fr\/wp-json\/wp\/v2\/types\/news"}],"author":[{"embeddable":true,"href":"https:\/\/nazarene.org\/fr\/wp-json\/wp\/v2\/users\/1"}],"version-history":[{"count":0,"href":"https:\/\/nazarene.org\/fr\/wp-json\/wp\/v2\/news\/43026\/revisions"}],"wp:featuredmedia":[{"embeddable":true,"href":"https:\/\/nazarene.org\/fr\/wp-json\/wp\/v2\/media\/29611"}],"wp:attachment":[{"href":"https:\/\/nazarene.org\/fr\/wp-json\/wp\/v2\/media?parent=43026"}],"wp:term":[{"taxonomy":"news-categories","embeddable":true,"href":"https:\/\/nazarene.org\/fr\/wp-json\/wp\/v2\/news-categories?post=43026"},{"taxonomy":"news-region-taxonomy","embeddable":true,"href":"https:\/\/nazarene.org\/fr\/wp-json\/wp\/v2\/news-region-taxonomy?post=43026"},{"taxonomy":"news-tag","embeddable":true,"href":"https:\/\/nazarene.org\/fr\/wp-json\/wp\/v2\/news-tag?post=43026"}],"curies":[{"name":"wp","href":"https:\/\/api.w.org\/{rel}","templated":true}]}}