{"id":43007,"date":"2023-06-30T00:00:00","date_gmt":"2023-06-30T05:00:00","guid":{"rendered":"https:\/\/nazarene.org\/news\/instituto-biblico-nazareno-celebre-100-ans-honore-en-tant-que-point-de-repere-historique\/"},"modified":"2023-06-30T00:00:00","modified_gmt":"2023-06-30T05:00:00","slug":"instituto-biblico-nazareno-celebre-100-ans-honore-en-tant-que-point-de-repere-historique","status":"publish","type":"news","link":"https:\/\/nazarene.org\/fr\/news\/instituto-biblico-nazareno-celebre-100-ans-honore-en-tant-que-point-de-repere-historique\/","title":{"rendered":"Instituto Biblico Nazareno c\u00e9l\u00e8bre 100 ans, honor\u00e9 en tant que point de rep\u00e8re historique"},"content":{"rendered":"<p><em>Pendant la 30e Assembl\u00e9e g\u00e9n\u00e9rale et les conventions de l&rsquo;\u00c9glise du Nazar\u00e9en, six r\u00e9solutions ont \u00e9t\u00e9 adopt\u00e9es reconnaissant divers endroits en tant que points de rep\u00e8re historiques conform\u00e9ment au<\/em> Manuel<em> paragraphe 913. Cet article est le deuxi\u00e8me dans une s\u00e9rie soulignant l&rsquo;importance de ces six nouveaux points de rep\u00e8re historiques de l&rsquo;\u00c9glise du Nazar\u00e9en.<\/em><\/p>\n<p>L&rsquo;Instituto Biblico Nazareno (Institut biblique nazar\u00e9en), la premi\u00e8re institution d&rsquo;\u00e9ducation th\u00e9ologique pour l&rsquo;\u00c9glise du Nazar\u00e9en dans la r\u00e9gion de M\u00e9so-Am\u00e9rique, a \u00e9t\u00e9 d\u00e9sign\u00e9 comme point de rep\u00e8re historique de l&rsquo;\u00c9glise du Nazar\u00e9en apr\u00e8s l&rsquo;adoption de la r\u00e9solution sp\u00e9ciale 754 \u00e0 la 30e Assembl\u00e9e g\u00e9n\u00e9rale et aux conventions.<\/p>\n<p>Le site est situ\u00e9 \u00e0 Cob\u00e1n, Alta Verapaz, Guatemala. Le district du Guatemala Verapaz nord a parrain\u00e9 la r\u00e9solution.<\/p>\n<p>L&rsquo;institution a \u00e9t\u00e9 fond\u00e9e en 1921. \u00c0 l&rsquo;origine, il \u00e9tait un site d&rsquo;extension du Coll\u00e8ge Pasadena (maintenant Universit\u00e9 Point Loma nazar\u00e9enne). Eugenia Phillips, un dipl\u00f4m\u00e9 du Coll\u00e8ge Pasadena, \u00e9tait le missionnaire principalement responsable d&rsquo;\u00e9tablir l&rsquo;\u00e9cole.&nbsp;<\/p>\n<p>Depuis sa fondation il y a plus d&rsquo;un si\u00e8cle, l&rsquo;institution est all\u00e9e par divers noms, y compris Coll\u00e8ge biblique nazar\u00e9en (1921-1944), Institut biblique nazar\u00e9en Williamson (1950-1968), Institut biblique nazar\u00e9en autochtone Kekchi-Pokam (1976-1982) et Institut \/ Association biblique nazar\u00e9en (1944-1950 ; 1969-1976 ; 1982-2023). Les changements de nom ont \u00e9t\u00e9 en r\u00e9ponse \u00e0 son statut \u00e9ducatif et \u00e0 sa mission pour former des pasteurs et des leaders pour chaque g\u00e9n\u00e9ration.<\/p>\n<p>En mai dernier, l&rsquo;Instituto Biblico Nazareno a <a href=\"https:\/\/www.mesoamericaregion.org\/en\/2023\/06\/nazarene-bible-institute-celebrates-one-hundred-years-of-service-in-guatemala\/\" target=\"_blank\">c\u00e9l\u00e9br\u00e9 100 ans d&rsquo;op\u00e9ration<\/a>. En 2023, l&rsquo;institution a compt\u00e9 une inscription de 508 \u00e9tudiants. Bien que IBN serve principalement les \u00e9tudiants dans les sept districts de la r\u00e9gion nord du Guatemala, il a \u00e9galement accueilli des \u00e9tudiants de nombreuses nations d&rsquo;Am\u00e9rique centrale. Les sept districts sont la maison de 429 congr\u00e9gations de l&rsquo;\u00c9glise et 154 missions assist\u00e9es par plus de 60 000 membres.<\/p>\n<p>Le Bureau r\u00e9gional de M\u00e9so-Am\u00e9rique, le Bureau r\u00e9gional de l&rsquo;\u00e9ducation th\u00e9ologique et les diff\u00e9rentes institutions th\u00e9ologiques s\u0153urs en M\u00e9so-Am\u00e9rique se joignent pour c\u00e9l\u00e9brer et f\u00e9liciter IBN d&rsquo;arriver \u00e0 cent ans de service \u00e0 l&rsquo;\u00c9glise du Nazar\u00e9en au Guatemala \u00bb, a d\u00e9clar\u00e9 Jorge Ba\u00f1os, coordonnateur r\u00e9gional de l&rsquo;\u00e9ducation. Dieu b\u00e9nit le pr\u00e9sent et l&rsquo;avenir de cette institution glorieuse, son directeur, Gregorio Maas Ico, son \u00e9quipe de travailleurs, conseil, personnel enseignant et corps \u00e9tudiant. \u00ab\u00a0<\/p>\n<p>Li\u00e9 : <a href=\"https:\/\/www.nazarene.org\/article\/primera-iglesia-mexicana-del-nazareno-becomes-historical-landmark\">Primera Iglesia mexicana del Nazareno devient un point de rep\u00e8re historique<\/a><\/p>\n","protected":false},"excerpt":{"rendered":"<p>L&rsquo;Instituto Biblico Nazareno (Institut biblique nazar\u00e9en), la premi\u00e8re institution d&rsquo;\u00e9ducation th\u00e9ologique pour l&rsquo;\u00c9glise du Nazar\u00e9en dans la r\u00e9gion de M\u00e9so-Am\u00e9rique, a \u00e9t\u00e9 d\u00e9sign\u00e9 comme point de rep\u00e8re historique \u00e0 la 30e Assembl\u00e9e g\u00e9n\u00e9rale et aux conventions.<\/p>\n","protected":false},"author":1,"featured_media":29615,"menu_order":0,"template":"","news-categories":[],"news-region-taxonomy":[],"news-tag":[1503,1375],"class_list":["post-43007","news","type-news","status-publish","has-post-thumbnail","hentry","news-tag-guatemala-fr","news-tag-meso-amerique"],"yoast_head":"<!-- This site is optimized with the Yoast SEO Premium plugin v27.1 (Yoast SEO v27.1.1) - https:\/\/yoast.com\/product\/yoast-seo-premium-wordpress\/ -->\n<title>Instituto Biblico Nazareno c\u00e9l\u00e8bre 100 ans, honor\u00e9 en tant que point de rep\u00e8re historique - Church of the Nazarene<\/title>\n<meta name=\"robots\" content=\"index, follow, max-snippet:-1, max-image-preview:large, max-video-preview:-1\" \/>\n<link rel=\"canonical\" href=\"https:\/\/nazarene.org\/fr\/news\/instituto-biblico-nazareno-celebre-100-ans-honore-en-tant-que-point-de-repere-historique\/\" \/>\n<meta property=\"og:locale\" content=\"fr_FR\" \/>\n<meta property=\"og:type\" content=\"article\" \/>\n<meta property=\"og:title\" content=\"Instituto Biblico Nazareno c\u00e9l\u00e8bre 100 ans, honor\u00e9 en tant que point de rep\u00e8re historique\" \/>\n<meta property=\"og:description\" content=\"L&#039;Instituto Biblico Nazareno (Institut biblique nazar\u00e9en), la premi\u00e8re institution d&#039;\u00e9ducation th\u00e9ologique pour l&#039;\u00c9glise du Nazar\u00e9en dans la r\u00e9gion de M\u00e9so-Am\u00e9rique, a \u00e9t\u00e9 d\u00e9sign\u00e9 comme point de rep\u00e8re historique \u00e0 la 30e Assembl\u00e9e g\u00e9n\u00e9rale et aux conventions.\" \/>\n<meta property=\"og:url\" content=\"https:\/\/nazarene.org\/fr\/news\/instituto-biblico-nazareno-celebre-100-ans-honore-en-tant-que-point-de-repere-historique\/\" \/>\n<meta property=\"og:site_name\" content=\"Church of the Nazarene\" \/>\n<meta property=\"article:publisher\" content=\"https:\/\/www.facebook.com\/NazareneOfficial\/\" \/>\n<meta name=\"twitter:card\" content=\"summary_large_image\" \/>\n<meta name=\"twitter:site\" content=\"@Nazarene\" \/>\n<script type=\"application\/ld+json\" class=\"yoast-schema-graph\">{\"@context\":\"https:\/\/schema.org\",\"@graph\":[{\"@type\":\"WebPage\",\"@id\":\"https:\/\/nazarene.org\/fr\/news\/instituto-biblico-nazareno-celebre-100-ans-honore-en-tant-que-point-de-repere-historique\/\",\"url\":\"https:\/\/nazarene.org\/fr\/news\/instituto-biblico-nazareno-celebre-100-ans-honore-en-tant-que-point-de-repere-historique\/\",\"name\":\"Instituto Biblico Nazareno c\u00e9l\u00e8bre 100 ans, honor\u00e9 en tant que point de rep\u00e8re historique - Church of the Nazarene\",\"isPartOf\":{\"@id\":\"https:\/\/nazarene.org\/fr\/#website\"},\"primaryImageOfPage\":{\"@id\":\"https:\/\/nazarene.org\/fr\/news\/instituto-biblico-nazareno-celebre-100-ans-honore-en-tant-que-point-de-repere-historique\/#primaryimage\"},\"image\":{\"@id\":\"https:\/\/nazarene.org\/fr\/news\/instituto-biblico-nazareno-celebre-100-ans-honore-en-tant-que-point-de-repere-historique\/#primaryimage\"},\"thumbnailUrl\":\"https:\/\/nazarene.org\/wp-content\/uploads\/2025\/02\/NBI-Coban.jpg\",\"datePublished\":\"2023-06-30T05:00:00+00:00\",\"breadcrumb\":{\"@id\":\"https:\/\/nazarene.org\/fr\/news\/instituto-biblico-nazareno-celebre-100-ans-honore-en-tant-que-point-de-repere-historique\/#breadcrumb\"},\"inLanguage\":\"fr-FR\",\"potentialAction\":[{\"@type\":\"ReadAction\",\"target\":[\"https:\/\/nazarene.org\/fr\/news\/instituto-biblico-nazareno-celebre-100-ans-honore-en-tant-que-point-de-repere-historique\/\"]}]},{\"@type\":\"ImageObject\",\"inLanguage\":\"fr-FR\",\"@id\":\"https:\/\/nazarene.org\/fr\/news\/instituto-biblico-nazareno-celebre-100-ans-honore-en-tant-que-point-de-repere-historique\/#primaryimage\",\"url\":\"https:\/\/nazarene.org\/wp-content\/uploads\/2025\/02\/NBI-Coban.jpg\",\"contentUrl\":\"https:\/\/nazarene.org\/wp-content\/uploads\/2025\/02\/NBI-Coban.jpg\",\"width\":1600,\"height\":853},{\"@type\":\"BreadcrumbList\",\"@id\":\"https:\/\/nazarene.org\/fr\/news\/instituto-biblico-nazareno-celebre-100-ans-honore-en-tant-que-point-de-repere-historique\/#breadcrumb\",\"itemListElement\":[{\"@type\":\"ListItem\",\"position\":1,\"name\":\"Home\",\"item\":\"https:\/\/nazarene.org\/fr\/\"},{\"@type\":\"ListItem\",\"position\":2,\"name\":\"News\",\"item\":\"https:\/\/nazarene.org\/fr\/news\/\"},{\"@type\":\"ListItem\",\"position\":3,\"name\":\"Instituto Biblico Nazareno c\u00e9l\u00e8bre 100 ans, honor\u00e9 en tant que point de rep\u00e8re historique\"}]},{\"@type\":\"WebSite\",\"@id\":\"https:\/\/nazarene.org\/fr\/#website\",\"url\":\"https:\/\/nazarene.org\/fr\/\",\"name\":\"Church of the Nazarene\",\"description\":\"Making Christlike Disciples in the Nations\",\"publisher\":{\"@id\":\"https:\/\/nazarene.org\/fr\/#organization\"},\"potentialAction\":[{\"@type\":\"SearchAction\",\"target\":{\"@type\":\"EntryPoint\",\"urlTemplate\":\"https:\/\/nazarene.org\/fr\/?s={search_term_string}\"},\"query-input\":{\"@type\":\"PropertyValueSpecification\",\"valueRequired\":true,\"valueName\":\"search_term_string\"}}],\"inLanguage\":\"fr-FR\"},{\"@type\":\"Organization\",\"@id\":\"https:\/\/nazarene.org\/fr\/#organization\",\"name\":\"Church of the Nazarene\",\"url\":\"https:\/\/nazarene.org\/fr\/\",\"logo\":{\"@type\":\"ImageObject\",\"inLanguage\":\"fr-FR\",\"@id\":\"https:\/\/nazarene.org\/fr\/#\/schema\/logo\/image\/\",\"url\":\"https:\/\/nazarene.org\/wp-content\/uploads\/2024\/06\/Naz_Desktop_Black_Logo-1.svg\",\"contentUrl\":\"https:\/\/nazarene.org\/wp-content\/uploads\/2024\/06\/Naz_Desktop_Black_Logo-1.svg\",\"width\":258,\"height\":36,\"caption\":\"Church of the Nazarene\"},\"image\":{\"@id\":\"https:\/\/nazarene.org\/fr\/#\/schema\/logo\/image\/\"},\"sameAs\":[\"https:\/\/www.facebook.com\/NazareneOfficial\/\",\"https:\/\/x.com\/Nazarene\",\"https:\/\/www.instagram.com\/nazareneofficial\/\"]}]}<\/script>\n<!-- \/ Yoast SEO Premium plugin. -->","yoast_head_json":{"title":"Instituto Biblico Nazareno c\u00e9l\u00e8bre 100 ans, honor\u00e9 en tant que point de rep\u00e8re historique - Church of the Nazarene","robots":{"index":"index","follow":"follow","max-snippet":"max-snippet:-1","max-image-preview":"max-image-preview:large","max-video-preview":"max-video-preview:-1"},"canonical":"https:\/\/nazarene.org\/fr\/news\/instituto-biblico-nazareno-celebre-100-ans-honore-en-tant-que-point-de-repere-historique\/","og_locale":"fr_FR","og_type":"article","og_title":"Instituto Biblico Nazareno c\u00e9l\u00e8bre 100 ans, honor\u00e9 en tant que point de rep\u00e8re historique","og_description":"L'Instituto Biblico Nazareno (Institut biblique nazar\u00e9en), la premi\u00e8re institution d'\u00e9ducation th\u00e9ologique pour l'\u00c9glise du Nazar\u00e9en dans la r\u00e9gion de M\u00e9so-Am\u00e9rique, a \u00e9t\u00e9 d\u00e9sign\u00e9 comme point de rep\u00e8re historique \u00e0 la 30e Assembl\u00e9e g\u00e9n\u00e9rale et aux conventions.","og_url":"https:\/\/nazarene.org\/fr\/news\/instituto-biblico-nazareno-celebre-100-ans-honore-en-tant-que-point-de-repere-historique\/","og_site_name":"Church of the Nazarene","article_publisher":"https:\/\/www.facebook.com\/NazareneOfficial\/","twitter_card":"summary_large_image","twitter_site":"@Nazarene","schema":{"@context":"https:\/\/schema.org","@graph":[{"@type":"WebPage","@id":"https:\/\/nazarene.org\/fr\/news\/instituto-biblico-nazareno-celebre-100-ans-honore-en-tant-que-point-de-repere-historique\/","url":"https:\/\/nazarene.org\/fr\/news\/instituto-biblico-nazareno-celebre-100-ans-honore-en-tant-que-point-de-repere-historique\/","name":"Instituto Biblico Nazareno c\u00e9l\u00e8bre 100 ans, honor\u00e9 en tant que point de rep\u00e8re historique - Church of the Nazarene","isPartOf":{"@id":"https:\/\/nazarene.org\/fr\/#website"},"primaryImageOfPage":{"@id":"https:\/\/nazarene.org\/fr\/news\/instituto-biblico-nazareno-celebre-100-ans-honore-en-tant-que-point-de-repere-historique\/#primaryimage"},"image":{"@id":"https:\/\/nazarene.org\/fr\/news\/instituto-biblico-nazareno-celebre-100-ans-honore-en-tant-que-point-de-repere-historique\/#primaryimage"},"thumbnailUrl":"https:\/\/nazarene.org\/wp-content\/uploads\/2025\/02\/NBI-Coban.jpg","datePublished":"2023-06-30T05:00:00+00:00","breadcrumb":{"@id":"https:\/\/nazarene.org\/fr\/news\/instituto-biblico-nazareno-celebre-100-ans-honore-en-tant-que-point-de-repere-historique\/#breadcrumb"},"inLanguage":"fr-FR","potentialAction":[{"@type":"ReadAction","target":["https:\/\/nazarene.org\/fr\/news\/instituto-biblico-nazareno-celebre-100-ans-honore-en-tant-que-point-de-repere-historique\/"]}]},{"@type":"ImageObject","inLanguage":"fr-FR","@id":"https:\/\/nazarene.org\/fr\/news\/instituto-biblico-nazareno-celebre-100-ans-honore-en-tant-que-point-de-repere-historique\/#primaryimage","url":"https:\/\/nazarene.org\/wp-content\/uploads\/2025\/02\/NBI-Coban.jpg","contentUrl":"https:\/\/nazarene.org\/wp-content\/uploads\/2025\/02\/NBI-Coban.jpg","width":1600,"height":853},{"@type":"BreadcrumbList","@id":"https:\/\/nazarene.org\/fr\/news\/instituto-biblico-nazareno-celebre-100-ans-honore-en-tant-que-point-de-repere-historique\/#breadcrumb","itemListElement":[{"@type":"ListItem","position":1,"name":"Home","item":"https:\/\/nazarene.org\/fr\/"},{"@type":"ListItem","position":2,"name":"News","item":"https:\/\/nazarene.org\/fr\/news\/"},{"@type":"ListItem","position":3,"name":"Instituto Biblico Nazareno c\u00e9l\u00e8bre 100 ans, honor\u00e9 en tant que point de rep\u00e8re historique"}]},{"@type":"WebSite","@id":"https:\/\/nazarene.org\/fr\/#website","url":"https:\/\/nazarene.org\/fr\/","name":"Church of the Nazarene","description":"Making Christlike Disciples in the Nations","publisher":{"@id":"https:\/\/nazarene.org\/fr\/#organization"},"potentialAction":[{"@type":"SearchAction","target":{"@type":"EntryPoint","urlTemplate":"https:\/\/nazarene.org\/fr\/?s={search_term_string}"},"query-input":{"@type":"PropertyValueSpecification","valueRequired":true,"valueName":"search_term_string"}}],"inLanguage":"fr-FR"},{"@type":"Organization","@id":"https:\/\/nazarene.org\/fr\/#organization","name":"Church of the Nazarene","url":"https:\/\/nazarene.org\/fr\/","logo":{"@type":"ImageObject","inLanguage":"fr-FR","@id":"https:\/\/nazarene.org\/fr\/#\/schema\/logo\/image\/","url":"https:\/\/nazarene.org\/wp-content\/uploads\/2024\/06\/Naz_Desktop_Black_Logo-1.svg","contentUrl":"https:\/\/nazarene.org\/wp-content\/uploads\/2024\/06\/Naz_Desktop_Black_Logo-1.svg","width":258,"height":36,"caption":"Church of the Nazarene"},"image":{"@id":"https:\/\/nazarene.org\/fr\/#\/schema\/logo\/image\/"},"sameAs":["https:\/\/www.facebook.com\/NazareneOfficial\/","https:\/\/x.com\/Nazarene","https:\/\/www.instagram.com\/nazareneofficial\/"]}]}},"_links":{"self":[{"href":"https:\/\/nazarene.org\/fr\/wp-json\/wp\/v2\/news\/43007","targetHints":{"allow":["GET"]}}],"collection":[{"href":"https:\/\/nazarene.org\/fr\/wp-json\/wp\/v2\/news"}],"about":[{"href":"https:\/\/nazarene.org\/fr\/wp-json\/wp\/v2\/types\/news"}],"author":[{"embeddable":true,"href":"https:\/\/nazarene.org\/fr\/wp-json\/wp\/v2\/users\/1"}],"version-history":[{"count":0,"href":"https:\/\/nazarene.org\/fr\/wp-json\/wp\/v2\/news\/43007\/revisions"}],"wp:featuredmedia":[{"embeddable":true,"href":"https:\/\/nazarene.org\/fr\/wp-json\/wp\/v2\/media\/29615"}],"wp:attachment":[{"href":"https:\/\/nazarene.org\/fr\/wp-json\/wp\/v2\/media?parent=43007"}],"wp:term":[{"taxonomy":"news-categories","embeddable":true,"href":"https:\/\/nazarene.org\/fr\/wp-json\/wp\/v2\/news-categories?post=43007"},{"taxonomy":"news-region-taxonomy","embeddable":true,"href":"https:\/\/nazarene.org\/fr\/wp-json\/wp\/v2\/news-region-taxonomy?post=43007"},{"taxonomy":"news-tag","embeddable":true,"href":"https:\/\/nazarene.org\/fr\/wp-json\/wp\/v2\/news-tag?post=43007"}],"curies":[{"name":"wp","href":"https:\/\/api.w.org\/{rel}","templated":true}]}}