{"id":42844,"date":"2023-06-01T00:00:00","date_gmt":"2023-06-01T05:00:00","guid":{"rendered":"https:\/\/nazarene.org\/news\/la-communaute-olivet-pleure-la-mort-de-lathlete-etudiant\/"},"modified":"2025-06-20T00:36:15","modified_gmt":"2025-06-20T05:36:15","slug":"la-communaute-olivet-pleure-la-mort-de-lathlete-etudiant","status":"publish","type":"news","link":"https:\/\/nazarene.org\/fr\/news\/la-communaute-olivet-pleure-la-mort-de-lathlete-etudiant\/","title":{"rendered":"La communaut\u00e9 Olivet pleure la mort de l&rsquo;athl\u00e8te \u00e9tudiant"},"content":{"rendered":"<p>La communaut\u00e9 de l&rsquo;Universit\u00e9 nazar\u00e9enne Olivet &nbsp;surgeant la perte de Braydon Flagg. Le junior de 20 ans \u00e9tait un membre de l&rsquo;\u00e9quipe de basket-ball des hommes et une majeure en biologie.<\/p>\n<p>Nous sentons tous une tristesse immense alors que nous avons perdu un grand jeune homme et joueur de basket-ball de l&rsquo;ONU \u00e0 Braydon \u00bb, a d\u00e9clar\u00e9 le directeur de l&rsquo;ONU de l&rsquo;athl\u00e9tisme Mike Conway <a href=\"https:\/\/www.onutigers.com\/sports\/mbkb\/2022-23\/releases\/20230526kduz3j?fbclid=IwAR20LJS9lCgeaG1ralpJkRs4WSeG9rlmgOvREolF-e_31pI1AYuU8hjiJOc\" target=\"_blank\">dans un communiqu\u00e9 de presse.<\/a> ONU Athl\u00e9tisme se rassemblera ensemble dans la pri\u00e8re pour sa famille, ses co\u00e9quipiers et ses entra\u00eeneurs pendant ce temps tr\u00e8s difficile. Braydon \u00e9tait un jeune homme incroyable et il sera manqu\u00e9 au-del\u00e0 des mots. \u00ab\u00a0<\/p>\n<p>Flagg, un natif de Mill Creek, Indiana, a \u00e9t\u00e9 impliqu\u00e9 dans un accident de voiture unique pr\u00e8s de Wills Township. Selon les rapports de police du d\u00e9partement du comt\u00e9 de LaPorte, ils ont \u00e9t\u00e9 appel\u00e9s \u00e0 un accident sur la route de comt\u00e9 50. Les d\u00e9put\u00e9s ont dit que le v\u00e9hicule a conduit \u00e0 gauche de la ligne centrale, hors de la route et s&rsquo;est \u00e9cras\u00e9 dans un arbre.<br \/>\nFlagg a \u00e9t\u00e9 pris dans un h\u00f4pital local, o\u00f9 il est mort de ses blessures, a d\u00e9clar\u00e9 la police. Le crash est toujours sous enqu\u00eate.<\/p>\n<p>Un message Facebook de ses parents, Jason et Brandee Flagg, a d\u00e9clar\u00e9 Braydon voyageait \u00e0 la maison de son travail d&rsquo;\u00e9t\u00e9 au moment de l&rsquo;accident.<br \/>\nNous avons \u00e9t\u00e9 submerg\u00e9s avec l&rsquo;aide, le soutien et l&rsquo;amour de nos familles, nos amis et la communaut\u00e9 ici \u00e0 NP, son coll\u00e8ge \u00e0 l&rsquo;Universit\u00e9 Olivet nazar\u00e9enne et les nombreuses personnes Braydon ont touch\u00e9 avec sa joie infectieuse pour la vie. \u00ab\u00a0<\/p>\n<p>Flagg est surv\u00e9cu par sa s\u0153ur plus jeune, Jayden.<\/p>\n<p>Flagg a marqu\u00e9 207 points et a enregistr\u00e9 89 rebonds pendant ses deux ans en tant que membre de l&rsquo;\u00e9quipe de basket-ball masculine d&rsquo;Olivet. Il les a aid\u00e9s \u00e0 les conduire \u00e0 des titres de conf\u00e9rence de saison r\u00e9guli\u00e8re dos \u00e0 dos et \u00e0 un championnat de tournoi de conf\u00e9rence cette saison derni\u00e8re.<\/p>\n<p>Braydon sera souvenu pour la joie sans fin avec laquelle il a v\u00e9cu la vie, sa personnalit\u00e9 infectieuse et ses poursuites sur et hors du sol \u00bb, a d\u00e9clar\u00e9 l&rsquo;entra\u00eeneur en chef de basket-ball des hommes de l&rsquo;ONU Nick Birkey. Braydon est ch\u00e8rement manqu\u00e9 et sera souvenu par tant que son h\u00e9ritage vivra. \u00ab\u00a0<\/p>\n","protected":false},"excerpt":{"rendered":"<p>La communaut\u00e9 de l&rsquo;Universit\u00e9 nazar\u00e9enne Olivet est en deuil de la perte de Braydon Flagg. Le junior de 20 ans \u00e9tait un membre de l&rsquo;\u00e9quipe de basket-ball des hommes et une majeure en biologie.<\/p>\n","protected":false},"author":1,"featured_media":29435,"menu_order":0,"template":"","news-categories":[],"news-region-taxonomy":[],"news-tag":[883,1655],"class_list":["post-42844","news","type-news","status-publish","has-post-thumbnail","hentry","news-tag-collegial","news-tag-olivet-fr"],"yoast_head":"<!-- This site is optimized with the Yoast SEO Premium plugin v27.1 (Yoast SEO v27.1.1) - https:\/\/yoast.com\/product\/yoast-seo-premium-wordpress\/ -->\n<title>La communaut\u00e9 Olivet pleure la mort de l&#039;athl\u00e8te \u00e9tudiant - Church of the Nazarene<\/title>\n<meta name=\"robots\" content=\"index, follow, max-snippet:-1, max-image-preview:large, max-video-preview:-1\" \/>\n<link rel=\"canonical\" href=\"https:\/\/nazarene.org\/fr\/news\/la-communaute-olivet-pleure-la-mort-de-lathlete-etudiant\/\" \/>\n<meta property=\"og:locale\" content=\"fr_FR\" \/>\n<meta property=\"og:type\" content=\"article\" \/>\n<meta property=\"og:title\" content=\"La communaut\u00e9 Olivet pleure la mort de l&#039;athl\u00e8te \u00e9tudiant\" \/>\n<meta property=\"og:description\" content=\"La communaut\u00e9 de l&#039;Universit\u00e9 nazar\u00e9enne Olivet est en deuil de la perte de Braydon Flagg. Le junior de 20 ans \u00e9tait un membre de l&#039;\u00e9quipe de basket-ball des hommes et une majeure en biologie.\" \/>\n<meta property=\"og:url\" content=\"https:\/\/nazarene.org\/fr\/news\/la-communaute-olivet-pleure-la-mort-de-lathlete-etudiant\/\" \/>\n<meta property=\"og:site_name\" content=\"Church of the Nazarene\" \/>\n<meta property=\"article:publisher\" content=\"https:\/\/www.facebook.com\/NazareneOfficial\/\" \/>\n<meta property=\"article:modified_time\" content=\"2025-06-20T05:36:15+00:00\" \/>\n<meta property=\"og:image\" content=\"https:\/\/nazarene.org\/wp-content\/uploads\/2025\/02\/flagg-copy.png\" \/>\n\t<meta property=\"og:image:width\" content=\"1895\" \/>\n\t<meta property=\"og:image:height\" content=\"1011\" \/>\n\t<meta property=\"og:image:type\" content=\"image\/png\" \/>\n<meta name=\"twitter:card\" content=\"summary_large_image\" \/>\n<meta name=\"twitter:site\" content=\"@Nazarene\" \/>\n<script type=\"application\/ld+json\" class=\"yoast-schema-graph\">{\"@context\":\"https:\/\/schema.org\",\"@graph\":[{\"@type\":\"WebPage\",\"@id\":\"https:\/\/nazarene.org\/fr\/news\/la-communaute-olivet-pleure-la-mort-de-lathlete-etudiant\/\",\"url\":\"https:\/\/nazarene.org\/fr\/news\/la-communaute-olivet-pleure-la-mort-de-lathlete-etudiant\/\",\"name\":\"La communaut\u00e9 Olivet pleure la mort de l'athl\u00e8te \u00e9tudiant - Church of the Nazarene\",\"isPartOf\":{\"@id\":\"https:\/\/nazarene.org\/fr\/#website\"},\"primaryImageOfPage\":{\"@id\":\"https:\/\/nazarene.org\/fr\/news\/la-communaute-olivet-pleure-la-mort-de-lathlete-etudiant\/#primaryimage\"},\"image\":{\"@id\":\"https:\/\/nazarene.org\/fr\/news\/la-communaute-olivet-pleure-la-mort-de-lathlete-etudiant\/#primaryimage\"},\"thumbnailUrl\":\"https:\/\/nazarene.org\/wp-content\/uploads\/2025\/02\/flagg-copy.png\",\"datePublished\":\"2023-06-01T05:00:00+00:00\",\"dateModified\":\"2025-06-20T05:36:15+00:00\",\"breadcrumb\":{\"@id\":\"https:\/\/nazarene.org\/fr\/news\/la-communaute-olivet-pleure-la-mort-de-lathlete-etudiant\/#breadcrumb\"},\"inLanguage\":\"fr-FR\",\"potentialAction\":[{\"@type\":\"ReadAction\",\"target\":[\"https:\/\/nazarene.org\/fr\/news\/la-communaute-olivet-pleure-la-mort-de-lathlete-etudiant\/\"]}]},{\"@type\":\"ImageObject\",\"inLanguage\":\"fr-FR\",\"@id\":\"https:\/\/nazarene.org\/fr\/news\/la-communaute-olivet-pleure-la-mort-de-lathlete-etudiant\/#primaryimage\",\"url\":\"https:\/\/nazarene.org\/wp-content\/uploads\/2025\/02\/flagg-copy.png\",\"contentUrl\":\"https:\/\/nazarene.org\/wp-content\/uploads\/2025\/02\/flagg-copy.png\",\"width\":1895,\"height\":1011},{\"@type\":\"BreadcrumbList\",\"@id\":\"https:\/\/nazarene.org\/fr\/news\/la-communaute-olivet-pleure-la-mort-de-lathlete-etudiant\/#breadcrumb\",\"itemListElement\":[{\"@type\":\"ListItem\",\"position\":1,\"name\":\"Home\",\"item\":\"https:\/\/nazarene.org\/fr\/\"},{\"@type\":\"ListItem\",\"position\":2,\"name\":\"News\",\"item\":\"https:\/\/nazarene.org\/fr\/news\/\"},{\"@type\":\"ListItem\",\"position\":3,\"name\":\"La communaut\u00e9 Olivet pleure la mort de l&#8217;athl\u00e8te \u00e9tudiant\"}]},{\"@type\":\"WebSite\",\"@id\":\"https:\/\/nazarene.org\/fr\/#website\",\"url\":\"https:\/\/nazarene.org\/fr\/\",\"name\":\"Church of the Nazarene\",\"description\":\"Making Christlike Disciples in the Nations\",\"publisher\":{\"@id\":\"https:\/\/nazarene.org\/fr\/#organization\"},\"potentialAction\":[{\"@type\":\"SearchAction\",\"target\":{\"@type\":\"EntryPoint\",\"urlTemplate\":\"https:\/\/nazarene.org\/fr\/?s={search_term_string}\"},\"query-input\":{\"@type\":\"PropertyValueSpecification\",\"valueRequired\":true,\"valueName\":\"search_term_string\"}}],\"inLanguage\":\"fr-FR\"},{\"@type\":\"Organization\",\"@id\":\"https:\/\/nazarene.org\/fr\/#organization\",\"name\":\"Church of the Nazarene\",\"url\":\"https:\/\/nazarene.org\/fr\/\",\"logo\":{\"@type\":\"ImageObject\",\"inLanguage\":\"fr-FR\",\"@id\":\"https:\/\/nazarene.org\/fr\/#\/schema\/logo\/image\/\",\"url\":\"https:\/\/nazarene.org\/wp-content\/uploads\/2024\/06\/Naz_Desktop_Black_Logo-1.svg\",\"contentUrl\":\"https:\/\/nazarene.org\/wp-content\/uploads\/2024\/06\/Naz_Desktop_Black_Logo-1.svg\",\"width\":258,\"height\":36,\"caption\":\"Church of the Nazarene\"},\"image\":{\"@id\":\"https:\/\/nazarene.org\/fr\/#\/schema\/logo\/image\/\"},\"sameAs\":[\"https:\/\/www.facebook.com\/NazareneOfficial\/\",\"https:\/\/x.com\/Nazarene\",\"https:\/\/www.instagram.com\/nazareneofficial\/\"]}]}<\/script>\n<!-- \/ Yoast SEO Premium plugin. -->","yoast_head_json":{"title":"La communaut\u00e9 Olivet pleure la mort de l'athl\u00e8te \u00e9tudiant - Church of the Nazarene","robots":{"index":"index","follow":"follow","max-snippet":"max-snippet:-1","max-image-preview":"max-image-preview:large","max-video-preview":"max-video-preview:-1"},"canonical":"https:\/\/nazarene.org\/fr\/news\/la-communaute-olivet-pleure-la-mort-de-lathlete-etudiant\/","og_locale":"fr_FR","og_type":"article","og_title":"La communaut\u00e9 Olivet pleure la mort de l'athl\u00e8te \u00e9tudiant","og_description":"La communaut\u00e9 de l'Universit\u00e9 nazar\u00e9enne Olivet est en deuil de la perte de Braydon Flagg. Le junior de 20 ans \u00e9tait un membre de l'\u00e9quipe de basket-ball des hommes et une majeure en biologie.","og_url":"https:\/\/nazarene.org\/fr\/news\/la-communaute-olivet-pleure-la-mort-de-lathlete-etudiant\/","og_site_name":"Church of the Nazarene","article_publisher":"https:\/\/www.facebook.com\/NazareneOfficial\/","article_modified_time":"2025-06-20T05:36:15+00:00","og_image":[{"width":1895,"height":1011,"url":"https:\/\/nazarene.org\/wp-content\/uploads\/2025\/02\/flagg-copy.png","type":"image\/png"}],"twitter_card":"summary_large_image","twitter_site":"@Nazarene","schema":{"@context":"https:\/\/schema.org","@graph":[{"@type":"WebPage","@id":"https:\/\/nazarene.org\/fr\/news\/la-communaute-olivet-pleure-la-mort-de-lathlete-etudiant\/","url":"https:\/\/nazarene.org\/fr\/news\/la-communaute-olivet-pleure-la-mort-de-lathlete-etudiant\/","name":"La communaut\u00e9 Olivet pleure la mort de l'athl\u00e8te \u00e9tudiant - Church of the Nazarene","isPartOf":{"@id":"https:\/\/nazarene.org\/fr\/#website"},"primaryImageOfPage":{"@id":"https:\/\/nazarene.org\/fr\/news\/la-communaute-olivet-pleure-la-mort-de-lathlete-etudiant\/#primaryimage"},"image":{"@id":"https:\/\/nazarene.org\/fr\/news\/la-communaute-olivet-pleure-la-mort-de-lathlete-etudiant\/#primaryimage"},"thumbnailUrl":"https:\/\/nazarene.org\/wp-content\/uploads\/2025\/02\/flagg-copy.png","datePublished":"2023-06-01T05:00:00+00:00","dateModified":"2025-06-20T05:36:15+00:00","breadcrumb":{"@id":"https:\/\/nazarene.org\/fr\/news\/la-communaute-olivet-pleure-la-mort-de-lathlete-etudiant\/#breadcrumb"},"inLanguage":"fr-FR","potentialAction":[{"@type":"ReadAction","target":["https:\/\/nazarene.org\/fr\/news\/la-communaute-olivet-pleure-la-mort-de-lathlete-etudiant\/"]}]},{"@type":"ImageObject","inLanguage":"fr-FR","@id":"https:\/\/nazarene.org\/fr\/news\/la-communaute-olivet-pleure-la-mort-de-lathlete-etudiant\/#primaryimage","url":"https:\/\/nazarene.org\/wp-content\/uploads\/2025\/02\/flagg-copy.png","contentUrl":"https:\/\/nazarene.org\/wp-content\/uploads\/2025\/02\/flagg-copy.png","width":1895,"height":1011},{"@type":"BreadcrumbList","@id":"https:\/\/nazarene.org\/fr\/news\/la-communaute-olivet-pleure-la-mort-de-lathlete-etudiant\/#breadcrumb","itemListElement":[{"@type":"ListItem","position":1,"name":"Home","item":"https:\/\/nazarene.org\/fr\/"},{"@type":"ListItem","position":2,"name":"News","item":"https:\/\/nazarene.org\/fr\/news\/"},{"@type":"ListItem","position":3,"name":"La communaut\u00e9 Olivet pleure la mort de l&#8217;athl\u00e8te \u00e9tudiant"}]},{"@type":"WebSite","@id":"https:\/\/nazarene.org\/fr\/#website","url":"https:\/\/nazarene.org\/fr\/","name":"Church of the Nazarene","description":"Making Christlike Disciples in the Nations","publisher":{"@id":"https:\/\/nazarene.org\/fr\/#organization"},"potentialAction":[{"@type":"SearchAction","target":{"@type":"EntryPoint","urlTemplate":"https:\/\/nazarene.org\/fr\/?s={search_term_string}"},"query-input":{"@type":"PropertyValueSpecification","valueRequired":true,"valueName":"search_term_string"}}],"inLanguage":"fr-FR"},{"@type":"Organization","@id":"https:\/\/nazarene.org\/fr\/#organization","name":"Church of the Nazarene","url":"https:\/\/nazarene.org\/fr\/","logo":{"@type":"ImageObject","inLanguage":"fr-FR","@id":"https:\/\/nazarene.org\/fr\/#\/schema\/logo\/image\/","url":"https:\/\/nazarene.org\/wp-content\/uploads\/2024\/06\/Naz_Desktop_Black_Logo-1.svg","contentUrl":"https:\/\/nazarene.org\/wp-content\/uploads\/2024\/06\/Naz_Desktop_Black_Logo-1.svg","width":258,"height":36,"caption":"Church of the Nazarene"},"image":{"@id":"https:\/\/nazarene.org\/fr\/#\/schema\/logo\/image\/"},"sameAs":["https:\/\/www.facebook.com\/NazareneOfficial\/","https:\/\/x.com\/Nazarene","https:\/\/www.instagram.com\/nazareneofficial\/"]}]}},"_links":{"self":[{"href":"https:\/\/nazarene.org\/fr\/wp-json\/wp\/v2\/news\/42844","targetHints":{"allow":["GET"]}}],"collection":[{"href":"https:\/\/nazarene.org\/fr\/wp-json\/wp\/v2\/news"}],"about":[{"href":"https:\/\/nazarene.org\/fr\/wp-json\/wp\/v2\/types\/news"}],"author":[{"embeddable":true,"href":"https:\/\/nazarene.org\/fr\/wp-json\/wp\/v2\/users\/1"}],"version-history":[{"count":0,"href":"https:\/\/nazarene.org\/fr\/wp-json\/wp\/v2\/news\/42844\/revisions"}],"wp:featuredmedia":[{"embeddable":true,"href":"https:\/\/nazarene.org\/fr\/wp-json\/wp\/v2\/media\/29435"}],"wp:attachment":[{"href":"https:\/\/nazarene.org\/fr\/wp-json\/wp\/v2\/media?parent=42844"}],"wp:term":[{"taxonomy":"news-categories","embeddable":true,"href":"https:\/\/nazarene.org\/fr\/wp-json\/wp\/v2\/news-categories?post=42844"},{"taxonomy":"news-region-taxonomy","embeddable":true,"href":"https:\/\/nazarene.org\/fr\/wp-json\/wp\/v2\/news-region-taxonomy?post=42844"},{"taxonomy":"news-tag","embeddable":true,"href":"https:\/\/nazarene.org\/fr\/wp-json\/wp\/v2\/news-tag?post=42844"}],"curies":[{"name":"wp","href":"https:\/\/api.w.org\/{rel}","templated":true}]}}