{"id":42737,"date":"2025-04-29T00:26:55","date_gmt":"2025-04-29T05:26:55","guid":{"rendered":"https:\/\/nazarene.org\/news\/dans-memoriam-25-avril-2025\/"},"modified":"2025-07-03T21:14:32","modified_gmt":"2025-07-04T02:14:32","slug":"dans-memoriam-25-avril-2025","status":"publish","type":"news","link":"https:\/\/nazarene.org\/fr\/news\/dans-memoriam-25-avril-2025\/","title":{"rendered":"Dans Memoriam : 25 avril 2025"},"content":{"rendered":"\n<p>Ce qui suit est une liste hebdomadaire de ministres et de leaders nazar\u00e9ens qui sont r\u00e9cemment all\u00e9s \u00e0 la maison pour \u00eatre avec le Seigneur. Les avis ont \u00e9t\u00e9 re\u00e7us de 21-25 avril 2025.<\/p>\n\n<p><strong>Norma Atkinson<\/strong>, 89, de Kansas City, Missouri, est d\u00e9c\u00e9d\u00e9 le 17 f\u00e9vrier 2025. Elle \u00e9tait la veuve de Robert Atkinson, un ministre retrait\u00e9 qui a servi au Missouri, en Ohio, en Virginie occidentale, au Massachusetts et \u00e0 l&rsquo;Iowa. Robert est d\u00e9c\u00e9d\u00e9 en 2022.<\/p>\n\n<p><strong>Gerald Cole<\/strong>, 91, de Spokane Valley, Washington, est d\u00e9c\u00e9d\u00e9 le 28 mars 2025. Gerald \u00e9tait un ministre retrait\u00e9 qui a servi en Saskatchewan, au Canada, \u00e0 Washington et en Oregon. Il a \u00e9t\u00e9 pr\u00e9c\u00e9d\u00e9 dans la mort par sa premi\u00e8re femme, Ruth Cole, qui est d\u00e9c\u00e9d\u00e9e en 1997. Il a \u00e9t\u00e9 pr\u00e9c\u00e9d\u00e9 dans la mort par sa deuxi\u00e8me femme, Shirley Cole, qui est d\u00e9c\u00e9d\u00e9e en 2020.<\/p>\n\n<p><strong>Terry Jones<\/strong>, 80, de Mustang, Oklahoma, est d\u00e9c\u00e9d\u00e9 le 16 avril 2025. Il \u00e9tait un ministre retrait\u00e9 qui a servi au Texas, en Arkansas et \u00e0 Oklahoma. Il est surv\u00e9cu par sa femme, Laquita Jones.<\/p>\n\n<p><strong>Deborah Persell<\/strong>, 71, de Milton, Floride, est d\u00e9c\u00e9d\u00e9 le 17 avril 2025. Elle \u00e9tait la femme de David Persell, un ministre qui a servi au Maryland, \u00e0 l&rsquo;Iowa, au Tennessee, au Michigan et en Arkansas.<\/p>\n\n<p><strong>Betty Rogers<\/strong>, 78, de Mount Juliet, Tennessee, est d\u00e9c\u00e9d\u00e9 le 24 avril 2025. Elle \u00e9tait la femme de Roy Rogers, un surintendant de district retrait\u00e9 qui a dirig\u00e9 le district du Mississippi (fusionn\u00e9 dans le district Mid-Sud en 2015) de 1995-2000 et le district de G\u00e9orgie de 2000-2018. Roy a servi de ministre au Michigan, en Floride, en Ohio, en Indiana et en Illinois.<\/p>\n\n<p><strong>Evelyn Schwob<\/strong>, 87, de Surprise, Arizona, est d\u00e9c\u00e9d\u00e9 le 19 avril 2025. Elle \u00e9tait la veuve de Wayne Schwob, un ministre retrait\u00e9 et \u00e9vang\u00e9liste qui a servi \u00e0 Indiana, au Wisconsin, \u00e0 l&rsquo;Idaho, en Alaska et en Illinois. Wayne est d\u00e9c\u00e9d\u00e9 en 2005.<\/p>\n\n<p>Pour voir les \u00e9ditions pass\u00e9es de <em>Dans Memoriam,<\/em> <a href=\"https:\/\/www.nazarene.org\/all-news?keywords=&amp;tag%5B0%5D=56&amp;tag%5B1%5D=56&amp;sort_by=created\" target=\"_blank\" rel=\"noreferrer noopener\">cliquez ici<\/a>.<\/p>\n\n<p><em>Note : Veuillez nous rejoindre dans la pri\u00e8re pour les familles qui ont perdu des \u00eatres aim\u00e9s. Cliquez sur les noms pour des histoires compl\u00e8tes, des informations fun\u00e9raires, des n\u00e9crologies locales en ligne et \/ ou des livres d&rsquo;invit\u00e9s (si disponibles). Pour soumettre une entr\u00e9e d&rsquo;un ministre ou d&rsquo;un leader de l&rsquo;\u00c9glise, envoyer \u00e0 news@nazarene.org.<\/em><\/p>\n\n<p>Compil\u00e9 par Nouvelles nazar\u00e9ennes<\/p>\n\n<p><\/p>\n","protected":false},"excerpt":{"rendered":"<p>Ce qui suit est une liste hebdomadaire de ministres et de leaders nazar\u00e9ens qui sont r\u00e9cemment all\u00e9s \u00e0 la maison pour \u00eatre avec le Seigneur. Les avis ont \u00e9t\u00e9 re\u00e7us de 21-25 avril 2025. Norma Atkinson, 89, de Kansas City, Missouri, est d\u00e9c\u00e9d\u00e9 le 17 f\u00e9vrier 2025. Elle \u00e9tait la veuve de Robert Atkinson, un [&hellip;]<\/p>\n","protected":false},"author":12,"featured_media":33444,"menu_order":0,"template":"","news-categories":[],"news-region-taxonomy":[],"news-tag":[817,815],"class_list":["post-42737","news","type-news","status-publish","has-post-thumbnail","hentry","news-tag-dans-memoriam","news-tag-passages"],"yoast_head":"<!-- This site is optimized with the Yoast SEO Premium plugin v27.1 (Yoast SEO v27.1.1) - https:\/\/yoast.com\/product\/yoast-seo-premium-wordpress\/ -->\n<title>Dans Memoriam : 25 avril 2025 - Church of the Nazarene<\/title>\n<meta name=\"robots\" content=\"index, follow, max-snippet:-1, max-image-preview:large, max-video-preview:-1\" \/>\n<link rel=\"canonical\" href=\"https:\/\/nazarene.org\/fr\/news\/dans-memoriam-25-avril-2025\/\" \/>\n<meta property=\"og:locale\" content=\"fr_FR\" \/>\n<meta property=\"og:type\" content=\"article\" \/>\n<meta property=\"og:title\" content=\"Dans Memoriam : 25 avril 2025\" \/>\n<meta property=\"og:description\" content=\"Ce qui suit est une liste hebdomadaire de ministres et de leaders nazar\u00e9ens qui sont r\u00e9cemment all\u00e9s \u00e0 la maison pour \u00eatre avec le Seigneur. Les avis ont \u00e9t\u00e9 re\u00e7us de 21-25 avril 2025. Norma Atkinson, 89, de Kansas City, Missouri, est d\u00e9c\u00e9d\u00e9 le 17 f\u00e9vrier 2025. Elle \u00e9tait la veuve de Robert Atkinson, un [&hellip;]\" \/>\n<meta property=\"og:url\" content=\"https:\/\/nazarene.org\/fr\/news\/dans-memoriam-25-avril-2025\/\" \/>\n<meta property=\"og:site_name\" content=\"Church of the Nazarene\" \/>\n<meta property=\"article:publisher\" content=\"https:\/\/www.facebook.com\/NazareneOfficial\/\" \/>\n<meta property=\"article:modified_time\" content=\"2025-07-04T02:14:32+00:00\" \/>\n<meta property=\"og:image\" content=\"https:\/\/nazarene.org\/wp-content\/uploads\/2025\/04\/Field.jpg\" \/>\n\t<meta property=\"og:image:width\" content=\"1500\" \/>\n\t<meta property=\"og:image:height\" content=\"800\" \/>\n\t<meta property=\"og:image:type\" content=\"image\/jpeg\" \/>\n<meta name=\"twitter:card\" content=\"summary_large_image\" \/>\n<meta name=\"twitter:site\" content=\"@Nazarene\" \/>\n<script type=\"application\/ld+json\" class=\"yoast-schema-graph\">{\"@context\":\"https:\/\/schema.org\",\"@graph\":[{\"@type\":\"WebPage\",\"@id\":\"https:\/\/nazarene.org\/fr\/news\/dans-memoriam-25-avril-2025\/\",\"url\":\"https:\/\/nazarene.org\/fr\/news\/dans-memoriam-25-avril-2025\/\",\"name\":\"Dans Memoriam : 25 avril 2025 - Church of the Nazarene\",\"isPartOf\":{\"@id\":\"https:\/\/nazarene.org\/fr\/#website\"},\"primaryImageOfPage\":{\"@id\":\"https:\/\/nazarene.org\/fr\/news\/dans-memoriam-25-avril-2025\/#primaryimage\"},\"image\":{\"@id\":\"https:\/\/nazarene.org\/fr\/news\/dans-memoriam-25-avril-2025\/#primaryimage\"},\"thumbnailUrl\":\"https:\/\/nazarene.org\/wp-content\/uploads\/2025\/04\/Field.jpg\",\"datePublished\":\"2025-04-29T05:26:55+00:00\",\"dateModified\":\"2025-07-04T02:14:32+00:00\",\"breadcrumb\":{\"@id\":\"https:\/\/nazarene.org\/fr\/news\/dans-memoriam-25-avril-2025\/#breadcrumb\"},\"inLanguage\":\"fr-FR\",\"potentialAction\":[{\"@type\":\"ReadAction\",\"target\":[\"https:\/\/nazarene.org\/fr\/news\/dans-memoriam-25-avril-2025\/\"]}]},{\"@type\":\"ImageObject\",\"inLanguage\":\"fr-FR\",\"@id\":\"https:\/\/nazarene.org\/fr\/news\/dans-memoriam-25-avril-2025\/#primaryimage\",\"url\":\"https:\/\/nazarene.org\/wp-content\/uploads\/2025\/04\/Field.jpg\",\"contentUrl\":\"https:\/\/nazarene.org\/wp-content\/uploads\/2025\/04\/Field.jpg\",\"width\":1500,\"height\":800},{\"@type\":\"BreadcrumbList\",\"@id\":\"https:\/\/nazarene.org\/fr\/news\/dans-memoriam-25-avril-2025\/#breadcrumb\",\"itemListElement\":[{\"@type\":\"ListItem\",\"position\":1,\"name\":\"Home\",\"item\":\"https:\/\/nazarene.org\/fr\/\"},{\"@type\":\"ListItem\",\"position\":2,\"name\":\"News\",\"item\":\"https:\/\/nazarene.org\/fr\/news\/\"},{\"@type\":\"ListItem\",\"position\":3,\"name\":\"Dans Memoriam : 25 avril 2025\"}]},{\"@type\":\"WebSite\",\"@id\":\"https:\/\/nazarene.org\/fr\/#website\",\"url\":\"https:\/\/nazarene.org\/fr\/\",\"name\":\"Church of the Nazarene\",\"description\":\"Making Christlike Disciples in the Nations\",\"publisher\":{\"@id\":\"https:\/\/nazarene.org\/fr\/#organization\"},\"potentialAction\":[{\"@type\":\"SearchAction\",\"target\":{\"@type\":\"EntryPoint\",\"urlTemplate\":\"https:\/\/nazarene.org\/fr\/?s={search_term_string}\"},\"query-input\":{\"@type\":\"PropertyValueSpecification\",\"valueRequired\":true,\"valueName\":\"search_term_string\"}}],\"inLanguage\":\"fr-FR\"},{\"@type\":\"Organization\",\"@id\":\"https:\/\/nazarene.org\/fr\/#organization\",\"name\":\"Church of the Nazarene\",\"url\":\"https:\/\/nazarene.org\/fr\/\",\"logo\":{\"@type\":\"ImageObject\",\"inLanguage\":\"fr-FR\",\"@id\":\"https:\/\/nazarene.org\/fr\/#\/schema\/logo\/image\/\",\"url\":\"https:\/\/nazarene.org\/wp-content\/uploads\/2024\/06\/Naz_Desktop_Black_Logo-1.svg\",\"contentUrl\":\"https:\/\/nazarene.org\/wp-content\/uploads\/2024\/06\/Naz_Desktop_Black_Logo-1.svg\",\"width\":258,\"height\":36,\"caption\":\"Church of the Nazarene\"},\"image\":{\"@id\":\"https:\/\/nazarene.org\/fr\/#\/schema\/logo\/image\/\"},\"sameAs\":[\"https:\/\/www.facebook.com\/NazareneOfficial\/\",\"https:\/\/x.com\/Nazarene\",\"https:\/\/www.instagram.com\/nazareneofficial\/\"]}]}<\/script>\n<!-- \/ Yoast SEO Premium plugin. -->","yoast_head_json":{"title":"Dans Memoriam : 25 avril 2025 - Church of the Nazarene","robots":{"index":"index","follow":"follow","max-snippet":"max-snippet:-1","max-image-preview":"max-image-preview:large","max-video-preview":"max-video-preview:-1"},"canonical":"https:\/\/nazarene.org\/fr\/news\/dans-memoriam-25-avril-2025\/","og_locale":"fr_FR","og_type":"article","og_title":"Dans Memoriam : 25 avril 2025","og_description":"Ce qui suit est une liste hebdomadaire de ministres et de leaders nazar\u00e9ens qui sont r\u00e9cemment all\u00e9s \u00e0 la maison pour \u00eatre avec le Seigneur. Les avis ont \u00e9t\u00e9 re\u00e7us de 21-25 avril 2025. Norma Atkinson, 89, de Kansas City, Missouri, est d\u00e9c\u00e9d\u00e9 le 17 f\u00e9vrier 2025. Elle \u00e9tait la veuve de Robert Atkinson, un [&hellip;]","og_url":"https:\/\/nazarene.org\/fr\/news\/dans-memoriam-25-avril-2025\/","og_site_name":"Church of the Nazarene","article_publisher":"https:\/\/www.facebook.com\/NazareneOfficial\/","article_modified_time":"2025-07-04T02:14:32+00:00","og_image":[{"width":1500,"height":800,"url":"https:\/\/nazarene.org\/wp-content\/uploads\/2025\/04\/Field.jpg","type":"image\/jpeg"}],"twitter_card":"summary_large_image","twitter_site":"@Nazarene","schema":{"@context":"https:\/\/schema.org","@graph":[{"@type":"WebPage","@id":"https:\/\/nazarene.org\/fr\/news\/dans-memoriam-25-avril-2025\/","url":"https:\/\/nazarene.org\/fr\/news\/dans-memoriam-25-avril-2025\/","name":"Dans Memoriam : 25 avril 2025 - Church of the Nazarene","isPartOf":{"@id":"https:\/\/nazarene.org\/fr\/#website"},"primaryImageOfPage":{"@id":"https:\/\/nazarene.org\/fr\/news\/dans-memoriam-25-avril-2025\/#primaryimage"},"image":{"@id":"https:\/\/nazarene.org\/fr\/news\/dans-memoriam-25-avril-2025\/#primaryimage"},"thumbnailUrl":"https:\/\/nazarene.org\/wp-content\/uploads\/2025\/04\/Field.jpg","datePublished":"2025-04-29T05:26:55+00:00","dateModified":"2025-07-04T02:14:32+00:00","breadcrumb":{"@id":"https:\/\/nazarene.org\/fr\/news\/dans-memoriam-25-avril-2025\/#breadcrumb"},"inLanguage":"fr-FR","potentialAction":[{"@type":"ReadAction","target":["https:\/\/nazarene.org\/fr\/news\/dans-memoriam-25-avril-2025\/"]}]},{"@type":"ImageObject","inLanguage":"fr-FR","@id":"https:\/\/nazarene.org\/fr\/news\/dans-memoriam-25-avril-2025\/#primaryimage","url":"https:\/\/nazarene.org\/wp-content\/uploads\/2025\/04\/Field.jpg","contentUrl":"https:\/\/nazarene.org\/wp-content\/uploads\/2025\/04\/Field.jpg","width":1500,"height":800},{"@type":"BreadcrumbList","@id":"https:\/\/nazarene.org\/fr\/news\/dans-memoriam-25-avril-2025\/#breadcrumb","itemListElement":[{"@type":"ListItem","position":1,"name":"Home","item":"https:\/\/nazarene.org\/fr\/"},{"@type":"ListItem","position":2,"name":"News","item":"https:\/\/nazarene.org\/fr\/news\/"},{"@type":"ListItem","position":3,"name":"Dans Memoriam : 25 avril 2025"}]},{"@type":"WebSite","@id":"https:\/\/nazarene.org\/fr\/#website","url":"https:\/\/nazarene.org\/fr\/","name":"Church of the Nazarene","description":"Making Christlike Disciples in the Nations","publisher":{"@id":"https:\/\/nazarene.org\/fr\/#organization"},"potentialAction":[{"@type":"SearchAction","target":{"@type":"EntryPoint","urlTemplate":"https:\/\/nazarene.org\/fr\/?s={search_term_string}"},"query-input":{"@type":"PropertyValueSpecification","valueRequired":true,"valueName":"search_term_string"}}],"inLanguage":"fr-FR"},{"@type":"Organization","@id":"https:\/\/nazarene.org\/fr\/#organization","name":"Church of the Nazarene","url":"https:\/\/nazarene.org\/fr\/","logo":{"@type":"ImageObject","inLanguage":"fr-FR","@id":"https:\/\/nazarene.org\/fr\/#\/schema\/logo\/image\/","url":"https:\/\/nazarene.org\/wp-content\/uploads\/2024\/06\/Naz_Desktop_Black_Logo-1.svg","contentUrl":"https:\/\/nazarene.org\/wp-content\/uploads\/2024\/06\/Naz_Desktop_Black_Logo-1.svg","width":258,"height":36,"caption":"Church of the Nazarene"},"image":{"@id":"https:\/\/nazarene.org\/fr\/#\/schema\/logo\/image\/"},"sameAs":["https:\/\/www.facebook.com\/NazareneOfficial\/","https:\/\/x.com\/Nazarene","https:\/\/www.instagram.com\/nazareneofficial\/"]}]}},"_links":{"self":[{"href":"https:\/\/nazarene.org\/fr\/wp-json\/wp\/v2\/news\/42737","targetHints":{"allow":["GET"]}}],"collection":[{"href":"https:\/\/nazarene.org\/fr\/wp-json\/wp\/v2\/news"}],"about":[{"href":"https:\/\/nazarene.org\/fr\/wp-json\/wp\/v2\/types\/news"}],"author":[{"embeddable":true,"href":"https:\/\/nazarene.org\/fr\/wp-json\/wp\/v2\/users\/12"}],"version-history":[{"count":0,"href":"https:\/\/nazarene.org\/fr\/wp-json\/wp\/v2\/news\/42737\/revisions"}],"wp:featuredmedia":[{"embeddable":true,"href":"https:\/\/nazarene.org\/fr\/wp-json\/wp\/v2\/media\/33444"}],"wp:attachment":[{"href":"https:\/\/nazarene.org\/fr\/wp-json\/wp\/v2\/media?parent=42737"}],"wp:term":[{"taxonomy":"news-categories","embeddable":true,"href":"https:\/\/nazarene.org\/fr\/wp-json\/wp\/v2\/news-categories?post=42737"},{"taxonomy":"news-region-taxonomy","embeddable":true,"href":"https:\/\/nazarene.org\/fr\/wp-json\/wp\/v2\/news-region-taxonomy?post=42737"},{"taxonomy":"news-tag","embeddable":true,"href":"https:\/\/nazarene.org\/fr\/wp-json\/wp\/v2\/news-tag?post=42737"}],"curies":[{"name":"wp","href":"https:\/\/api.w.org\/{rel}","templated":true}]}}