{"id":42371,"date":"2025-04-15T02:04:14","date_gmt":"2025-04-15T07:04:14","guid":{"rendered":"https:\/\/nazarene.org\/news\/sanbc-entre-le-temps-de-transition\/"},"modified":"2025-07-08T22:25:42","modified_gmt":"2025-07-09T03:25:42","slug":"sanbc-entre-le-temps-de-transition","status":"publish","type":"news","link":"https:\/\/nazarene.org\/fr\/news\/sanbc-entre-le-temps-de-transition\/","title":{"rendered":"SANBC entre le temps de transition"},"content":{"rendered":"\n<p>L&rsquo;ann\u00e9e derni\u00e8re, le Coll\u00e8ge biblique nazar\u00e9en d&rsquo;Asie du Sud a c\u00e9l\u00e9br\u00e9 son 25e anniversaire. Tout au long de ces ann\u00e9es, Simon Jothi a \u00e9t\u00e9 profond\u00e9ment impliqu\u00e9 dans sa vie et son travail : d&rsquo;abord en tant que doyen et puis, depuis 2010, en tant que principal. <\/p>\n\n<p>Le 1 juin 2025, Jothi descendera de ce r\u00f4le pour passer dans une nouvelle affectation avec un corps de saintet\u00e9 de s\u0153ur en Inde tout en \u00e9tant toujours engag\u00e9 \u00e0 soutenir le travail de l&rsquo;\u00c9glise du Nazar\u00e9en.<\/p>\n\n<p>Jothi a grandi en tant qu&rsquo;orphelin en Inde. Lorsqu&rsquo;il \u00e9tait 6 ans, ses parents ont succomb\u00e9 au cancer et pendant les 13 ann\u00e9es suivantes, il a v\u00e9cu dans une \u00e9cole d&rsquo;internat chr\u00e9tienne pour les gar\u00e7ons. \u00c0 17, il a assist\u00e9 \u00e0 une r\u00e9union des jeunes chr\u00e9tiens, o\u00f9 il a accept\u00e9 le Christ.<\/p>\n\n<p>Sentant un appel au minist\u00e8re, Simon a assist\u00e9 au S\u00e9minaire biblique de l&rsquo;Inde du Sud et apr\u00e8s l&rsquo;obtention de son dipl\u00f4me, lui et sa femme ont pris des affectations de minist\u00e8re avant de rejoindre le personnel de SANBC. Il a ensuite termin\u00e9 une ma\u00eetrise en arts en religion (\u00c9ducation chr\u00e9tienne) de l&rsquo;Universit\u00e9 nazar\u00e9enne du nord-ouest.<\/p>\n\n<p>Coll\u00e8ge biblique nazar\u00e9en d&rsquo;Asie du Sud sert l&rsquo;\u00c9glise du Nazar\u00e9en dans cinq nations et deux champs : Inde et Asie du Sud. Bien qu&rsquo;il ait une base administrative \u00e0 Bangalore, son programme d\u00e9centralis\u00e9 est livr\u00e9 dans plus d&rsquo;une douzaine de langues dans plusieurs centres satellites dans 23 districts, en utilisant un large \u00e9ventail de professeurs \u00e0 temps partiel. <\/p>\n\n<p>Mon objectif de mission sera d&rsquo;enseigner et d&rsquo;\u00e9quiper les gens appel\u00e9s au minist\u00e8re \u00bb, a d\u00e9clar\u00e9 Jothi. C&rsquo;est le don avec lequel Dieu m&rsquo;a b\u00e9ni et qui sera fait l\u00e0 o\u00f9 le besoin se pose. Cela me permettra d&rsquo;aider et de servir l&rsquo;\u00c9glise du Nazar\u00e9en. \u00ab\u00a0<\/p>\n\n<p>Peter Rae, coordonnateur de l&rsquo;\u00e9ducation co-r\u00e9gional, a remerci\u00e9 Jothi pour l&rsquo;investissement qu&rsquo;il a fait dans la vie de nombreuses personnes pendant son temps \u00e0 SANBC. <\/p>\n\n<p>Simon Jothi s&rsquo;est vers\u00e9 dans le travail de SANBC et a investi dans la vie de centaines de jeunes leaders pour l&rsquo;\u00c9glise dans la r\u00e9gion \u00bb, a d\u00e9clar\u00e9 Rae. De sa mani\u00e8re calme, il a fait une contribution \u00e9norme au travail du royaume de Dieu et nos pri\u00e8res et nos b\u00e9n\u00e9dictions vont avec lui. \u00ab\u00a0<\/p>\n\n<p>La pri\u00e8re est demand\u00e9e pour le Conseil de SANBC, dirig\u00e9 par Subhash Dongerdive, alors qu&rsquo;ils consid\u00e8rent dans la pri\u00e8re la bonne nomination pour ce poste important. <\/p>\n\n<p>Coll\u00e8ge biblique nazar\u00e9en d&rsquo;Asie du Sud<\/p>\n","protected":false},"excerpt":{"rendered":"<p>L&rsquo;ann\u00e9e derni\u00e8re, le Coll\u00e8ge biblique nazar\u00e9en d&rsquo;Asie du Sud a c\u00e9l\u00e9br\u00e9 son 25e anniversaire. Tout au long de ces ann\u00e9es, Simon Jothi a \u00e9t\u00e9 profond\u00e9ment impliqu\u00e9 dans sa vie et son travail : d&rsquo;abord en tant que doyen et puis, depuis 2010, en tant que principal. Le 1 juin 2025, Jothi descendera de ce r\u00f4le [&hellip;]<\/p>\n","protected":false},"author":12,"featured_media":32466,"menu_order":0,"template":"","news-categories":[],"news-region-taxonomy":[],"news-tag":[883,1475,1552],"class_list":["post-42371","news","type-news","status-publish","has-post-thumbnail","hentry","news-tag-collegial","news-tag-eurasie","news-tag-sanbc-fr"],"yoast_head":"<!-- This site is optimized with the Yoast SEO Premium plugin v27.1 (Yoast SEO v27.1.1) - https:\/\/yoast.com\/product\/yoast-seo-premium-wordpress\/ -->\n<title>SANBC entre le temps de transition - Church of the Nazarene<\/title>\n<meta name=\"description\" content=\"L&#039;ann\u00e9e derni\u00e8re, le Coll\u00e8ge biblique nazar\u00e9en d&#039;Asie du Sud a c\u00e9l\u00e9br\u00e9 son 25e anniversaire. Bien que Simon Jothi a \u00e9t\u00e9 profond\u00e9ment impliqu\u00e9 dans SANBC pendant ce temps, en juin, Jothi descendera pour passer dans une nouvelle affectation.\" \/>\n<meta name=\"robots\" content=\"index, follow, max-snippet:-1, max-image-preview:large, max-video-preview:-1\" \/>\n<link rel=\"canonical\" href=\"https:\/\/nazarene.org\/fr\/news\/sanbc-entre-le-temps-de-transition\/\" \/>\n<meta property=\"og:locale\" content=\"fr_FR\" \/>\n<meta property=\"og:type\" content=\"article\" \/>\n<meta property=\"og:title\" content=\"SANBC entre le temps de transition\" \/>\n<meta property=\"og:description\" content=\"L&#039;ann\u00e9e derni\u00e8re, le Coll\u00e8ge biblique nazar\u00e9en d&#039;Asie du Sud a c\u00e9l\u00e9br\u00e9 son 25e anniversaire. Bien que Simon Jothi a \u00e9t\u00e9 profond\u00e9ment impliqu\u00e9 dans SANBC pendant ce temps, en juin, Jothi descendera pour passer dans une nouvelle affectation.\" \/>\n<meta property=\"og:url\" content=\"https:\/\/nazarene.org\/fr\/news\/sanbc-entre-le-temps-de-transition\/\" \/>\n<meta property=\"og:site_name\" content=\"Church of the Nazarene\" \/>\n<meta property=\"article:publisher\" content=\"https:\/\/www.facebook.com\/NazareneOfficial\/\" \/>\n<meta property=\"article:modified_time\" content=\"2025-07-09T03:25:42+00:00\" \/>\n<meta property=\"og:image\" content=\"https:\/\/nazarene.org\/wp-content\/uploads\/2025\/04\/Jothi.jpg\" \/>\n\t<meta property=\"og:image:width\" content=\"1550\" \/>\n\t<meta property=\"og:image:height\" content=\"800\" \/>\n\t<meta property=\"og:image:type\" content=\"image\/jpeg\" \/>\n<meta name=\"twitter:card\" content=\"summary_large_image\" \/>\n<meta name=\"twitter:site\" content=\"@Nazarene\" \/>\n<script type=\"application\/ld+json\" class=\"yoast-schema-graph\">{\"@context\":\"https:\/\/schema.org\",\"@graph\":[{\"@type\":\"WebPage\",\"@id\":\"https:\/\/nazarene.org\/fr\/news\/sanbc-entre-le-temps-de-transition\/\",\"url\":\"https:\/\/nazarene.org\/fr\/news\/sanbc-entre-le-temps-de-transition\/\",\"name\":\"SANBC entre le temps de transition - Church of the Nazarene\",\"isPartOf\":{\"@id\":\"https:\/\/nazarene.org\/fr\/#website\"},\"primaryImageOfPage\":{\"@id\":\"https:\/\/nazarene.org\/fr\/news\/sanbc-entre-le-temps-de-transition\/#primaryimage\"},\"image\":{\"@id\":\"https:\/\/nazarene.org\/fr\/news\/sanbc-entre-le-temps-de-transition\/#primaryimage\"},\"thumbnailUrl\":\"https:\/\/nazarene.org\/wp-content\/uploads\/2025\/04\/Jothi.jpg\",\"datePublished\":\"2025-04-15T07:04:14+00:00\",\"dateModified\":\"2025-07-09T03:25:42+00:00\",\"description\":\"L'ann\u00e9e derni\u00e8re, le Coll\u00e8ge biblique nazar\u00e9en d'Asie du Sud a c\u00e9l\u00e9br\u00e9 son 25e anniversaire. Bien que Simon Jothi a \u00e9t\u00e9 profond\u00e9ment impliqu\u00e9 dans SANBC pendant ce temps, en juin, Jothi descendera pour passer dans une nouvelle affectation.\",\"breadcrumb\":{\"@id\":\"https:\/\/nazarene.org\/fr\/news\/sanbc-entre-le-temps-de-transition\/#breadcrumb\"},\"inLanguage\":\"fr-FR\",\"potentialAction\":[{\"@type\":\"ReadAction\",\"target\":[\"https:\/\/nazarene.org\/fr\/news\/sanbc-entre-le-temps-de-transition\/\"]}]},{\"@type\":\"ImageObject\",\"inLanguage\":\"fr-FR\",\"@id\":\"https:\/\/nazarene.org\/fr\/news\/sanbc-entre-le-temps-de-transition\/#primaryimage\",\"url\":\"https:\/\/nazarene.org\/wp-content\/uploads\/2025\/04\/Jothi.jpg\",\"contentUrl\":\"https:\/\/nazarene.org\/wp-content\/uploads\/2025\/04\/Jothi.jpg\",\"width\":1550,\"height\":800},{\"@type\":\"BreadcrumbList\",\"@id\":\"https:\/\/nazarene.org\/fr\/news\/sanbc-entre-le-temps-de-transition\/#breadcrumb\",\"itemListElement\":[{\"@type\":\"ListItem\",\"position\":1,\"name\":\"Home\",\"item\":\"https:\/\/nazarene.org\/fr\/\"},{\"@type\":\"ListItem\",\"position\":2,\"name\":\"News\",\"item\":\"https:\/\/nazarene.org\/fr\/news\/\"},{\"@type\":\"ListItem\",\"position\":3,\"name\":\"SANBC entre le temps de transition\"}]},{\"@type\":\"WebSite\",\"@id\":\"https:\/\/nazarene.org\/fr\/#website\",\"url\":\"https:\/\/nazarene.org\/fr\/\",\"name\":\"Church of the Nazarene\",\"description\":\"Making Christlike Disciples in the Nations\",\"publisher\":{\"@id\":\"https:\/\/nazarene.org\/fr\/#organization\"},\"potentialAction\":[{\"@type\":\"SearchAction\",\"target\":{\"@type\":\"EntryPoint\",\"urlTemplate\":\"https:\/\/nazarene.org\/fr\/?s={search_term_string}\"},\"query-input\":{\"@type\":\"PropertyValueSpecification\",\"valueRequired\":true,\"valueName\":\"search_term_string\"}}],\"inLanguage\":\"fr-FR\"},{\"@type\":\"Organization\",\"@id\":\"https:\/\/nazarene.org\/fr\/#organization\",\"name\":\"Church of the Nazarene\",\"url\":\"https:\/\/nazarene.org\/fr\/\",\"logo\":{\"@type\":\"ImageObject\",\"inLanguage\":\"fr-FR\",\"@id\":\"https:\/\/nazarene.org\/fr\/#\/schema\/logo\/image\/\",\"url\":\"https:\/\/nazarene.org\/wp-content\/uploads\/2024\/06\/Naz_Desktop_Black_Logo-1.svg\",\"contentUrl\":\"https:\/\/nazarene.org\/wp-content\/uploads\/2024\/06\/Naz_Desktop_Black_Logo-1.svg\",\"width\":258,\"height\":36,\"caption\":\"Church of the Nazarene\"},\"image\":{\"@id\":\"https:\/\/nazarene.org\/fr\/#\/schema\/logo\/image\/\"},\"sameAs\":[\"https:\/\/www.facebook.com\/NazareneOfficial\/\",\"https:\/\/x.com\/Nazarene\",\"https:\/\/www.instagram.com\/nazareneofficial\/\"]}]}<\/script>\n<!-- \/ Yoast SEO Premium plugin. -->","yoast_head_json":{"title":"SANBC entre le temps de transition - Church of the Nazarene","description":"L'ann\u00e9e derni\u00e8re, le Coll\u00e8ge biblique nazar\u00e9en d'Asie du Sud a c\u00e9l\u00e9br\u00e9 son 25e anniversaire. Bien que Simon Jothi a \u00e9t\u00e9 profond\u00e9ment impliqu\u00e9 dans SANBC pendant ce temps, en juin, Jothi descendera pour passer dans une nouvelle affectation.","robots":{"index":"index","follow":"follow","max-snippet":"max-snippet:-1","max-image-preview":"max-image-preview:large","max-video-preview":"max-video-preview:-1"},"canonical":"https:\/\/nazarene.org\/fr\/news\/sanbc-entre-le-temps-de-transition\/","og_locale":"fr_FR","og_type":"article","og_title":"SANBC entre le temps de transition","og_description":"L'ann\u00e9e derni\u00e8re, le Coll\u00e8ge biblique nazar\u00e9en d'Asie du Sud a c\u00e9l\u00e9br\u00e9 son 25e anniversaire. Bien que Simon Jothi a \u00e9t\u00e9 profond\u00e9ment impliqu\u00e9 dans SANBC pendant ce temps, en juin, Jothi descendera pour passer dans une nouvelle affectation.","og_url":"https:\/\/nazarene.org\/fr\/news\/sanbc-entre-le-temps-de-transition\/","og_site_name":"Church of the Nazarene","article_publisher":"https:\/\/www.facebook.com\/NazareneOfficial\/","article_modified_time":"2025-07-09T03:25:42+00:00","og_image":[{"width":1550,"height":800,"url":"https:\/\/nazarene.org\/wp-content\/uploads\/2025\/04\/Jothi.jpg","type":"image\/jpeg"}],"twitter_card":"summary_large_image","twitter_site":"@Nazarene","schema":{"@context":"https:\/\/schema.org","@graph":[{"@type":"WebPage","@id":"https:\/\/nazarene.org\/fr\/news\/sanbc-entre-le-temps-de-transition\/","url":"https:\/\/nazarene.org\/fr\/news\/sanbc-entre-le-temps-de-transition\/","name":"SANBC entre le temps de transition - Church of the Nazarene","isPartOf":{"@id":"https:\/\/nazarene.org\/fr\/#website"},"primaryImageOfPage":{"@id":"https:\/\/nazarene.org\/fr\/news\/sanbc-entre-le-temps-de-transition\/#primaryimage"},"image":{"@id":"https:\/\/nazarene.org\/fr\/news\/sanbc-entre-le-temps-de-transition\/#primaryimage"},"thumbnailUrl":"https:\/\/nazarene.org\/wp-content\/uploads\/2025\/04\/Jothi.jpg","datePublished":"2025-04-15T07:04:14+00:00","dateModified":"2025-07-09T03:25:42+00:00","description":"L'ann\u00e9e derni\u00e8re, le Coll\u00e8ge biblique nazar\u00e9en d'Asie du Sud a c\u00e9l\u00e9br\u00e9 son 25e anniversaire. Bien que Simon Jothi a \u00e9t\u00e9 profond\u00e9ment impliqu\u00e9 dans SANBC pendant ce temps, en juin, Jothi descendera pour passer dans une nouvelle affectation.","breadcrumb":{"@id":"https:\/\/nazarene.org\/fr\/news\/sanbc-entre-le-temps-de-transition\/#breadcrumb"},"inLanguage":"fr-FR","potentialAction":[{"@type":"ReadAction","target":["https:\/\/nazarene.org\/fr\/news\/sanbc-entre-le-temps-de-transition\/"]}]},{"@type":"ImageObject","inLanguage":"fr-FR","@id":"https:\/\/nazarene.org\/fr\/news\/sanbc-entre-le-temps-de-transition\/#primaryimage","url":"https:\/\/nazarene.org\/wp-content\/uploads\/2025\/04\/Jothi.jpg","contentUrl":"https:\/\/nazarene.org\/wp-content\/uploads\/2025\/04\/Jothi.jpg","width":1550,"height":800},{"@type":"BreadcrumbList","@id":"https:\/\/nazarene.org\/fr\/news\/sanbc-entre-le-temps-de-transition\/#breadcrumb","itemListElement":[{"@type":"ListItem","position":1,"name":"Home","item":"https:\/\/nazarene.org\/fr\/"},{"@type":"ListItem","position":2,"name":"News","item":"https:\/\/nazarene.org\/fr\/news\/"},{"@type":"ListItem","position":3,"name":"SANBC entre le temps de transition"}]},{"@type":"WebSite","@id":"https:\/\/nazarene.org\/fr\/#website","url":"https:\/\/nazarene.org\/fr\/","name":"Church of the Nazarene","description":"Making Christlike Disciples in the Nations","publisher":{"@id":"https:\/\/nazarene.org\/fr\/#organization"},"potentialAction":[{"@type":"SearchAction","target":{"@type":"EntryPoint","urlTemplate":"https:\/\/nazarene.org\/fr\/?s={search_term_string}"},"query-input":{"@type":"PropertyValueSpecification","valueRequired":true,"valueName":"search_term_string"}}],"inLanguage":"fr-FR"},{"@type":"Organization","@id":"https:\/\/nazarene.org\/fr\/#organization","name":"Church of the Nazarene","url":"https:\/\/nazarene.org\/fr\/","logo":{"@type":"ImageObject","inLanguage":"fr-FR","@id":"https:\/\/nazarene.org\/fr\/#\/schema\/logo\/image\/","url":"https:\/\/nazarene.org\/wp-content\/uploads\/2024\/06\/Naz_Desktop_Black_Logo-1.svg","contentUrl":"https:\/\/nazarene.org\/wp-content\/uploads\/2024\/06\/Naz_Desktop_Black_Logo-1.svg","width":258,"height":36,"caption":"Church of the Nazarene"},"image":{"@id":"https:\/\/nazarene.org\/fr\/#\/schema\/logo\/image\/"},"sameAs":["https:\/\/www.facebook.com\/NazareneOfficial\/","https:\/\/x.com\/Nazarene","https:\/\/www.instagram.com\/nazareneofficial\/"]}]}},"_links":{"self":[{"href":"https:\/\/nazarene.org\/fr\/wp-json\/wp\/v2\/news\/42371","targetHints":{"allow":["GET"]}}],"collection":[{"href":"https:\/\/nazarene.org\/fr\/wp-json\/wp\/v2\/news"}],"about":[{"href":"https:\/\/nazarene.org\/fr\/wp-json\/wp\/v2\/types\/news"}],"author":[{"embeddable":true,"href":"https:\/\/nazarene.org\/fr\/wp-json\/wp\/v2\/users\/12"}],"version-history":[{"count":0,"href":"https:\/\/nazarene.org\/fr\/wp-json\/wp\/v2\/news\/42371\/revisions"}],"wp:featuredmedia":[{"embeddable":true,"href":"https:\/\/nazarene.org\/fr\/wp-json\/wp\/v2\/media\/32466"}],"wp:attachment":[{"href":"https:\/\/nazarene.org\/fr\/wp-json\/wp\/v2\/media?parent=42371"}],"wp:term":[{"taxonomy":"news-categories","embeddable":true,"href":"https:\/\/nazarene.org\/fr\/wp-json\/wp\/v2\/news-categories?post=42371"},{"taxonomy":"news-region-taxonomy","embeddable":true,"href":"https:\/\/nazarene.org\/fr\/wp-json\/wp\/v2\/news-region-taxonomy?post=42371"},{"taxonomy":"news-tag","embeddable":true,"href":"https:\/\/nazarene.org\/fr\/wp-json\/wp\/v2\/news-tag?post=42371"}],"curies":[{"name":"wp","href":"https:\/\/api.w.org\/{rel}","templated":true}]}}