{"id":42058,"date":"2025-06-09T03:00:56","date_gmt":"2025-06-09T08:00:56","guid":{"rendered":"https:\/\/nazarene.org\/news\/dans-memoriam-23-mai-2025\/"},"modified":"2025-07-02T22:19:07","modified_gmt":"2025-07-03T03:19:07","slug":"dans-memoriam-23-mai-2025","status":"publish","type":"news","link":"https:\/\/nazarene.org\/fr\/news\/dans-memoriam-23-mai-2025\/","title":{"rendered":"Dans Memoriam : 23 mai 2025"},"content":{"rendered":"\n<p>Ce qui suit est une liste hebdomadaire de ministres et de leaders nazar\u00e9ens qui sont r\u00e9cemment all\u00e9s \u00e0 la maison pour \u00eatre avec le Seigneur. Les avis ont \u00e9t\u00e9 re\u00e7us 12-16 mai 2025.<\/p>\n\n<p><strong>Irene Argyle<\/strong>, 91, de Winnipeg, Manitoba, Canada, est d\u00e9c\u00e9d\u00e9 le 14 mai 2025. Elle \u00e9tait la veuve de C. Brook Argyle, un ministre qui a servi au Nouveau-Brunswick, Canada. Il est d\u00e9c\u00e9d\u00e9 en 1998.<\/p>\n\n<p><strong>Thomas Heim<\/strong>, 79, de Lakeville, Massachusetts, est d\u00e9c\u00e9d\u00e9 le 13 mai 2025. Il \u00e9tait un ministre qui a servi au Massachusetts. Il est surv\u00e9cu par sa femme, Wendy.<\/p>\n\n<p><strong>Joaquin Rodriguez<\/strong>, 98, de San Diego, Californie, est d\u00e9c\u00e9d\u00e9 le 21 mai 2025. Il \u00e9tait un ministre retrait\u00e9 qui a servi au Texas, \u00e0 New York, au New Jersey et en Californie. Il a \u00e9t\u00e9 pr\u00e9c\u00e9d\u00e9 dans la mort par sa femme, Sarah, qui est d\u00e9c\u00e9d\u00e9e en 2014.<\/p>\n\n<p><strong>Doug Romine<\/strong>, de Watertown, Tennessee, est d\u00e9c\u00e9d\u00e9 le 22 mai 2025. Il \u00e9tait un ministre retrait\u00e9 qui a servi au Missouri et en Illinois. Il a \u00e9t\u00e9 pr\u00e9c\u00e9d\u00e9 dans la mort par sa femme, Kay Romine, qui est d\u00e9c\u00e9d\u00e9e en 2021.<\/p>\n\n<p><strong>Richard Steinmayr<\/strong>, 80, d&rsquo;Atlanta, G\u00e9orgie, est d\u00e9c\u00e9d\u00e9 le 8 mai 2025. Il \u00e9tait un ministre retrait\u00e9 qui a servi dans l&rsquo;Indiana. Il a \u00e9t\u00e9 pr\u00e9c\u00e9d\u00e9 dans la mort par sa femme Teresa, qui est d\u00e9c\u00e9d\u00e9e en 2022.<\/p>\n\n<p><strong>Faye Summers<\/strong>, 87, de Pineville, Louisiane, est d\u00e9c\u00e9d\u00e9 le 5 mai 2025. Elle \u00e9tait la femme de Fred Summers, un ministre retrait\u00e9 qui a servi en Louisiane.<\/p>\n\n<p><strong>Robert Thompson<\/strong>, 87, de Grand Prairie, Texas, est d\u00e9c\u00e9d\u00e9 le 15 mai 2025. Il \u00e9tait un ministre retrait\u00e9 qui a servi en Floride. Il est surv\u00e9cu par sa femme, Phyllis Thompson. <\/p>\n\n<p>Pour voir les \u00e9ditions pass\u00e9es de <em>Dans Memoriam,<\/em> <a href=\"https:\/\/www.nazarene.org\/all-news?keywords=&amp;tag%5B0%5D=56&amp;tag%5B1%5D=56&amp;sort_by=created\" target=\"_blank\" rel=\"noreferrer noopener\">cliquez ici<\/a>.<\/p>\n\n<p><em>Note : Veuillez nous rejoindre dans la pri\u00e8re pour les familles qui ont perdu des \u00eatres aim\u00e9s. Cliquez sur les noms pour des histoires compl\u00e8tes, des informations fun\u00e9raires, des n\u00e9crologies locales en ligne et \/ ou des livres d&rsquo;invit\u00e9s (si disponibles). Pour soumettre une entr\u00e9e d&rsquo;un ministre ou d&rsquo;un leader de l&rsquo;\u00c9glise, envoyer \u00e0 news@nazarene.org.<\/em><\/p>\n\n<p>Compil\u00e9 par Nouvelles nazar\u00e9ennes<\/p>\n","protected":false},"excerpt":{"rendered":"<p>Ce qui suit est une liste hebdomadaire de ministres et de leaders nazar\u00e9ens qui sont r\u00e9cemment all\u00e9s \u00e0 la maison pour \u00eatre avec le Seigneur. Les avis ont \u00e9t\u00e9 re\u00e7us 12-16 mai 2025. Irene Argyle, 91, de Winnipeg, Manitoba, Canada, est d\u00e9c\u00e9d\u00e9 le 14 mai 2025. Elle \u00e9tait la veuve de C. Brook Argyle, un [&hellip;]<\/p>\n","protected":false},"author":12,"featured_media":38088,"menu_order":0,"template":"","news-categories":[],"news-region-taxonomy":[],"news-tag":[817,815],"class_list":["post-42058","news","type-news","status-publish","has-post-thumbnail","hentry","news-tag-dans-memoriam","news-tag-passages"],"yoast_head":"<!-- This site is optimized with the Yoast SEO Premium plugin v27.1 (Yoast SEO v27.1.1) - https:\/\/yoast.com\/product\/yoast-seo-premium-wordpress\/ -->\n<title>Dans Memoriam : 23 mai 2025 - Church of the Nazarene<\/title>\n<meta name=\"robots\" content=\"index, follow, max-snippet:-1, max-image-preview:large, max-video-preview:-1\" \/>\n<link rel=\"canonical\" href=\"https:\/\/nazarene.org\/fr\/news\/dans-memoriam-23-mai-2025\/\" \/>\n<meta property=\"og:locale\" content=\"fr_FR\" \/>\n<meta property=\"og:type\" content=\"article\" \/>\n<meta property=\"og:title\" content=\"Dans Memoriam : 23 mai 2025\" \/>\n<meta property=\"og:description\" content=\"Ce qui suit est une liste hebdomadaire de ministres et de leaders nazar\u00e9ens qui sont r\u00e9cemment all\u00e9s \u00e0 la maison pour \u00eatre avec le Seigneur. Les avis ont \u00e9t\u00e9 re\u00e7us 12-16 mai 2025. Irene Argyle, 91, de Winnipeg, Manitoba, Canada, est d\u00e9c\u00e9d\u00e9 le 14 mai 2025. Elle \u00e9tait la veuve de C. Brook Argyle, un [&hellip;]\" \/>\n<meta property=\"og:url\" content=\"https:\/\/nazarene.org\/fr\/news\/dans-memoriam-23-mai-2025\/\" \/>\n<meta property=\"og:site_name\" content=\"Church of the Nazarene\" \/>\n<meta property=\"article:publisher\" content=\"https:\/\/www.facebook.com\/NazareneOfficial\/\" \/>\n<meta property=\"article:modified_time\" content=\"2025-07-03T03:19:07+00:00\" \/>\n<meta property=\"og:image\" content=\"https:\/\/nazarene.org\/wp-content\/uploads\/2025\/06\/In-Memoriam.png\" \/>\n\t<meta property=\"og:image:width\" content=\"750\" \/>\n\t<meta property=\"og:image:height\" content=\"400\" \/>\n\t<meta property=\"og:image:type\" content=\"image\/png\" \/>\n<meta name=\"twitter:card\" content=\"summary_large_image\" \/>\n<meta name=\"twitter:site\" content=\"@Nazarene\" \/>\n<script type=\"application\/ld+json\" class=\"yoast-schema-graph\">{\"@context\":\"https:\/\/schema.org\",\"@graph\":[{\"@type\":\"WebPage\",\"@id\":\"https:\/\/nazarene.org\/fr\/news\/dans-memoriam-23-mai-2025\/\",\"url\":\"https:\/\/nazarene.org\/fr\/news\/dans-memoriam-23-mai-2025\/\",\"name\":\"Dans Memoriam : 23 mai 2025 - Church of the Nazarene\",\"isPartOf\":{\"@id\":\"https:\/\/nazarene.org\/fr\/#website\"},\"primaryImageOfPage\":{\"@id\":\"https:\/\/nazarene.org\/fr\/news\/dans-memoriam-23-mai-2025\/#primaryimage\"},\"image\":{\"@id\":\"https:\/\/nazarene.org\/fr\/news\/dans-memoriam-23-mai-2025\/#primaryimage\"},\"thumbnailUrl\":\"https:\/\/nazarene.org\/wp-content\/uploads\/2025\/06\/In-Memoriam.png\",\"datePublished\":\"2025-06-09T08:00:56+00:00\",\"dateModified\":\"2025-07-03T03:19:07+00:00\",\"breadcrumb\":{\"@id\":\"https:\/\/nazarene.org\/fr\/news\/dans-memoriam-23-mai-2025\/#breadcrumb\"},\"inLanguage\":\"fr-FR\",\"potentialAction\":[{\"@type\":\"ReadAction\",\"target\":[\"https:\/\/nazarene.org\/fr\/news\/dans-memoriam-23-mai-2025\/\"]}]},{\"@type\":\"ImageObject\",\"inLanguage\":\"fr-FR\",\"@id\":\"https:\/\/nazarene.org\/fr\/news\/dans-memoriam-23-mai-2025\/#primaryimage\",\"url\":\"https:\/\/nazarene.org\/wp-content\/uploads\/2025\/06\/In-Memoriam.png\",\"contentUrl\":\"https:\/\/nazarene.org\/wp-content\/uploads\/2025\/06\/In-Memoriam.png\",\"width\":750,\"height\":400},{\"@type\":\"BreadcrumbList\",\"@id\":\"https:\/\/nazarene.org\/fr\/news\/dans-memoriam-23-mai-2025\/#breadcrumb\",\"itemListElement\":[{\"@type\":\"ListItem\",\"position\":1,\"name\":\"Home\",\"item\":\"https:\/\/nazarene.org\/fr\/\"},{\"@type\":\"ListItem\",\"position\":2,\"name\":\"News\",\"item\":\"https:\/\/nazarene.org\/fr\/news\/\"},{\"@type\":\"ListItem\",\"position\":3,\"name\":\"Dans Memoriam : 23 mai 2025\"}]},{\"@type\":\"WebSite\",\"@id\":\"https:\/\/nazarene.org\/fr\/#website\",\"url\":\"https:\/\/nazarene.org\/fr\/\",\"name\":\"Church of the Nazarene\",\"description\":\"Making Christlike Disciples in the Nations\",\"publisher\":{\"@id\":\"https:\/\/nazarene.org\/fr\/#organization\"},\"potentialAction\":[{\"@type\":\"SearchAction\",\"target\":{\"@type\":\"EntryPoint\",\"urlTemplate\":\"https:\/\/nazarene.org\/fr\/?s={search_term_string}\"},\"query-input\":{\"@type\":\"PropertyValueSpecification\",\"valueRequired\":true,\"valueName\":\"search_term_string\"}}],\"inLanguage\":\"fr-FR\"},{\"@type\":\"Organization\",\"@id\":\"https:\/\/nazarene.org\/fr\/#organization\",\"name\":\"Church of the Nazarene\",\"url\":\"https:\/\/nazarene.org\/fr\/\",\"logo\":{\"@type\":\"ImageObject\",\"inLanguage\":\"fr-FR\",\"@id\":\"https:\/\/nazarene.org\/fr\/#\/schema\/logo\/image\/\",\"url\":\"https:\/\/nazarene.org\/wp-content\/uploads\/2024\/06\/Naz_Desktop_Black_Logo-1.svg\",\"contentUrl\":\"https:\/\/nazarene.org\/wp-content\/uploads\/2024\/06\/Naz_Desktop_Black_Logo-1.svg\",\"width\":258,\"height\":36,\"caption\":\"Church of the Nazarene\"},\"image\":{\"@id\":\"https:\/\/nazarene.org\/fr\/#\/schema\/logo\/image\/\"},\"sameAs\":[\"https:\/\/www.facebook.com\/NazareneOfficial\/\",\"https:\/\/x.com\/Nazarene\",\"https:\/\/www.instagram.com\/nazareneofficial\/\"]}]}<\/script>\n<!-- \/ Yoast SEO Premium plugin. -->","yoast_head_json":{"title":"Dans Memoriam : 23 mai 2025 - Church of the Nazarene","robots":{"index":"index","follow":"follow","max-snippet":"max-snippet:-1","max-image-preview":"max-image-preview:large","max-video-preview":"max-video-preview:-1"},"canonical":"https:\/\/nazarene.org\/fr\/news\/dans-memoriam-23-mai-2025\/","og_locale":"fr_FR","og_type":"article","og_title":"Dans Memoriam : 23 mai 2025","og_description":"Ce qui suit est une liste hebdomadaire de ministres et de leaders nazar\u00e9ens qui sont r\u00e9cemment all\u00e9s \u00e0 la maison pour \u00eatre avec le Seigneur. Les avis ont \u00e9t\u00e9 re\u00e7us 12-16 mai 2025. Irene Argyle, 91, de Winnipeg, Manitoba, Canada, est d\u00e9c\u00e9d\u00e9 le 14 mai 2025. Elle \u00e9tait la veuve de C. Brook Argyle, un [&hellip;]","og_url":"https:\/\/nazarene.org\/fr\/news\/dans-memoriam-23-mai-2025\/","og_site_name":"Church of the Nazarene","article_publisher":"https:\/\/www.facebook.com\/NazareneOfficial\/","article_modified_time":"2025-07-03T03:19:07+00:00","og_image":[{"width":750,"height":400,"url":"https:\/\/nazarene.org\/wp-content\/uploads\/2025\/06\/In-Memoriam.png","type":"image\/png"}],"twitter_card":"summary_large_image","twitter_site":"@Nazarene","schema":{"@context":"https:\/\/schema.org","@graph":[{"@type":"WebPage","@id":"https:\/\/nazarene.org\/fr\/news\/dans-memoriam-23-mai-2025\/","url":"https:\/\/nazarene.org\/fr\/news\/dans-memoriam-23-mai-2025\/","name":"Dans Memoriam : 23 mai 2025 - Church of the Nazarene","isPartOf":{"@id":"https:\/\/nazarene.org\/fr\/#website"},"primaryImageOfPage":{"@id":"https:\/\/nazarene.org\/fr\/news\/dans-memoriam-23-mai-2025\/#primaryimage"},"image":{"@id":"https:\/\/nazarene.org\/fr\/news\/dans-memoriam-23-mai-2025\/#primaryimage"},"thumbnailUrl":"https:\/\/nazarene.org\/wp-content\/uploads\/2025\/06\/In-Memoriam.png","datePublished":"2025-06-09T08:00:56+00:00","dateModified":"2025-07-03T03:19:07+00:00","breadcrumb":{"@id":"https:\/\/nazarene.org\/fr\/news\/dans-memoriam-23-mai-2025\/#breadcrumb"},"inLanguage":"fr-FR","potentialAction":[{"@type":"ReadAction","target":["https:\/\/nazarene.org\/fr\/news\/dans-memoriam-23-mai-2025\/"]}]},{"@type":"ImageObject","inLanguage":"fr-FR","@id":"https:\/\/nazarene.org\/fr\/news\/dans-memoriam-23-mai-2025\/#primaryimage","url":"https:\/\/nazarene.org\/wp-content\/uploads\/2025\/06\/In-Memoriam.png","contentUrl":"https:\/\/nazarene.org\/wp-content\/uploads\/2025\/06\/In-Memoriam.png","width":750,"height":400},{"@type":"BreadcrumbList","@id":"https:\/\/nazarene.org\/fr\/news\/dans-memoriam-23-mai-2025\/#breadcrumb","itemListElement":[{"@type":"ListItem","position":1,"name":"Home","item":"https:\/\/nazarene.org\/fr\/"},{"@type":"ListItem","position":2,"name":"News","item":"https:\/\/nazarene.org\/fr\/news\/"},{"@type":"ListItem","position":3,"name":"Dans Memoriam : 23 mai 2025"}]},{"@type":"WebSite","@id":"https:\/\/nazarene.org\/fr\/#website","url":"https:\/\/nazarene.org\/fr\/","name":"Church of the Nazarene","description":"Making Christlike Disciples in the Nations","publisher":{"@id":"https:\/\/nazarene.org\/fr\/#organization"},"potentialAction":[{"@type":"SearchAction","target":{"@type":"EntryPoint","urlTemplate":"https:\/\/nazarene.org\/fr\/?s={search_term_string}"},"query-input":{"@type":"PropertyValueSpecification","valueRequired":true,"valueName":"search_term_string"}}],"inLanguage":"fr-FR"},{"@type":"Organization","@id":"https:\/\/nazarene.org\/fr\/#organization","name":"Church of the Nazarene","url":"https:\/\/nazarene.org\/fr\/","logo":{"@type":"ImageObject","inLanguage":"fr-FR","@id":"https:\/\/nazarene.org\/fr\/#\/schema\/logo\/image\/","url":"https:\/\/nazarene.org\/wp-content\/uploads\/2024\/06\/Naz_Desktop_Black_Logo-1.svg","contentUrl":"https:\/\/nazarene.org\/wp-content\/uploads\/2024\/06\/Naz_Desktop_Black_Logo-1.svg","width":258,"height":36,"caption":"Church of the Nazarene"},"image":{"@id":"https:\/\/nazarene.org\/fr\/#\/schema\/logo\/image\/"},"sameAs":["https:\/\/www.facebook.com\/NazareneOfficial\/","https:\/\/x.com\/Nazarene","https:\/\/www.instagram.com\/nazareneofficial\/"]}]}},"_links":{"self":[{"href":"https:\/\/nazarene.org\/fr\/wp-json\/wp\/v2\/news\/42058","targetHints":{"allow":["GET"]}}],"collection":[{"href":"https:\/\/nazarene.org\/fr\/wp-json\/wp\/v2\/news"}],"about":[{"href":"https:\/\/nazarene.org\/fr\/wp-json\/wp\/v2\/types\/news"}],"author":[{"embeddable":true,"href":"https:\/\/nazarene.org\/fr\/wp-json\/wp\/v2\/users\/12"}],"version-history":[{"count":0,"href":"https:\/\/nazarene.org\/fr\/wp-json\/wp\/v2\/news\/42058\/revisions"}],"wp:featuredmedia":[{"embeddable":true,"href":"https:\/\/nazarene.org\/fr\/wp-json\/wp\/v2\/media\/38088"}],"wp:attachment":[{"href":"https:\/\/nazarene.org\/fr\/wp-json\/wp\/v2\/media?parent=42058"}],"wp:term":[{"taxonomy":"news-categories","embeddable":true,"href":"https:\/\/nazarene.org\/fr\/wp-json\/wp\/v2\/news-categories?post=42058"},{"taxonomy":"news-region-taxonomy","embeddable":true,"href":"https:\/\/nazarene.org\/fr\/wp-json\/wp\/v2\/news-region-taxonomy?post=42058"},{"taxonomy":"news-tag","embeddable":true,"href":"https:\/\/nazarene.org\/fr\/wp-json\/wp\/v2\/news-tag?post=42058"}],"curies":[{"name":"wp","href":"https:\/\/api.w.org\/{rel}","templated":true}]}}