{"id":41760,"date":"2025-06-09T21:21:54","date_gmt":"2025-06-10T02:21:54","guid":{"rendered":"https:\/\/nazarene.org\/news\/dans-memoriam-6-juin-2025\/"},"modified":"2025-07-02T02:17:56","modified_gmt":"2025-07-02T07:17:56","slug":"dans-memoriam-6-juin-2025","status":"publish","type":"news","link":"https:\/\/nazarene.org\/fr\/news\/dans-memoriam-6-juin-2025\/","title":{"rendered":"Dans Memoriam : 6 juin 2025"},"content":{"rendered":"\n<p>Ce qui suit est une liste hebdomadaire de ministres et de leaders nazar\u00e9ens qui sont r\u00e9cemment all\u00e9s \u00e0 la maison pour \u00eatre avec le Seigneur. Les avis ont \u00e9t\u00e9 re\u00e7us de 2-6 juin 2025.<\/p>\n\n<p><strong>William Belgie<\/strong>, 78, d&rsquo;El Paso, Texas, est d\u00e9c\u00e9d\u00e9 le 27 mai 2025. Il \u00e9tait un ministre qui a servi au Nouveau-Mexique. Il est surv\u00e9cu par sa femme, Barbara Belgie.<\/p>\n\n<p><strong>Richard Brunner<\/strong>, 94, de Weyauwega, Wisconsin, est d\u00e9c\u00e9d\u00e9 le 25 mai 2025. Il en tant que ministre retrait\u00e9 qui a servi \u00e0 l&rsquo;Iowa et au Wisconsin. Il a \u00e9t\u00e9 pr\u00e9c\u00e9d\u00e9 dans la mort par sa premi\u00e8re femme, Rosette Brunner, qui est d\u00e9c\u00e9d\u00e9e en 1986 ; deuxi\u00e8me femme, Alyce Brunner, qui est d\u00e9c\u00e9d\u00e9e en 2007 ; troisi\u00e8me femme, Hazel Brunner, qui est d\u00e9c\u00e9d\u00e9e en 2013 ; et quatri\u00e8me femme, Irma Brunner, qui est d\u00e9c\u00e9d\u00e9e en 2022.<\/p>\n\n<p><strong>Alfred Jones<\/strong>, 87, de Valley Center, Californie, est d\u00e9c\u00e9d\u00e9 le 29 mai 2025. Il \u00e9tait un missionnaire retrait\u00e9 qui a servi en Australie, en \u00c9thiopie et Keyna pendant plus de 20 ans. Il a servi de ministre en Californie, \u00e0 Idaho et au Missouri. Il est surv\u00e9cu par sa femme, Kitty Jones.<\/p>\n\n<p><strong>Joyce Kidder<\/strong>, 82, de Land O &lsquo; Lakes, Floride, est d\u00e9c\u00e9d\u00e9 le 27 mai 2025. Elle \u00e9tait la femme de Kermit Kidder, un \u00e9vang\u00e9liste de chanson et ministre qui a servi au Tennessee, en Floride, en Illinois et en Arkansas. <\/p>\n\n<p><strong>Nyoka George<\/strong>, 82, de Vinton, Ohio, est d\u00e9c\u00e9d\u00e9 le 24 mai 2025. Elle \u00e9tait la veuve d&rsquo;Herman George, un ministre retrait\u00e9 qui a servi en Virginie occidentale et en Ohio. Herman est d\u00e9c\u00e9d\u00e9 en 2020.<\/p>\n\n<p><strong>Daniel Hayes<\/strong>, 79, de Fitzgerald, G\u00e9orgie, est d\u00e9c\u00e9d\u00e9 le 22 mai 2025. Il \u00e9tait un ministre retrait\u00e9 qui a servi en Floride et en G\u00e9orgie. Il est surv\u00e9cu par sa femme, Sharon Hayes.<\/p>\n\n<p><strong>Ted Lovelace<\/strong>, 82, d&rsquo;Atchison, Kansas, est d\u00e9c\u00e9d\u00e9 le 26 mai 2025. Il \u00e9tait un ministre retrait\u00e9 qui a servi au Kentucky, \u00e0 Indiana et au Kansas. Il est surv\u00e9cu par sa femme, Jennie Lovelace.<\/p>\n\n<p><strong>Elsie Pittam<\/strong>, 97, de Murrieta, Californie, est d\u00e9c\u00e9d\u00e9 le 28 mai 2025. Elle \u00e9tait une missionnaire qui a servi au Panama. Elle \u00e9tait la veuve de Robert Pittam, avec lequel elle avait servi en tant que missionnaire. Il a \u00e9galement servi de ministre en Californie. Robert est d\u00e9c\u00e9d\u00e9 en 1995.<\/p>\n\n<p><strong>A. Louise Runyan<\/strong>, 89, de Wood River, Illinois, est d\u00e9c\u00e9d\u00e9 le 24 mai 2025. Elle \u00e9tait la veuve de James Runyan, un ministre retrait\u00e9 qui a servi au Texas, au Missouri, en Louisiane, \u00e0 Oklahoma, en Illinois et en Alaska. James est d\u00e9c\u00e9d\u00e9 en 2011.<\/p>\n\n<p><strong>Kenneth Stirratt<\/strong>, 79, de Fort Wayne, Indiana, est d\u00e9c\u00e9d\u00e9 le 21 mai 2025. Il \u00e9tait un ministre qui a servi \u00e0 Indiana et en Illinois. Il a \u00e9t\u00e9 pr\u00e9c\u00e9d\u00e9 dans la mort par sa femme, Alice Stirratt, qui est d\u00e9c\u00e9d\u00e9e en 2020. <\/p>\n\n<p>Pour voir les \u00e9ditions pass\u00e9es de <em>Dans Memoriam,<\/em> <a href=\"https:\/\/www.nazarene.org\/all-news?keywords=&amp;tag%5B0%5D=56&amp;tag%5B1%5D=56&amp;sort_by=created\" target=\"_blank\" rel=\"noreferrer noopener\">cliquez ici<\/a>.<\/p>\n\n<p><em>Note : Veuillez nous rejoindre dans la pri\u00e8re pour les familles qui ont perdu des \u00eatres aim\u00e9s. Cliquez sur les noms pour des histoires compl\u00e8tes, des informations fun\u00e9raires, des n\u00e9crologies locales en ligne et \/ ou des livres d&rsquo;invit\u00e9s (si disponibles). Pour soumettre une entr\u00e9e d&rsquo;un ministre ou d&rsquo;un leader de l&rsquo;\u00c9glise, envoyer \u00e0 news@nazarene.org.<\/em><\/p>\n\n<p>Compil\u00e9 par Nouvelles nazar\u00e9ennes<\/p>\n","protected":false},"excerpt":{"rendered":"<p>Ce qui suit est une liste hebdomadaire de ministres et de leaders nazar\u00e9ens qui sont r\u00e9cemment all\u00e9s \u00e0 la maison pour \u00eatre avec le Seigneur. Les avis ont \u00e9t\u00e9 re\u00e7us de 2-6 juin 2025. William Belgie, 78, d&rsquo;El Paso, Texas, est d\u00e9c\u00e9d\u00e9 le 27 mai 2025. Il \u00e9tait un ministre qui a servi au Nouveau-Mexique. [&hellip;]<\/p>\n","protected":false},"author":12,"featured_media":38551,"menu_order":0,"template":"","news-categories":[],"news-region-taxonomy":[],"news-tag":[817,815],"class_list":["post-41760","news","type-news","status-publish","has-post-thumbnail","hentry","news-tag-dans-memoriam","news-tag-passages"],"yoast_head":"<!-- This site is optimized with the Yoast SEO Premium plugin v27.1 (Yoast SEO v27.1.1) - https:\/\/yoast.com\/product\/yoast-seo-premium-wordpress\/ -->\n<title>Dans Memoriam : 6 juin 2025 - Church of the Nazarene<\/title>\n<meta name=\"description\" content=\"Ce qui suit est une liste hebdomadaire de ministres et de leaders nazar\u00e9ens qui sont r\u00e9cemment all\u00e9s \u00e0 la maison pour \u00eatre avec le Seigneur. Les avis ont \u00e9t\u00e9 re\u00e7us de 2-6 juin 2025.\" \/>\n<meta name=\"robots\" content=\"index, follow, max-snippet:-1, max-image-preview:large, max-video-preview:-1\" \/>\n<link rel=\"canonical\" href=\"https:\/\/nazarene.org\/fr\/news\/dans-memoriam-6-juin-2025\/\" \/>\n<meta property=\"og:locale\" content=\"fr_FR\" \/>\n<meta property=\"og:type\" content=\"article\" \/>\n<meta property=\"og:title\" content=\"Dans Memoriam : 6 juin 2025\" \/>\n<meta property=\"og:description\" content=\"Ce qui suit est une liste hebdomadaire de ministres et de leaders nazar\u00e9ens qui sont r\u00e9cemment all\u00e9s \u00e0 la maison pour \u00eatre avec le Seigneur. Les avis ont \u00e9t\u00e9 re\u00e7us de 2-6 juin 2025.\" \/>\n<meta property=\"og:url\" content=\"https:\/\/nazarene.org\/fr\/news\/dans-memoriam-6-juin-2025\/\" \/>\n<meta property=\"og:site_name\" content=\"Church of the Nazarene\" \/>\n<meta property=\"article:publisher\" content=\"https:\/\/www.facebook.com\/NazareneOfficial\/\" \/>\n<meta property=\"article:modified_time\" content=\"2025-07-02T07:17:56+00:00\" \/>\n<meta property=\"og:image\" content=\"https:\/\/nazarene.org\/wp-content\/uploads\/2025\/06\/In-Memoriam-2.png\" \/>\n\t<meta property=\"og:image:width\" content=\"750\" \/>\n\t<meta property=\"og:image:height\" content=\"400\" \/>\n\t<meta property=\"og:image:type\" content=\"image\/png\" \/>\n<meta name=\"twitter:card\" content=\"summary_large_image\" \/>\n<meta name=\"twitter:site\" content=\"@Nazarene\" \/>\n<script type=\"application\/ld+json\" class=\"yoast-schema-graph\">{\"@context\":\"https:\/\/schema.org\",\"@graph\":[{\"@type\":\"WebPage\",\"@id\":\"https:\/\/nazarene.org\/fr\/news\/dans-memoriam-6-juin-2025\/\",\"url\":\"https:\/\/nazarene.org\/fr\/news\/dans-memoriam-6-juin-2025\/\",\"name\":\"Dans Memoriam : 6 juin 2025 - Church of the Nazarene\",\"isPartOf\":{\"@id\":\"https:\/\/nazarene.org\/fr\/#website\"},\"primaryImageOfPage\":{\"@id\":\"https:\/\/nazarene.org\/fr\/news\/dans-memoriam-6-juin-2025\/#primaryimage\"},\"image\":{\"@id\":\"https:\/\/nazarene.org\/fr\/news\/dans-memoriam-6-juin-2025\/#primaryimage\"},\"thumbnailUrl\":\"https:\/\/nazarene.org\/wp-content\/uploads\/2025\/06\/In-Memoriam-2.png\",\"datePublished\":\"2025-06-10T02:21:54+00:00\",\"dateModified\":\"2025-07-02T07:17:56+00:00\",\"description\":\"Ce qui suit est une liste hebdomadaire de ministres et de leaders nazar\u00e9ens qui sont r\u00e9cemment all\u00e9s \u00e0 la maison pour \u00eatre avec le Seigneur. Les avis ont \u00e9t\u00e9 re\u00e7us de 2-6 juin 2025.\",\"breadcrumb\":{\"@id\":\"https:\/\/nazarene.org\/fr\/news\/dans-memoriam-6-juin-2025\/#breadcrumb\"},\"inLanguage\":\"fr-FR\",\"potentialAction\":[{\"@type\":\"ReadAction\",\"target\":[\"https:\/\/nazarene.org\/fr\/news\/dans-memoriam-6-juin-2025\/\"]}]},{\"@type\":\"ImageObject\",\"inLanguage\":\"fr-FR\",\"@id\":\"https:\/\/nazarene.org\/fr\/news\/dans-memoriam-6-juin-2025\/#primaryimage\",\"url\":\"https:\/\/nazarene.org\/wp-content\/uploads\/2025\/06\/In-Memoriam-2.png\",\"contentUrl\":\"https:\/\/nazarene.org\/wp-content\/uploads\/2025\/06\/In-Memoriam-2.png\",\"width\":750,\"height\":400},{\"@type\":\"BreadcrumbList\",\"@id\":\"https:\/\/nazarene.org\/fr\/news\/dans-memoriam-6-juin-2025\/#breadcrumb\",\"itemListElement\":[{\"@type\":\"ListItem\",\"position\":1,\"name\":\"Home\",\"item\":\"https:\/\/nazarene.org\/fr\/\"},{\"@type\":\"ListItem\",\"position\":2,\"name\":\"News\",\"item\":\"https:\/\/nazarene.org\/fr\/news\/\"},{\"@type\":\"ListItem\",\"position\":3,\"name\":\"Dans Memoriam : 6 juin 2025\"}]},{\"@type\":\"WebSite\",\"@id\":\"https:\/\/nazarene.org\/fr\/#website\",\"url\":\"https:\/\/nazarene.org\/fr\/\",\"name\":\"Church of the Nazarene\",\"description\":\"Making Christlike Disciples in the Nations\",\"publisher\":{\"@id\":\"https:\/\/nazarene.org\/fr\/#organization\"},\"potentialAction\":[{\"@type\":\"SearchAction\",\"target\":{\"@type\":\"EntryPoint\",\"urlTemplate\":\"https:\/\/nazarene.org\/fr\/?s={search_term_string}\"},\"query-input\":{\"@type\":\"PropertyValueSpecification\",\"valueRequired\":true,\"valueName\":\"search_term_string\"}}],\"inLanguage\":\"fr-FR\"},{\"@type\":\"Organization\",\"@id\":\"https:\/\/nazarene.org\/fr\/#organization\",\"name\":\"Church of the Nazarene\",\"url\":\"https:\/\/nazarene.org\/fr\/\",\"logo\":{\"@type\":\"ImageObject\",\"inLanguage\":\"fr-FR\",\"@id\":\"https:\/\/nazarene.org\/fr\/#\/schema\/logo\/image\/\",\"url\":\"https:\/\/nazarene.org\/wp-content\/uploads\/2024\/06\/Naz_Desktop_Black_Logo-1.svg\",\"contentUrl\":\"https:\/\/nazarene.org\/wp-content\/uploads\/2024\/06\/Naz_Desktop_Black_Logo-1.svg\",\"width\":258,\"height\":36,\"caption\":\"Church of the Nazarene\"},\"image\":{\"@id\":\"https:\/\/nazarene.org\/fr\/#\/schema\/logo\/image\/\"},\"sameAs\":[\"https:\/\/www.facebook.com\/NazareneOfficial\/\",\"https:\/\/x.com\/Nazarene\",\"https:\/\/www.instagram.com\/nazareneofficial\/\"]}]}<\/script>\n<!-- \/ Yoast SEO Premium plugin. -->","yoast_head_json":{"title":"Dans Memoriam : 6 juin 2025 - Church of the Nazarene","description":"Ce qui suit est une liste hebdomadaire de ministres et de leaders nazar\u00e9ens qui sont r\u00e9cemment all\u00e9s \u00e0 la maison pour \u00eatre avec le Seigneur. Les avis ont \u00e9t\u00e9 re\u00e7us de 2-6 juin 2025.","robots":{"index":"index","follow":"follow","max-snippet":"max-snippet:-1","max-image-preview":"max-image-preview:large","max-video-preview":"max-video-preview:-1"},"canonical":"https:\/\/nazarene.org\/fr\/news\/dans-memoriam-6-juin-2025\/","og_locale":"fr_FR","og_type":"article","og_title":"Dans Memoriam : 6 juin 2025","og_description":"Ce qui suit est une liste hebdomadaire de ministres et de leaders nazar\u00e9ens qui sont r\u00e9cemment all\u00e9s \u00e0 la maison pour \u00eatre avec le Seigneur. Les avis ont \u00e9t\u00e9 re\u00e7us de 2-6 juin 2025.","og_url":"https:\/\/nazarene.org\/fr\/news\/dans-memoriam-6-juin-2025\/","og_site_name":"Church of the Nazarene","article_publisher":"https:\/\/www.facebook.com\/NazareneOfficial\/","article_modified_time":"2025-07-02T07:17:56+00:00","og_image":[{"width":750,"height":400,"url":"https:\/\/nazarene.org\/wp-content\/uploads\/2025\/06\/In-Memoriam-2.png","type":"image\/png"}],"twitter_card":"summary_large_image","twitter_site":"@Nazarene","schema":{"@context":"https:\/\/schema.org","@graph":[{"@type":"WebPage","@id":"https:\/\/nazarene.org\/fr\/news\/dans-memoriam-6-juin-2025\/","url":"https:\/\/nazarene.org\/fr\/news\/dans-memoriam-6-juin-2025\/","name":"Dans Memoriam : 6 juin 2025 - Church of the Nazarene","isPartOf":{"@id":"https:\/\/nazarene.org\/fr\/#website"},"primaryImageOfPage":{"@id":"https:\/\/nazarene.org\/fr\/news\/dans-memoriam-6-juin-2025\/#primaryimage"},"image":{"@id":"https:\/\/nazarene.org\/fr\/news\/dans-memoriam-6-juin-2025\/#primaryimage"},"thumbnailUrl":"https:\/\/nazarene.org\/wp-content\/uploads\/2025\/06\/In-Memoriam-2.png","datePublished":"2025-06-10T02:21:54+00:00","dateModified":"2025-07-02T07:17:56+00:00","description":"Ce qui suit est une liste hebdomadaire de ministres et de leaders nazar\u00e9ens qui sont r\u00e9cemment all\u00e9s \u00e0 la maison pour \u00eatre avec le Seigneur. Les avis ont \u00e9t\u00e9 re\u00e7us de 2-6 juin 2025.","breadcrumb":{"@id":"https:\/\/nazarene.org\/fr\/news\/dans-memoriam-6-juin-2025\/#breadcrumb"},"inLanguage":"fr-FR","potentialAction":[{"@type":"ReadAction","target":["https:\/\/nazarene.org\/fr\/news\/dans-memoriam-6-juin-2025\/"]}]},{"@type":"ImageObject","inLanguage":"fr-FR","@id":"https:\/\/nazarene.org\/fr\/news\/dans-memoriam-6-juin-2025\/#primaryimage","url":"https:\/\/nazarene.org\/wp-content\/uploads\/2025\/06\/In-Memoriam-2.png","contentUrl":"https:\/\/nazarene.org\/wp-content\/uploads\/2025\/06\/In-Memoriam-2.png","width":750,"height":400},{"@type":"BreadcrumbList","@id":"https:\/\/nazarene.org\/fr\/news\/dans-memoriam-6-juin-2025\/#breadcrumb","itemListElement":[{"@type":"ListItem","position":1,"name":"Home","item":"https:\/\/nazarene.org\/fr\/"},{"@type":"ListItem","position":2,"name":"News","item":"https:\/\/nazarene.org\/fr\/news\/"},{"@type":"ListItem","position":3,"name":"Dans Memoriam : 6 juin 2025"}]},{"@type":"WebSite","@id":"https:\/\/nazarene.org\/fr\/#website","url":"https:\/\/nazarene.org\/fr\/","name":"Church of the Nazarene","description":"Making Christlike Disciples in the Nations","publisher":{"@id":"https:\/\/nazarene.org\/fr\/#organization"},"potentialAction":[{"@type":"SearchAction","target":{"@type":"EntryPoint","urlTemplate":"https:\/\/nazarene.org\/fr\/?s={search_term_string}"},"query-input":{"@type":"PropertyValueSpecification","valueRequired":true,"valueName":"search_term_string"}}],"inLanguage":"fr-FR"},{"@type":"Organization","@id":"https:\/\/nazarene.org\/fr\/#organization","name":"Church of the Nazarene","url":"https:\/\/nazarene.org\/fr\/","logo":{"@type":"ImageObject","inLanguage":"fr-FR","@id":"https:\/\/nazarene.org\/fr\/#\/schema\/logo\/image\/","url":"https:\/\/nazarene.org\/wp-content\/uploads\/2024\/06\/Naz_Desktop_Black_Logo-1.svg","contentUrl":"https:\/\/nazarene.org\/wp-content\/uploads\/2024\/06\/Naz_Desktop_Black_Logo-1.svg","width":258,"height":36,"caption":"Church of the Nazarene"},"image":{"@id":"https:\/\/nazarene.org\/fr\/#\/schema\/logo\/image\/"},"sameAs":["https:\/\/www.facebook.com\/NazareneOfficial\/","https:\/\/x.com\/Nazarene","https:\/\/www.instagram.com\/nazareneofficial\/"]}]}},"_links":{"self":[{"href":"https:\/\/nazarene.org\/fr\/wp-json\/wp\/v2\/news\/41760","targetHints":{"allow":["GET"]}}],"collection":[{"href":"https:\/\/nazarene.org\/fr\/wp-json\/wp\/v2\/news"}],"about":[{"href":"https:\/\/nazarene.org\/fr\/wp-json\/wp\/v2\/types\/news"}],"author":[{"embeddable":true,"href":"https:\/\/nazarene.org\/fr\/wp-json\/wp\/v2\/users\/12"}],"version-history":[{"count":0,"href":"https:\/\/nazarene.org\/fr\/wp-json\/wp\/v2\/news\/41760\/revisions"}],"wp:featuredmedia":[{"embeddable":true,"href":"https:\/\/nazarene.org\/fr\/wp-json\/wp\/v2\/media\/38551"}],"wp:attachment":[{"href":"https:\/\/nazarene.org\/fr\/wp-json\/wp\/v2\/media?parent=41760"}],"wp:term":[{"taxonomy":"news-categories","embeddable":true,"href":"https:\/\/nazarene.org\/fr\/wp-json\/wp\/v2\/news-categories?post=41760"},{"taxonomy":"news-region-taxonomy","embeddable":true,"href":"https:\/\/nazarene.org\/fr\/wp-json\/wp\/v2\/news-region-taxonomy?post=41760"},{"taxonomy":"news-tag","embeddable":true,"href":"https:\/\/nazarene.org\/fr\/wp-json\/wp\/v2\/news-tag?post=41760"}],"curies":[{"name":"wp","href":"https:\/\/api.w.org\/{rel}","templated":true}]}}