{"id":75886,"date":"2026-09-03T15:20:29","date_gmt":"2026-09-03T20:20:29","guid":{"rendered":"https:\/\/nazarene.org\/news\/mas-de-300-personas-asisten-al-congreso-de-mni-de-la-region-mesoamerica\/"},"modified":"2026-09-04T09:09:35","modified_gmt":"2026-09-04T14:09:35","slug":"mas-de-300-personas-asisten-al-congreso-de-mni-de-la-region-mesoamerica","status":"publish","type":"news","link":"https:\/\/nazarene.org\/es\/news\/mas-de-300-personas-asisten-al-congreso-de-mni-de-la-region-mesoamerica\/","title":{"rendered":"M\u00e1s de 300 personas asisten al Congreso de MNI de la Regi\u00f3n Mesoam\u00e9rica"},"content":{"rendered":"<div class=\" jet-sm-gb-wrapper jet-sm-gb-f0cf7d1d-d71c-4c2e-bcf3-0f8986d8af8c\" data-block-id=\"jet-sm-gb-f0cf7d1d-d71c-4c2e-bcf3-0f8986d8af8c\" >\n<p class=\"jet-sm-gb-wrapper jet-sm-gb-f0cf7d1d-d71c-4c2e-bcf3-0f8986d8af8c wp-block-paragraph\">M\u00e1s de 300 nazarenos de 10 pa\u00edses participaron en el Congreso Regional de Misiones Nazarenas Internacionales (MNI), celebrado del 13 al 15 de agosto de 2026, en el Centro de Convenciones del Seminario Teol\u00f3gico Nazareno en la Ciudad de Guatemala, Guatemala.<\/p>\n<\/div>\n<p class=\"wp-block-paragraph\">Representantes de M\u00e9xico, Guatemala, El Salvador, Honduras, Nicaragua, Costa Rica, Panam\u00e1, Rep\u00fablica Dominicana, Guyana y Belice se reunieron para ser desafiados y equipados para cumplir la Gran Comisi\u00f3n y movilizar a la iglesia en la misi\u00f3n de hacer disc\u00edpulos semejantes a Cristo.<\/p>\n\n<p class=\"wp-block-paragraph\">Bajo el \u00e9nfasis: \u00abMovilizando para construir su iglesia\u00bb, el congreso incluy\u00f3 seis sesiones plenarias y cinco talleres enfocados en temas como discipulado, oraci\u00f3n, movilizaci\u00f3n hacia las ciudades, visi\u00f3n regional, movilizaci\u00f3n misionera, la participaci\u00f3n misionera de nuevas generaciones y el fortalecimiento de MNI en la iglesia local.<\/p>\n\n<p class=\"wp-block-paragraph\">Entre los invitados, se encontraban el superintendente general en jurisdicci\u00f3n, David Busic; el superintendente general Gustavo Crocker; la directora global de MNI, Cheryl Crouch; y el director regional para Mesoam\u00e9rica, Jimmy De Gouveia. Varios l\u00edderes regionales, de \u00e1rea y de distrito tambi\u00e9n asistieron.<\/p>\n\n<p class=\"wp-block-paragraph\">Durante la apertura, Busic comparti\u00f3 el mensaje titulado \u00abMovilizando para construir su iglesia\u00bb. En las noches siguientes, Crocker predic\u00f3 sobre los temas \u00abMovilizando la Iglesia del Nazareno en Misiones Globales\u00bb y \u00abComprometidos a llevar la misi\u00f3n hasta los confines de la tierra\u00bb.<\/p>\n\n<p class=\"wp-block-paragraph\">En un momento, Crocker hizo un llamado a todos para que aceptaran el desaf\u00edo. Muchas personas respondieron acerc\u00e1ndose al altar y arrodill\u00e1ndose como una expresi\u00f3n de compromiso.<\/p>\n\n<p class=\"wp-block-paragraph\">El congreso tambi\u00e9n marc\u00f3 un momento significativo para MNI en Mesoam\u00e9rica. De Gouveia reconoci\u00f3 p\u00fablicamente a Ana Mar\u00eda Crocker de D\u00edaz por sus 22 a\u00f1os de servicio como coordinadora regional de MNI. Representantes de distrito pudieron reconocer sus a\u00f1os de liderazgo y servicio.<\/p>\n\n<p class=\"wp-block-paragraph\">Crouch tambi\u00e9n expres\u00f3 su gratitud por el tiempo compartido en Guatemala, destacando la ense\u00f1anza, los tiempos de adoraci\u00f3n, y la comuni\u00f3n con l\u00edderes y misioneros.<\/p>\n\n<p class=\"wp-block-paragraph\">\u00abHa sido una alegr\u00eda especial celebrar los 22 a\u00f1os del liderazgo excepcional de Ana Crocker\u00bb, dijo Crouch.<\/p>\n\n<p class=\"wp-block-paragraph\">Como parte de esta transici\u00f3n, Crocker entreg\u00f3 simb\u00f3licamente el relevo a Ana Celia Mart\u00ednez, quien asume la coordinaci\u00f3n regional de MNI; y, posteriormente, or\u00f3 por ella en esta nueva etapa del ministerio.<\/p>\n\n<p class=\"wp-block-paragraph\">\u00abPara m\u00ed, es un honor y una gran responsabilidad asumir la coordinaci\u00f3n de este ministerio en nuestra regi\u00f3n. El desaf\u00edo por delante es grande; pero estoy convencida de que, con la gracia de Dios y el apoyo de nuestra iglesia, podemos ser instrumentos de transformaci\u00f3n. Es mi deseo que el Se\u00f1or me equipe con todo lo necesario para hacer su voluntad\u00bb, expres\u00f3 Mart\u00ednez.<\/p>\n\n<p class=\"wp-block-paragraph\">Otro momento de reconocimiento fue la despedida de Benjam\u00edn Soria, que complet\u00f3 cuatro a\u00f1os de servicio como coordinador regional de la JNI. El concilio regional de JNI le agradeci\u00f3 por su trabajo y dedicaci\u00f3n a servir a los j\u00f3venes de Mesoam\u00e9rica.<\/p>\n\n<p class=\"wp-block-paragraph\">Iglesia del Nazareno Regi\u00f3n Mesoam\u00e9rica.<\/p>\n","protected":false},"excerpt":{"rendered":"<p>M\u00e1s de 300 nazarenos de 10 pa\u00edses participaron en el Congreso Regional de Misiones Nazarenas Internacionales (MNI), celebrado del 13 al 15 de agosto de 2026, en el Centro de Convenciones del Seminario Teol\u00f3gico Nazareno en la Ciudad de Guatemala, Guatemala. Representantes de M\u00e9xico, Guatemala, El Salvador, Honduras, Nicaragua, Costa Rica, Panam\u00e1, Rep\u00fablica Dominicana, Guyana [&hellip;]<\/p>\n","protected":false},"author":17,"featured_media":75887,"menu_order":0,"template":"","news-categories":[],"news-region-taxonomy":[1917],"news-tag":[1396],"class_list":["post-75886","news","type-news","status-publish","has-post-thumbnail","hentry","news-region-taxonomy-mesoamerica-es","news-tag-nmi-es"],"yoast_head":"<!-- This site is optimized with the Yoast SEO Premium plugin v28.3 (Yoast SEO v28.3) - https:\/\/yoast.com\/product\/yoast-seo-premium-wordpress\/ -->\n<title>M\u00e1s de 300 personas asisten al Congreso de MNI de la Regi\u00f3n Mesoam\u00e9rica - Church of the Nazarene<\/title>\n<meta name=\"description\" content=\"M\u00e1s de 300 nazarenos de 10 pa\u00edses participaron en el Congreso Regional de Misiones Nazarenas Internacionales, celebrado del 13 al 15 de agosto de 2026.\" \/>\n<meta name=\"robots\" content=\"index, follow, max-snippet:-1, max-image-preview:large, max-video-preview:-1\" \/>\n<link rel=\"canonical\" href=\"https:\/\/nazarene.org\/es\/news\/mas-de-300-personas-asisten-al-congreso-de-mni-de-la-region-mesoamerica\/\" \/>\n<meta property=\"og:locale\" content=\"es_ES\" \/>\n<meta property=\"og:type\" content=\"article\" \/>\n<meta property=\"og:title\" content=\"M\u00e1s de 300 personas asisten al Congreso de MNI de la Regi\u00f3n Mesoam\u00e9rica\" \/>\n<meta property=\"og:description\" content=\"M\u00e1s de 300 nazarenos de 10 pa\u00edses participaron en el Congreso Regional de Misiones Nazarenas Internacionales, celebrado del 13 al 15 de agosto de 2026.\" \/>\n<meta property=\"og:url\" content=\"https:\/\/nazarene.org\/es\/news\/mas-de-300-personas-asisten-al-congreso-de-mni-de-la-region-mesoamerica\/\" \/>\n<meta property=\"og:site_name\" content=\"Church of the Nazarene\" \/>\n<meta property=\"article:publisher\" content=\"https:\/\/www.facebook.com\/NazareneOfficial\/\" \/>\n<meta property=\"article:modified_time\" content=\"2026-09-04T14:09:35+00:00\" \/>\n<meta property=\"og:image\" content=\"https:\/\/nazarene.org\/wp-content\/uploads\/2026\/09\/Meso-NMI.png\" \/>\n\t<meta property=\"og:image:width\" content=\"1500\" \/>\n\t<meta property=\"og:image:height\" content=\"800\" \/>\n\t<meta property=\"og:image:type\" content=\"image\/png\" \/>\n<meta name=\"twitter:card\" content=\"summary_large_image\" \/>\n<meta name=\"twitter:site\" content=\"@Nazarene\" \/>\n<script type=\"application\/ld+json\" class=\"yoast-schema-graph\">{\"@context\":\"https:\\\/\\\/schema.org\",\"@graph\":[{\"@type\":\"WebPage\",\"@id\":\"https:\\\/\\\/nazarene.org\\\/es\\\/news\\\/mas-de-300-personas-asisten-al-congreso-de-mni-de-la-region-mesoamerica\\\/\",\"url\":\"https:\\\/\\\/nazarene.org\\\/es\\\/news\\\/mas-de-300-personas-asisten-al-congreso-de-mni-de-la-region-mesoamerica\\\/\",\"name\":\"M\u00e1s de 300 personas asisten al Congreso de MNI de la Regi\u00f3n Mesoam\u00e9rica - Church of the Nazarene\",\"isPartOf\":{\"@id\":\"https:\\\/\\\/nazarene.org\\\/es\\\/#website\"},\"primaryImageOfPage\":{\"@id\":\"https:\\\/\\\/nazarene.org\\\/es\\\/news\\\/mas-de-300-personas-asisten-al-congreso-de-mni-de-la-region-mesoamerica\\\/#primaryimage\"},\"image\":{\"@id\":\"https:\\\/\\\/nazarene.org\\\/es\\\/news\\\/mas-de-300-personas-asisten-al-congreso-de-mni-de-la-region-mesoamerica\\\/#primaryimage\"},\"thumbnailUrl\":\"https:\\\/\\\/nazarene.org\\\/wp-content\\\/uploads\\\/2026\\\/09\\\/Meso-NMI.png\",\"datePublished\":\"2026-09-03T20:20:29+00:00\",\"dateModified\":\"2026-09-04T14:09:35+00:00\",\"description\":\"M\u00e1s de 300 nazarenos de 10 pa\u00edses participaron en el Congreso Regional de Misiones Nazarenas Internacionales, celebrado del 13 al 15 de agosto de 2026.\",\"breadcrumb\":{\"@id\":\"https:\\\/\\\/nazarene.org\\\/es\\\/news\\\/mas-de-300-personas-asisten-al-congreso-de-mni-de-la-region-mesoamerica\\\/#breadcrumb\"},\"inLanguage\":\"es\",\"potentialAction\":[{\"@type\":\"ReadAction\",\"target\":[\"https:\\\/\\\/nazarene.org\\\/es\\\/news\\\/mas-de-300-personas-asisten-al-congreso-de-mni-de-la-region-mesoamerica\\\/\"]}]},{\"@type\":\"ImageObject\",\"inLanguage\":\"es\",\"@id\":\"https:\\\/\\\/nazarene.org\\\/es\\\/news\\\/mas-de-300-personas-asisten-al-congreso-de-mni-de-la-region-mesoamerica\\\/#primaryimage\",\"url\":\"https:\\\/\\\/nazarene.org\\\/wp-content\\\/uploads\\\/2026\\\/09\\\/Meso-NMI.png\",\"contentUrl\":\"https:\\\/\\\/nazarene.org\\\/wp-content\\\/uploads\\\/2026\\\/09\\\/Meso-NMI.png\",\"width\":1500,\"height\":800},{\"@type\":\"BreadcrumbList\",\"@id\":\"https:\\\/\\\/nazarene.org\\\/es\\\/news\\\/mas-de-300-personas-asisten-al-congreso-de-mni-de-la-region-mesoamerica\\\/#breadcrumb\",\"itemListElement\":[{\"@type\":\"ListItem\",\"position\":1,\"name\":\"Home\",\"item\":\"https:\\\/\\\/nazarene.org\\\/es\\\/inicio\\\/\"},{\"@type\":\"ListItem\",\"position\":2,\"name\":\"News\",\"item\":\"https:\\\/\\\/nazarene.org\\\/es\\\/news\\\/\"},{\"@type\":\"ListItem\",\"position\":3,\"name\":\"M\u00e1s de 300 personas asisten al Congreso de MNI de la Regi\u00f3n Mesoam\u00e9rica\"}]},{\"@type\":\"WebSite\",\"@id\":\"https:\\\/\\\/nazarene.org\\\/es\\\/#website\",\"url\":\"https:\\\/\\\/nazarene.org\\\/es\\\/\",\"name\":\"Church of the Nazarene\",\"description\":\"Making Christlike Disciples in the Nations\",\"publisher\":{\"@id\":\"https:\\\/\\\/nazarene.org\\\/es\\\/#organization\"},\"potentialAction\":[{\"@type\":\"SearchAction\",\"target\":{\"@type\":\"EntryPoint\",\"urlTemplate\":\"https:\\\/\\\/nazarene.org\\\/es\\\/?s={search_term_string}\"},\"query-input\":{\"@type\":\"PropertyValueSpecification\",\"valueRequired\":true,\"valueName\":\"search_term_string\"}}],\"inLanguage\":\"es\"},{\"@type\":\"Organization\",\"@id\":\"https:\\\/\\\/nazarene.org\\\/es\\\/#organization\",\"name\":\"Church of the Nazarene\",\"url\":\"https:\\\/\\\/nazarene.org\\\/es\\\/\",\"logo\":{\"@type\":\"ImageObject\",\"inLanguage\":\"es\",\"@id\":\"https:\\\/\\\/nazarene.org\\\/es\\\/#\\\/schema\\\/logo\\\/image\\\/\",\"url\":\"https:\\\/\\\/nazarene.org\\\/wp-content\\\/uploads\\\/2024\\\/06\\\/Naz_Desktop_Black_Logo-1.svg\",\"contentUrl\":\"https:\\\/\\\/nazarene.org\\\/wp-content\\\/uploads\\\/2024\\\/06\\\/Naz_Desktop_Black_Logo-1.svg\",\"width\":258,\"height\":36,\"caption\":\"Church of the Nazarene\"},\"image\":{\"@id\":\"https:\\\/\\\/nazarene.org\\\/es\\\/#\\\/schema\\\/logo\\\/image\\\/\"},\"sameAs\":[\"https:\\\/\\\/www.facebook.com\\\/NazareneOfficial\\\/\",\"https:\\\/\\\/x.com\\\/Nazarene\",\"https:\\\/\\\/www.instagram.com\\\/nazareneofficial\\\/\"]}]}<\/script>\n<!-- \/ Yoast SEO Premium plugin. -->","yoast_head_json":{"title":"M\u00e1s de 300 personas asisten al Congreso de MNI de la Regi\u00f3n Mesoam\u00e9rica - Church of the Nazarene","description":"M\u00e1s de 300 nazarenos de 10 pa\u00edses participaron en el Congreso Regional de Misiones Nazarenas Internacionales, celebrado del 13 al 15 de agosto de 2026.","robots":{"index":"index","follow":"follow","max-snippet":"max-snippet:-1","max-image-preview":"max-image-preview:large","max-video-preview":"max-video-preview:-1"},"canonical":"https:\/\/nazarene.org\/es\/news\/mas-de-300-personas-asisten-al-congreso-de-mni-de-la-region-mesoamerica\/","og_locale":"es_ES","og_type":"article","og_title":"M\u00e1s de 300 personas asisten al Congreso de MNI de la Regi\u00f3n Mesoam\u00e9rica","og_description":"M\u00e1s de 300 nazarenos de 10 pa\u00edses participaron en el Congreso Regional de Misiones Nazarenas Internacionales, celebrado del 13 al 15 de agosto de 2026.","og_url":"https:\/\/nazarene.org\/es\/news\/mas-de-300-personas-asisten-al-congreso-de-mni-de-la-region-mesoamerica\/","og_site_name":"Church of the Nazarene","article_publisher":"https:\/\/www.facebook.com\/NazareneOfficial\/","article_modified_time":"2026-09-04T14:09:35+00:00","og_image":[{"width":1500,"height":800,"url":"https:\/\/nazarene.org\/wp-content\/uploads\/2026\/09\/Meso-NMI.png","type":"image\/png"}],"twitter_card":"summary_large_image","twitter_site":"@Nazarene","schema":{"@context":"https:\/\/schema.org","@graph":[{"@type":"WebPage","@id":"https:\/\/nazarene.org\/es\/news\/mas-de-300-personas-asisten-al-congreso-de-mni-de-la-region-mesoamerica\/","url":"https:\/\/nazarene.org\/es\/news\/mas-de-300-personas-asisten-al-congreso-de-mni-de-la-region-mesoamerica\/","name":"M\u00e1s de 300 personas asisten al Congreso de MNI de la Regi\u00f3n Mesoam\u00e9rica - Church of the Nazarene","isPartOf":{"@id":"https:\/\/nazarene.org\/es\/#website"},"primaryImageOfPage":{"@id":"https:\/\/nazarene.org\/es\/news\/mas-de-300-personas-asisten-al-congreso-de-mni-de-la-region-mesoamerica\/#primaryimage"},"image":{"@id":"https:\/\/nazarene.org\/es\/news\/mas-de-300-personas-asisten-al-congreso-de-mni-de-la-region-mesoamerica\/#primaryimage"},"thumbnailUrl":"https:\/\/nazarene.org\/wp-content\/uploads\/2026\/09\/Meso-NMI.png","datePublished":"2026-09-03T20:20:29+00:00","dateModified":"2026-09-04T14:09:35+00:00","description":"M\u00e1s de 300 nazarenos de 10 pa\u00edses participaron en el Congreso Regional de Misiones Nazarenas Internacionales, celebrado del 13 al 15 de agosto de 2026.","breadcrumb":{"@id":"https:\/\/nazarene.org\/es\/news\/mas-de-300-personas-asisten-al-congreso-de-mni-de-la-region-mesoamerica\/#breadcrumb"},"inLanguage":"es","potentialAction":[{"@type":"ReadAction","target":["https:\/\/nazarene.org\/es\/news\/mas-de-300-personas-asisten-al-congreso-de-mni-de-la-region-mesoamerica\/"]}]},{"@type":"ImageObject","inLanguage":"es","@id":"https:\/\/nazarene.org\/es\/news\/mas-de-300-personas-asisten-al-congreso-de-mni-de-la-region-mesoamerica\/#primaryimage","url":"https:\/\/nazarene.org\/wp-content\/uploads\/2026\/09\/Meso-NMI.png","contentUrl":"https:\/\/nazarene.org\/wp-content\/uploads\/2026\/09\/Meso-NMI.png","width":1500,"height":800},{"@type":"BreadcrumbList","@id":"https:\/\/nazarene.org\/es\/news\/mas-de-300-personas-asisten-al-congreso-de-mni-de-la-region-mesoamerica\/#breadcrumb","itemListElement":[{"@type":"ListItem","position":1,"name":"Home","item":"https:\/\/nazarene.org\/es\/inicio\/"},{"@type":"ListItem","position":2,"name":"News","item":"https:\/\/nazarene.org\/es\/news\/"},{"@type":"ListItem","position":3,"name":"M\u00e1s de 300 personas asisten al Congreso de MNI de la Regi\u00f3n Mesoam\u00e9rica"}]},{"@type":"WebSite","@id":"https:\/\/nazarene.org\/es\/#website","url":"https:\/\/nazarene.org\/es\/","name":"Church of the Nazarene","description":"Making Christlike Disciples in the Nations","publisher":{"@id":"https:\/\/nazarene.org\/es\/#organization"},"potentialAction":[{"@type":"SearchAction","target":{"@type":"EntryPoint","urlTemplate":"https:\/\/nazarene.org\/es\/?s={search_term_string}"},"query-input":{"@type":"PropertyValueSpecification","valueRequired":true,"valueName":"search_term_string"}}],"inLanguage":"es"},{"@type":"Organization","@id":"https:\/\/nazarene.org\/es\/#organization","name":"Church of the Nazarene","url":"https:\/\/nazarene.org\/es\/","logo":{"@type":"ImageObject","inLanguage":"es","@id":"https:\/\/nazarene.org\/es\/#\/schema\/logo\/image\/","url":"https:\/\/nazarene.org\/wp-content\/uploads\/2024\/06\/Naz_Desktop_Black_Logo-1.svg","contentUrl":"https:\/\/nazarene.org\/wp-content\/uploads\/2024\/06\/Naz_Desktop_Black_Logo-1.svg","width":258,"height":36,"caption":"Church of the Nazarene"},"image":{"@id":"https:\/\/nazarene.org\/es\/#\/schema\/logo\/image\/"},"sameAs":["https:\/\/www.facebook.com\/NazareneOfficial\/","https:\/\/x.com\/Nazarene","https:\/\/www.instagram.com\/nazareneofficial\/"]}]}},"_links":{"self":[{"href":"https:\/\/nazarene.org\/es\/wp-json\/wp\/v2\/news\/75886","targetHints":{"allow":["GET"]}}],"collection":[{"href":"https:\/\/nazarene.org\/es\/wp-json\/wp\/v2\/news"}],"about":[{"href":"https:\/\/nazarene.org\/es\/wp-json\/wp\/v2\/types\/news"}],"author":[{"embeddable":true,"href":"https:\/\/nazarene.org\/es\/wp-json\/wp\/v2\/users\/17"}],"version-history":[{"count":1,"href":"https:\/\/nazarene.org\/es\/wp-json\/wp\/v2\/news\/75886\/revisions"}],"predecessor-version":[{"id":75888,"href":"https:\/\/nazarene.org\/es\/wp-json\/wp\/v2\/news\/75886\/revisions\/75888"}],"wp:featuredmedia":[{"embeddable":true,"href":"https:\/\/nazarene.org\/es\/wp-json\/wp\/v2\/media\/75887"}],"wp:attachment":[{"href":"https:\/\/nazarene.org\/es\/wp-json\/wp\/v2\/media?parent=75886"}],"wp:term":[{"taxonomy":"news-categories","embeddable":true,"href":"https:\/\/nazarene.org\/es\/wp-json\/wp\/v2\/news-categories?post=75886"},{"taxonomy":"news-region-taxonomy","embeddable":true,"href":"https:\/\/nazarene.org\/es\/wp-json\/wp\/v2\/news-region-taxonomy?post=75886"},{"taxonomy":"news-tag","embeddable":true,"href":"https:\/\/nazarene.org\/es\/wp-json\/wp\/v2\/news-tag?post=75886"}],"curies":[{"name":"wp","href":"https:\/\/api.w.org\/{rel}","templated":true}]}}