{"id":75884,"date":"2026-09-03T15:12:31","date_gmt":"2026-09-03T20:12:31","guid":{"rendered":"https:\/\/nazarene.org\/news\/postal-desde-africa-senegal\/"},"modified":"2026-09-04T09:07:54","modified_gmt":"2026-09-04T14:07:54","slug":"postal-desde-africa-senegal","status":"publish","type":"news","link":"https:\/\/nazarene.org\/es\/news\/postal-desde-africa-senegal\/","title":{"rendered":"Postal desde \u00c1frica: Senegal"},"content":{"rendered":"<div class=\" jet-sm-gb-wrapper jet-sm-gb-e1940f59-44e0-44fc-9968-5d1a749cb153\" data-block-id=\"jet-sm-gb-e1940f59-44e0-44fc-9968-5d1a749cb153\" >\n<p class=\"jet-sm-gb-wrapper jet-sm-gb-e1940f59-44e0-44fc-9968-5d1a749cb153 wp-block-paragraph\"><em>El siguiente es un reporte desde el campo misionero sobre una reciente proyecci\u00f3n de la Pel\u00edcula JES\u00daS en Senegal, y el testimonio de un joven llamado Gabriel.<\/em><\/p>\n<\/div>\n<p class=\"wp-block-paragraph\">Gabriel* es un joven estudiante que fue criado en una familia que practicaba una religi\u00f3n diferente. Sus padres hicieron sacrificios; y toda la familia realizaba estas pr\u00e1cticas. Gabriel siempre dud\u00f3 en unirse a estas pr\u00e1cticas. Siempre se sent\u00eda intranquilo en su esp\u00edritu.<\/p>\n\n<p class=\"wp-block-paragraph\">\u00abNunca quise participar [en estas cosas]\u00bb, dijo Gabriel. \u00abEstoy buscando paz y salvaci\u00f3n para mi alma\u00bb.<\/p>\n\n<p class=\"wp-block-paragraph\">Un s\u00e1bado, en su aldea, algunas personas asistieron a una proyecci\u00f3n de la <em>Pel\u00edcula JES\u00daS<\/em>. Gabriel ni siquiera pudo ver la pel\u00edcula desde el principio; pero algo en su cuerpo y esp\u00edritu se sinti\u00f3 como algo fresco.<\/p>\n\n<p class=\"wp-block-paragraph\">\u00abSent\u00ed algo&#8230; que alcanz\u00f3 mi ser interior\u00bb, dijo Gabriel. \u00abComenc\u00e9 a sentir gozo y paz\u00bb.<\/p>\n\n<p class=\"wp-block-paragraph\">Gabriel comenz\u00f3 a llorar hasta que uno de los voluntarios se acerc\u00f3 a \u00e9l y le pregunt\u00f3 si le gustar\u00eda orar por salvaci\u00f3n. Gabriel no s\u00f3lo or\u00f3 para recibir a Jes\u00fas como su Salvador; sino que tambi\u00e9n or\u00f3 para que su familia conociera a Cristo.<\/p>\n\n<p class=\"wp-block-paragraph\">Por favor, oren por Gabriel, ya que es nuevo en la fe; y oren por su familia para que tambi\u00e9n sea alcanzada por la gracia salvadora de Jesucristo.<\/p>\n<div class=\" jet-sm-gb-wrapper jet-sm-gb-d479a555-2486-4c9f-a28c-9581782441e8\" data-block-id=\"jet-sm-gb-d479a555-2486-4c9f-a28c-9581782441e8\" >\n<p class=\"jet-sm-gb-wrapper jet-sm-gb-d479a555-2486-4c9f-a28c-9581782441e8 wp-block-paragraph\"><em>*Nombre completo omitido por motivos de privacidad.<\/em><\/p>\n<\/div><div class=\" jet-sm-gb-wrapper jet-sm-gb-3954feb3-45af-4984-ad2f-50e03f4a10c2\" data-block-id=\"jet-sm-gb-3954feb3-45af-4984-ad2f-50e03f4a10c2\" >\n<p class=\"jet-sm-gb-wrapper jet-sm-gb-3954feb3-45af-4984-ad2f-50e03f4a10c2 wp-block-paragraph\">Iglesia del <a href=\"https:\/\/www.africanazarene.org\">Nazareno Regi\u00f3n \u00c1frica.<\/a><\/p>\n<\/div>","protected":false},"excerpt":{"rendered":"<p>El siguiente es un reporte desde el campo misionero sobre una reciente proyecci\u00f3n de la Pel\u00edcula JES\u00daS en Senegal, y el testimonio de un joven llamado Gabriel. Gabriel* es un joven estudiante que fue criado en una familia que practicaba una religi\u00f3n diferente. Sus padres hicieron sacrificios; y toda la familia realizaba estas pr\u00e1cticas. Gabriel [&hellip;]<\/p>\n","protected":false},"author":17,"featured_media":75904,"menu_order":0,"template":"","news-categories":[],"news-region-taxonomy":[2862],"news-tag":[947,2158],"class_list":["post-75884","news","type-news","status-publish","has-post-thumbnail","hentry","news-region-taxonomy-africa-es","news-tag-jfhp-es","news-tag-senegal-es"],"yoast_head":"<!-- This site is optimized with the Yoast SEO Premium plugin v28.3 (Yoast SEO v28.3) - https:\/\/yoast.com\/product\/yoast-seo-premium-wordpress\/ -->\n<title>Postal desde \u00c1frica: Senegal - Church of the Nazarene<\/title>\n<meta name=\"description\" content=\"El siguiente es un reporte desde el campo misionero sobre una reciente proyecci\u00f3n de la Pel\u00edcula JES\u00daS en Senegal, y el testimonio de un joven llamado Gabriel.\" \/>\n<meta name=\"robots\" content=\"index, follow, max-snippet:-1, max-image-preview:large, max-video-preview:-1\" \/>\n<link rel=\"canonical\" href=\"https:\/\/nazarene.org\/es\/news\/postal-desde-africa-senegal\/\" \/>\n<meta property=\"og:locale\" content=\"es_ES\" \/>\n<meta property=\"og:type\" content=\"article\" \/>\n<meta property=\"og:title\" content=\"Postal desde \u00c1frica: Senegal\" \/>\n<meta property=\"og:description\" content=\"El siguiente es un reporte desde el campo misionero sobre una reciente proyecci\u00f3n de la Pel\u00edcula JES\u00daS en Senegal, y el testimonio de un joven llamado Gabriel.\" \/>\n<meta property=\"og:url\" content=\"https:\/\/nazarene.org\/es\/news\/postal-desde-africa-senegal\/\" \/>\n<meta property=\"og:site_name\" content=\"Church of the Nazarene\" \/>\n<meta property=\"article:publisher\" content=\"https:\/\/www.facebook.com\/NazareneOfficial\/\" \/>\n<meta property=\"article:modified_time\" content=\"2026-09-04T14:07:54+00:00\" \/>\n<meta name=\"twitter:card\" content=\"summary_large_image\" \/>\n<meta name=\"twitter:site\" content=\"@Nazarene\" \/>\n<script type=\"application\/ld+json\" class=\"yoast-schema-graph\">{\"@context\":\"https:\\\/\\\/schema.org\",\"@graph\":[{\"@type\":\"WebPage\",\"@id\":\"https:\\\/\\\/nazarene.org\\\/es\\\/news\\\/postal-desde-africa-senegal\\\/\",\"url\":\"https:\\\/\\\/nazarene.org\\\/es\\\/news\\\/postal-desde-africa-senegal\\\/\",\"name\":\"Postal desde \u00c1frica: Senegal - Church of the Nazarene\",\"isPartOf\":{\"@id\":\"https:\\\/\\\/nazarene.org\\\/es\\\/#website\"},\"primaryImageOfPage\":{\"@id\":\"https:\\\/\\\/nazarene.org\\\/es\\\/news\\\/postal-desde-africa-senegal\\\/#primaryimage\"},\"image\":{\"@id\":\"https:\\\/\\\/nazarene.org\\\/es\\\/news\\\/postal-desde-africa-senegal\\\/#primaryimage\"},\"thumbnailUrl\":\"https:\\\/\\\/nazarene.org\\\/wp-content\\\/uploads\\\/2026\\\/09\\\/Cameroon.jpg\",\"datePublished\":\"2026-09-03T20:12:31+00:00\",\"dateModified\":\"2026-09-04T14:07:54+00:00\",\"description\":\"El siguiente es un reporte desde el campo misionero sobre una reciente proyecci\u00f3n de la Pel\u00edcula JES\u00daS en Senegal, y el testimonio de un joven llamado Gabriel.\",\"breadcrumb\":{\"@id\":\"https:\\\/\\\/nazarene.org\\\/es\\\/news\\\/postal-desde-africa-senegal\\\/#breadcrumb\"},\"inLanguage\":\"es\",\"potentialAction\":[{\"@type\":\"ReadAction\",\"target\":[\"https:\\\/\\\/nazarene.org\\\/es\\\/news\\\/postal-desde-africa-senegal\\\/\"]}]},{\"@type\":\"ImageObject\",\"inLanguage\":\"es\",\"@id\":\"https:\\\/\\\/nazarene.org\\\/es\\\/news\\\/postal-desde-africa-senegal\\\/#primaryimage\",\"url\":\"https:\\\/\\\/nazarene.org\\\/wp-content\\\/uploads\\\/2026\\\/09\\\/Cameroon.jpg\",\"contentUrl\":\"https:\\\/\\\/nazarene.org\\\/wp-content\\\/uploads\\\/2026\\\/09\\\/Cameroon.jpg\",\"width\":1500,\"height\":800},{\"@type\":\"BreadcrumbList\",\"@id\":\"https:\\\/\\\/nazarene.org\\\/es\\\/news\\\/postal-desde-africa-senegal\\\/#breadcrumb\",\"itemListElement\":[{\"@type\":\"ListItem\",\"position\":1,\"name\":\"Home\",\"item\":\"https:\\\/\\\/nazarene.org\\\/es\\\/inicio\\\/\"},{\"@type\":\"ListItem\",\"position\":2,\"name\":\"News\",\"item\":\"https:\\\/\\\/nazarene.org\\\/es\\\/news\\\/\"},{\"@type\":\"ListItem\",\"position\":3,\"name\":\"Postal desde \u00c1frica: Senegal\"}]},{\"@type\":\"WebSite\",\"@id\":\"https:\\\/\\\/nazarene.org\\\/es\\\/#website\",\"url\":\"https:\\\/\\\/nazarene.org\\\/es\\\/\",\"name\":\"Church of the Nazarene\",\"description\":\"Making Christlike Disciples in the Nations\",\"publisher\":{\"@id\":\"https:\\\/\\\/nazarene.org\\\/es\\\/#organization\"},\"potentialAction\":[{\"@type\":\"SearchAction\",\"target\":{\"@type\":\"EntryPoint\",\"urlTemplate\":\"https:\\\/\\\/nazarene.org\\\/es\\\/?s={search_term_string}\"},\"query-input\":{\"@type\":\"PropertyValueSpecification\",\"valueRequired\":true,\"valueName\":\"search_term_string\"}}],\"inLanguage\":\"es\"},{\"@type\":\"Organization\",\"@id\":\"https:\\\/\\\/nazarene.org\\\/es\\\/#organization\",\"name\":\"Church of the Nazarene\",\"url\":\"https:\\\/\\\/nazarene.org\\\/es\\\/\",\"logo\":{\"@type\":\"ImageObject\",\"inLanguage\":\"es\",\"@id\":\"https:\\\/\\\/nazarene.org\\\/es\\\/#\\\/schema\\\/logo\\\/image\\\/\",\"url\":\"https:\\\/\\\/nazarene.org\\\/wp-content\\\/uploads\\\/2024\\\/06\\\/Naz_Desktop_Black_Logo-1.svg\",\"contentUrl\":\"https:\\\/\\\/nazarene.org\\\/wp-content\\\/uploads\\\/2024\\\/06\\\/Naz_Desktop_Black_Logo-1.svg\",\"width\":258,\"height\":36,\"caption\":\"Church of the Nazarene\"},\"image\":{\"@id\":\"https:\\\/\\\/nazarene.org\\\/es\\\/#\\\/schema\\\/logo\\\/image\\\/\"},\"sameAs\":[\"https:\\\/\\\/www.facebook.com\\\/NazareneOfficial\\\/\",\"https:\\\/\\\/x.com\\\/Nazarene\",\"https:\\\/\\\/www.instagram.com\\\/nazareneofficial\\\/\"]}]}<\/script>\n<!-- \/ Yoast SEO Premium plugin. -->","yoast_head_json":{"title":"Postal desde \u00c1frica: Senegal - Church of the Nazarene","description":"El siguiente es un reporte desde el campo misionero sobre una reciente proyecci\u00f3n de la Pel\u00edcula JES\u00daS en Senegal, y el testimonio de un joven llamado Gabriel.","robots":{"index":"index","follow":"follow","max-snippet":"max-snippet:-1","max-image-preview":"max-image-preview:large","max-video-preview":"max-video-preview:-1"},"canonical":"https:\/\/nazarene.org\/es\/news\/postal-desde-africa-senegal\/","og_locale":"es_ES","og_type":"article","og_title":"Postal desde \u00c1frica: Senegal","og_description":"El siguiente es un reporte desde el campo misionero sobre una reciente proyecci\u00f3n de la Pel\u00edcula JES\u00daS en Senegal, y el testimonio de un joven llamado Gabriel.","og_url":"https:\/\/nazarene.org\/es\/news\/postal-desde-africa-senegal\/","og_site_name":"Church of the Nazarene","article_publisher":"https:\/\/www.facebook.com\/NazareneOfficial\/","article_modified_time":"2026-09-04T14:07:54+00:00","twitter_card":"summary_large_image","twitter_site":"@Nazarene","schema":{"@context":"https:\/\/schema.org","@graph":[{"@type":"WebPage","@id":"https:\/\/nazarene.org\/es\/news\/postal-desde-africa-senegal\/","url":"https:\/\/nazarene.org\/es\/news\/postal-desde-africa-senegal\/","name":"Postal desde \u00c1frica: Senegal - Church of the Nazarene","isPartOf":{"@id":"https:\/\/nazarene.org\/es\/#website"},"primaryImageOfPage":{"@id":"https:\/\/nazarene.org\/es\/news\/postal-desde-africa-senegal\/#primaryimage"},"image":{"@id":"https:\/\/nazarene.org\/es\/news\/postal-desde-africa-senegal\/#primaryimage"},"thumbnailUrl":"https:\/\/nazarene.org\/wp-content\/uploads\/2026\/09\/Cameroon.jpg","datePublished":"2026-09-03T20:12:31+00:00","dateModified":"2026-09-04T14:07:54+00:00","description":"El siguiente es un reporte desde el campo misionero sobre una reciente proyecci\u00f3n de la Pel\u00edcula JES\u00daS en Senegal, y el testimonio de un joven llamado Gabriel.","breadcrumb":{"@id":"https:\/\/nazarene.org\/es\/news\/postal-desde-africa-senegal\/#breadcrumb"},"inLanguage":"es","potentialAction":[{"@type":"ReadAction","target":["https:\/\/nazarene.org\/es\/news\/postal-desde-africa-senegal\/"]}]},{"@type":"ImageObject","inLanguage":"es","@id":"https:\/\/nazarene.org\/es\/news\/postal-desde-africa-senegal\/#primaryimage","url":"https:\/\/nazarene.org\/wp-content\/uploads\/2026\/09\/Cameroon.jpg","contentUrl":"https:\/\/nazarene.org\/wp-content\/uploads\/2026\/09\/Cameroon.jpg","width":1500,"height":800},{"@type":"BreadcrumbList","@id":"https:\/\/nazarene.org\/es\/news\/postal-desde-africa-senegal\/#breadcrumb","itemListElement":[{"@type":"ListItem","position":1,"name":"Home","item":"https:\/\/nazarene.org\/es\/inicio\/"},{"@type":"ListItem","position":2,"name":"News","item":"https:\/\/nazarene.org\/es\/news\/"},{"@type":"ListItem","position":3,"name":"Postal desde \u00c1frica: Senegal"}]},{"@type":"WebSite","@id":"https:\/\/nazarene.org\/es\/#website","url":"https:\/\/nazarene.org\/es\/","name":"Church of the Nazarene","description":"Making Christlike Disciples in the Nations","publisher":{"@id":"https:\/\/nazarene.org\/es\/#organization"},"potentialAction":[{"@type":"SearchAction","target":{"@type":"EntryPoint","urlTemplate":"https:\/\/nazarene.org\/es\/?s={search_term_string}"},"query-input":{"@type":"PropertyValueSpecification","valueRequired":true,"valueName":"search_term_string"}}],"inLanguage":"es"},{"@type":"Organization","@id":"https:\/\/nazarene.org\/es\/#organization","name":"Church of the Nazarene","url":"https:\/\/nazarene.org\/es\/","logo":{"@type":"ImageObject","inLanguage":"es","@id":"https:\/\/nazarene.org\/es\/#\/schema\/logo\/image\/","url":"https:\/\/nazarene.org\/wp-content\/uploads\/2024\/06\/Naz_Desktop_Black_Logo-1.svg","contentUrl":"https:\/\/nazarene.org\/wp-content\/uploads\/2024\/06\/Naz_Desktop_Black_Logo-1.svg","width":258,"height":36,"caption":"Church of the Nazarene"},"image":{"@id":"https:\/\/nazarene.org\/es\/#\/schema\/logo\/image\/"},"sameAs":["https:\/\/www.facebook.com\/NazareneOfficial\/","https:\/\/x.com\/Nazarene","https:\/\/www.instagram.com\/nazareneofficial\/"]}]}},"_links":{"self":[{"href":"https:\/\/nazarene.org\/es\/wp-json\/wp\/v2\/news\/75884","targetHints":{"allow":["GET"]}}],"collection":[{"href":"https:\/\/nazarene.org\/es\/wp-json\/wp\/v2\/news"}],"about":[{"href":"https:\/\/nazarene.org\/es\/wp-json\/wp\/v2\/types\/news"}],"author":[{"embeddable":true,"href":"https:\/\/nazarene.org\/es\/wp-json\/wp\/v2\/users\/17"}],"version-history":[{"count":1,"href":"https:\/\/nazarene.org\/es\/wp-json\/wp\/v2\/news\/75884\/revisions"}],"predecessor-version":[{"id":75885,"href":"https:\/\/nazarene.org\/es\/wp-json\/wp\/v2\/news\/75884\/revisions\/75885"}],"wp:featuredmedia":[{"embeddable":true,"href":"https:\/\/nazarene.org\/es\/wp-json\/wp\/v2\/media\/75904"}],"wp:attachment":[{"href":"https:\/\/nazarene.org\/es\/wp-json\/wp\/v2\/media?parent=75884"}],"wp:term":[{"taxonomy":"news-categories","embeddable":true,"href":"https:\/\/nazarene.org\/es\/wp-json\/wp\/v2\/news-categories?post=75884"},{"taxonomy":"news-region-taxonomy","embeddable":true,"href":"https:\/\/nazarene.org\/es\/wp-json\/wp\/v2\/news-region-taxonomy?post=75884"},{"taxonomy":"news-tag","embeddable":true,"href":"https:\/\/nazarene.org\/es\/wp-json\/wp\/v2\/news-tag?post=75884"}],"curies":[{"name":"wp","href":"https:\/\/api.w.org\/{rel}","templated":true}]}}