{"id":73163,"date":"2026-05-01T11:04:00","date_gmt":"2026-05-01T16:04:00","guid":{"rendered":"https:\/\/nazarene.org\/news\/david-bennett-elegido-superintendente-del-distrito-philadelphia\/"},"modified":"2026-05-01T13:04:52","modified_gmt":"2026-05-01T18:04:52","slug":"david-bennett-elegido-superintendente-del-distrito-philadelphia","status":"publish","type":"news","link":"https:\/\/nazarene.org\/es\/news\/david-bennett-elegido-superintendente-del-distrito-philadelphia\/","title":{"rendered":"David Bennett elegido superintendente del Distrito Philadelphia"},"content":{"rendered":"\n<p>David Bennett fue elegido superintendente del Distrito Philadelphia el 26 de abril de 2026. Bennett ha servido como pastor de la Iglesia del Nazareno Fairview Village en Eagleville, Pensilvania, desde 2007.<\/p>\n\n\n\n<p>Bennett asumir\u00e1 su nuevo cargo el 25 de mayo de 2026. Sucede a Kerry Willis, quien decidi\u00f3 regresar al ministerio pastoral en 2025. Kenneth Mills se desempe\u00f1\u00f3 como superintendente interino desde septiembre de 2025 hasta la reciente asamblea distrital.<\/p>\n\n\n\n<p>Bennett obtuvo su licenciatura en el Mount Vernon Nazarene College (actualmente Universidad) en 1987 y una maestr\u00eda en Divinidad del Nazarene Theological Seminary en 1990.<\/p>\n\n\n\n<p>Sirvi\u00f3 en el personal de la Iglesia del Nazareno Kansas City Dundee Hills (ahora, Kansas City North Oak) de 1988 a 1990. En 1990, acept\u00f3 el llamado al pastorado de la Iglesia del Nazareno Northfield en Pensilvania, sirviendo all\u00ed hasta 1994.<\/p>\n\n\n\n<p>En 1994, \u00e9l y su familia regresaron a Kansas, esta vez m\u00e1s al oeste, pastoreando en la Iglesia del Nazareno Topeka Fairlawn desde 1994, hasta que regres\u00f3 a Pensilvania al pastorado de Fairview Village.<\/p>\n\n\n\n<p>Adem\u00e1s de su ministerio en la iglesia local, ha servido como coordinador de aprendizaje para toda la vida del Distrito Philadelphia desde 2019.<\/p>\n\n\n\n<p>David y su esposa, Dora, tienen tres hijos y seis nietos.<\/p>\n\n\n\n<p><\/p>\n","protected":false},"excerpt":{"rendered":"<p>David Bennett fue elegido superintendente del Distrito Philadelphia el 26 de abril de 2026. Bennett ha servido como pastor de la Iglesia del Nazareno Fairview Village en Eagleville, Pensilvania, desde 2007. Bennett asumir\u00e1 su nuevo cargo el 25 de mayo de 2026. Sucede a Kerry Willis, quien decidi\u00f3 regresar al ministerio pastoral en 2025. Kenneth [&hellip;]<\/p>\n","protected":false},"author":17,"featured_media":73164,"menu_order":0,"template":"","news-categories":[],"news-region-taxonomy":[2896],"news-tag":[],"class_list":["post-73163","news","type-news","status-publish","has-post-thumbnail","hentry","news-region-taxonomy-estados-unidos-canada"],"yoast_head":"<!-- This site is optimized with the Yoast SEO Premium plugin v27.1 (Yoast SEO v27.1.1) - https:\/\/yoast.com\/product\/yoast-seo-premium-wordpress\/ -->\n<title>David Bennett elegido superintendente del Distrito Philadelphia - Church of the Nazarene<\/title>\n<meta name=\"robots\" content=\"index, follow, max-snippet:-1, max-image-preview:large, max-video-preview:-1\" \/>\n<link rel=\"canonical\" href=\"https:\/\/nazarene.org\/es\/news\/david-bennett-elegido-superintendente-del-distrito-philadelphia\/\" \/>\n<meta property=\"og:locale\" content=\"es_ES\" \/>\n<meta property=\"og:type\" content=\"article\" \/>\n<meta property=\"og:title\" content=\"David Bennett elegido superintendente del Distrito Philadelphia\" \/>\n<meta property=\"og:description\" content=\"David Bennett fue elegido superintendente del Distrito Philadelphia el 26 de abril de 2026. Bennett ha servido como pastor de la Iglesia del Nazareno Fairview Village en Eagleville, Pensilvania, desde 2007. Bennett asumir\u00e1 su nuevo cargo el 25 de mayo de 2026. Sucede a Kerry Willis, quien decidi\u00f3 regresar al ministerio pastoral en 2025. Kenneth [&hellip;]\" \/>\n<meta property=\"og:url\" content=\"https:\/\/nazarene.org\/es\/news\/david-bennett-elegido-superintendente-del-distrito-philadelphia\/\" \/>\n<meta property=\"og:site_name\" content=\"Church of the Nazarene\" \/>\n<meta property=\"article:publisher\" content=\"https:\/\/www.facebook.com\/NazareneOfficial\/\" \/>\n<meta property=\"article:modified_time\" content=\"2026-05-01T18:04:52+00:00\" \/>\n<meta property=\"og:image\" content=\"https:\/\/nazarene.org\/wp-content\/uploads\/2026\/04\/David-Bennett.jpg\" \/>\n\t<meta property=\"og:image:width\" content=\"1500\" \/>\n\t<meta property=\"og:image:height\" content=\"800\" \/>\n\t<meta property=\"og:image:type\" content=\"image\/jpeg\" \/>\n<meta name=\"twitter:card\" content=\"summary_large_image\" \/>\n<meta name=\"twitter:site\" content=\"@Nazarene\" \/>\n<script type=\"application\/ld+json\" class=\"yoast-schema-graph\">{\"@context\":\"https:\/\/schema.org\",\"@graph\":[{\"@type\":\"WebPage\",\"@id\":\"https:\/\/nazarene.org\/es\/news\/david-bennett-elegido-superintendente-del-distrito-philadelphia\/\",\"url\":\"https:\/\/nazarene.org\/es\/news\/david-bennett-elegido-superintendente-del-distrito-philadelphia\/\",\"name\":\"David Bennett elegido superintendente del Distrito Philadelphia - Church of the Nazarene\",\"isPartOf\":{\"@id\":\"https:\/\/nazarene.org\/es\/#website\"},\"primaryImageOfPage\":{\"@id\":\"https:\/\/nazarene.org\/es\/news\/david-bennett-elegido-superintendente-del-distrito-philadelphia\/#primaryimage\"},\"image\":{\"@id\":\"https:\/\/nazarene.org\/es\/news\/david-bennett-elegido-superintendente-del-distrito-philadelphia\/#primaryimage\"},\"thumbnailUrl\":\"https:\/\/nazarene.org\/wp-content\/uploads\/2026\/04\/David-Bennett.jpg\",\"datePublished\":\"2026-05-01T16:04:00+00:00\",\"dateModified\":\"2026-05-01T18:04:52+00:00\",\"breadcrumb\":{\"@id\":\"https:\/\/nazarene.org\/es\/news\/david-bennett-elegido-superintendente-del-distrito-philadelphia\/#breadcrumb\"},\"inLanguage\":\"es\",\"potentialAction\":[{\"@type\":\"ReadAction\",\"target\":[\"https:\/\/nazarene.org\/es\/news\/david-bennett-elegido-superintendente-del-distrito-philadelphia\/\"]}]},{\"@type\":\"ImageObject\",\"inLanguage\":\"es\",\"@id\":\"https:\/\/nazarene.org\/es\/news\/david-bennett-elegido-superintendente-del-distrito-philadelphia\/#primaryimage\",\"url\":\"https:\/\/nazarene.org\/wp-content\/uploads\/2026\/04\/David-Bennett.jpg\",\"contentUrl\":\"https:\/\/nazarene.org\/wp-content\/uploads\/2026\/04\/David-Bennett.jpg\",\"width\":1500,\"height\":800},{\"@type\":\"BreadcrumbList\",\"@id\":\"https:\/\/nazarene.org\/es\/news\/david-bennett-elegido-superintendente-del-distrito-philadelphia\/#breadcrumb\",\"itemListElement\":[{\"@type\":\"ListItem\",\"position\":1,\"name\":\"Home\",\"item\":\"https:\/\/nazarene.org\/es\/inicio\/\"},{\"@type\":\"ListItem\",\"position\":2,\"name\":\"News\",\"item\":\"https:\/\/nazarene.org\/es\/news\/\"},{\"@type\":\"ListItem\",\"position\":3,\"name\":\"David Bennett elegido superintendente del Distrito Philadelphia\"}]},{\"@type\":\"WebSite\",\"@id\":\"https:\/\/nazarene.org\/es\/#website\",\"url\":\"https:\/\/nazarene.org\/es\/\",\"name\":\"Church of the Nazarene\",\"description\":\"Making Christlike Disciples in the Nations\",\"publisher\":{\"@id\":\"https:\/\/nazarene.org\/es\/#organization\"},\"potentialAction\":[{\"@type\":\"SearchAction\",\"target\":{\"@type\":\"EntryPoint\",\"urlTemplate\":\"https:\/\/nazarene.org\/es\/?s={search_term_string}\"},\"query-input\":{\"@type\":\"PropertyValueSpecification\",\"valueRequired\":true,\"valueName\":\"search_term_string\"}}],\"inLanguage\":\"es\"},{\"@type\":\"Organization\",\"@id\":\"https:\/\/nazarene.org\/es\/#organization\",\"name\":\"Church of the Nazarene\",\"url\":\"https:\/\/nazarene.org\/es\/\",\"logo\":{\"@type\":\"ImageObject\",\"inLanguage\":\"es\",\"@id\":\"https:\/\/nazarene.org\/es\/#\/schema\/logo\/image\/\",\"url\":\"https:\/\/nazarene.org\/wp-content\/uploads\/2024\/06\/Naz_Desktop_Black_Logo-1.svg\",\"contentUrl\":\"https:\/\/nazarene.org\/wp-content\/uploads\/2024\/06\/Naz_Desktop_Black_Logo-1.svg\",\"width\":258,\"height\":36,\"caption\":\"Church of the Nazarene\"},\"image\":{\"@id\":\"https:\/\/nazarene.org\/es\/#\/schema\/logo\/image\/\"},\"sameAs\":[\"https:\/\/www.facebook.com\/NazareneOfficial\/\",\"https:\/\/x.com\/Nazarene\",\"https:\/\/www.instagram.com\/nazareneofficial\/\"]}]}<\/script>\n<!-- \/ Yoast SEO Premium plugin. -->","yoast_head_json":{"title":"David Bennett elegido superintendente del Distrito Philadelphia - Church of the Nazarene","robots":{"index":"index","follow":"follow","max-snippet":"max-snippet:-1","max-image-preview":"max-image-preview:large","max-video-preview":"max-video-preview:-1"},"canonical":"https:\/\/nazarene.org\/es\/news\/david-bennett-elegido-superintendente-del-distrito-philadelphia\/","og_locale":"es_ES","og_type":"article","og_title":"David Bennett elegido superintendente del Distrito Philadelphia","og_description":"David Bennett fue elegido superintendente del Distrito Philadelphia el 26 de abril de 2026. Bennett ha servido como pastor de la Iglesia del Nazareno Fairview Village en Eagleville, Pensilvania, desde 2007. Bennett asumir\u00e1 su nuevo cargo el 25 de mayo de 2026. Sucede a Kerry Willis, quien decidi\u00f3 regresar al ministerio pastoral en 2025. Kenneth [&hellip;]","og_url":"https:\/\/nazarene.org\/es\/news\/david-bennett-elegido-superintendente-del-distrito-philadelphia\/","og_site_name":"Church of the Nazarene","article_publisher":"https:\/\/www.facebook.com\/NazareneOfficial\/","article_modified_time":"2026-05-01T18:04:52+00:00","og_image":[{"width":1500,"height":800,"url":"https:\/\/nazarene.org\/wp-content\/uploads\/2026\/04\/David-Bennett.jpg","type":"image\/jpeg"}],"twitter_card":"summary_large_image","twitter_site":"@Nazarene","schema":{"@context":"https:\/\/schema.org","@graph":[{"@type":"WebPage","@id":"https:\/\/nazarene.org\/es\/news\/david-bennett-elegido-superintendente-del-distrito-philadelphia\/","url":"https:\/\/nazarene.org\/es\/news\/david-bennett-elegido-superintendente-del-distrito-philadelphia\/","name":"David Bennett elegido superintendente del Distrito Philadelphia - Church of the Nazarene","isPartOf":{"@id":"https:\/\/nazarene.org\/es\/#website"},"primaryImageOfPage":{"@id":"https:\/\/nazarene.org\/es\/news\/david-bennett-elegido-superintendente-del-distrito-philadelphia\/#primaryimage"},"image":{"@id":"https:\/\/nazarene.org\/es\/news\/david-bennett-elegido-superintendente-del-distrito-philadelphia\/#primaryimage"},"thumbnailUrl":"https:\/\/nazarene.org\/wp-content\/uploads\/2026\/04\/David-Bennett.jpg","datePublished":"2026-05-01T16:04:00+00:00","dateModified":"2026-05-01T18:04:52+00:00","breadcrumb":{"@id":"https:\/\/nazarene.org\/es\/news\/david-bennett-elegido-superintendente-del-distrito-philadelphia\/#breadcrumb"},"inLanguage":"es","potentialAction":[{"@type":"ReadAction","target":["https:\/\/nazarene.org\/es\/news\/david-bennett-elegido-superintendente-del-distrito-philadelphia\/"]}]},{"@type":"ImageObject","inLanguage":"es","@id":"https:\/\/nazarene.org\/es\/news\/david-bennett-elegido-superintendente-del-distrito-philadelphia\/#primaryimage","url":"https:\/\/nazarene.org\/wp-content\/uploads\/2026\/04\/David-Bennett.jpg","contentUrl":"https:\/\/nazarene.org\/wp-content\/uploads\/2026\/04\/David-Bennett.jpg","width":1500,"height":800},{"@type":"BreadcrumbList","@id":"https:\/\/nazarene.org\/es\/news\/david-bennett-elegido-superintendente-del-distrito-philadelphia\/#breadcrumb","itemListElement":[{"@type":"ListItem","position":1,"name":"Home","item":"https:\/\/nazarene.org\/es\/inicio\/"},{"@type":"ListItem","position":2,"name":"News","item":"https:\/\/nazarene.org\/es\/news\/"},{"@type":"ListItem","position":3,"name":"David Bennett elegido superintendente del Distrito Philadelphia"}]},{"@type":"WebSite","@id":"https:\/\/nazarene.org\/es\/#website","url":"https:\/\/nazarene.org\/es\/","name":"Church of the Nazarene","description":"Making Christlike Disciples in the Nations","publisher":{"@id":"https:\/\/nazarene.org\/es\/#organization"},"potentialAction":[{"@type":"SearchAction","target":{"@type":"EntryPoint","urlTemplate":"https:\/\/nazarene.org\/es\/?s={search_term_string}"},"query-input":{"@type":"PropertyValueSpecification","valueRequired":true,"valueName":"search_term_string"}}],"inLanguage":"es"},{"@type":"Organization","@id":"https:\/\/nazarene.org\/es\/#organization","name":"Church of the Nazarene","url":"https:\/\/nazarene.org\/es\/","logo":{"@type":"ImageObject","inLanguage":"es","@id":"https:\/\/nazarene.org\/es\/#\/schema\/logo\/image\/","url":"https:\/\/nazarene.org\/wp-content\/uploads\/2024\/06\/Naz_Desktop_Black_Logo-1.svg","contentUrl":"https:\/\/nazarene.org\/wp-content\/uploads\/2024\/06\/Naz_Desktop_Black_Logo-1.svg","width":258,"height":36,"caption":"Church of the Nazarene"},"image":{"@id":"https:\/\/nazarene.org\/es\/#\/schema\/logo\/image\/"},"sameAs":["https:\/\/www.facebook.com\/NazareneOfficial\/","https:\/\/x.com\/Nazarene","https:\/\/www.instagram.com\/nazareneofficial\/"]}]}},"_links":{"self":[{"href":"https:\/\/nazarene.org\/es\/wp-json\/wp\/v2\/news\/73163","targetHints":{"allow":["GET"]}}],"collection":[{"href":"https:\/\/nazarene.org\/es\/wp-json\/wp\/v2\/news"}],"about":[{"href":"https:\/\/nazarene.org\/es\/wp-json\/wp\/v2\/types\/news"}],"author":[{"embeddable":true,"href":"https:\/\/nazarene.org\/es\/wp-json\/wp\/v2\/users\/17"}],"version-history":[{"count":2,"href":"https:\/\/nazarene.org\/es\/wp-json\/wp\/v2\/news\/73163\/revisions"}],"predecessor-version":[{"id":73175,"href":"https:\/\/nazarene.org\/es\/wp-json\/wp\/v2\/news\/73163\/revisions\/73175"}],"wp:featuredmedia":[{"embeddable":true,"href":"https:\/\/nazarene.org\/es\/wp-json\/wp\/v2\/media\/73164"}],"wp:attachment":[{"href":"https:\/\/nazarene.org\/es\/wp-json\/wp\/v2\/media?parent=73163"}],"wp:term":[{"taxonomy":"news-categories","embeddable":true,"href":"https:\/\/nazarene.org\/es\/wp-json\/wp\/v2\/news-categories?post=73163"},{"taxonomy":"news-region-taxonomy","embeddable":true,"href":"https:\/\/nazarene.org\/es\/wp-json\/wp\/v2\/news-region-taxonomy?post=73163"},{"taxonomy":"news-tag","embeddable":true,"href":"https:\/\/nazarene.org\/es\/wp-json\/wp\/v2\/news-tag?post=73163"}],"curies":[{"name":"wp","href":"https:\/\/api.w.org\/{rel}","templated":true}]}}