{"id":73145,"date":"2026-04-30T15:24:44","date_gmt":"2026-04-30T20:24:44","guid":{"rendered":"https:\/\/nazarene.org\/news\/mathapelo-mabizela-elegida-rectora-de-ntc-south-africa\/"},"modified":"2026-05-01T10:55:11","modified_gmt":"2026-05-01T15:55:11","slug":"mathapelo-mabizela-elegida-rectora-de-ntc-south-africa","status":"publish","type":"news","link":"https:\/\/nazarene.org\/es\/news\/mathapelo-mabizela-elegida-rectora-de-ntc-south-africa\/","title":{"rendered":"Mathapelo Mabizela elegida rectora de NTC-South Africa"},"content":{"rendered":"\n<p>Mathapelo Mabizela fue elegida rectora del Nazarene Theological College, Sud\u00e1frica, el 13 de marzo de 2026<\/p>\n\n<p>Mabizela recibi\u00f3 su MA (TS), maestr\u00eda en Estudios Teol\u00f3gicos, del Nazarene Theological Seminary (NTS) en 2021; y su MIDT, maestr\u00eda en Dise\u00f1o Instruccional y Tecnolog\u00eda, de Trevecca Nazarene University (TNU) en 2024. Actualmente, est\u00e1 cursando un doctorado en Educaci\u00f3n, en TNU.<\/p>\n\n<p>La vacante de la oficina de la rectora vino con la renuncia de la misionera Rhonda Carrim en la reuni\u00f3n de la junta directiva de 2025. En una reuni\u00f3n, debidamente convocada, de la junta de s\u00edndicos, en 2026, y en una abrumadora muestra de apoyo, la reverenda Mabizela recibi\u00f3 los votos necesarios de los miembros presentes de la junta.<\/p>\n\n<p>Como decana acad\u00e9mica de NTCSA, durante el tiempo de la rector\u00eda de Carrim, ella ha trabajado diligentemente con otros para desarrollar el nuevo e innovador plan de estudios bajo el Quality Council for Trades and Occupations (QCTO) en Sud\u00e1frica.<\/p>\n\n<p>NTC South Africa pide oraci\u00f3n por Mabizela y su equipo de liderazgo mientras contin\u00faan desarrollando el nuevo plan de estudios; comienzan a desarrollar centros de aprendizaje de NTCSA en todo el \u00c1rea Africa South; y forjan el futuro de NTCSA, escribiendo un nuevo cap\u00edtulo en la vida de esta instituci\u00f3n.<\/p>\n\n<p>Mathapelo y Nkululeko Mabizela se unieron en matrimonio en marzo de 2025.<\/p>\n","protected":false},"excerpt":{"rendered":"<p>Mathapelo Mabizela fue elegida rectora del Nazarene Theological College, Sud\u00e1frica, el 13 de marzo de 2026 Mabizela recibi\u00f3 su MA (TS), maestr\u00eda en Estudios Teol\u00f3gicos, del Nazarene Theological Seminary (NTS) en 2021; y su MIDT, maestr\u00eda en Dise\u00f1o Instruccional y Tecnolog\u00eda, de Trevecca Nazarene University (TNU) en 2024. Actualmente, est\u00e1 cursando un doctorado en Educaci\u00f3n, [&hellip;]<\/p>\n","protected":false},"author":17,"featured_media":73146,"menu_order":0,"template":"","news-categories":[],"news-region-taxonomy":[],"news-tag":[],"class_list":["post-73145","news","type-news","status-publish","has-post-thumbnail","hentry"],"yoast_head":"<!-- This site is optimized with the Yoast SEO Premium plugin v27.1 (Yoast SEO v27.1.1) - https:\/\/yoast.com\/product\/yoast-seo-premium-wordpress\/ -->\n<title>Mathapelo Mabizela elegida rectora de NTC-South Africa - Church of the Nazarene<\/title>\n<meta name=\"description\" content=\"Mathapelo Mabizela fue elegida rectora del Nazarene Theological College, Sud\u00e1frica, el 13 de marzo de 2026. Ella fue anteriormente la decana acad\u00e9mica.\" \/>\n<meta name=\"robots\" content=\"index, follow, max-snippet:-1, max-image-preview:large, max-video-preview:-1\" \/>\n<link rel=\"canonical\" href=\"https:\/\/nazarene.org\/es\/news\/mathapelo-mabizela-elegida-rectora-de-ntc-south-africa\/\" \/>\n<meta property=\"og:locale\" content=\"es_ES\" \/>\n<meta property=\"og:type\" content=\"article\" \/>\n<meta property=\"og:title\" content=\"Mathapelo Mabizela elegida rectora de NTC-South Africa\" \/>\n<meta property=\"og:description\" content=\"Mathapelo Mabizela fue elegida rectora del Nazarene Theological College, Sud\u00e1frica, el 13 de marzo de 2026. Ella fue anteriormente la decana acad\u00e9mica.\" \/>\n<meta property=\"og:url\" content=\"https:\/\/nazarene.org\/es\/news\/mathapelo-mabizela-elegida-rectora-de-ntc-south-africa\/\" \/>\n<meta property=\"og:site_name\" content=\"Church of the Nazarene\" \/>\n<meta property=\"article:publisher\" content=\"https:\/\/www.facebook.com\/NazareneOfficial\/\" \/>\n<meta property=\"article:modified_time\" content=\"2026-05-01T15:55:11+00:00\" \/>\n<meta property=\"og:image\" content=\"https:\/\/nazarene.org\/wp-content\/uploads\/2026\/04\/Mabizela.jpg\" \/>\n\t<meta property=\"og:image:width\" content=\"1500\" \/>\n\t<meta property=\"og:image:height\" content=\"800\" \/>\n\t<meta property=\"og:image:type\" content=\"image\/jpeg\" \/>\n<meta name=\"twitter:card\" content=\"summary_large_image\" \/>\n<meta name=\"twitter:site\" content=\"@Nazarene\" \/>\n<script type=\"application\/ld+json\" class=\"yoast-schema-graph\">{\"@context\":\"https:\/\/schema.org\",\"@graph\":[{\"@type\":\"WebPage\",\"@id\":\"https:\/\/nazarene.org\/es\/news\/mathapelo-mabizela-elegida-rectora-de-ntc-south-africa\/\",\"url\":\"https:\/\/nazarene.org\/es\/news\/mathapelo-mabizela-elegida-rectora-de-ntc-south-africa\/\",\"name\":\"Mathapelo Mabizela elegida rectora de NTC-South Africa - Church of the Nazarene\",\"isPartOf\":{\"@id\":\"https:\/\/nazarene.org\/es\/#website\"},\"primaryImageOfPage\":{\"@id\":\"https:\/\/nazarene.org\/es\/news\/mathapelo-mabizela-elegida-rectora-de-ntc-south-africa\/#primaryimage\"},\"image\":{\"@id\":\"https:\/\/nazarene.org\/es\/news\/mathapelo-mabizela-elegida-rectora-de-ntc-south-africa\/#primaryimage\"},\"thumbnailUrl\":\"https:\/\/nazarene.org\/wp-content\/uploads\/2026\/04\/Mabizela.jpg\",\"datePublished\":\"2026-04-30T20:24:44+00:00\",\"dateModified\":\"2026-05-01T15:55:11+00:00\",\"description\":\"Mathapelo Mabizela fue elegida rectora del Nazarene Theological College, Sud\u00e1frica, el 13 de marzo de 2026. Ella fue anteriormente la decana acad\u00e9mica.\",\"breadcrumb\":{\"@id\":\"https:\/\/nazarene.org\/es\/news\/mathapelo-mabizela-elegida-rectora-de-ntc-south-africa\/#breadcrumb\"},\"inLanguage\":\"es\",\"potentialAction\":[{\"@type\":\"ReadAction\",\"target\":[\"https:\/\/nazarene.org\/es\/news\/mathapelo-mabizela-elegida-rectora-de-ntc-south-africa\/\"]}]},{\"@type\":\"ImageObject\",\"inLanguage\":\"es\",\"@id\":\"https:\/\/nazarene.org\/es\/news\/mathapelo-mabizela-elegida-rectora-de-ntc-south-africa\/#primaryimage\",\"url\":\"https:\/\/nazarene.org\/wp-content\/uploads\/2026\/04\/Mabizela.jpg\",\"contentUrl\":\"https:\/\/nazarene.org\/wp-content\/uploads\/2026\/04\/Mabizela.jpg\",\"width\":1500,\"height\":800},{\"@type\":\"BreadcrumbList\",\"@id\":\"https:\/\/nazarene.org\/es\/news\/mathapelo-mabizela-elegida-rectora-de-ntc-south-africa\/#breadcrumb\",\"itemListElement\":[{\"@type\":\"ListItem\",\"position\":1,\"name\":\"Home\",\"item\":\"https:\/\/nazarene.org\/es\/inicio\/\"},{\"@type\":\"ListItem\",\"position\":2,\"name\":\"News\",\"item\":\"https:\/\/nazarene.org\/es\/news\/\"},{\"@type\":\"ListItem\",\"position\":3,\"name\":\"Mathapelo Mabizela elegida rectora de NTC-South Africa\"}]},{\"@type\":\"WebSite\",\"@id\":\"https:\/\/nazarene.org\/es\/#website\",\"url\":\"https:\/\/nazarene.org\/es\/\",\"name\":\"Church of the Nazarene\",\"description\":\"Making Christlike Disciples in the Nations\",\"publisher\":{\"@id\":\"https:\/\/nazarene.org\/es\/#organization\"},\"potentialAction\":[{\"@type\":\"SearchAction\",\"target\":{\"@type\":\"EntryPoint\",\"urlTemplate\":\"https:\/\/nazarene.org\/es\/?s={search_term_string}\"},\"query-input\":{\"@type\":\"PropertyValueSpecification\",\"valueRequired\":true,\"valueName\":\"search_term_string\"}}],\"inLanguage\":\"es\"},{\"@type\":\"Organization\",\"@id\":\"https:\/\/nazarene.org\/es\/#organization\",\"name\":\"Church of the Nazarene\",\"url\":\"https:\/\/nazarene.org\/es\/\",\"logo\":{\"@type\":\"ImageObject\",\"inLanguage\":\"es\",\"@id\":\"https:\/\/nazarene.org\/es\/#\/schema\/logo\/image\/\",\"url\":\"https:\/\/nazarene.org\/wp-content\/uploads\/2024\/06\/Naz_Desktop_Black_Logo-1.svg\",\"contentUrl\":\"https:\/\/nazarene.org\/wp-content\/uploads\/2024\/06\/Naz_Desktop_Black_Logo-1.svg\",\"width\":258,\"height\":36,\"caption\":\"Church of the Nazarene\"},\"image\":{\"@id\":\"https:\/\/nazarene.org\/es\/#\/schema\/logo\/image\/\"},\"sameAs\":[\"https:\/\/www.facebook.com\/NazareneOfficial\/\",\"https:\/\/x.com\/Nazarene\",\"https:\/\/www.instagram.com\/nazareneofficial\/\"]}]}<\/script>\n<!-- \/ Yoast SEO Premium plugin. -->","yoast_head_json":{"title":"Mathapelo Mabizela elegida rectora de NTC-South Africa - Church of the Nazarene","description":"Mathapelo Mabizela fue elegida rectora del Nazarene Theological College, Sud\u00e1frica, el 13 de marzo de 2026. Ella fue anteriormente la decana acad\u00e9mica.","robots":{"index":"index","follow":"follow","max-snippet":"max-snippet:-1","max-image-preview":"max-image-preview:large","max-video-preview":"max-video-preview:-1"},"canonical":"https:\/\/nazarene.org\/es\/news\/mathapelo-mabizela-elegida-rectora-de-ntc-south-africa\/","og_locale":"es_ES","og_type":"article","og_title":"Mathapelo Mabizela elegida rectora de NTC-South Africa","og_description":"Mathapelo Mabizela fue elegida rectora del Nazarene Theological College, Sud\u00e1frica, el 13 de marzo de 2026. Ella fue anteriormente la decana acad\u00e9mica.","og_url":"https:\/\/nazarene.org\/es\/news\/mathapelo-mabizela-elegida-rectora-de-ntc-south-africa\/","og_site_name":"Church of the Nazarene","article_publisher":"https:\/\/www.facebook.com\/NazareneOfficial\/","article_modified_time":"2026-05-01T15:55:11+00:00","og_image":[{"width":1500,"height":800,"url":"https:\/\/nazarene.org\/wp-content\/uploads\/2026\/04\/Mabizela.jpg","type":"image\/jpeg"}],"twitter_card":"summary_large_image","twitter_site":"@Nazarene","schema":{"@context":"https:\/\/schema.org","@graph":[{"@type":"WebPage","@id":"https:\/\/nazarene.org\/es\/news\/mathapelo-mabizela-elegida-rectora-de-ntc-south-africa\/","url":"https:\/\/nazarene.org\/es\/news\/mathapelo-mabizela-elegida-rectora-de-ntc-south-africa\/","name":"Mathapelo Mabizela elegida rectora de NTC-South Africa - Church of the Nazarene","isPartOf":{"@id":"https:\/\/nazarene.org\/es\/#website"},"primaryImageOfPage":{"@id":"https:\/\/nazarene.org\/es\/news\/mathapelo-mabizela-elegida-rectora-de-ntc-south-africa\/#primaryimage"},"image":{"@id":"https:\/\/nazarene.org\/es\/news\/mathapelo-mabizela-elegida-rectora-de-ntc-south-africa\/#primaryimage"},"thumbnailUrl":"https:\/\/nazarene.org\/wp-content\/uploads\/2026\/04\/Mabizela.jpg","datePublished":"2026-04-30T20:24:44+00:00","dateModified":"2026-05-01T15:55:11+00:00","description":"Mathapelo Mabizela fue elegida rectora del Nazarene Theological College, Sud\u00e1frica, el 13 de marzo de 2026. Ella fue anteriormente la decana acad\u00e9mica.","breadcrumb":{"@id":"https:\/\/nazarene.org\/es\/news\/mathapelo-mabizela-elegida-rectora-de-ntc-south-africa\/#breadcrumb"},"inLanguage":"es","potentialAction":[{"@type":"ReadAction","target":["https:\/\/nazarene.org\/es\/news\/mathapelo-mabizela-elegida-rectora-de-ntc-south-africa\/"]}]},{"@type":"ImageObject","inLanguage":"es","@id":"https:\/\/nazarene.org\/es\/news\/mathapelo-mabizela-elegida-rectora-de-ntc-south-africa\/#primaryimage","url":"https:\/\/nazarene.org\/wp-content\/uploads\/2026\/04\/Mabizela.jpg","contentUrl":"https:\/\/nazarene.org\/wp-content\/uploads\/2026\/04\/Mabizela.jpg","width":1500,"height":800},{"@type":"BreadcrumbList","@id":"https:\/\/nazarene.org\/es\/news\/mathapelo-mabizela-elegida-rectora-de-ntc-south-africa\/#breadcrumb","itemListElement":[{"@type":"ListItem","position":1,"name":"Home","item":"https:\/\/nazarene.org\/es\/inicio\/"},{"@type":"ListItem","position":2,"name":"News","item":"https:\/\/nazarene.org\/es\/news\/"},{"@type":"ListItem","position":3,"name":"Mathapelo Mabizela elegida rectora de NTC-South Africa"}]},{"@type":"WebSite","@id":"https:\/\/nazarene.org\/es\/#website","url":"https:\/\/nazarene.org\/es\/","name":"Church of the Nazarene","description":"Making Christlike Disciples in the Nations","publisher":{"@id":"https:\/\/nazarene.org\/es\/#organization"},"potentialAction":[{"@type":"SearchAction","target":{"@type":"EntryPoint","urlTemplate":"https:\/\/nazarene.org\/es\/?s={search_term_string}"},"query-input":{"@type":"PropertyValueSpecification","valueRequired":true,"valueName":"search_term_string"}}],"inLanguage":"es"},{"@type":"Organization","@id":"https:\/\/nazarene.org\/es\/#organization","name":"Church of the Nazarene","url":"https:\/\/nazarene.org\/es\/","logo":{"@type":"ImageObject","inLanguage":"es","@id":"https:\/\/nazarene.org\/es\/#\/schema\/logo\/image\/","url":"https:\/\/nazarene.org\/wp-content\/uploads\/2024\/06\/Naz_Desktop_Black_Logo-1.svg","contentUrl":"https:\/\/nazarene.org\/wp-content\/uploads\/2024\/06\/Naz_Desktop_Black_Logo-1.svg","width":258,"height":36,"caption":"Church of the Nazarene"},"image":{"@id":"https:\/\/nazarene.org\/es\/#\/schema\/logo\/image\/"},"sameAs":["https:\/\/www.facebook.com\/NazareneOfficial\/","https:\/\/x.com\/Nazarene","https:\/\/www.instagram.com\/nazareneofficial\/"]}]}},"_links":{"self":[{"href":"https:\/\/nazarene.org\/es\/wp-json\/wp\/v2\/news\/73145","targetHints":{"allow":["GET"]}}],"collection":[{"href":"https:\/\/nazarene.org\/es\/wp-json\/wp\/v2\/news"}],"about":[{"href":"https:\/\/nazarene.org\/es\/wp-json\/wp\/v2\/types\/news"}],"author":[{"embeddable":true,"href":"https:\/\/nazarene.org\/es\/wp-json\/wp\/v2\/users\/17"}],"version-history":[{"count":1,"href":"https:\/\/nazarene.org\/es\/wp-json\/wp\/v2\/news\/73145\/revisions"}],"predecessor-version":[{"id":73147,"href":"https:\/\/nazarene.org\/es\/wp-json\/wp\/v2\/news\/73145\/revisions\/73147"}],"wp:featuredmedia":[{"embeddable":true,"href":"https:\/\/nazarene.org\/es\/wp-json\/wp\/v2\/media\/73146"}],"wp:attachment":[{"href":"https:\/\/nazarene.org\/es\/wp-json\/wp\/v2\/media?parent=73145"}],"wp:term":[{"taxonomy":"news-categories","embeddable":true,"href":"https:\/\/nazarene.org\/es\/wp-json\/wp\/v2\/news-categories?post=73145"},{"taxonomy":"news-region-taxonomy","embeddable":true,"href":"https:\/\/nazarene.org\/es\/wp-json\/wp\/v2\/news-region-taxonomy?post=73145"},{"taxonomy":"news-tag","embeddable":true,"href":"https:\/\/nazarene.org\/es\/wp-json\/wp\/v2\/news-tag?post=73145"}],"curies":[{"name":"wp","href":"https:\/\/api.w.org\/{rel}","templated":true}]}}