{"id":69955,"date":"2026-03-18T17:08:49","date_gmt":"2026-03-18T22:08:49","guid":{"rendered":"https:\/\/nazarene.org\/?post_type=news&#038;p=69955"},"modified":"2026-03-19T17:11:11","modified_gmt":"2026-03-19T22:11:11","slug":"banderas-de-las-naciones-guinea-conakri","status":"publish","type":"news","link":"https:\/\/nazarene.org\/es\/news\/banderas-de-las-naciones-guinea-conakri\/","title":{"rendered":"Banderas de las Naciones: Guinea Conakri"},"content":{"rendered":"\n<p>Desde el 1 de septiembre de 2009, el Centro de Ministerio Global (CMG) de la Iglesia del Nazareno orgullosamente iza cada semana la bandera de una de las muchas naciones donde la denominaci\u00f3n est\u00e1 ministrando actualmente. Los l\u00edderes fueron invitados a enviar una bandera nacional para ser izada en el CMG junto a la bandera de los Estados Unidos*. Las banderas nacionales se rotan semanalmente y fotos de ellas son enviadas a los l\u00edderes de las iglesias en ese pa\u00eds.<\/p>\n\n\n\n<p>Esta semana:&nbsp;<strong>Guinea Conakri<\/strong><\/p>\n\n\n\n<p>La Iglesia del Nazareno entr\u00f3 oficialmente a Guinea Conakri en el a\u00f1o 2009.<\/p>\n\n\n\n<p>Guinea Conakri ten\u00eda una poblaci\u00f3n de 13,237,832 en 2025. Ese mismo a\u00f1o, Guinea Conakri report\u00f3 10 Iglesias del Nazareno, de las cuales ninguna ha sido organizada oficialmente.\u00a0Guinea Conakri no tiene ning\u00fan miembro.<\/p>\n\n\n\n<p>Guinea Conakri es parte del Distrito Sur de la Costa de Marfil, un distrito Fase 2 localizado en la Regi\u00f3n \u00c1frica. Para m\u00e1s informaci\u00f3n acerca de la Regi\u00f3n \u00c1frica, visite\u00a0<a href=\"http:\/\/www.africanazarene.org\/\">africanazarene.org<\/a>.<\/p>\n\n\n\n<p>*= La bandera destacada semanalmente se iza a en el poste medio de tres postes en conformidad con los protocolos del gobierno de Estados Unidos. A la izquierda ondea&nbsp;la bandera de Estados Unidos, el pa\u00eds anfitri\u00f3n del CMG, que a su vez ondea sobre la bandera de Kansas, el estado anfitri\u00f3n. La bandera cristiana ondea en el tercer poste.<\/p>\n\n\n\n<p>El Centro de Ministerio Global es el centro de misi\u00f3n y servicio de la Iglesia del Nazareno.&nbsp;<\/p>\n","protected":false},"excerpt":{"rendered":"<p>Desde el 1 de septiembre de 2009, el Centro de Ministerio Global (CMG) de la Iglesia del Nazareno orgullosamente iza cada semana la bandera de una de las muchas naciones donde la denominaci\u00f3n est\u00e1 ministrando actualmente. Los l\u00edderes fueron invitados a enviar una bandera nacional para ser izada en el CMG junto a la bandera [&hellip;]<\/p>\n","protected":false},"author":17,"featured_media":24470,"menu_order":0,"template":"","news-categories":[],"news-region-taxonomy":[],"news-tag":[],"class_list":["post-69955","news","type-news","status-publish","has-post-thumbnail","hentry"],"yoast_head":"<!-- This site is optimized with the Yoast SEO Premium plugin v27.1 (Yoast SEO v27.1.1) - https:\/\/yoast.com\/product\/yoast-seo-premium-wordpress\/ -->\n<title>Banderas de las Naciones: Guinea Conakri - Church of the Nazarene<\/title>\n<meta name=\"robots\" content=\"index, follow, max-snippet:-1, max-image-preview:large, max-video-preview:-1\" \/>\n<link rel=\"canonical\" href=\"https:\/\/nazarene.org\/es\/news\/banderas-de-las-naciones-guinea-conakri\/\" \/>\n<meta property=\"og:locale\" content=\"es_ES\" \/>\n<meta property=\"og:type\" content=\"article\" \/>\n<meta property=\"og:title\" content=\"Banderas de las Naciones: Guinea Conakri\" \/>\n<meta property=\"og:description\" content=\"Desde el 1 de septiembre de 2009, el Centro de Ministerio Global (CMG) de la Iglesia del Nazareno orgullosamente iza cada semana la bandera de una de las muchas naciones donde la denominaci\u00f3n est\u00e1 ministrando actualmente. Los l\u00edderes fueron invitados a enviar una bandera nacional para ser izada en el CMG junto a la bandera [&hellip;]\" \/>\n<meta property=\"og:url\" content=\"https:\/\/nazarene.org\/es\/news\/banderas-de-las-naciones-guinea-conakri\/\" \/>\n<meta property=\"og:site_name\" content=\"Church of the Nazarene\" \/>\n<meta property=\"article:publisher\" content=\"https:\/\/www.facebook.com\/NazareneOfficial\/\" \/>\n<meta property=\"article:modified_time\" content=\"2026-03-19T22:11:11+00:00\" \/>\n<meta property=\"og:image\" content=\"https:\/\/nazarene.org\/wp-content\/uploads\/2025\/02\/GuineaConakry_0.jpg\" \/>\n\t<meta property=\"og:image:width\" content=\"750\" \/>\n\t<meta property=\"og:image:height\" content=\"400\" \/>\n\t<meta property=\"og:image:type\" content=\"image\/jpeg\" \/>\n<meta name=\"twitter:card\" content=\"summary_large_image\" \/>\n<meta name=\"twitter:site\" content=\"@Nazarene\" \/>\n<script type=\"application\/ld+json\" class=\"yoast-schema-graph\">{\"@context\":\"https:\/\/schema.org\",\"@graph\":[{\"@type\":\"WebPage\",\"@id\":\"https:\/\/nazarene.org\/es\/news\/banderas-de-las-naciones-guinea-conakri\/\",\"url\":\"https:\/\/nazarene.org\/es\/news\/banderas-de-las-naciones-guinea-conakri\/\",\"name\":\"Banderas de las Naciones: Guinea Conakri - Church of the Nazarene\",\"isPartOf\":{\"@id\":\"https:\/\/nazarene.org\/es\/#website\"},\"primaryImageOfPage\":{\"@id\":\"https:\/\/nazarene.org\/es\/news\/banderas-de-las-naciones-guinea-conakri\/#primaryimage\"},\"image\":{\"@id\":\"https:\/\/nazarene.org\/es\/news\/banderas-de-las-naciones-guinea-conakri\/#primaryimage\"},\"thumbnailUrl\":\"https:\/\/nazarene.org\/wp-content\/uploads\/2025\/02\/GuineaConakry_0.jpg\",\"datePublished\":\"2026-03-18T22:08:49+00:00\",\"dateModified\":\"2026-03-19T22:11:11+00:00\",\"breadcrumb\":{\"@id\":\"https:\/\/nazarene.org\/es\/news\/banderas-de-las-naciones-guinea-conakri\/#breadcrumb\"},\"inLanguage\":\"es\",\"potentialAction\":[{\"@type\":\"ReadAction\",\"target\":[\"https:\/\/nazarene.org\/es\/news\/banderas-de-las-naciones-guinea-conakri\/\"]}]},{\"@type\":\"ImageObject\",\"inLanguage\":\"es\",\"@id\":\"https:\/\/nazarene.org\/es\/news\/banderas-de-las-naciones-guinea-conakri\/#primaryimage\",\"url\":\"https:\/\/nazarene.org\/wp-content\/uploads\/2025\/02\/GuineaConakry_0.jpg\",\"contentUrl\":\"https:\/\/nazarene.org\/wp-content\/uploads\/2025\/02\/GuineaConakry_0.jpg\",\"width\":750,\"height\":400},{\"@type\":\"BreadcrumbList\",\"@id\":\"https:\/\/nazarene.org\/es\/news\/banderas-de-las-naciones-guinea-conakri\/#breadcrumb\",\"itemListElement\":[{\"@type\":\"ListItem\",\"position\":1,\"name\":\"Home\",\"item\":\"https:\/\/nazarene.org\/es\/inicio\/\"},{\"@type\":\"ListItem\",\"position\":2,\"name\":\"News\",\"item\":\"https:\/\/nazarene.org\/es\/news\/\"},{\"@type\":\"ListItem\",\"position\":3,\"name\":\"Banderas de las Naciones: Guinea Conakri\"}]},{\"@type\":\"WebSite\",\"@id\":\"https:\/\/nazarene.org\/es\/#website\",\"url\":\"https:\/\/nazarene.org\/es\/\",\"name\":\"Church of the Nazarene\",\"description\":\"Making Christlike Disciples in the Nations\",\"publisher\":{\"@id\":\"https:\/\/nazarene.org\/es\/#organization\"},\"potentialAction\":[{\"@type\":\"SearchAction\",\"target\":{\"@type\":\"EntryPoint\",\"urlTemplate\":\"https:\/\/nazarene.org\/es\/?s={search_term_string}\"},\"query-input\":{\"@type\":\"PropertyValueSpecification\",\"valueRequired\":true,\"valueName\":\"search_term_string\"}}],\"inLanguage\":\"es\"},{\"@type\":\"Organization\",\"@id\":\"https:\/\/nazarene.org\/es\/#organization\",\"name\":\"Church of the Nazarene\",\"url\":\"https:\/\/nazarene.org\/es\/\",\"logo\":{\"@type\":\"ImageObject\",\"inLanguage\":\"es\",\"@id\":\"https:\/\/nazarene.org\/es\/#\/schema\/logo\/image\/\",\"url\":\"https:\/\/nazarene.org\/wp-content\/uploads\/2024\/06\/Naz_Desktop_Black_Logo-1.svg\",\"contentUrl\":\"https:\/\/nazarene.org\/wp-content\/uploads\/2024\/06\/Naz_Desktop_Black_Logo-1.svg\",\"width\":258,\"height\":36,\"caption\":\"Church of the Nazarene\"},\"image\":{\"@id\":\"https:\/\/nazarene.org\/es\/#\/schema\/logo\/image\/\"},\"sameAs\":[\"https:\/\/www.facebook.com\/NazareneOfficial\/\",\"https:\/\/x.com\/Nazarene\",\"https:\/\/www.instagram.com\/nazareneofficial\/\"]}]}<\/script>\n<!-- \/ Yoast SEO Premium plugin. -->","yoast_head_json":{"title":"Banderas de las Naciones: Guinea Conakri - Church of the Nazarene","robots":{"index":"index","follow":"follow","max-snippet":"max-snippet:-1","max-image-preview":"max-image-preview:large","max-video-preview":"max-video-preview:-1"},"canonical":"https:\/\/nazarene.org\/es\/news\/banderas-de-las-naciones-guinea-conakri\/","og_locale":"es_ES","og_type":"article","og_title":"Banderas de las Naciones: Guinea Conakri","og_description":"Desde el 1 de septiembre de 2009, el Centro de Ministerio Global (CMG) de la Iglesia del Nazareno orgullosamente iza cada semana la bandera de una de las muchas naciones donde la denominaci\u00f3n est\u00e1 ministrando actualmente. Los l\u00edderes fueron invitados a enviar una bandera nacional para ser izada en el CMG junto a la bandera [&hellip;]","og_url":"https:\/\/nazarene.org\/es\/news\/banderas-de-las-naciones-guinea-conakri\/","og_site_name":"Church of the Nazarene","article_publisher":"https:\/\/www.facebook.com\/NazareneOfficial\/","article_modified_time":"2026-03-19T22:11:11+00:00","og_image":[{"width":750,"height":400,"url":"https:\/\/nazarene.org\/wp-content\/uploads\/2025\/02\/GuineaConakry_0.jpg","type":"image\/jpeg"}],"twitter_card":"summary_large_image","twitter_site":"@Nazarene","schema":{"@context":"https:\/\/schema.org","@graph":[{"@type":"WebPage","@id":"https:\/\/nazarene.org\/es\/news\/banderas-de-las-naciones-guinea-conakri\/","url":"https:\/\/nazarene.org\/es\/news\/banderas-de-las-naciones-guinea-conakri\/","name":"Banderas de las Naciones: Guinea Conakri - Church of the Nazarene","isPartOf":{"@id":"https:\/\/nazarene.org\/es\/#website"},"primaryImageOfPage":{"@id":"https:\/\/nazarene.org\/es\/news\/banderas-de-las-naciones-guinea-conakri\/#primaryimage"},"image":{"@id":"https:\/\/nazarene.org\/es\/news\/banderas-de-las-naciones-guinea-conakri\/#primaryimage"},"thumbnailUrl":"https:\/\/nazarene.org\/wp-content\/uploads\/2025\/02\/GuineaConakry_0.jpg","datePublished":"2026-03-18T22:08:49+00:00","dateModified":"2026-03-19T22:11:11+00:00","breadcrumb":{"@id":"https:\/\/nazarene.org\/es\/news\/banderas-de-las-naciones-guinea-conakri\/#breadcrumb"},"inLanguage":"es","potentialAction":[{"@type":"ReadAction","target":["https:\/\/nazarene.org\/es\/news\/banderas-de-las-naciones-guinea-conakri\/"]}]},{"@type":"ImageObject","inLanguage":"es","@id":"https:\/\/nazarene.org\/es\/news\/banderas-de-las-naciones-guinea-conakri\/#primaryimage","url":"https:\/\/nazarene.org\/wp-content\/uploads\/2025\/02\/GuineaConakry_0.jpg","contentUrl":"https:\/\/nazarene.org\/wp-content\/uploads\/2025\/02\/GuineaConakry_0.jpg","width":750,"height":400},{"@type":"BreadcrumbList","@id":"https:\/\/nazarene.org\/es\/news\/banderas-de-las-naciones-guinea-conakri\/#breadcrumb","itemListElement":[{"@type":"ListItem","position":1,"name":"Home","item":"https:\/\/nazarene.org\/es\/inicio\/"},{"@type":"ListItem","position":2,"name":"News","item":"https:\/\/nazarene.org\/es\/news\/"},{"@type":"ListItem","position":3,"name":"Banderas de las Naciones: Guinea Conakri"}]},{"@type":"WebSite","@id":"https:\/\/nazarene.org\/es\/#website","url":"https:\/\/nazarene.org\/es\/","name":"Church of the Nazarene","description":"Making Christlike Disciples in the Nations","publisher":{"@id":"https:\/\/nazarene.org\/es\/#organization"},"potentialAction":[{"@type":"SearchAction","target":{"@type":"EntryPoint","urlTemplate":"https:\/\/nazarene.org\/es\/?s={search_term_string}"},"query-input":{"@type":"PropertyValueSpecification","valueRequired":true,"valueName":"search_term_string"}}],"inLanguage":"es"},{"@type":"Organization","@id":"https:\/\/nazarene.org\/es\/#organization","name":"Church of the Nazarene","url":"https:\/\/nazarene.org\/es\/","logo":{"@type":"ImageObject","inLanguage":"es","@id":"https:\/\/nazarene.org\/es\/#\/schema\/logo\/image\/","url":"https:\/\/nazarene.org\/wp-content\/uploads\/2024\/06\/Naz_Desktop_Black_Logo-1.svg","contentUrl":"https:\/\/nazarene.org\/wp-content\/uploads\/2024\/06\/Naz_Desktop_Black_Logo-1.svg","width":258,"height":36,"caption":"Church of the Nazarene"},"image":{"@id":"https:\/\/nazarene.org\/es\/#\/schema\/logo\/image\/"},"sameAs":["https:\/\/www.facebook.com\/NazareneOfficial\/","https:\/\/x.com\/Nazarene","https:\/\/www.instagram.com\/nazareneofficial\/"]}]}},"_links":{"self":[{"href":"https:\/\/nazarene.org\/es\/wp-json\/wp\/v2\/news\/69955","targetHints":{"allow":["GET"]}}],"collection":[{"href":"https:\/\/nazarene.org\/es\/wp-json\/wp\/v2\/news"}],"about":[{"href":"https:\/\/nazarene.org\/es\/wp-json\/wp\/v2\/types\/news"}],"author":[{"embeddable":true,"href":"https:\/\/nazarene.org\/es\/wp-json\/wp\/v2\/users\/17"}],"version-history":[{"count":1,"href":"https:\/\/nazarene.org\/es\/wp-json\/wp\/v2\/news\/69955\/revisions"}],"predecessor-version":[{"id":69956,"href":"https:\/\/nazarene.org\/es\/wp-json\/wp\/v2\/news\/69955\/revisions\/69956"}],"wp:featuredmedia":[{"embeddable":true,"href":"https:\/\/nazarene.org\/es\/wp-json\/wp\/v2\/media\/24470"}],"wp:attachment":[{"href":"https:\/\/nazarene.org\/es\/wp-json\/wp\/v2\/media?parent=69955"}],"wp:term":[{"taxonomy":"news-categories","embeddable":true,"href":"https:\/\/nazarene.org\/es\/wp-json\/wp\/v2\/news-categories?post=69955"},{"taxonomy":"news-region-taxonomy","embeddable":true,"href":"https:\/\/nazarene.org\/es\/wp-json\/wp\/v2\/news-region-taxonomy?post=69955"},{"taxonomy":"news-tag","embeddable":true,"href":"https:\/\/nazarene.org\/es\/wp-json\/wp\/v2\/news-tag?post=69955"}],"curies":[{"name":"wp","href":"https:\/\/api.w.org\/{rel}","templated":true}]}}