{"id":68879,"date":"2026-03-12T16:27:39","date_gmt":"2026-03-12T21:27:39","guid":{"rendered":"https:\/\/nazarene.org\/news\/mas-de-350-mujeres-se-reunen-para-el-congreso-nacional-del-ministerio-a-la-mujer-de-peru\/"},"modified":"2026-03-13T11:59:29","modified_gmt":"2026-03-13T16:59:29","slug":"mas-de-350-mujeres-se-reunen-para-el-congreso-nacional-del-ministerio-a-la-mujer-de-peru","status":"publish","type":"news","link":"https:\/\/nazarene.org\/es\/news\/mas-de-350-mujeres-se-reunen-para-el-congreso-nacional-del-ministerio-a-la-mujer-de-peru\/","title":{"rendered":"M\u00e1s de 350 mujeres se re\u00fanen para el Congreso Nacional del Ministerio a la Mujer de Per\u00fa"},"content":{"rendered":"\n<p>M\u00e1s de 350 mujeres se reunieron en Arequipa, Per\u00fa, para el Congreso Nacional del Ministerio a la Mujer en Per\u00fa, celebrado del 5 al 8 de febrero de 2026. Las delegaciones que representan a cada distrito de la Iglesia del Nazareno en Per\u00fa se reunieron con un esp\u00edritu de unidad y expectaci\u00f3n, bajo el lema \u00abMujeres que inspiran, mujeres que transforman\u00bb.<\/p>\n\n<p>El prop\u00f3sito del congreso fue fortalecer las vidas espirituales de las participantes, y motivarlas a continuar ejerciendo el liderazgo que impacta sus hogares, iglesias y comunidades. El evento incluy\u00f3 tiempos de adoraci\u00f3n, ense\u00f1anza y comuni\u00f3n, reafirmando el llamado de las mujeres a inspirar y transformar a trav\u00e9s de una fe activa y comprometida.<\/p>\n\n<p>Las invitadas especiales, Silvia Rodrigues, Gladis Bereche, Cristiane Polonio y Marleni Palma lideraron las sesiones plenarias durante todo el programa. Cada oradora se enfoc\u00f3 en mensajes de edificaci\u00f3n, desaf\u00edo y afirmaci\u00f3n del prop\u00f3sito de Dios para las mujeres.<\/p>\n\n<p>Patricia Donelly, Gaudy V\u00e1squez Aguilar, la abogada Nancy Soto y la obstetra Lizbeth Pasache llevaron a cabo talleres sobre una variedad de temas. Estas sesiones se convirtieron en espacios para que las mujeres se conecten, crezcan y obtengan orientaci\u00f3n pr\u00e1ctica.<\/p>\n\n<p>El programa tambi\u00e9n incluy\u00f3 un panel de discusi\u00f3n para responder las preguntas de las asistentes, creando un di\u00e1logo atractivo. El s\u00e1bado, tuvo lugar un recorrido por los principales atractivos tur\u00edsticos de Arequipa y sus alrededores, proporcionando una oportunidad especial para fortalecer los lazos comunitarios, explorar la regi\u00f3n, y compartir la rica cultura y cocina local.<\/p>\n\n<p>El congreso concluy\u00f3 el domingo 8 con una sesi\u00f3n plenaria final y un tiempo de alabanza y comuni\u00f3n. El liderazgo del Ministerio a la Mujer en Per\u00fa, encabezado por la pastora Bety Espinoza, fue clave para la coordinaci\u00f3n y el \u00e9xito de esta reuni\u00f3n nacional.<\/p>\n\n<p>Muchas mujeres regresaron a sus distritos con una visi\u00f3n reafirmada para continuar creciendo, sirviendo y trayendo esperanza, sabiendo que Dios contin\u00faa levantando a mujeres que inspiran y transforman.<\/p>\n\n<p>Iglesia del <a href=\"https:\/\/www.samnaz.org\/mas-de-350-mujeres-se-reunieron-en-arequipa-para-el-congreso-nacional-del-ministerio-a-la-mujer\/\">Nazareno Regi\u00f3n Am\u00e9rica del Sur.<\/a><\/p>\n\n<p><\/p>\n","protected":false},"excerpt":{"rendered":"<p>M\u00e1s de 350 mujeres se reunieron en Arequipa, Per\u00fa, para el Congreso Nacional del Ministerio a la Mujer en Per\u00fa, celebrado del 5 al 8 de febrero de 2026. Las delegaciones que representan a cada distrito de la Iglesia del Nazareno en Per\u00fa se reunieron con un esp\u00edritu de unidad y expectaci\u00f3n, bajo el lema [&hellip;]<\/p>\n","protected":false},"author":17,"featured_media":68880,"menu_order":0,"template":"","news-categories":[],"news-region-taxonomy":[2884],"news-tag":[1735],"class_list":["post-68879","news","type-news","status-publish","has-post-thumbnail","hentry","news-region-taxonomy-america-del-sur","news-tag-peru-es"],"yoast_head":"<!-- This site is optimized with the Yoast SEO Premium plugin v27.1 (Yoast SEO v27.1.1) - https:\/\/yoast.com\/product\/yoast-seo-premium-wordpress\/ -->\n<title>M\u00e1s de 350 mujeres se re\u00fanen para el Congreso Nacional del Ministerio a la Mujer de Per\u00fa - Church of the Nazarene<\/title>\n<meta name=\"description\" content=\"M\u00e1s de 350 mujeres se reunieron en Arequipa, Per\u00fa, para el Congreso Nacional del Ministerio a la Mujer en Per\u00fa, celebrado del 5 al 8 de febrero de 2026.\" \/>\n<meta name=\"robots\" content=\"index, follow, max-snippet:-1, max-image-preview:large, max-video-preview:-1\" \/>\n<link rel=\"canonical\" href=\"https:\/\/nazarene.org\/es\/news\/mas-de-350-mujeres-se-reunen-para-el-congreso-nacional-del-ministerio-a-la-mujer-de-peru\/\" \/>\n<meta property=\"og:locale\" content=\"es_ES\" \/>\n<meta property=\"og:type\" content=\"article\" \/>\n<meta property=\"og:title\" content=\"M\u00e1s de 350 mujeres se re\u00fanen para el Congreso Nacional del Ministerio a la Mujer de Per\u00fa\" \/>\n<meta property=\"og:description\" content=\"M\u00e1s de 350 mujeres se reunieron en Arequipa, Per\u00fa, para el Congreso Nacional del Ministerio a la Mujer en Per\u00fa, celebrado del 5 al 8 de febrero de 2026.\" \/>\n<meta property=\"og:url\" content=\"https:\/\/nazarene.org\/es\/news\/mas-de-350-mujeres-se-reunen-para-el-congreso-nacional-del-ministerio-a-la-mujer-de-peru\/\" \/>\n<meta property=\"og:site_name\" content=\"Church of the Nazarene\" \/>\n<meta property=\"article:publisher\" content=\"https:\/\/www.facebook.com\/NazareneOfficial\/\" \/>\n<meta property=\"article:modified_time\" content=\"2026-03-13T16:59:29+00:00\" \/>\n<meta property=\"og:image\" content=\"https:\/\/nazarene.org\/wp-content\/uploads\/2026\/03\/Peru.jpg\" \/>\n\t<meta property=\"og:image:width\" content=\"1500\" \/>\n\t<meta property=\"og:image:height\" content=\"800\" \/>\n\t<meta property=\"og:image:type\" content=\"image\/jpeg\" \/>\n<meta name=\"twitter:card\" content=\"summary_large_image\" \/>\n<meta name=\"twitter:site\" content=\"@Nazarene\" \/>\n<script type=\"application\/ld+json\" class=\"yoast-schema-graph\">{\"@context\":\"https:\/\/schema.org\",\"@graph\":[{\"@type\":\"WebPage\",\"@id\":\"https:\/\/nazarene.org\/es\/news\/mas-de-350-mujeres-se-reunen-para-el-congreso-nacional-del-ministerio-a-la-mujer-de-peru\/\",\"url\":\"https:\/\/nazarene.org\/es\/news\/mas-de-350-mujeres-se-reunen-para-el-congreso-nacional-del-ministerio-a-la-mujer-de-peru\/\",\"name\":\"M\u00e1s de 350 mujeres se re\u00fanen para el Congreso Nacional del Ministerio a la Mujer de Per\u00fa - Church of the Nazarene\",\"isPartOf\":{\"@id\":\"https:\/\/nazarene.org\/es\/#website\"},\"primaryImageOfPage\":{\"@id\":\"https:\/\/nazarene.org\/es\/news\/mas-de-350-mujeres-se-reunen-para-el-congreso-nacional-del-ministerio-a-la-mujer-de-peru\/#primaryimage\"},\"image\":{\"@id\":\"https:\/\/nazarene.org\/es\/news\/mas-de-350-mujeres-se-reunen-para-el-congreso-nacional-del-ministerio-a-la-mujer-de-peru\/#primaryimage\"},\"thumbnailUrl\":\"https:\/\/nazarene.org\/wp-content\/uploads\/2026\/03\/Peru.jpg\",\"datePublished\":\"2026-03-12T21:27:39+00:00\",\"dateModified\":\"2026-03-13T16:59:29+00:00\",\"description\":\"M\u00e1s de 350 mujeres se reunieron en Arequipa, Per\u00fa, para el Congreso Nacional del Ministerio a la Mujer en Per\u00fa, celebrado del 5 al 8 de febrero de 2026.\",\"breadcrumb\":{\"@id\":\"https:\/\/nazarene.org\/es\/news\/mas-de-350-mujeres-se-reunen-para-el-congreso-nacional-del-ministerio-a-la-mujer-de-peru\/#breadcrumb\"},\"inLanguage\":\"es\",\"potentialAction\":[{\"@type\":\"ReadAction\",\"target\":[\"https:\/\/nazarene.org\/es\/news\/mas-de-350-mujeres-se-reunen-para-el-congreso-nacional-del-ministerio-a-la-mujer-de-peru\/\"]}]},{\"@type\":\"ImageObject\",\"inLanguage\":\"es\",\"@id\":\"https:\/\/nazarene.org\/es\/news\/mas-de-350-mujeres-se-reunen-para-el-congreso-nacional-del-ministerio-a-la-mujer-de-peru\/#primaryimage\",\"url\":\"https:\/\/nazarene.org\/wp-content\/uploads\/2026\/03\/Peru.jpg\",\"contentUrl\":\"https:\/\/nazarene.org\/wp-content\/uploads\/2026\/03\/Peru.jpg\",\"width\":1500,\"height\":800},{\"@type\":\"BreadcrumbList\",\"@id\":\"https:\/\/nazarene.org\/es\/news\/mas-de-350-mujeres-se-reunen-para-el-congreso-nacional-del-ministerio-a-la-mujer-de-peru\/#breadcrumb\",\"itemListElement\":[{\"@type\":\"ListItem\",\"position\":1,\"name\":\"Home\",\"item\":\"https:\/\/nazarene.org\/es\/inicio\/\"},{\"@type\":\"ListItem\",\"position\":2,\"name\":\"News\",\"item\":\"https:\/\/nazarene.org\/es\/news\/\"},{\"@type\":\"ListItem\",\"position\":3,\"name\":\"M\u00e1s de 350 mujeres se re\u00fanen para el Congreso Nacional del Ministerio a la Mujer de Per\u00fa\"}]},{\"@type\":\"WebSite\",\"@id\":\"https:\/\/nazarene.org\/es\/#website\",\"url\":\"https:\/\/nazarene.org\/es\/\",\"name\":\"Church of the Nazarene\",\"description\":\"Making Christlike Disciples in the Nations\",\"publisher\":{\"@id\":\"https:\/\/nazarene.org\/es\/#organization\"},\"potentialAction\":[{\"@type\":\"SearchAction\",\"target\":{\"@type\":\"EntryPoint\",\"urlTemplate\":\"https:\/\/nazarene.org\/es\/?s={search_term_string}\"},\"query-input\":{\"@type\":\"PropertyValueSpecification\",\"valueRequired\":true,\"valueName\":\"search_term_string\"}}],\"inLanguage\":\"es\"},{\"@type\":\"Organization\",\"@id\":\"https:\/\/nazarene.org\/es\/#organization\",\"name\":\"Church of the Nazarene\",\"url\":\"https:\/\/nazarene.org\/es\/\",\"logo\":{\"@type\":\"ImageObject\",\"inLanguage\":\"es\",\"@id\":\"https:\/\/nazarene.org\/es\/#\/schema\/logo\/image\/\",\"url\":\"https:\/\/nazarene.org\/wp-content\/uploads\/2024\/06\/Naz_Desktop_Black_Logo-1.svg\",\"contentUrl\":\"https:\/\/nazarene.org\/wp-content\/uploads\/2024\/06\/Naz_Desktop_Black_Logo-1.svg\",\"width\":258,\"height\":36,\"caption\":\"Church of the Nazarene\"},\"image\":{\"@id\":\"https:\/\/nazarene.org\/es\/#\/schema\/logo\/image\/\"},\"sameAs\":[\"https:\/\/www.facebook.com\/NazareneOfficial\/\",\"https:\/\/x.com\/Nazarene\",\"https:\/\/www.instagram.com\/nazareneofficial\/\"]}]}<\/script>\n<!-- \/ Yoast SEO Premium plugin. -->","yoast_head_json":{"title":"M\u00e1s de 350 mujeres se re\u00fanen para el Congreso Nacional del Ministerio a la Mujer de Per\u00fa - Church of the Nazarene","description":"M\u00e1s de 350 mujeres se reunieron en Arequipa, Per\u00fa, para el Congreso Nacional del Ministerio a la Mujer en Per\u00fa, celebrado del 5 al 8 de febrero de 2026.","robots":{"index":"index","follow":"follow","max-snippet":"max-snippet:-1","max-image-preview":"max-image-preview:large","max-video-preview":"max-video-preview:-1"},"canonical":"https:\/\/nazarene.org\/es\/news\/mas-de-350-mujeres-se-reunen-para-el-congreso-nacional-del-ministerio-a-la-mujer-de-peru\/","og_locale":"es_ES","og_type":"article","og_title":"M\u00e1s de 350 mujeres se re\u00fanen para el Congreso Nacional del Ministerio a la Mujer de Per\u00fa","og_description":"M\u00e1s de 350 mujeres se reunieron en Arequipa, Per\u00fa, para el Congreso Nacional del Ministerio a la Mujer en Per\u00fa, celebrado del 5 al 8 de febrero de 2026.","og_url":"https:\/\/nazarene.org\/es\/news\/mas-de-350-mujeres-se-reunen-para-el-congreso-nacional-del-ministerio-a-la-mujer-de-peru\/","og_site_name":"Church of the Nazarene","article_publisher":"https:\/\/www.facebook.com\/NazareneOfficial\/","article_modified_time":"2026-03-13T16:59:29+00:00","og_image":[{"width":1500,"height":800,"url":"https:\/\/nazarene.org\/wp-content\/uploads\/2026\/03\/Peru.jpg","type":"image\/jpeg"}],"twitter_card":"summary_large_image","twitter_site":"@Nazarene","schema":{"@context":"https:\/\/schema.org","@graph":[{"@type":"WebPage","@id":"https:\/\/nazarene.org\/es\/news\/mas-de-350-mujeres-se-reunen-para-el-congreso-nacional-del-ministerio-a-la-mujer-de-peru\/","url":"https:\/\/nazarene.org\/es\/news\/mas-de-350-mujeres-se-reunen-para-el-congreso-nacional-del-ministerio-a-la-mujer-de-peru\/","name":"M\u00e1s de 350 mujeres se re\u00fanen para el Congreso Nacional del Ministerio a la Mujer de Per\u00fa - Church of the Nazarene","isPartOf":{"@id":"https:\/\/nazarene.org\/es\/#website"},"primaryImageOfPage":{"@id":"https:\/\/nazarene.org\/es\/news\/mas-de-350-mujeres-se-reunen-para-el-congreso-nacional-del-ministerio-a-la-mujer-de-peru\/#primaryimage"},"image":{"@id":"https:\/\/nazarene.org\/es\/news\/mas-de-350-mujeres-se-reunen-para-el-congreso-nacional-del-ministerio-a-la-mujer-de-peru\/#primaryimage"},"thumbnailUrl":"https:\/\/nazarene.org\/wp-content\/uploads\/2026\/03\/Peru.jpg","datePublished":"2026-03-12T21:27:39+00:00","dateModified":"2026-03-13T16:59:29+00:00","description":"M\u00e1s de 350 mujeres se reunieron en Arequipa, Per\u00fa, para el Congreso Nacional del Ministerio a la Mujer en Per\u00fa, celebrado del 5 al 8 de febrero de 2026.","breadcrumb":{"@id":"https:\/\/nazarene.org\/es\/news\/mas-de-350-mujeres-se-reunen-para-el-congreso-nacional-del-ministerio-a-la-mujer-de-peru\/#breadcrumb"},"inLanguage":"es","potentialAction":[{"@type":"ReadAction","target":["https:\/\/nazarene.org\/es\/news\/mas-de-350-mujeres-se-reunen-para-el-congreso-nacional-del-ministerio-a-la-mujer-de-peru\/"]}]},{"@type":"ImageObject","inLanguage":"es","@id":"https:\/\/nazarene.org\/es\/news\/mas-de-350-mujeres-se-reunen-para-el-congreso-nacional-del-ministerio-a-la-mujer-de-peru\/#primaryimage","url":"https:\/\/nazarene.org\/wp-content\/uploads\/2026\/03\/Peru.jpg","contentUrl":"https:\/\/nazarene.org\/wp-content\/uploads\/2026\/03\/Peru.jpg","width":1500,"height":800},{"@type":"BreadcrumbList","@id":"https:\/\/nazarene.org\/es\/news\/mas-de-350-mujeres-se-reunen-para-el-congreso-nacional-del-ministerio-a-la-mujer-de-peru\/#breadcrumb","itemListElement":[{"@type":"ListItem","position":1,"name":"Home","item":"https:\/\/nazarene.org\/es\/inicio\/"},{"@type":"ListItem","position":2,"name":"News","item":"https:\/\/nazarene.org\/es\/news\/"},{"@type":"ListItem","position":3,"name":"M\u00e1s de 350 mujeres se re\u00fanen para el Congreso Nacional del Ministerio a la Mujer de Per\u00fa"}]},{"@type":"WebSite","@id":"https:\/\/nazarene.org\/es\/#website","url":"https:\/\/nazarene.org\/es\/","name":"Church of the Nazarene","description":"Making Christlike Disciples in the Nations","publisher":{"@id":"https:\/\/nazarene.org\/es\/#organization"},"potentialAction":[{"@type":"SearchAction","target":{"@type":"EntryPoint","urlTemplate":"https:\/\/nazarene.org\/es\/?s={search_term_string}"},"query-input":{"@type":"PropertyValueSpecification","valueRequired":true,"valueName":"search_term_string"}}],"inLanguage":"es"},{"@type":"Organization","@id":"https:\/\/nazarene.org\/es\/#organization","name":"Church of the Nazarene","url":"https:\/\/nazarene.org\/es\/","logo":{"@type":"ImageObject","inLanguage":"es","@id":"https:\/\/nazarene.org\/es\/#\/schema\/logo\/image\/","url":"https:\/\/nazarene.org\/wp-content\/uploads\/2024\/06\/Naz_Desktop_Black_Logo-1.svg","contentUrl":"https:\/\/nazarene.org\/wp-content\/uploads\/2024\/06\/Naz_Desktop_Black_Logo-1.svg","width":258,"height":36,"caption":"Church of the Nazarene"},"image":{"@id":"https:\/\/nazarene.org\/es\/#\/schema\/logo\/image\/"},"sameAs":["https:\/\/www.facebook.com\/NazareneOfficial\/","https:\/\/x.com\/Nazarene","https:\/\/www.instagram.com\/nazareneofficial\/"]}]}},"_links":{"self":[{"href":"https:\/\/nazarene.org\/es\/wp-json\/wp\/v2\/news\/68879","targetHints":{"allow":["GET"]}}],"collection":[{"href":"https:\/\/nazarene.org\/es\/wp-json\/wp\/v2\/news"}],"about":[{"href":"https:\/\/nazarene.org\/es\/wp-json\/wp\/v2\/types\/news"}],"author":[{"embeddable":true,"href":"https:\/\/nazarene.org\/es\/wp-json\/wp\/v2\/users\/17"}],"version-history":[{"count":1,"href":"https:\/\/nazarene.org\/es\/wp-json\/wp\/v2\/news\/68879\/revisions"}],"predecessor-version":[{"id":68881,"href":"https:\/\/nazarene.org\/es\/wp-json\/wp\/v2\/news\/68879\/revisions\/68881"}],"wp:featuredmedia":[{"embeddable":true,"href":"https:\/\/nazarene.org\/es\/wp-json\/wp\/v2\/media\/68880"}],"wp:attachment":[{"href":"https:\/\/nazarene.org\/es\/wp-json\/wp\/v2\/media?parent=68879"}],"wp:term":[{"taxonomy":"news-categories","embeddable":true,"href":"https:\/\/nazarene.org\/es\/wp-json\/wp\/v2\/news-categories?post=68879"},{"taxonomy":"news-region-taxonomy","embeddable":true,"href":"https:\/\/nazarene.org\/es\/wp-json\/wp\/v2\/news-region-taxonomy?post=68879"},{"taxonomy":"news-tag","embeddable":true,"href":"https:\/\/nazarene.org\/es\/wp-json\/wp\/v2\/news-tag?post=68879"}],"curies":[{"name":"wp","href":"https:\/\/api.w.org\/{rel}","templated":true}]}}