{"id":65918,"date":"2026-01-08T12:43:08","date_gmt":"2026-01-08T18:43:08","guid":{"rendered":"https:\/\/nazarene.org\/news\/el-area-india-se-reune-para-capacitacion-de-administradores\/"},"modified":"2026-01-09T12:00:16","modified_gmt":"2026-01-09T18:00:16","slug":"el-area-india-se-reune-para-capacitacion-de-administradores","status":"publish","type":"news","link":"https:\/\/nazarene.org\/es\/news\/el-area-india-se-reune-para-capacitacion-de-administradores\/","title":{"rendered":"El \u00c1rea India se re\u00fane para capacitaci\u00f3n de administradores"},"content":{"rendered":"\n<p>El personal administrativo de distrito de toda la India se reuni\u00f3 en Bangalore para una capacitaci\u00f3n de administraci\u00f3n de tres d\u00edas en el oto\u00f1o de 2025. El evento, organizado por la oficina regional de Eurasia, reuni\u00f3 a secretarios de distrito, superintendentes y personal administrativo para un tiempo de aprendizaje, conexi\u00f3n y aliento.<\/p>\n\n<p>El enfoque fue equipar a aquellos que sirven detr\u00e1s de escena con herramientas pr\u00e1cticas, comprensi\u00f3n compartida y una base b\u00edblica para fortalecer el liderazgo de distrito y apoyar transiciones saludables.<\/p>\n\n<p>A lo largo de la capacitaci\u00f3n, los asistentes participaron en una amplia gama de responsabilidades administrativas, incluidos el procesamiento de credenciales, la planificaci\u00f3n de la asamblea de distrito, los informes de APR, documentaci\u00f3n legal y la preparaci\u00f3n del diario de asamblea de distrito. Cada sesi\u00f3n combin\u00f3 intencionalmente la instrucci\u00f3n pr\u00e1ctica y la reflexi\u00f3n espiritual, recordando a todos que los roles administrativos en la iglesia son fundamentales y representan el servicio y una mayordom\u00eda fiel.<\/p>\n\n<p>Las sesiones fueron lideradas por Heidi Bowes, secretaria regional, y Claire Fender, representando a las juntas regionales de credenciales. Su orientaci\u00f3n proporcion\u00f3 claridad y confianza, particularmente en el procesamiento de credenciales, informes pastorales precisos (APR) y en navegar las transiciones de liderazgo con cuidado e integridad.<\/p>\n\n<p>Los tres d\u00edas se organizaron en torno a temas clave de orden, responsabilidad y continuidad. Los participantes discutieron abiertamente desaf\u00edos comunes, como problemas de acceso al sistema, brechas de documentaci\u00f3n y la importancia de preparar y capacitar a los sucesores. Cada ma\u00f1ana comenz\u00f3 con reflexiones devocionales que establecieron un tono espiritual para el d\u00eda, con recordatorios como \u00abEl liderazgo es servicio, un buen l\u00edder prepara a otros para liderar\u00bb y \u00abQue todo se haga decentemente y en orden\u00bb. Estos momentos ayudaron a fundamentar el trabajo en la fe y el prop\u00f3sito, redefiniendo a la administraci\u00f3n como ministerio en lugar de una tarea.<\/p>\n\n<p>Al final del programa, muchos expresaron un sentido renovado de prop\u00f3sito y compromiso. Los participantes obtuvieron una comprensi\u00f3n m\u00e1s clara de sus roles, pasos de acci\u00f3n pr\u00e1ctica para mejorar los informes APR y una conciencia m\u00e1s profunda de c\u00f3mo una documentaci\u00f3n s\u00f3lida y una comunicaci\u00f3n efectiva sirven como salvaguardas para la salud de la iglesia.<\/p>\n\n<p>La Capacitaci\u00f3n de Administradores 2025 en Bangalore fortaleci\u00f3 tanto las manos como los corazones de aquellos que sirven fielmente detr\u00e1s de escena, garantizando que cada esfuerzo administrativo apoye la misi\u00f3n de la Iglesia del Nazareno con orden, responsabilidad y gracia.<\/p>\n\n<p>Iglesia del <a href=\"https:\/\/www.eurasiaregion.org\/india-admin-training-2025-strengthens-district-leadership-and-service\/\">Nazareno Regi\u00f3n Eurasia.<\/a><\/p>\n\n<p><\/p>\n","protected":false},"excerpt":{"rendered":"<p>El personal administrativo de distrito de toda la India se reuni\u00f3 en Bangalore para una capacitaci\u00f3n de administraci\u00f3n de tres d\u00edas en el oto\u00f1o de 2025. El evento, organizado por la oficina regional de Eurasia, reuni\u00f3 a secretarios de distrito, superintendentes y personal administrativo para un tiempo de aprendizaje, conexi\u00f3n y aliento. El enfoque fue [&hellip;]<\/p>\n","protected":false},"author":17,"featured_media":65919,"menu_order":0,"template":"","news-categories":[],"news-region-taxonomy":[],"news-tag":[],"class_list":["post-65918","news","type-news","status-publish","has-post-thumbnail","hentry"],"yoast_head":"<!-- This site is optimized with the Yoast SEO Premium plugin v27.1 (Yoast SEO v27.1.1) - https:\/\/yoast.com\/product\/yoast-seo-premium-wordpress\/ -->\n<title>El \u00c1rea India se re\u00fane para capacitaci\u00f3n de administradores - Church of the Nazarene<\/title>\n<meta name=\"robots\" content=\"index, follow, max-snippet:-1, max-image-preview:large, max-video-preview:-1\" \/>\n<link rel=\"canonical\" href=\"https:\/\/nazarene.org\/es\/news\/el-area-india-se-reune-para-capacitacion-de-administradores\/\" \/>\n<meta property=\"og:locale\" content=\"es_ES\" \/>\n<meta property=\"og:type\" content=\"article\" \/>\n<meta property=\"og:title\" content=\"El \u00c1rea India se re\u00fane para capacitaci\u00f3n de administradores\" \/>\n<meta property=\"og:description\" content=\"El personal administrativo de distrito de toda la India se reuni\u00f3 en Bangalore para una capacitaci\u00f3n de administraci\u00f3n de tres d\u00edas en el oto\u00f1o de 2025. El evento, organizado por la oficina regional de Eurasia, reuni\u00f3 a secretarios de distrito, superintendentes y personal administrativo para un tiempo de aprendizaje, conexi\u00f3n y aliento. El enfoque fue [&hellip;]\" \/>\n<meta property=\"og:url\" content=\"https:\/\/nazarene.org\/es\/news\/el-area-india-se-reune-para-capacitacion-de-administradores\/\" \/>\n<meta property=\"og:site_name\" content=\"Church of the Nazarene\" \/>\n<meta property=\"article:publisher\" content=\"https:\/\/www.facebook.com\/NazareneOfficial\/\" \/>\n<meta property=\"article:modified_time\" content=\"2026-01-09T18:00:16+00:00\" \/>\n<meta property=\"og:image\" content=\"https:\/\/nazarene.org\/wp-content\/uploads\/2026\/01\/Admin-Trainning-copy.jpg\" \/>\n\t<meta property=\"og:image:width\" content=\"1500\" \/>\n\t<meta property=\"og:image:height\" content=\"800\" \/>\n\t<meta property=\"og:image:type\" content=\"image\/jpeg\" \/>\n<meta name=\"twitter:card\" content=\"summary_large_image\" \/>\n<meta name=\"twitter:site\" content=\"@Nazarene\" \/>\n<script type=\"application\/ld+json\" class=\"yoast-schema-graph\">{\"@context\":\"https:\/\/schema.org\",\"@graph\":[{\"@type\":\"WebPage\",\"@id\":\"https:\/\/nazarene.org\/es\/news\/el-area-india-se-reune-para-capacitacion-de-administradores\/\",\"url\":\"https:\/\/nazarene.org\/es\/news\/el-area-india-se-reune-para-capacitacion-de-administradores\/\",\"name\":\"El \u00c1rea India se re\u00fane para capacitaci\u00f3n de administradores - Church of the Nazarene\",\"isPartOf\":{\"@id\":\"https:\/\/nazarene.org\/es\/#website\"},\"primaryImageOfPage\":{\"@id\":\"https:\/\/nazarene.org\/es\/news\/el-area-india-se-reune-para-capacitacion-de-administradores\/#primaryimage\"},\"image\":{\"@id\":\"https:\/\/nazarene.org\/es\/news\/el-area-india-se-reune-para-capacitacion-de-administradores\/#primaryimage\"},\"thumbnailUrl\":\"https:\/\/nazarene.org\/wp-content\/uploads\/2026\/01\/Admin-Trainning-copy.jpg\",\"datePublished\":\"2026-01-08T18:43:08+00:00\",\"dateModified\":\"2026-01-09T18:00:16+00:00\",\"breadcrumb\":{\"@id\":\"https:\/\/nazarene.org\/es\/news\/el-area-india-se-reune-para-capacitacion-de-administradores\/#breadcrumb\"},\"inLanguage\":\"es\",\"potentialAction\":[{\"@type\":\"ReadAction\",\"target\":[\"https:\/\/nazarene.org\/es\/news\/el-area-india-se-reune-para-capacitacion-de-administradores\/\"]}]},{\"@type\":\"ImageObject\",\"inLanguage\":\"es\",\"@id\":\"https:\/\/nazarene.org\/es\/news\/el-area-india-se-reune-para-capacitacion-de-administradores\/#primaryimage\",\"url\":\"https:\/\/nazarene.org\/wp-content\/uploads\/2026\/01\/Admin-Trainning-copy.jpg\",\"contentUrl\":\"https:\/\/nazarene.org\/wp-content\/uploads\/2026\/01\/Admin-Trainning-copy.jpg\",\"width\":1500,\"height\":800},{\"@type\":\"BreadcrumbList\",\"@id\":\"https:\/\/nazarene.org\/es\/news\/el-area-india-se-reune-para-capacitacion-de-administradores\/#breadcrumb\",\"itemListElement\":[{\"@type\":\"ListItem\",\"position\":1,\"name\":\"Home\",\"item\":\"https:\/\/nazarene.org\/es\/inicio\/\"},{\"@type\":\"ListItem\",\"position\":2,\"name\":\"News\",\"item\":\"https:\/\/nazarene.org\/es\/news\/\"},{\"@type\":\"ListItem\",\"position\":3,\"name\":\"El \u00c1rea India se re\u00fane para capacitaci\u00f3n de administradores\"}]},{\"@type\":\"WebSite\",\"@id\":\"https:\/\/nazarene.org\/es\/#website\",\"url\":\"https:\/\/nazarene.org\/es\/\",\"name\":\"Church of the Nazarene\",\"description\":\"Making Christlike Disciples in the Nations\",\"publisher\":{\"@id\":\"https:\/\/nazarene.org\/es\/#organization\"},\"potentialAction\":[{\"@type\":\"SearchAction\",\"target\":{\"@type\":\"EntryPoint\",\"urlTemplate\":\"https:\/\/nazarene.org\/es\/?s={search_term_string}\"},\"query-input\":{\"@type\":\"PropertyValueSpecification\",\"valueRequired\":true,\"valueName\":\"search_term_string\"}}],\"inLanguage\":\"es\"},{\"@type\":\"Organization\",\"@id\":\"https:\/\/nazarene.org\/es\/#organization\",\"name\":\"Church of the Nazarene\",\"url\":\"https:\/\/nazarene.org\/es\/\",\"logo\":{\"@type\":\"ImageObject\",\"inLanguage\":\"es\",\"@id\":\"https:\/\/nazarene.org\/es\/#\/schema\/logo\/image\/\",\"url\":\"https:\/\/nazarene.org\/wp-content\/uploads\/2024\/06\/Naz_Desktop_Black_Logo-1.svg\",\"contentUrl\":\"https:\/\/nazarene.org\/wp-content\/uploads\/2024\/06\/Naz_Desktop_Black_Logo-1.svg\",\"width\":258,\"height\":36,\"caption\":\"Church of the Nazarene\"},\"image\":{\"@id\":\"https:\/\/nazarene.org\/es\/#\/schema\/logo\/image\/\"},\"sameAs\":[\"https:\/\/www.facebook.com\/NazareneOfficial\/\",\"https:\/\/x.com\/Nazarene\",\"https:\/\/www.instagram.com\/nazareneofficial\/\"]}]}<\/script>\n<!-- \/ Yoast SEO Premium plugin. -->","yoast_head_json":{"title":"El \u00c1rea India se re\u00fane para capacitaci\u00f3n de administradores - Church of the Nazarene","robots":{"index":"index","follow":"follow","max-snippet":"max-snippet:-1","max-image-preview":"max-image-preview:large","max-video-preview":"max-video-preview:-1"},"canonical":"https:\/\/nazarene.org\/es\/news\/el-area-india-se-reune-para-capacitacion-de-administradores\/","og_locale":"es_ES","og_type":"article","og_title":"El \u00c1rea India se re\u00fane para capacitaci\u00f3n de administradores","og_description":"El personal administrativo de distrito de toda la India se reuni\u00f3 en Bangalore para una capacitaci\u00f3n de administraci\u00f3n de tres d\u00edas en el oto\u00f1o de 2025. El evento, organizado por la oficina regional de Eurasia, reuni\u00f3 a secretarios de distrito, superintendentes y personal administrativo para un tiempo de aprendizaje, conexi\u00f3n y aliento. El enfoque fue [&hellip;]","og_url":"https:\/\/nazarene.org\/es\/news\/el-area-india-se-reune-para-capacitacion-de-administradores\/","og_site_name":"Church of the Nazarene","article_publisher":"https:\/\/www.facebook.com\/NazareneOfficial\/","article_modified_time":"2026-01-09T18:00:16+00:00","og_image":[{"width":1500,"height":800,"url":"https:\/\/nazarene.org\/wp-content\/uploads\/2026\/01\/Admin-Trainning-copy.jpg","type":"image\/jpeg"}],"twitter_card":"summary_large_image","twitter_site":"@Nazarene","schema":{"@context":"https:\/\/schema.org","@graph":[{"@type":"WebPage","@id":"https:\/\/nazarene.org\/es\/news\/el-area-india-se-reune-para-capacitacion-de-administradores\/","url":"https:\/\/nazarene.org\/es\/news\/el-area-india-se-reune-para-capacitacion-de-administradores\/","name":"El \u00c1rea India se re\u00fane para capacitaci\u00f3n de administradores - Church of the Nazarene","isPartOf":{"@id":"https:\/\/nazarene.org\/es\/#website"},"primaryImageOfPage":{"@id":"https:\/\/nazarene.org\/es\/news\/el-area-india-se-reune-para-capacitacion-de-administradores\/#primaryimage"},"image":{"@id":"https:\/\/nazarene.org\/es\/news\/el-area-india-se-reune-para-capacitacion-de-administradores\/#primaryimage"},"thumbnailUrl":"https:\/\/nazarene.org\/wp-content\/uploads\/2026\/01\/Admin-Trainning-copy.jpg","datePublished":"2026-01-08T18:43:08+00:00","dateModified":"2026-01-09T18:00:16+00:00","breadcrumb":{"@id":"https:\/\/nazarene.org\/es\/news\/el-area-india-se-reune-para-capacitacion-de-administradores\/#breadcrumb"},"inLanguage":"es","potentialAction":[{"@type":"ReadAction","target":["https:\/\/nazarene.org\/es\/news\/el-area-india-se-reune-para-capacitacion-de-administradores\/"]}]},{"@type":"ImageObject","inLanguage":"es","@id":"https:\/\/nazarene.org\/es\/news\/el-area-india-se-reune-para-capacitacion-de-administradores\/#primaryimage","url":"https:\/\/nazarene.org\/wp-content\/uploads\/2026\/01\/Admin-Trainning-copy.jpg","contentUrl":"https:\/\/nazarene.org\/wp-content\/uploads\/2026\/01\/Admin-Trainning-copy.jpg","width":1500,"height":800},{"@type":"BreadcrumbList","@id":"https:\/\/nazarene.org\/es\/news\/el-area-india-se-reune-para-capacitacion-de-administradores\/#breadcrumb","itemListElement":[{"@type":"ListItem","position":1,"name":"Home","item":"https:\/\/nazarene.org\/es\/inicio\/"},{"@type":"ListItem","position":2,"name":"News","item":"https:\/\/nazarene.org\/es\/news\/"},{"@type":"ListItem","position":3,"name":"El \u00c1rea India se re\u00fane para capacitaci\u00f3n de administradores"}]},{"@type":"WebSite","@id":"https:\/\/nazarene.org\/es\/#website","url":"https:\/\/nazarene.org\/es\/","name":"Church of the Nazarene","description":"Making Christlike Disciples in the Nations","publisher":{"@id":"https:\/\/nazarene.org\/es\/#organization"},"potentialAction":[{"@type":"SearchAction","target":{"@type":"EntryPoint","urlTemplate":"https:\/\/nazarene.org\/es\/?s={search_term_string}"},"query-input":{"@type":"PropertyValueSpecification","valueRequired":true,"valueName":"search_term_string"}}],"inLanguage":"es"},{"@type":"Organization","@id":"https:\/\/nazarene.org\/es\/#organization","name":"Church of the Nazarene","url":"https:\/\/nazarene.org\/es\/","logo":{"@type":"ImageObject","inLanguage":"es","@id":"https:\/\/nazarene.org\/es\/#\/schema\/logo\/image\/","url":"https:\/\/nazarene.org\/wp-content\/uploads\/2024\/06\/Naz_Desktop_Black_Logo-1.svg","contentUrl":"https:\/\/nazarene.org\/wp-content\/uploads\/2024\/06\/Naz_Desktop_Black_Logo-1.svg","width":258,"height":36,"caption":"Church of the Nazarene"},"image":{"@id":"https:\/\/nazarene.org\/es\/#\/schema\/logo\/image\/"},"sameAs":["https:\/\/www.facebook.com\/NazareneOfficial\/","https:\/\/x.com\/Nazarene","https:\/\/www.instagram.com\/nazareneofficial\/"]}]}},"_links":{"self":[{"href":"https:\/\/nazarene.org\/es\/wp-json\/wp\/v2\/news\/65918","targetHints":{"allow":["GET"]}}],"collection":[{"href":"https:\/\/nazarene.org\/es\/wp-json\/wp\/v2\/news"}],"about":[{"href":"https:\/\/nazarene.org\/es\/wp-json\/wp\/v2\/types\/news"}],"author":[{"embeddable":true,"href":"https:\/\/nazarene.org\/es\/wp-json\/wp\/v2\/users\/17"}],"version-history":[{"count":1,"href":"https:\/\/nazarene.org\/es\/wp-json\/wp\/v2\/news\/65918\/revisions"}],"predecessor-version":[{"id":65920,"href":"https:\/\/nazarene.org\/es\/wp-json\/wp\/v2\/news\/65918\/revisions\/65920"}],"wp:featuredmedia":[{"embeddable":true,"href":"https:\/\/nazarene.org\/es\/wp-json\/wp\/v2\/media\/65919"}],"wp:attachment":[{"href":"https:\/\/nazarene.org\/es\/wp-json\/wp\/v2\/media?parent=65918"}],"wp:term":[{"taxonomy":"news-categories","embeddable":true,"href":"https:\/\/nazarene.org\/es\/wp-json\/wp\/v2\/news-categories?post=65918"},{"taxonomy":"news-region-taxonomy","embeddable":true,"href":"https:\/\/nazarene.org\/es\/wp-json\/wp\/v2\/news-region-taxonomy?post=65918"},{"taxonomy":"news-tag","embeddable":true,"href":"https:\/\/nazarene.org\/es\/wp-json\/wp\/v2\/news-tag?post=65918"}],"curies":[{"name":"wp","href":"https:\/\/api.w.org\/{rel}","templated":true}]}}