{"id":65912,"date":"2026-01-08T12:48:33","date_gmt":"2026-01-08T18:48:33","guid":{"rendered":"https:\/\/nazarene.org\/news\/jovenes-nazarenos-de-bolivia-renuevan-el-fuego-de-la-mision-de-dios\/"},"modified":"2026-01-09T11:57:27","modified_gmt":"2026-01-09T17:57:27","slug":"jovenes-nazarenos-de-bolivia-renuevan-el-fuego-de-la-mision-de-dios","status":"publish","type":"news","link":"https:\/\/nazarene.org\/es\/news\/jovenes-nazarenos-de-bolivia-renuevan-el-fuego-de-la-mision-de-dios\/","title":{"rendered":"J\u00f3venes nazarenos de Bolivia renuevan el fuego de la misi\u00f3n de Dios"},"content":{"rendered":"\n<p>Una conferencia de j\u00f3venes con el tema \u00abRenovar el fuego de nuestra misi\u00f3n\u00bb se llev\u00f3 a cabo en la ciudad de El Alto, Bolivia, a fines de noviembre de 2025. El evento fue organizado por la Juventud Nazarena Internacional (JNI) del Distrito El Alto Noreste.<\/p>\n\n<p>La conferencia se enfoc\u00f3 en renovar las vidas espirituales de los j\u00f3venes l\u00edderes, record\u00e1ndoles que su llamado es continuo; y alent\u00e1ndolos a participar activamente en la expansi\u00f3n del reino de Dios con compromiso. <\/p>\n\n<p>El s\u00e1bado se llevaron a cabo tres sesiones plenarias principales. La primera, \u00abUn llamado urgente al evangelismo\u00bb, fue liderada por Germ\u00e1n Espinoza, quien desafi\u00f3 a los participantes a comprometerse de manera significativa en sus respectivos roles como mensajeros de las buenas nuevas. En la segunda, \u00abEl fuego inextinguible\u00bb, Pablo Su\u00e1rez enfatiz\u00f3 la necesidad de llevar una vida llena del Esp\u00edritu Santo. En la tercera y \u00faltima sesi\u00f3n, \u00abVisi\u00f3n generacional\u00bb, Juan Jos\u00e9 Paredes pidi\u00f3 a los j\u00f3venes que piensen en la misi\u00f3n de Dios m\u00e1s all\u00e1 de su propia generaci\u00f3n, abrazando una perspectiva de legado.<\/p>\n\n<p>Durante la conferencia, los asistentes fueron invitados a comprometerse con la misi\u00f3n de Dios; y varios j\u00f3venes se unieron al equipo de voluntarios de Evandis (Evangelismo y Discipulado), liderado por Abraham Condori, reafirmando as\u00ed su deseo de servir a Dios y a la iglesia de una manera m\u00e1s intencional.<\/p>\n\n<p>El domingo, la conferencia virtual \u00abVivir el llamado\u00bb fue liderada por Yoan Camacaro, quien comparti\u00f3 su experiencia como misionero en Italia, inspirando a los asistentes a considerar las misiones m\u00e1s all\u00e1 de sus propias fronteras. La conferencia concluy\u00f3 con el discurso principal de Herman Alc\u00e1ntara, \u00abCuando el fuego se enfr\u00eda\u00bb, basado en 2 Timoteo 1:6.<\/p>\n\n<p>Alc\u00e1ntara desafi\u00f3 a los j\u00f3venes a mantener viva la llama del Esp\u00edritu y a limpiar el \u00abaltar del coraz\u00f3n\u00bb de todo lo que extingue el fuego. Usando la met\u00e1fora de las \u00abcenizas\u00bb, los alent\u00f3 a dejar atr\u00e1s las heridas del pasado, la culpa, el orgullo, el cansancio o la autosuficiencia; para que el Esp\u00edritu Santo pudiera arder poderosamente.<\/p>\n\n<p>Herman tambi\u00e9n los invit\u00f3 a \u00abagregar le\u00f1a [al fuego]\u00bb cada d\u00eda, simbolizando la oraci\u00f3n, la lectura de la Palabra, la adoraci\u00f3n y el servicio, record\u00e1ndoles que mantener el fuego ardiendo es una responsabilidad personal y constante.<\/p>\n\n<p>Con m\u00e1s de 80 asistentes, la conferencia fue un tiempo especial de renovaci\u00f3n espiritual. Durante la conferencia de dos d\u00edas, el Se\u00f1or habl\u00f3 a los corazones a trav\u00e9s de la predicaci\u00f3n de la Palabra, los tiempos de alabanza y los momentos de intercesi\u00f3n, trayendo fuerza y avivamiento a los j\u00f3venes y l\u00edderes. Muchos regresaron a sus iglesias y comunidades con un compromiso renovado de vivir su llamado y de reavivar el fuego de la misi\u00f3n de Dios dondequiera que \u00c9l los haya colocado.<\/p>\n\n<p><a href=\"https:\/\/www.samnaz.org\/juventud-nazarena-de-el-alto-renueva-su-llamado-en-el-congreso-renueva-el-fuego-que-hay-en-nuestra-mision\/\">Iglesia del Nazareno Regi\u00f3n Am\u00e9rica<\/a> del Sur.<\/p>\n","protected":false},"excerpt":{"rendered":"<p>Una conferencia de j\u00f3venes con el tema \u00abRenovar el fuego de nuestra misi\u00f3n\u00bb se llev\u00f3 a cabo en la ciudad de El Alto, Bolivia, a fines de noviembre de 2025. El evento fue organizado por la Juventud Nazarena Internacional (JNI) del Distrito El Alto Noreste. La conferencia se enfoc\u00f3 en renovar las vidas espirituales de [&hellip;]<\/p>\n","protected":false},"author":17,"featured_media":65913,"menu_order":0,"template":"","news-categories":[],"news-region-taxonomy":[],"news-tag":[],"class_list":["post-65912","news","type-news","status-publish","has-post-thumbnail","hentry"],"yoast_head":"<!-- This site is optimized with the Yoast SEO Premium plugin v27.1 (Yoast SEO v27.1.1) - https:\/\/yoast.com\/product\/yoast-seo-premium-wordpress\/ -->\n<title>J\u00f3venes nazarenos de Bolivia renuevan el fuego de la misi\u00f3n de Dios - Church of the Nazarene<\/title>\n<meta name=\"description\" content=\"M\u00e1s de 80 j\u00f3venes nazarenos de Bolivia asistieron a una conferencia, renovando su fuego del llamado a la misi\u00f3n de Dios.\" \/>\n<meta name=\"robots\" content=\"index, follow, max-snippet:-1, max-image-preview:large, max-video-preview:-1\" \/>\n<link rel=\"canonical\" href=\"https:\/\/nazarene.org\/es\/news\/jovenes-nazarenos-de-bolivia-renuevan-el-fuego-de-la-mision-de-dios\/\" \/>\n<meta property=\"og:locale\" content=\"es_ES\" \/>\n<meta property=\"og:type\" content=\"article\" \/>\n<meta property=\"og:title\" content=\"J\u00f3venes nazarenos de Bolivia renuevan el fuego de la misi\u00f3n de Dios\" \/>\n<meta property=\"og:description\" content=\"M\u00e1s de 80 j\u00f3venes nazarenos de Bolivia asistieron a una conferencia, renovando su fuego del llamado a la misi\u00f3n de Dios.\" \/>\n<meta property=\"og:url\" content=\"https:\/\/nazarene.org\/es\/news\/jovenes-nazarenos-de-bolivia-renuevan-el-fuego-de-la-mision-de-dios\/\" \/>\n<meta property=\"og:site_name\" content=\"Church of the Nazarene\" \/>\n<meta property=\"article:publisher\" content=\"https:\/\/www.facebook.com\/NazareneOfficial\/\" \/>\n<meta property=\"article:modified_time\" content=\"2026-01-09T17:57:27+00:00\" \/>\n<meta property=\"og:image\" content=\"https:\/\/nazarene.org\/wp-content\/uploads\/2026\/01\/Renueva.jpg\" \/>\n\t<meta property=\"og:image:width\" content=\"1500\" \/>\n\t<meta property=\"og:image:height\" content=\"800\" \/>\n\t<meta property=\"og:image:type\" content=\"image\/jpeg\" \/>\n<meta name=\"twitter:card\" content=\"summary_large_image\" \/>\n<meta name=\"twitter:site\" content=\"@Nazarene\" \/>\n<script type=\"application\/ld+json\" class=\"yoast-schema-graph\">{\"@context\":\"https:\/\/schema.org\",\"@graph\":[{\"@type\":\"WebPage\",\"@id\":\"https:\/\/nazarene.org\/es\/news\/jovenes-nazarenos-de-bolivia-renuevan-el-fuego-de-la-mision-de-dios\/\",\"url\":\"https:\/\/nazarene.org\/es\/news\/jovenes-nazarenos-de-bolivia-renuevan-el-fuego-de-la-mision-de-dios\/\",\"name\":\"J\u00f3venes nazarenos de Bolivia renuevan el fuego de la misi\u00f3n de Dios - Church of the Nazarene\",\"isPartOf\":{\"@id\":\"https:\/\/nazarene.org\/es\/#website\"},\"primaryImageOfPage\":{\"@id\":\"https:\/\/nazarene.org\/es\/news\/jovenes-nazarenos-de-bolivia-renuevan-el-fuego-de-la-mision-de-dios\/#primaryimage\"},\"image\":{\"@id\":\"https:\/\/nazarene.org\/es\/news\/jovenes-nazarenos-de-bolivia-renuevan-el-fuego-de-la-mision-de-dios\/#primaryimage\"},\"thumbnailUrl\":\"https:\/\/nazarene.org\/wp-content\/uploads\/2026\/01\/Renueva.jpg\",\"datePublished\":\"2026-01-08T18:48:33+00:00\",\"dateModified\":\"2026-01-09T17:57:27+00:00\",\"description\":\"M\u00e1s de 80 j\u00f3venes nazarenos de Bolivia asistieron a una conferencia, renovando su fuego del llamado a la misi\u00f3n de Dios.\",\"breadcrumb\":{\"@id\":\"https:\/\/nazarene.org\/es\/news\/jovenes-nazarenos-de-bolivia-renuevan-el-fuego-de-la-mision-de-dios\/#breadcrumb\"},\"inLanguage\":\"es\",\"potentialAction\":[{\"@type\":\"ReadAction\",\"target\":[\"https:\/\/nazarene.org\/es\/news\/jovenes-nazarenos-de-bolivia-renuevan-el-fuego-de-la-mision-de-dios\/\"]}]},{\"@type\":\"ImageObject\",\"inLanguage\":\"es\",\"@id\":\"https:\/\/nazarene.org\/es\/news\/jovenes-nazarenos-de-bolivia-renuevan-el-fuego-de-la-mision-de-dios\/#primaryimage\",\"url\":\"https:\/\/nazarene.org\/wp-content\/uploads\/2026\/01\/Renueva.jpg\",\"contentUrl\":\"https:\/\/nazarene.org\/wp-content\/uploads\/2026\/01\/Renueva.jpg\",\"width\":1500,\"height\":800},{\"@type\":\"BreadcrumbList\",\"@id\":\"https:\/\/nazarene.org\/es\/news\/jovenes-nazarenos-de-bolivia-renuevan-el-fuego-de-la-mision-de-dios\/#breadcrumb\",\"itemListElement\":[{\"@type\":\"ListItem\",\"position\":1,\"name\":\"Home\",\"item\":\"https:\/\/nazarene.org\/es\/inicio\/\"},{\"@type\":\"ListItem\",\"position\":2,\"name\":\"News\",\"item\":\"https:\/\/nazarene.org\/es\/news\/\"},{\"@type\":\"ListItem\",\"position\":3,\"name\":\"J\u00f3venes nazarenos de Bolivia renuevan el fuego de la misi\u00f3n de Dios\"}]},{\"@type\":\"WebSite\",\"@id\":\"https:\/\/nazarene.org\/es\/#website\",\"url\":\"https:\/\/nazarene.org\/es\/\",\"name\":\"Church of the Nazarene\",\"description\":\"Making Christlike Disciples in the Nations\",\"publisher\":{\"@id\":\"https:\/\/nazarene.org\/es\/#organization\"},\"potentialAction\":[{\"@type\":\"SearchAction\",\"target\":{\"@type\":\"EntryPoint\",\"urlTemplate\":\"https:\/\/nazarene.org\/es\/?s={search_term_string}\"},\"query-input\":{\"@type\":\"PropertyValueSpecification\",\"valueRequired\":true,\"valueName\":\"search_term_string\"}}],\"inLanguage\":\"es\"},{\"@type\":\"Organization\",\"@id\":\"https:\/\/nazarene.org\/es\/#organization\",\"name\":\"Church of the Nazarene\",\"url\":\"https:\/\/nazarene.org\/es\/\",\"logo\":{\"@type\":\"ImageObject\",\"inLanguage\":\"es\",\"@id\":\"https:\/\/nazarene.org\/es\/#\/schema\/logo\/image\/\",\"url\":\"https:\/\/nazarene.org\/wp-content\/uploads\/2024\/06\/Naz_Desktop_Black_Logo-1.svg\",\"contentUrl\":\"https:\/\/nazarene.org\/wp-content\/uploads\/2024\/06\/Naz_Desktop_Black_Logo-1.svg\",\"width\":258,\"height\":36,\"caption\":\"Church of the Nazarene\"},\"image\":{\"@id\":\"https:\/\/nazarene.org\/es\/#\/schema\/logo\/image\/\"},\"sameAs\":[\"https:\/\/www.facebook.com\/NazareneOfficial\/\",\"https:\/\/x.com\/Nazarene\",\"https:\/\/www.instagram.com\/nazareneofficial\/\"]}]}<\/script>\n<!-- \/ Yoast SEO Premium plugin. -->","yoast_head_json":{"title":"J\u00f3venes nazarenos de Bolivia renuevan el fuego de la misi\u00f3n de Dios - Church of the Nazarene","description":"M\u00e1s de 80 j\u00f3venes nazarenos de Bolivia asistieron a una conferencia, renovando su fuego del llamado a la misi\u00f3n de Dios.","robots":{"index":"index","follow":"follow","max-snippet":"max-snippet:-1","max-image-preview":"max-image-preview:large","max-video-preview":"max-video-preview:-1"},"canonical":"https:\/\/nazarene.org\/es\/news\/jovenes-nazarenos-de-bolivia-renuevan-el-fuego-de-la-mision-de-dios\/","og_locale":"es_ES","og_type":"article","og_title":"J\u00f3venes nazarenos de Bolivia renuevan el fuego de la misi\u00f3n de Dios","og_description":"M\u00e1s de 80 j\u00f3venes nazarenos de Bolivia asistieron a una conferencia, renovando su fuego del llamado a la misi\u00f3n de Dios.","og_url":"https:\/\/nazarene.org\/es\/news\/jovenes-nazarenos-de-bolivia-renuevan-el-fuego-de-la-mision-de-dios\/","og_site_name":"Church of the Nazarene","article_publisher":"https:\/\/www.facebook.com\/NazareneOfficial\/","article_modified_time":"2026-01-09T17:57:27+00:00","og_image":[{"width":1500,"height":800,"url":"https:\/\/nazarene.org\/wp-content\/uploads\/2026\/01\/Renueva.jpg","type":"image\/jpeg"}],"twitter_card":"summary_large_image","twitter_site":"@Nazarene","schema":{"@context":"https:\/\/schema.org","@graph":[{"@type":"WebPage","@id":"https:\/\/nazarene.org\/es\/news\/jovenes-nazarenos-de-bolivia-renuevan-el-fuego-de-la-mision-de-dios\/","url":"https:\/\/nazarene.org\/es\/news\/jovenes-nazarenos-de-bolivia-renuevan-el-fuego-de-la-mision-de-dios\/","name":"J\u00f3venes nazarenos de Bolivia renuevan el fuego de la misi\u00f3n de Dios - Church of the Nazarene","isPartOf":{"@id":"https:\/\/nazarene.org\/es\/#website"},"primaryImageOfPage":{"@id":"https:\/\/nazarene.org\/es\/news\/jovenes-nazarenos-de-bolivia-renuevan-el-fuego-de-la-mision-de-dios\/#primaryimage"},"image":{"@id":"https:\/\/nazarene.org\/es\/news\/jovenes-nazarenos-de-bolivia-renuevan-el-fuego-de-la-mision-de-dios\/#primaryimage"},"thumbnailUrl":"https:\/\/nazarene.org\/wp-content\/uploads\/2026\/01\/Renueva.jpg","datePublished":"2026-01-08T18:48:33+00:00","dateModified":"2026-01-09T17:57:27+00:00","description":"M\u00e1s de 80 j\u00f3venes nazarenos de Bolivia asistieron a una conferencia, renovando su fuego del llamado a la misi\u00f3n de Dios.","breadcrumb":{"@id":"https:\/\/nazarene.org\/es\/news\/jovenes-nazarenos-de-bolivia-renuevan-el-fuego-de-la-mision-de-dios\/#breadcrumb"},"inLanguage":"es","potentialAction":[{"@type":"ReadAction","target":["https:\/\/nazarene.org\/es\/news\/jovenes-nazarenos-de-bolivia-renuevan-el-fuego-de-la-mision-de-dios\/"]}]},{"@type":"ImageObject","inLanguage":"es","@id":"https:\/\/nazarene.org\/es\/news\/jovenes-nazarenos-de-bolivia-renuevan-el-fuego-de-la-mision-de-dios\/#primaryimage","url":"https:\/\/nazarene.org\/wp-content\/uploads\/2026\/01\/Renueva.jpg","contentUrl":"https:\/\/nazarene.org\/wp-content\/uploads\/2026\/01\/Renueva.jpg","width":1500,"height":800},{"@type":"BreadcrumbList","@id":"https:\/\/nazarene.org\/es\/news\/jovenes-nazarenos-de-bolivia-renuevan-el-fuego-de-la-mision-de-dios\/#breadcrumb","itemListElement":[{"@type":"ListItem","position":1,"name":"Home","item":"https:\/\/nazarene.org\/es\/inicio\/"},{"@type":"ListItem","position":2,"name":"News","item":"https:\/\/nazarene.org\/es\/news\/"},{"@type":"ListItem","position":3,"name":"J\u00f3venes nazarenos de Bolivia renuevan el fuego de la misi\u00f3n de Dios"}]},{"@type":"WebSite","@id":"https:\/\/nazarene.org\/es\/#website","url":"https:\/\/nazarene.org\/es\/","name":"Church of the Nazarene","description":"Making Christlike Disciples in the Nations","publisher":{"@id":"https:\/\/nazarene.org\/es\/#organization"},"potentialAction":[{"@type":"SearchAction","target":{"@type":"EntryPoint","urlTemplate":"https:\/\/nazarene.org\/es\/?s={search_term_string}"},"query-input":{"@type":"PropertyValueSpecification","valueRequired":true,"valueName":"search_term_string"}}],"inLanguage":"es"},{"@type":"Organization","@id":"https:\/\/nazarene.org\/es\/#organization","name":"Church of the Nazarene","url":"https:\/\/nazarene.org\/es\/","logo":{"@type":"ImageObject","inLanguage":"es","@id":"https:\/\/nazarene.org\/es\/#\/schema\/logo\/image\/","url":"https:\/\/nazarene.org\/wp-content\/uploads\/2024\/06\/Naz_Desktop_Black_Logo-1.svg","contentUrl":"https:\/\/nazarene.org\/wp-content\/uploads\/2024\/06\/Naz_Desktop_Black_Logo-1.svg","width":258,"height":36,"caption":"Church of the Nazarene"},"image":{"@id":"https:\/\/nazarene.org\/es\/#\/schema\/logo\/image\/"},"sameAs":["https:\/\/www.facebook.com\/NazareneOfficial\/","https:\/\/x.com\/Nazarene","https:\/\/www.instagram.com\/nazareneofficial\/"]}]}},"_links":{"self":[{"href":"https:\/\/nazarene.org\/es\/wp-json\/wp\/v2\/news\/65912","targetHints":{"allow":["GET"]}}],"collection":[{"href":"https:\/\/nazarene.org\/es\/wp-json\/wp\/v2\/news"}],"about":[{"href":"https:\/\/nazarene.org\/es\/wp-json\/wp\/v2\/types\/news"}],"author":[{"embeddable":true,"href":"https:\/\/nazarene.org\/es\/wp-json\/wp\/v2\/users\/17"}],"version-history":[{"count":1,"href":"https:\/\/nazarene.org\/es\/wp-json\/wp\/v2\/news\/65912\/revisions"}],"predecessor-version":[{"id":65914,"href":"https:\/\/nazarene.org\/es\/wp-json\/wp\/v2\/news\/65912\/revisions\/65914"}],"wp:featuredmedia":[{"embeddable":true,"href":"https:\/\/nazarene.org\/es\/wp-json\/wp\/v2\/media\/65913"}],"wp:attachment":[{"href":"https:\/\/nazarene.org\/es\/wp-json\/wp\/v2\/media?parent=65912"}],"wp:term":[{"taxonomy":"news-categories","embeddable":true,"href":"https:\/\/nazarene.org\/es\/wp-json\/wp\/v2\/news-categories?post=65912"},{"taxonomy":"news-region-taxonomy","embeddable":true,"href":"https:\/\/nazarene.org\/es\/wp-json\/wp\/v2\/news-region-taxonomy?post=65912"},{"taxonomy":"news-tag","embeddable":true,"href":"https:\/\/nazarene.org\/es\/wp-json\/wp\/v2\/news-tag?post=65912"}],"curies":[{"name":"wp","href":"https:\/\/api.w.org\/{rel}","templated":true}]}}