{"id":65744,"date":"2025-12-18T15:18:23","date_gmt":"2025-12-18T21:18:23","guid":{"rendered":"https:\/\/nazarene.org\/news\/iglesia-de-argentina-celebra-la-transformacion-y-el-bautismo-de-un-hombre\/"},"modified":"2025-12-19T10:50:52","modified_gmt":"2025-12-19T16:50:52","slug":"iglesia-de-argentina-celebra-la-transformacion-y-el-bautismo-de-un-hombre","status":"publish","type":"news","link":"https:\/\/nazarene.org\/es\/news\/iglesia-de-argentina-celebra-la-transformacion-y-el-bautismo-de-un-hombre\/","title":{"rendered":"Iglesia de Argentina celebra la transformaci\u00f3n y el Bautismo de un hombre"},"content":{"rendered":"\n<p>En noviembre pasado, el Bautismo de Franco Nahuel Garrido, de 29 a\u00f1os, se celebr\u00f3 con alegr\u00eda en la Iglesia del Nazareno \u00abJes\u00fas mi Refugio\u00bb en la ciudad de Neuqu\u00e9n, Argentina.<\/p>\n\n<p>Franco lleg\u00f3 a conocer el amor de Dios a trav\u00e9s del ministerio \u00abDesaf\u00edos en Cristo\u00bb, un programa de expansi\u00f3n compasivo que apoya a las personas que experimentan la falta de hogar y el abuso de sustancias. El ministerio se re\u00fane los s\u00e1bados; y est\u00e1 liderado por Jos\u00e9 Alberto Esp\u00ednola Peralta, junto con un equipo de 12 voluntarios dedicados, y Edivaldo Junior, un misionero que alienta y fortalece el crecimiento de este servicio.<\/p>\n\n<p>Franco comparti\u00f3 su poderoso testimonio de transformaci\u00f3n en Cristo con la congregaci\u00f3n: c\u00f3mo Dios restaur\u00f3 su vida cuando todo parec\u00eda perdido. Despu\u00e9s de un tiempo de crecer en la fe a trav\u00e9s del cuidado y el apoyo pastoral, decidi\u00f3 dar el paso de la obediencia y declarar p\u00fablicamente su nueva vida en Cristo a trav\u00e9s del Bautismo.<\/p>\n\n<p>La ceremonia fue un momento de significativo impacto espiritual para la iglesia, que celebr\u00f3 con alegr\u00eda la nueva vida en Cristo de Franco.<\/p>\n\n<p>\u00abDios me sac\u00f3 de donde estaba y me dio una nueva oportunidad\u00bb, comparti\u00f3 emocionado Franco.<\/p>\n\n<p>Como comunidad, la iglesia dio gracias a Dios por su trabajo en la vida de Franco; y se alent\u00f3 a continuar orando y apoyando el ministerio \u00abDesaf\u00edos en Cristo\u00bb. <\/p>\n\n<p><a href=\"https:\/\/www.samnaz.org\/bautismo-de-franco-garrido-celebra-la-transformacion-de-vidas-a-traves-del-ministerio-desafios-en-cristo-en-neuquen\/\">Iglesia del Nazareno Regi\u00f3n Am\u00e9rica<\/a> del Sur.<\/p>\n\n<p><\/p>\n","protected":false},"excerpt":{"rendered":"<p>En noviembre pasado, el Bautismo de Franco Nahuel Garrido, de 29 a\u00f1os, se celebr\u00f3 con alegr\u00eda en la Iglesia del Nazareno \u00abJes\u00fas mi Refugio\u00bb en la ciudad de Neuqu\u00e9n, Argentina. Franco lleg\u00f3 a conocer el amor de Dios a trav\u00e9s del ministerio \u00abDesaf\u00edos en Cristo\u00bb, un programa de expansi\u00f3n compasivo que apoya a las personas [&hellip;]<\/p>\n","protected":false},"author":17,"featured_media":65745,"menu_order":0,"template":"","news-categories":[],"news-region-taxonomy":[],"news-tag":[],"class_list":["post-65744","news","type-news","status-publish","has-post-thumbnail","hentry"],"yoast_head":"<!-- This site is optimized with the Yoast SEO Premium plugin v27.1 (Yoast SEO v27.1.1) - https:\/\/yoast.com\/product\/yoast-seo-premium-wordpress\/ -->\n<title>Iglesia de Argentina celebra la transformaci\u00f3n y el Bautismo de un hombre - Church of the Nazarene<\/title>\n<meta name=\"description\" content=\"En noviembre pasado, el Bautismo de Franco Nahuel Garrido se celebr\u00f3 con alegr\u00eda en la Iglesia del Nazareno &quot;Jes\u00fas mi Refugio&quot; en Argentina.\" \/>\n<meta name=\"robots\" content=\"index, follow, max-snippet:-1, max-image-preview:large, max-video-preview:-1\" \/>\n<link rel=\"canonical\" href=\"https:\/\/nazarene.org\/es\/news\/iglesia-de-argentina-celebra-la-transformacion-y-el-bautismo-de-un-hombre\/\" \/>\n<meta property=\"og:locale\" content=\"es_ES\" \/>\n<meta property=\"og:type\" content=\"article\" \/>\n<meta property=\"og:title\" content=\"Iglesia de Argentina celebra la transformaci\u00f3n y el Bautismo de un hombre\" \/>\n<meta property=\"og:description\" content=\"En noviembre pasado, el Bautismo de Franco Nahuel Garrido se celebr\u00f3 con alegr\u00eda en la Iglesia del Nazareno &quot;Jes\u00fas mi Refugio&quot; en Argentina.\" \/>\n<meta property=\"og:url\" content=\"https:\/\/nazarene.org\/es\/news\/iglesia-de-argentina-celebra-la-transformacion-y-el-bautismo-de-un-hombre\/\" \/>\n<meta property=\"og:site_name\" content=\"Church of the Nazarene\" \/>\n<meta property=\"article:publisher\" content=\"https:\/\/www.facebook.com\/NazareneOfficial\/\" \/>\n<meta property=\"article:modified_time\" content=\"2025-12-19T16:50:52+00:00\" \/>\n<meta property=\"og:image\" content=\"https:\/\/nazarene.org\/wp-content\/uploads\/2025\/12\/Baptisms-Nequen.png\" \/>\n\t<meta property=\"og:image:width\" content=\"1500\" \/>\n\t<meta property=\"og:image:height\" content=\"800\" \/>\n\t<meta property=\"og:image:type\" content=\"image\/png\" \/>\n<meta name=\"twitter:card\" content=\"summary_large_image\" \/>\n<meta name=\"twitter:site\" content=\"@Nazarene\" \/>\n<script type=\"application\/ld+json\" class=\"yoast-schema-graph\">{\"@context\":\"https:\/\/schema.org\",\"@graph\":[{\"@type\":\"WebPage\",\"@id\":\"https:\/\/nazarene.org\/es\/news\/iglesia-de-argentina-celebra-la-transformacion-y-el-bautismo-de-un-hombre\/\",\"url\":\"https:\/\/nazarene.org\/es\/news\/iglesia-de-argentina-celebra-la-transformacion-y-el-bautismo-de-un-hombre\/\",\"name\":\"Iglesia de Argentina celebra la transformaci\u00f3n y el Bautismo de un hombre - Church of the Nazarene\",\"isPartOf\":{\"@id\":\"https:\/\/nazarene.org\/es\/#website\"},\"primaryImageOfPage\":{\"@id\":\"https:\/\/nazarene.org\/es\/news\/iglesia-de-argentina-celebra-la-transformacion-y-el-bautismo-de-un-hombre\/#primaryimage\"},\"image\":{\"@id\":\"https:\/\/nazarene.org\/es\/news\/iglesia-de-argentina-celebra-la-transformacion-y-el-bautismo-de-un-hombre\/#primaryimage\"},\"thumbnailUrl\":\"https:\/\/nazarene.org\/wp-content\/uploads\/2025\/12\/Baptisms-Nequen.png\",\"datePublished\":\"2025-12-18T21:18:23+00:00\",\"dateModified\":\"2025-12-19T16:50:52+00:00\",\"description\":\"En noviembre pasado, el Bautismo de Franco Nahuel Garrido se celebr\u00f3 con alegr\u00eda en la Iglesia del Nazareno \\\"Jes\u00fas mi Refugio\\\" en Argentina.\",\"breadcrumb\":{\"@id\":\"https:\/\/nazarene.org\/es\/news\/iglesia-de-argentina-celebra-la-transformacion-y-el-bautismo-de-un-hombre\/#breadcrumb\"},\"inLanguage\":\"es\",\"potentialAction\":[{\"@type\":\"ReadAction\",\"target\":[\"https:\/\/nazarene.org\/es\/news\/iglesia-de-argentina-celebra-la-transformacion-y-el-bautismo-de-un-hombre\/\"]}]},{\"@type\":\"ImageObject\",\"inLanguage\":\"es\",\"@id\":\"https:\/\/nazarene.org\/es\/news\/iglesia-de-argentina-celebra-la-transformacion-y-el-bautismo-de-un-hombre\/#primaryimage\",\"url\":\"https:\/\/nazarene.org\/wp-content\/uploads\/2025\/12\/Baptisms-Nequen.png\",\"contentUrl\":\"https:\/\/nazarene.org\/wp-content\/uploads\/2025\/12\/Baptisms-Nequen.png\",\"width\":1500,\"height\":800},{\"@type\":\"BreadcrumbList\",\"@id\":\"https:\/\/nazarene.org\/es\/news\/iglesia-de-argentina-celebra-la-transformacion-y-el-bautismo-de-un-hombre\/#breadcrumb\",\"itemListElement\":[{\"@type\":\"ListItem\",\"position\":1,\"name\":\"Home\",\"item\":\"https:\/\/nazarene.org\/es\/inicio\/\"},{\"@type\":\"ListItem\",\"position\":2,\"name\":\"News\",\"item\":\"https:\/\/nazarene.org\/es\/news\/\"},{\"@type\":\"ListItem\",\"position\":3,\"name\":\"Iglesia de Argentina celebra la transformaci\u00f3n y el Bautismo de un hombre\"}]},{\"@type\":\"WebSite\",\"@id\":\"https:\/\/nazarene.org\/es\/#website\",\"url\":\"https:\/\/nazarene.org\/es\/\",\"name\":\"Church of the Nazarene\",\"description\":\"Making Christlike Disciples in the Nations\",\"publisher\":{\"@id\":\"https:\/\/nazarene.org\/es\/#organization\"},\"potentialAction\":[{\"@type\":\"SearchAction\",\"target\":{\"@type\":\"EntryPoint\",\"urlTemplate\":\"https:\/\/nazarene.org\/es\/?s={search_term_string}\"},\"query-input\":{\"@type\":\"PropertyValueSpecification\",\"valueRequired\":true,\"valueName\":\"search_term_string\"}}],\"inLanguage\":\"es\"},{\"@type\":\"Organization\",\"@id\":\"https:\/\/nazarene.org\/es\/#organization\",\"name\":\"Church of the Nazarene\",\"url\":\"https:\/\/nazarene.org\/es\/\",\"logo\":{\"@type\":\"ImageObject\",\"inLanguage\":\"es\",\"@id\":\"https:\/\/nazarene.org\/es\/#\/schema\/logo\/image\/\",\"url\":\"https:\/\/nazarene.org\/wp-content\/uploads\/2024\/06\/Naz_Desktop_Black_Logo-1.svg\",\"contentUrl\":\"https:\/\/nazarene.org\/wp-content\/uploads\/2024\/06\/Naz_Desktop_Black_Logo-1.svg\",\"width\":258,\"height\":36,\"caption\":\"Church of the Nazarene\"},\"image\":{\"@id\":\"https:\/\/nazarene.org\/es\/#\/schema\/logo\/image\/\"},\"sameAs\":[\"https:\/\/www.facebook.com\/NazareneOfficial\/\",\"https:\/\/x.com\/Nazarene\",\"https:\/\/www.instagram.com\/nazareneofficial\/\"]}]}<\/script>\n<!-- \/ Yoast SEO Premium plugin. -->","yoast_head_json":{"title":"Iglesia de Argentina celebra la transformaci\u00f3n y el Bautismo de un hombre - Church of the Nazarene","description":"En noviembre pasado, el Bautismo de Franco Nahuel Garrido se celebr\u00f3 con alegr\u00eda en la Iglesia del Nazareno \"Jes\u00fas mi Refugio\" en Argentina.","robots":{"index":"index","follow":"follow","max-snippet":"max-snippet:-1","max-image-preview":"max-image-preview:large","max-video-preview":"max-video-preview:-1"},"canonical":"https:\/\/nazarene.org\/es\/news\/iglesia-de-argentina-celebra-la-transformacion-y-el-bautismo-de-un-hombre\/","og_locale":"es_ES","og_type":"article","og_title":"Iglesia de Argentina celebra la transformaci\u00f3n y el Bautismo de un hombre","og_description":"En noviembre pasado, el Bautismo de Franco Nahuel Garrido se celebr\u00f3 con alegr\u00eda en la Iglesia del Nazareno \"Jes\u00fas mi Refugio\" en Argentina.","og_url":"https:\/\/nazarene.org\/es\/news\/iglesia-de-argentina-celebra-la-transformacion-y-el-bautismo-de-un-hombre\/","og_site_name":"Church of the Nazarene","article_publisher":"https:\/\/www.facebook.com\/NazareneOfficial\/","article_modified_time":"2025-12-19T16:50:52+00:00","og_image":[{"width":1500,"height":800,"url":"https:\/\/nazarene.org\/wp-content\/uploads\/2025\/12\/Baptisms-Nequen.png","type":"image\/png"}],"twitter_card":"summary_large_image","twitter_site":"@Nazarene","schema":{"@context":"https:\/\/schema.org","@graph":[{"@type":"WebPage","@id":"https:\/\/nazarene.org\/es\/news\/iglesia-de-argentina-celebra-la-transformacion-y-el-bautismo-de-un-hombre\/","url":"https:\/\/nazarene.org\/es\/news\/iglesia-de-argentina-celebra-la-transformacion-y-el-bautismo-de-un-hombre\/","name":"Iglesia de Argentina celebra la transformaci\u00f3n y el Bautismo de un hombre - Church of the Nazarene","isPartOf":{"@id":"https:\/\/nazarene.org\/es\/#website"},"primaryImageOfPage":{"@id":"https:\/\/nazarene.org\/es\/news\/iglesia-de-argentina-celebra-la-transformacion-y-el-bautismo-de-un-hombre\/#primaryimage"},"image":{"@id":"https:\/\/nazarene.org\/es\/news\/iglesia-de-argentina-celebra-la-transformacion-y-el-bautismo-de-un-hombre\/#primaryimage"},"thumbnailUrl":"https:\/\/nazarene.org\/wp-content\/uploads\/2025\/12\/Baptisms-Nequen.png","datePublished":"2025-12-18T21:18:23+00:00","dateModified":"2025-12-19T16:50:52+00:00","description":"En noviembre pasado, el Bautismo de Franco Nahuel Garrido se celebr\u00f3 con alegr\u00eda en la Iglesia del Nazareno \"Jes\u00fas mi Refugio\" en Argentina.","breadcrumb":{"@id":"https:\/\/nazarene.org\/es\/news\/iglesia-de-argentina-celebra-la-transformacion-y-el-bautismo-de-un-hombre\/#breadcrumb"},"inLanguage":"es","potentialAction":[{"@type":"ReadAction","target":["https:\/\/nazarene.org\/es\/news\/iglesia-de-argentina-celebra-la-transformacion-y-el-bautismo-de-un-hombre\/"]}]},{"@type":"ImageObject","inLanguage":"es","@id":"https:\/\/nazarene.org\/es\/news\/iglesia-de-argentina-celebra-la-transformacion-y-el-bautismo-de-un-hombre\/#primaryimage","url":"https:\/\/nazarene.org\/wp-content\/uploads\/2025\/12\/Baptisms-Nequen.png","contentUrl":"https:\/\/nazarene.org\/wp-content\/uploads\/2025\/12\/Baptisms-Nequen.png","width":1500,"height":800},{"@type":"BreadcrumbList","@id":"https:\/\/nazarene.org\/es\/news\/iglesia-de-argentina-celebra-la-transformacion-y-el-bautismo-de-un-hombre\/#breadcrumb","itemListElement":[{"@type":"ListItem","position":1,"name":"Home","item":"https:\/\/nazarene.org\/es\/inicio\/"},{"@type":"ListItem","position":2,"name":"News","item":"https:\/\/nazarene.org\/es\/news\/"},{"@type":"ListItem","position":3,"name":"Iglesia de Argentina celebra la transformaci\u00f3n y el Bautismo de un hombre"}]},{"@type":"WebSite","@id":"https:\/\/nazarene.org\/es\/#website","url":"https:\/\/nazarene.org\/es\/","name":"Church of the Nazarene","description":"Making Christlike Disciples in the Nations","publisher":{"@id":"https:\/\/nazarene.org\/es\/#organization"},"potentialAction":[{"@type":"SearchAction","target":{"@type":"EntryPoint","urlTemplate":"https:\/\/nazarene.org\/es\/?s={search_term_string}"},"query-input":{"@type":"PropertyValueSpecification","valueRequired":true,"valueName":"search_term_string"}}],"inLanguage":"es"},{"@type":"Organization","@id":"https:\/\/nazarene.org\/es\/#organization","name":"Church of the Nazarene","url":"https:\/\/nazarene.org\/es\/","logo":{"@type":"ImageObject","inLanguage":"es","@id":"https:\/\/nazarene.org\/es\/#\/schema\/logo\/image\/","url":"https:\/\/nazarene.org\/wp-content\/uploads\/2024\/06\/Naz_Desktop_Black_Logo-1.svg","contentUrl":"https:\/\/nazarene.org\/wp-content\/uploads\/2024\/06\/Naz_Desktop_Black_Logo-1.svg","width":258,"height":36,"caption":"Church of the Nazarene"},"image":{"@id":"https:\/\/nazarene.org\/es\/#\/schema\/logo\/image\/"},"sameAs":["https:\/\/www.facebook.com\/NazareneOfficial\/","https:\/\/x.com\/Nazarene","https:\/\/www.instagram.com\/nazareneofficial\/"]}]}},"_links":{"self":[{"href":"https:\/\/nazarene.org\/es\/wp-json\/wp\/v2\/news\/65744","targetHints":{"allow":["GET"]}}],"collection":[{"href":"https:\/\/nazarene.org\/es\/wp-json\/wp\/v2\/news"}],"about":[{"href":"https:\/\/nazarene.org\/es\/wp-json\/wp\/v2\/types\/news"}],"author":[{"embeddable":true,"href":"https:\/\/nazarene.org\/es\/wp-json\/wp\/v2\/users\/17"}],"version-history":[{"count":1,"href":"https:\/\/nazarene.org\/es\/wp-json\/wp\/v2\/news\/65744\/revisions"}],"predecessor-version":[{"id":65746,"href":"https:\/\/nazarene.org\/es\/wp-json\/wp\/v2\/news\/65744\/revisions\/65746"}],"wp:featuredmedia":[{"embeddable":true,"href":"https:\/\/nazarene.org\/es\/wp-json\/wp\/v2\/media\/65745"}],"wp:attachment":[{"href":"https:\/\/nazarene.org\/es\/wp-json\/wp\/v2\/media?parent=65744"}],"wp:term":[{"taxonomy":"news-categories","embeddable":true,"href":"https:\/\/nazarene.org\/es\/wp-json\/wp\/v2\/news-categories?post=65744"},{"taxonomy":"news-region-taxonomy","embeddable":true,"href":"https:\/\/nazarene.org\/es\/wp-json\/wp\/v2\/news-region-taxonomy?post=65744"},{"taxonomy":"news-tag","embeddable":true,"href":"https:\/\/nazarene.org\/es\/wp-json\/wp\/v2\/news-tag?post=65744"}],"curies":[{"name":"wp","href":"https:\/\/api.w.org\/{rel}","templated":true}]}}