{"id":61599,"date":"2025-10-10T10:04:51","date_gmt":"2025-10-10T15:04:51","guid":{"rendered":"https:\/\/nazarene.org\/news\/celebrando-la-vida-y-el-ministerio-de-padu-j-meshramkar\/"},"modified":"2025-10-10T12:45:18","modified_gmt":"2025-10-10T17:45:18","slug":"celebrando-la-vida-y-el-ministerio-de-padu-j-meshramkar","status":"publish","type":"news","link":"https:\/\/nazarene.org\/es\/news\/celebrando-la-vida-y-el-ministerio-de-padu-j-meshramkar\/","title":{"rendered":"Celebrando la vida y el ministerio de Padu J. Meshramkar"},"content":{"rendered":"\n<p>Padu J. Meshramkar, un fiel siervo de Dios, entr\u00f3 en su hogar celestial el 30 de agosto de 2025, despu\u00e9s de una vida de devoci\u00f3n y servicio a la Iglesia del Nazareno en la India.<\/p>\n\n\n\n<p>Naci\u00f3 el 9 de septiembre de 1939 en Dhamandhari, cerca de Buldhana, Maharashtra, donde se encuentra el complejo escolar de la Misi\u00f3n Nazarena. Su padre fue director de la escuela misionera para varones, y sus padres le inculcaron el amor por el aprendizaje, la disciplina y la obra de Dios.<\/p>\n\n\n\n<p>Aunque una vez \u00e9l so\u00f1\u00f3 con convertirse en profesor en una instituci\u00f3n secular, Dios redirigi\u00f3 suavemente su camino. En octubre de 1960, durante una conferencia de la iglesia Alliance en Akola, dedic\u00f3 su vida al ministerio de tiempo completo.<\/p>\n\n\n\n<p>\u00c9l obtuvo una licenciatura en Artes en Ingl\u00e9s; y, luego, sigui\u00f3 estudios teol\u00f3gicos en Union Biblical Seminary, Yavatmal. Entre 1966 y 1968, complet\u00f3 tanto su maestr\u00eda en Divinidad como su maestr\u00eda en Educaci\u00f3n Religiosa. En 1989, recibi\u00f3 el t\u00edtulo de doctorado en Ministerio del Nazarene Theological Seminary, Kansas City.<\/p>\n\n\n\n<p>Durante m\u00e1s de 45 a\u00f1os, Meshramkar sirvi\u00f3 a la Iglesia del Nazareno con devoci\u00f3n inquebrantable. De 1972 a 1992, sirvi\u00f3 como director del Nazarene Bible College, Washim. Fue ordenado en 1975 por el superintendente general Edward G. Lawlor.<\/p>\n\n\n\n<p>En 1992, fue designado para impulsar la educaci\u00f3n teol\u00f3gica extendida de la iglesia en el sur de Asia, abarcando India, Pakist\u00e1n, Nepal, Sri Lanka y Bangladesh. M\u00e1s tarde, en 1997, se desempe\u00f1\u00f3 como coordinador de la pel\u00edcula JES\u00daS, llevando la historia de Cristo a muchos hogares y corazones.<\/p>\n\n\n\n<p>\u00abLa contribuci\u00f3n del reverendo Dr. P. J. Meshramkar a la Iglesia del Nazareno siempre ser\u00e1 recordada\u00bb, dijo D. H. Wankhede, exsuperintendente del Distrito Western Maharashtra. \u00abTambi\u00e9n ayud\u00f3 a plantar muchas iglesias a trav\u00e9s del ministerio de la Pel\u00edcula JES\u00daS. La iglesia en la India est\u00e1 agradecida con Dios por bendecirnos con un l\u00edder tan fiel\u00bb.<\/p>\n\n\n\n<p>En 1971, Meshramkar se cas\u00f3 con Sudha, su compa\u00f1era de toda la vida en el ministerio. Juntos, construyeron un hogar centrado en Cristo y tuvieron la bendici\u00f3n de tener dos hijos, Atul y Soniya, a quienes posteriormente se unieron sus esposas Sunitha y Sunil, y tres queridos nietos. Su familia lo recuerda como un hombre de profundo amor, sabidur\u00eda y fe firme.<\/p>\n\n\n\n<p>\u00abMeshramkar era un hombre que vivi\u00f3 entre dos tradiciones\u00bb, dijo Prabhakar L. Manmothe, exsuperintendente del Distrito Eastern Maharashtra. \u00abSus sermones estaban llenos de vida, y su fe me inspir\u00f3 profundamente. Conect\u00f3 la riqueza de la tradici\u00f3n nazarena con las necesidades de hoy de una manera atemporal\u00bb.<\/p>\n\n\n\n<p>Meshramkar deja atr\u00e1s no s\u00f3lo una familia amorosa; sino tambi\u00e9n generaciones de pastores, l\u00edderes y creyentes que han sido formados por sus ense\u00f1anzas.<\/p>\n\n\n\n<p>Iglesia del <a href=\"http:\/\/eurasiaregion.org\">Nazareno Regi\u00f3n Eurasia.<\/a><\/p>\n\n\n\n<p><\/p>\n","protected":false},"excerpt":{"rendered":"<p>Padu J. Meshramkar, un fiel siervo de Dios, entr\u00f3 en su hogar celestial el 30 de agosto de 2025, despu\u00e9s de una vida de devoci\u00f3n y servicio a la Iglesia del Nazareno en la India. Naci\u00f3 el 9 de septiembre de 1939 en Dhamandhari, cerca de Buldhana, Maharashtra, donde se encuentra el complejo escolar de [&hellip;]<\/p>\n","protected":false},"author":17,"featured_media":61601,"menu_order":0,"template":"","news-categories":[],"news-region-taxonomy":[2883],"news-tag":[1529,792],"class_list":["post-61599","news","type-news","status-publish","has-post-thumbnail","hentry","news-region-taxonomy-eurasia-es","news-tag-india-es","news-tag-pasos"],"yoast_head":"<!-- This site is optimized with the Yoast SEO Premium plugin v27.1 (Yoast SEO v27.1.1) - https:\/\/yoast.com\/product\/yoast-seo-premium-wordpress\/ -->\n<title>Celebrando la vida y el ministerio de Padu J. Meshramkar - Church of the Nazarene<\/title>\n<meta name=\"description\" content=\"Padu J. Meshramkar, un fiel siervo de Dios, entr\u00f3 en su hogar celestial el 30 de agosto de 2025, despu\u00e9s de una vida de devoci\u00f3n y servicio a la Iglesia del Nazareno en la India.\" \/>\n<meta name=\"robots\" content=\"index, follow, max-snippet:-1, max-image-preview:large, max-video-preview:-1\" \/>\n<link rel=\"canonical\" href=\"https:\/\/nazarene.org\/es\/news\/celebrando-la-vida-y-el-ministerio-de-padu-j-meshramkar\/\" \/>\n<meta property=\"og:locale\" content=\"es_ES\" \/>\n<meta property=\"og:type\" content=\"article\" \/>\n<meta property=\"og:title\" content=\"Celebrando la vida y el ministerio de Padu J. Meshramkar\" \/>\n<meta property=\"og:description\" content=\"Padu J. Meshramkar, un fiel siervo de Dios, entr\u00f3 en su hogar celestial el 30 de agosto de 2025, despu\u00e9s de una vida de devoci\u00f3n y servicio a la Iglesia del Nazareno en la India.\" \/>\n<meta property=\"og:url\" content=\"https:\/\/nazarene.org\/es\/news\/celebrando-la-vida-y-el-ministerio-de-padu-j-meshramkar\/\" \/>\n<meta property=\"og:site_name\" content=\"Church of the Nazarene\" \/>\n<meta property=\"article:publisher\" content=\"https:\/\/www.facebook.com\/NazareneOfficial\/\" \/>\n<meta property=\"article:modified_time\" content=\"2025-10-10T17:45:18+00:00\" \/>\n<meta property=\"og:image\" content=\"https:\/\/nazarene.org\/wp-content\/uploads\/2025\/10\/PJ-Meshramkar.jpg\" \/>\n\t<meta property=\"og:image:width\" content=\"1500\" \/>\n\t<meta property=\"og:image:height\" content=\"800\" \/>\n\t<meta property=\"og:image:type\" content=\"image\/jpeg\" \/>\n<meta name=\"twitter:card\" content=\"summary_large_image\" \/>\n<meta name=\"twitter:site\" content=\"@Nazarene\" \/>\n<script type=\"application\/ld+json\" class=\"yoast-schema-graph\">{\"@context\":\"https:\/\/schema.org\",\"@graph\":[{\"@type\":\"WebPage\",\"@id\":\"https:\/\/nazarene.org\/es\/news\/celebrando-la-vida-y-el-ministerio-de-padu-j-meshramkar\/\",\"url\":\"https:\/\/nazarene.org\/es\/news\/celebrando-la-vida-y-el-ministerio-de-padu-j-meshramkar\/\",\"name\":\"Celebrando la vida y el ministerio de Padu J. Meshramkar - Church of the Nazarene\",\"isPartOf\":{\"@id\":\"https:\/\/nazarene.org\/es\/#website\"},\"primaryImageOfPage\":{\"@id\":\"https:\/\/nazarene.org\/es\/news\/celebrando-la-vida-y-el-ministerio-de-padu-j-meshramkar\/#primaryimage\"},\"image\":{\"@id\":\"https:\/\/nazarene.org\/es\/news\/celebrando-la-vida-y-el-ministerio-de-padu-j-meshramkar\/#primaryimage\"},\"thumbnailUrl\":\"https:\/\/nazarene.org\/wp-content\/uploads\/2025\/10\/PJ-Meshramkar.jpg\",\"datePublished\":\"2025-10-10T15:04:51+00:00\",\"dateModified\":\"2025-10-10T17:45:18+00:00\",\"description\":\"Padu J. Meshramkar, un fiel siervo de Dios, entr\u00f3 en su hogar celestial el 30 de agosto de 2025, despu\u00e9s de una vida de devoci\u00f3n y servicio a la Iglesia del Nazareno en la India.\",\"breadcrumb\":{\"@id\":\"https:\/\/nazarene.org\/es\/news\/celebrando-la-vida-y-el-ministerio-de-padu-j-meshramkar\/#breadcrumb\"},\"inLanguage\":\"es\",\"potentialAction\":[{\"@type\":\"ReadAction\",\"target\":[\"https:\/\/nazarene.org\/es\/news\/celebrando-la-vida-y-el-ministerio-de-padu-j-meshramkar\/\"]}]},{\"@type\":\"ImageObject\",\"inLanguage\":\"es\",\"@id\":\"https:\/\/nazarene.org\/es\/news\/celebrando-la-vida-y-el-ministerio-de-padu-j-meshramkar\/#primaryimage\",\"url\":\"https:\/\/nazarene.org\/wp-content\/uploads\/2025\/10\/PJ-Meshramkar.jpg\",\"contentUrl\":\"https:\/\/nazarene.org\/wp-content\/uploads\/2025\/10\/PJ-Meshramkar.jpg\",\"width\":1500,\"height\":800},{\"@type\":\"BreadcrumbList\",\"@id\":\"https:\/\/nazarene.org\/es\/news\/celebrando-la-vida-y-el-ministerio-de-padu-j-meshramkar\/#breadcrumb\",\"itemListElement\":[{\"@type\":\"ListItem\",\"position\":1,\"name\":\"Home\",\"item\":\"https:\/\/nazarene.org\/es\/inicio\/\"},{\"@type\":\"ListItem\",\"position\":2,\"name\":\"News\",\"item\":\"https:\/\/nazarene.org\/es\/news\/\"},{\"@type\":\"ListItem\",\"position\":3,\"name\":\"Celebrando la vida y el ministerio de Padu J. Meshramkar\"}]},{\"@type\":\"WebSite\",\"@id\":\"https:\/\/nazarene.org\/es\/#website\",\"url\":\"https:\/\/nazarene.org\/es\/\",\"name\":\"Church of the Nazarene\",\"description\":\"Making Christlike Disciples in the Nations\",\"publisher\":{\"@id\":\"https:\/\/nazarene.org\/es\/#organization\"},\"potentialAction\":[{\"@type\":\"SearchAction\",\"target\":{\"@type\":\"EntryPoint\",\"urlTemplate\":\"https:\/\/nazarene.org\/es\/?s={search_term_string}\"},\"query-input\":{\"@type\":\"PropertyValueSpecification\",\"valueRequired\":true,\"valueName\":\"search_term_string\"}}],\"inLanguage\":\"es\"},{\"@type\":\"Organization\",\"@id\":\"https:\/\/nazarene.org\/es\/#organization\",\"name\":\"Church of the Nazarene\",\"url\":\"https:\/\/nazarene.org\/es\/\",\"logo\":{\"@type\":\"ImageObject\",\"inLanguage\":\"es\",\"@id\":\"https:\/\/nazarene.org\/es\/#\/schema\/logo\/image\/\",\"url\":\"https:\/\/nazarene.org\/wp-content\/uploads\/2024\/06\/Naz_Desktop_Black_Logo-1.svg\",\"contentUrl\":\"https:\/\/nazarene.org\/wp-content\/uploads\/2024\/06\/Naz_Desktop_Black_Logo-1.svg\",\"width\":258,\"height\":36,\"caption\":\"Church of the Nazarene\"},\"image\":{\"@id\":\"https:\/\/nazarene.org\/es\/#\/schema\/logo\/image\/\"},\"sameAs\":[\"https:\/\/www.facebook.com\/NazareneOfficial\/\",\"https:\/\/x.com\/Nazarene\",\"https:\/\/www.instagram.com\/nazareneofficial\/\"]}]}<\/script>\n<!-- \/ Yoast SEO Premium plugin. -->","yoast_head_json":{"title":"Celebrando la vida y el ministerio de Padu J. Meshramkar - Church of the Nazarene","description":"Padu J. Meshramkar, un fiel siervo de Dios, entr\u00f3 en su hogar celestial el 30 de agosto de 2025, despu\u00e9s de una vida de devoci\u00f3n y servicio a la Iglesia del Nazareno en la India.","robots":{"index":"index","follow":"follow","max-snippet":"max-snippet:-1","max-image-preview":"max-image-preview:large","max-video-preview":"max-video-preview:-1"},"canonical":"https:\/\/nazarene.org\/es\/news\/celebrando-la-vida-y-el-ministerio-de-padu-j-meshramkar\/","og_locale":"es_ES","og_type":"article","og_title":"Celebrando la vida y el ministerio de Padu J. Meshramkar","og_description":"Padu J. Meshramkar, un fiel siervo de Dios, entr\u00f3 en su hogar celestial el 30 de agosto de 2025, despu\u00e9s de una vida de devoci\u00f3n y servicio a la Iglesia del Nazareno en la India.","og_url":"https:\/\/nazarene.org\/es\/news\/celebrando-la-vida-y-el-ministerio-de-padu-j-meshramkar\/","og_site_name":"Church of the Nazarene","article_publisher":"https:\/\/www.facebook.com\/NazareneOfficial\/","article_modified_time":"2025-10-10T17:45:18+00:00","og_image":[{"width":1500,"height":800,"url":"https:\/\/nazarene.org\/wp-content\/uploads\/2025\/10\/PJ-Meshramkar.jpg","type":"image\/jpeg"}],"twitter_card":"summary_large_image","twitter_site":"@Nazarene","schema":{"@context":"https:\/\/schema.org","@graph":[{"@type":"WebPage","@id":"https:\/\/nazarene.org\/es\/news\/celebrando-la-vida-y-el-ministerio-de-padu-j-meshramkar\/","url":"https:\/\/nazarene.org\/es\/news\/celebrando-la-vida-y-el-ministerio-de-padu-j-meshramkar\/","name":"Celebrando la vida y el ministerio de Padu J. Meshramkar - Church of the Nazarene","isPartOf":{"@id":"https:\/\/nazarene.org\/es\/#website"},"primaryImageOfPage":{"@id":"https:\/\/nazarene.org\/es\/news\/celebrando-la-vida-y-el-ministerio-de-padu-j-meshramkar\/#primaryimage"},"image":{"@id":"https:\/\/nazarene.org\/es\/news\/celebrando-la-vida-y-el-ministerio-de-padu-j-meshramkar\/#primaryimage"},"thumbnailUrl":"https:\/\/nazarene.org\/wp-content\/uploads\/2025\/10\/PJ-Meshramkar.jpg","datePublished":"2025-10-10T15:04:51+00:00","dateModified":"2025-10-10T17:45:18+00:00","description":"Padu J. Meshramkar, un fiel siervo de Dios, entr\u00f3 en su hogar celestial el 30 de agosto de 2025, despu\u00e9s de una vida de devoci\u00f3n y servicio a la Iglesia del Nazareno en la India.","breadcrumb":{"@id":"https:\/\/nazarene.org\/es\/news\/celebrando-la-vida-y-el-ministerio-de-padu-j-meshramkar\/#breadcrumb"},"inLanguage":"es","potentialAction":[{"@type":"ReadAction","target":["https:\/\/nazarene.org\/es\/news\/celebrando-la-vida-y-el-ministerio-de-padu-j-meshramkar\/"]}]},{"@type":"ImageObject","inLanguage":"es","@id":"https:\/\/nazarene.org\/es\/news\/celebrando-la-vida-y-el-ministerio-de-padu-j-meshramkar\/#primaryimage","url":"https:\/\/nazarene.org\/wp-content\/uploads\/2025\/10\/PJ-Meshramkar.jpg","contentUrl":"https:\/\/nazarene.org\/wp-content\/uploads\/2025\/10\/PJ-Meshramkar.jpg","width":1500,"height":800},{"@type":"BreadcrumbList","@id":"https:\/\/nazarene.org\/es\/news\/celebrando-la-vida-y-el-ministerio-de-padu-j-meshramkar\/#breadcrumb","itemListElement":[{"@type":"ListItem","position":1,"name":"Home","item":"https:\/\/nazarene.org\/es\/inicio\/"},{"@type":"ListItem","position":2,"name":"News","item":"https:\/\/nazarene.org\/es\/news\/"},{"@type":"ListItem","position":3,"name":"Celebrando la vida y el ministerio de Padu J. Meshramkar"}]},{"@type":"WebSite","@id":"https:\/\/nazarene.org\/es\/#website","url":"https:\/\/nazarene.org\/es\/","name":"Church of the Nazarene","description":"Making Christlike Disciples in the Nations","publisher":{"@id":"https:\/\/nazarene.org\/es\/#organization"},"potentialAction":[{"@type":"SearchAction","target":{"@type":"EntryPoint","urlTemplate":"https:\/\/nazarene.org\/es\/?s={search_term_string}"},"query-input":{"@type":"PropertyValueSpecification","valueRequired":true,"valueName":"search_term_string"}}],"inLanguage":"es"},{"@type":"Organization","@id":"https:\/\/nazarene.org\/es\/#organization","name":"Church of the Nazarene","url":"https:\/\/nazarene.org\/es\/","logo":{"@type":"ImageObject","inLanguage":"es","@id":"https:\/\/nazarene.org\/es\/#\/schema\/logo\/image\/","url":"https:\/\/nazarene.org\/wp-content\/uploads\/2024\/06\/Naz_Desktop_Black_Logo-1.svg","contentUrl":"https:\/\/nazarene.org\/wp-content\/uploads\/2024\/06\/Naz_Desktop_Black_Logo-1.svg","width":258,"height":36,"caption":"Church of the Nazarene"},"image":{"@id":"https:\/\/nazarene.org\/es\/#\/schema\/logo\/image\/"},"sameAs":["https:\/\/www.facebook.com\/NazareneOfficial\/","https:\/\/x.com\/Nazarene","https:\/\/www.instagram.com\/nazareneofficial\/"]}]}},"_links":{"self":[{"href":"https:\/\/nazarene.org\/es\/wp-json\/wp\/v2\/news\/61599","targetHints":{"allow":["GET"]}}],"collection":[{"href":"https:\/\/nazarene.org\/es\/wp-json\/wp\/v2\/news"}],"about":[{"href":"https:\/\/nazarene.org\/es\/wp-json\/wp\/v2\/types\/news"}],"author":[{"embeddable":true,"href":"https:\/\/nazarene.org\/es\/wp-json\/wp\/v2\/users\/17"}],"version-history":[{"count":2,"href":"https:\/\/nazarene.org\/es\/wp-json\/wp\/v2\/news\/61599\/revisions"}],"predecessor-version":[{"id":61616,"href":"https:\/\/nazarene.org\/es\/wp-json\/wp\/v2\/news\/61599\/revisions\/61616"}],"wp:featuredmedia":[{"embeddable":true,"href":"https:\/\/nazarene.org\/es\/wp-json\/wp\/v2\/media\/61601"}],"wp:attachment":[{"href":"https:\/\/nazarene.org\/es\/wp-json\/wp\/v2\/media?parent=61599"}],"wp:term":[{"taxonomy":"news-categories","embeddable":true,"href":"https:\/\/nazarene.org\/es\/wp-json\/wp\/v2\/news-categories?post=61599"},{"taxonomy":"news-region-taxonomy","embeddable":true,"href":"https:\/\/nazarene.org\/es\/wp-json\/wp\/v2\/news-region-taxonomy?post=61599"},{"taxonomy":"news-tag","embeddable":true,"href":"https:\/\/nazarene.org\/es\/wp-json\/wp\/v2\/news-tag?post=61599"}],"curies":[{"name":"wp","href":"https:\/\/api.w.org\/{rel}","templated":true}]}}