{"id":61383,"date":"2025-10-09T11:13:59","date_gmt":"2025-10-09T16:13:59","guid":{"rendered":"https:\/\/nazarene.org\/news\/la-junta-de-superintendentes-generales-elige-al-nuevo-lider-de-la-region-mesoamerica\/"},"modified":"2025-10-09T11:34:51","modified_gmt":"2025-10-09T16:34:51","slug":"la-junta-de-superintendentes-generales-elige-al-nuevo-lider-de-la-region-mesoamerica","status":"publish","type":"news","link":"https:\/\/nazarene.org\/es\/news\/la-junta-de-superintendentes-generales-elige-al-nuevo-lider-de-la-region-mesoamerica\/","title":{"rendered":"La Junta de Superintendentes Generales elige al nuevo l\u00edder de la Regi\u00f3n Mesoam\u00e9rica"},"content":{"rendered":"\n<p>La Junta de Superintendentes Generales ha elegido a Jimmy De Gouveia para el cargo de director regional de Mesoam\u00e9rica, con efecto a partir del 1 de noviembre de 2025. <\/p>\n\n<p>La Junta General de la Iglesia del Nazareno ratific\u00f3 la elecci\u00f3n mediante una votaci\u00f3n por correo electr\u00f3nico coordinada por el secretario general Gary Hartke. David Busic, superintendente general en jurisdicci\u00f3n para Mesoam\u00e9rica, y Jim Ritchie, director de Misiones Globales, dirigieron con esp\u00edritu de oraci\u00f3n el proceso de nominaci\u00f3n y elecci\u00f3n. <\/p>\n\n<p>\u201cJimmy De Gouveia siente pasi\u00f3n por la misi\u00f3n de hacer disc\u00edpulos semejantes a Cristo en las naciones\u201d, dijo Busic. \u201c\u00c9l dirigir\u00e1 bien el equipo misionero en Mesoam\u00e9rica\u201d.  <\/p>\n\n<p>Jimmy De Gouveia sucede a Carlos S\u00e1enz, quien despu\u00e9s de casi 20 a\u00f1os de comprometido liderazgo como director regional, cambia de funci\u00f3n para dirigir su querido distrito natal de Panam\u00e1 Central. \u00c9l deja la regi\u00f3n en buenas manos. <\/p>\n\n<p>\u201cEstoy muy contento con la elecci\u00f3n de Jimmy De Gouveia como nuevo director regional de Mesoam\u00e9rica\u201d, dijo el director de Misiones Globales, Jim Ritchie. \u201cJimmy siente pasi\u00f3n por Jes\u00fas, la iglesia, el evangelismo y la plantaci\u00f3n de iglesias. Su car\u00e1cter contagioso y pastoral ser\u00e1 una verdadera bendici\u00f3n para la regi\u00f3n; y ser\u00e1 una gran incorporaci\u00f3n al equipo de directores regionales globales. Maggie y yo damos la bienvenida a Jimmy, Lisbeth y su familia a este cargo con amor, oraciones y una gran expectativa de que vendr\u00e1n d\u00edas mejores\u201d. <\/p>\n\n<p>Jimmy De Gouveia comenz\u00f3 a asistir a una Iglesia del Nazareno cerca de su casa a los 14 a\u00f1os. Un a\u00f1o despu\u00e9s, acept\u00f3 a Cristo como su Salvador. En un campamento juvenil, a los 19 a\u00f1os, Jimmy se entreg\u00f3 por completo a la voluntad de Dios para su vida; y dijo: \u201cS\u00ed\u201d al llamado al ministerio.  <\/p>\n\n<p>\u201cEstoy convencido de que Dios nos ha tra\u00eddo a este momento en Mesoam\u00e9rica con un prop\u00f3sito divino\u201d, dijo Jimmy. \u201cEs el momento de construir juntos un equipo apasionado y una visi\u00f3n audaz que lleve a nuestra regi\u00f3n al siguiente nivel. Lo que est\u00e1 por venir ser\u00e1 extraordinario\u201d.<\/p>\n\n<p>Jimmy y su esposa, Lisbeth, actualmente sirven como misioneros globales en Colombia. Jimmy es coordinador de Evangelismo y Ministerios para la Regi\u00f3n Am\u00e9rica del Sur. <\/p>\n\n<p>\u00c9l fue ordenado en marzo de 2006, y fue pastor de la Iglesia del Nazareno Jes\u00fas La Esperanza en San Diego de los Altos, Venezuela, desde el 2006 hasta el 2023. Tambi\u00e9n fue coordinador regional de la JNI de 2009 a 2017. <\/p>\n\n<p>En 2017, fue nombrado superintendente del Distrito Venezuela Primero, cargo que ocup\u00f3 hasta 2020. En 2019, \u00e9l y su familia se mudaron a Colombia para trabajar como misioneros. Fue nombrado superintendente del Distrito Colombia Noreste Central para el per\u00edodo 2022-2023.  <\/p>\n\n<p>Jimmy ha estudiado en el Seminario Teol\u00f3gico Nazareno Sudamericano (STNS), en la UNINAZ (antes conocida como SENDAS) y en el Seminario Teol\u00f3gico Nazareno en Guatemala. Es bachiller en Teolog\u00eda y Ministerio Cristiano; y est\u00e1 terminando su maestr\u00eda en Liderazgo Pastoral en el STNS. <\/p>\n\n<p>\u00c9l y su esposa, Lisbeth, tienen tres hijos: Rebecca, Santiago y Aar\u00f3n.<\/p>\n\n<p>-Junta de Superintendentes Generales.<\/p>\n","protected":false},"excerpt":{"rendered":"<p>La Junta de Superintendentes Generales ha elegido a Jimmy De Gouveia para el cargo de director regional de Mesoam\u00e9rica, con efecto a partir del 1 de noviembre de 2025. La Junta General de la Iglesia del Nazareno ratific\u00f3 la elecci\u00f3n mediante una votaci\u00f3n por correo electr\u00f3nico coordinada por el secretario general Gary Hartke. David Busic, [&hellip;]<\/p>\n","protected":false},"author":17,"featured_media":61159,"menu_order":0,"template":"","news-categories":[],"news-region-taxonomy":[1917],"news-tag":[1395],"class_list":["post-61383","news","type-news","status-publish","has-post-thumbnail","hentry","news-region-taxonomy-mesoamerica-es","news-tag-mesoamerica-es"],"yoast_head":"<!-- This site is optimized with the Yoast SEO Premium plugin v27.1 (Yoast SEO v27.1.1) - https:\/\/yoast.com\/product\/yoast-seo-premium-wordpress\/ -->\n<title>La Junta de Superintendentes Generales elige al nuevo l\u00edder de la Regi\u00f3n Mesoam\u00e9rica - Church of the Nazarene<\/title>\n<meta name=\"description\" content=\"The Board of General Superintendents has elected Jimmy De Gouveia to the position of Mesoamerica regional director, effective 1 November 2025.\" \/>\n<meta name=\"robots\" content=\"index, follow, max-snippet:-1, max-image-preview:large, max-video-preview:-1\" \/>\n<link rel=\"canonical\" href=\"https:\/\/nazarene.org\/es\/news\/la-junta-de-superintendentes-generales-elige-al-nuevo-lider-de-la-region-mesoamerica\/\" \/>\n<meta property=\"og:locale\" content=\"es_ES\" \/>\n<meta property=\"og:type\" content=\"article\" \/>\n<meta property=\"og:title\" content=\"La Junta de Superintendentes Generales elige al nuevo l\u00edder de la Regi\u00f3n Mesoam\u00e9rica\" \/>\n<meta property=\"og:description\" content=\"The Board of General Superintendents has elected Jimmy De Gouveia to the position of Mesoamerica regional director, effective 1 November 2025.\" \/>\n<meta property=\"og:url\" content=\"https:\/\/nazarene.org\/es\/news\/la-junta-de-superintendentes-generales-elige-al-nuevo-lider-de-la-region-mesoamerica\/\" \/>\n<meta property=\"og:site_name\" content=\"Church of the Nazarene\" \/>\n<meta property=\"article:publisher\" content=\"https:\/\/www.facebook.com\/NazareneOfficial\/\" \/>\n<meta property=\"article:modified_time\" content=\"2025-10-09T16:34:51+00:00\" \/>\n<meta property=\"og:image\" content=\"https:\/\/nazarene.org\/wp-content\/uploads\/2025\/10\/Jimmy.jpg\" \/>\n\t<meta property=\"og:image:width\" content=\"1500\" \/>\n\t<meta property=\"og:image:height\" content=\"800\" \/>\n\t<meta property=\"og:image:type\" content=\"image\/jpeg\" \/>\n<meta name=\"twitter:card\" content=\"summary_large_image\" \/>\n<meta name=\"twitter:site\" content=\"@Nazarene\" \/>\n<script type=\"application\/ld+json\" class=\"yoast-schema-graph\">{\"@context\":\"https:\/\/schema.org\",\"@graph\":[{\"@type\":\"WebPage\",\"@id\":\"https:\/\/nazarene.org\/es\/news\/la-junta-de-superintendentes-generales-elige-al-nuevo-lider-de-la-region-mesoamerica\/\",\"url\":\"https:\/\/nazarene.org\/es\/news\/la-junta-de-superintendentes-generales-elige-al-nuevo-lider-de-la-region-mesoamerica\/\",\"name\":\"La Junta de Superintendentes Generales elige al nuevo l\u00edder de la Regi\u00f3n Mesoam\u00e9rica - Church of the Nazarene\",\"isPartOf\":{\"@id\":\"https:\/\/nazarene.org\/es\/#website\"},\"primaryImageOfPage\":{\"@id\":\"https:\/\/nazarene.org\/es\/news\/la-junta-de-superintendentes-generales-elige-al-nuevo-lider-de-la-region-mesoamerica\/#primaryimage\"},\"image\":{\"@id\":\"https:\/\/nazarene.org\/es\/news\/la-junta-de-superintendentes-generales-elige-al-nuevo-lider-de-la-region-mesoamerica\/#primaryimage\"},\"thumbnailUrl\":\"https:\/\/nazarene.org\/wp-content\/uploads\/2025\/10\/Jimmy.jpg\",\"datePublished\":\"2025-10-09T16:13:59+00:00\",\"dateModified\":\"2025-10-09T16:34:51+00:00\",\"description\":\"The Board of General Superintendents has elected Jimmy De Gouveia to the position of Mesoamerica regional director, effective 1 November 2025.\",\"breadcrumb\":{\"@id\":\"https:\/\/nazarene.org\/es\/news\/la-junta-de-superintendentes-generales-elige-al-nuevo-lider-de-la-region-mesoamerica\/#breadcrumb\"},\"inLanguage\":\"es\",\"potentialAction\":[{\"@type\":\"ReadAction\",\"target\":[\"https:\/\/nazarene.org\/es\/news\/la-junta-de-superintendentes-generales-elige-al-nuevo-lider-de-la-region-mesoamerica\/\"]}]},{\"@type\":\"ImageObject\",\"inLanguage\":\"es\",\"@id\":\"https:\/\/nazarene.org\/es\/news\/la-junta-de-superintendentes-generales-elige-al-nuevo-lider-de-la-region-mesoamerica\/#primaryimage\",\"url\":\"https:\/\/nazarene.org\/wp-content\/uploads\/2025\/10\/Jimmy.jpg\",\"contentUrl\":\"https:\/\/nazarene.org\/wp-content\/uploads\/2025\/10\/Jimmy.jpg\",\"width\":1500,\"height\":800},{\"@type\":\"BreadcrumbList\",\"@id\":\"https:\/\/nazarene.org\/es\/news\/la-junta-de-superintendentes-generales-elige-al-nuevo-lider-de-la-region-mesoamerica\/#breadcrumb\",\"itemListElement\":[{\"@type\":\"ListItem\",\"position\":1,\"name\":\"Home\",\"item\":\"https:\/\/nazarene.org\/es\/inicio\/\"},{\"@type\":\"ListItem\",\"position\":2,\"name\":\"News\",\"item\":\"https:\/\/nazarene.org\/es\/news\/\"},{\"@type\":\"ListItem\",\"position\":3,\"name\":\"La Junta de Superintendentes Generales elige al nuevo l\u00edder de la Regi\u00f3n Mesoam\u00e9rica\"}]},{\"@type\":\"WebSite\",\"@id\":\"https:\/\/nazarene.org\/es\/#website\",\"url\":\"https:\/\/nazarene.org\/es\/\",\"name\":\"Church of the Nazarene\",\"description\":\"Making Christlike Disciples in the Nations\",\"publisher\":{\"@id\":\"https:\/\/nazarene.org\/es\/#organization\"},\"potentialAction\":[{\"@type\":\"SearchAction\",\"target\":{\"@type\":\"EntryPoint\",\"urlTemplate\":\"https:\/\/nazarene.org\/es\/?s={search_term_string}\"},\"query-input\":{\"@type\":\"PropertyValueSpecification\",\"valueRequired\":true,\"valueName\":\"search_term_string\"}}],\"inLanguage\":\"es\"},{\"@type\":\"Organization\",\"@id\":\"https:\/\/nazarene.org\/es\/#organization\",\"name\":\"Church of the Nazarene\",\"url\":\"https:\/\/nazarene.org\/es\/\",\"logo\":{\"@type\":\"ImageObject\",\"inLanguage\":\"es\",\"@id\":\"https:\/\/nazarene.org\/es\/#\/schema\/logo\/image\/\",\"url\":\"https:\/\/nazarene.org\/wp-content\/uploads\/2024\/06\/Naz_Desktop_Black_Logo-1.svg\",\"contentUrl\":\"https:\/\/nazarene.org\/wp-content\/uploads\/2024\/06\/Naz_Desktop_Black_Logo-1.svg\",\"width\":258,\"height\":36,\"caption\":\"Church of the Nazarene\"},\"image\":{\"@id\":\"https:\/\/nazarene.org\/es\/#\/schema\/logo\/image\/\"},\"sameAs\":[\"https:\/\/www.facebook.com\/NazareneOfficial\/\",\"https:\/\/x.com\/Nazarene\",\"https:\/\/www.instagram.com\/nazareneofficial\/\"]}]}<\/script>\n<!-- \/ Yoast SEO Premium plugin. -->","yoast_head_json":{"title":"La Junta de Superintendentes Generales elige al nuevo l\u00edder de la Regi\u00f3n Mesoam\u00e9rica - Church of the Nazarene","description":"The Board of General Superintendents has elected Jimmy De Gouveia to the position of Mesoamerica regional director, effective 1 November 2025.","robots":{"index":"index","follow":"follow","max-snippet":"max-snippet:-1","max-image-preview":"max-image-preview:large","max-video-preview":"max-video-preview:-1"},"canonical":"https:\/\/nazarene.org\/es\/news\/la-junta-de-superintendentes-generales-elige-al-nuevo-lider-de-la-region-mesoamerica\/","og_locale":"es_ES","og_type":"article","og_title":"La Junta de Superintendentes Generales elige al nuevo l\u00edder de la Regi\u00f3n Mesoam\u00e9rica","og_description":"The Board of General Superintendents has elected Jimmy De Gouveia to the position of Mesoamerica regional director, effective 1 November 2025.","og_url":"https:\/\/nazarene.org\/es\/news\/la-junta-de-superintendentes-generales-elige-al-nuevo-lider-de-la-region-mesoamerica\/","og_site_name":"Church of the Nazarene","article_publisher":"https:\/\/www.facebook.com\/NazareneOfficial\/","article_modified_time":"2025-10-09T16:34:51+00:00","og_image":[{"width":1500,"height":800,"url":"https:\/\/nazarene.org\/wp-content\/uploads\/2025\/10\/Jimmy.jpg","type":"image\/jpeg"}],"twitter_card":"summary_large_image","twitter_site":"@Nazarene","schema":{"@context":"https:\/\/schema.org","@graph":[{"@type":"WebPage","@id":"https:\/\/nazarene.org\/es\/news\/la-junta-de-superintendentes-generales-elige-al-nuevo-lider-de-la-region-mesoamerica\/","url":"https:\/\/nazarene.org\/es\/news\/la-junta-de-superintendentes-generales-elige-al-nuevo-lider-de-la-region-mesoamerica\/","name":"La Junta de Superintendentes Generales elige al nuevo l\u00edder de la Regi\u00f3n Mesoam\u00e9rica - Church of the Nazarene","isPartOf":{"@id":"https:\/\/nazarene.org\/es\/#website"},"primaryImageOfPage":{"@id":"https:\/\/nazarene.org\/es\/news\/la-junta-de-superintendentes-generales-elige-al-nuevo-lider-de-la-region-mesoamerica\/#primaryimage"},"image":{"@id":"https:\/\/nazarene.org\/es\/news\/la-junta-de-superintendentes-generales-elige-al-nuevo-lider-de-la-region-mesoamerica\/#primaryimage"},"thumbnailUrl":"https:\/\/nazarene.org\/wp-content\/uploads\/2025\/10\/Jimmy.jpg","datePublished":"2025-10-09T16:13:59+00:00","dateModified":"2025-10-09T16:34:51+00:00","description":"The Board of General Superintendents has elected Jimmy De Gouveia to the position of Mesoamerica regional director, effective 1 November 2025.","breadcrumb":{"@id":"https:\/\/nazarene.org\/es\/news\/la-junta-de-superintendentes-generales-elige-al-nuevo-lider-de-la-region-mesoamerica\/#breadcrumb"},"inLanguage":"es","potentialAction":[{"@type":"ReadAction","target":["https:\/\/nazarene.org\/es\/news\/la-junta-de-superintendentes-generales-elige-al-nuevo-lider-de-la-region-mesoamerica\/"]}]},{"@type":"ImageObject","inLanguage":"es","@id":"https:\/\/nazarene.org\/es\/news\/la-junta-de-superintendentes-generales-elige-al-nuevo-lider-de-la-region-mesoamerica\/#primaryimage","url":"https:\/\/nazarene.org\/wp-content\/uploads\/2025\/10\/Jimmy.jpg","contentUrl":"https:\/\/nazarene.org\/wp-content\/uploads\/2025\/10\/Jimmy.jpg","width":1500,"height":800},{"@type":"BreadcrumbList","@id":"https:\/\/nazarene.org\/es\/news\/la-junta-de-superintendentes-generales-elige-al-nuevo-lider-de-la-region-mesoamerica\/#breadcrumb","itemListElement":[{"@type":"ListItem","position":1,"name":"Home","item":"https:\/\/nazarene.org\/es\/inicio\/"},{"@type":"ListItem","position":2,"name":"News","item":"https:\/\/nazarene.org\/es\/news\/"},{"@type":"ListItem","position":3,"name":"La Junta de Superintendentes Generales elige al nuevo l\u00edder de la Regi\u00f3n Mesoam\u00e9rica"}]},{"@type":"WebSite","@id":"https:\/\/nazarene.org\/es\/#website","url":"https:\/\/nazarene.org\/es\/","name":"Church of the Nazarene","description":"Making Christlike Disciples in the Nations","publisher":{"@id":"https:\/\/nazarene.org\/es\/#organization"},"potentialAction":[{"@type":"SearchAction","target":{"@type":"EntryPoint","urlTemplate":"https:\/\/nazarene.org\/es\/?s={search_term_string}"},"query-input":{"@type":"PropertyValueSpecification","valueRequired":true,"valueName":"search_term_string"}}],"inLanguage":"es"},{"@type":"Organization","@id":"https:\/\/nazarene.org\/es\/#organization","name":"Church of the Nazarene","url":"https:\/\/nazarene.org\/es\/","logo":{"@type":"ImageObject","inLanguage":"es","@id":"https:\/\/nazarene.org\/es\/#\/schema\/logo\/image\/","url":"https:\/\/nazarene.org\/wp-content\/uploads\/2024\/06\/Naz_Desktop_Black_Logo-1.svg","contentUrl":"https:\/\/nazarene.org\/wp-content\/uploads\/2024\/06\/Naz_Desktop_Black_Logo-1.svg","width":258,"height":36,"caption":"Church of the Nazarene"},"image":{"@id":"https:\/\/nazarene.org\/es\/#\/schema\/logo\/image\/"},"sameAs":["https:\/\/www.facebook.com\/NazareneOfficial\/","https:\/\/x.com\/Nazarene","https:\/\/www.instagram.com\/nazareneofficial\/"]}]}},"_links":{"self":[{"href":"https:\/\/nazarene.org\/es\/wp-json\/wp\/v2\/news\/61383","targetHints":{"allow":["GET"]}}],"collection":[{"href":"https:\/\/nazarene.org\/es\/wp-json\/wp\/v2\/news"}],"about":[{"href":"https:\/\/nazarene.org\/es\/wp-json\/wp\/v2\/types\/news"}],"author":[{"embeddable":true,"href":"https:\/\/nazarene.org\/es\/wp-json\/wp\/v2\/users\/17"}],"version-history":[{"count":3,"href":"https:\/\/nazarene.org\/es\/wp-json\/wp\/v2\/news\/61383\/revisions"}],"predecessor-version":[{"id":61386,"href":"https:\/\/nazarene.org\/es\/wp-json\/wp\/v2\/news\/61383\/revisions\/61386"}],"wp:featuredmedia":[{"embeddable":true,"href":"https:\/\/nazarene.org\/es\/wp-json\/wp\/v2\/media\/61159"}],"wp:attachment":[{"href":"https:\/\/nazarene.org\/es\/wp-json\/wp\/v2\/media?parent=61383"}],"wp:term":[{"taxonomy":"news-categories","embeddable":true,"href":"https:\/\/nazarene.org\/es\/wp-json\/wp\/v2\/news-categories?post=61383"},{"taxonomy":"news-region-taxonomy","embeddable":true,"href":"https:\/\/nazarene.org\/es\/wp-json\/wp\/v2\/news-region-taxonomy?post=61383"},{"taxonomy":"news-tag","embeddable":true,"href":"https:\/\/nazarene.org\/es\/wp-json\/wp\/v2\/news-tag?post=61383"}],"curies":[{"name":"wp","href":"https:\/\/api.w.org\/{rel}","templated":true}]}}