{"id":57449,"date":"2025-08-13T16:56:43","date_gmt":"2025-08-13T21:56:43","guid":{"rendered":"https:\/\/nazarene.org\/news\/banderas-de-las-naciones-mexico\/"},"modified":"2025-08-14T09:48:01","modified_gmt":"2025-08-14T14:48:01","slug":"banderas-de-las-naciones-mexico","status":"publish","type":"news","link":"https:\/\/nazarene.org\/es\/news\/banderas-de-las-naciones-mexico\/","title":{"rendered":"Banderas de las Naciones: M\u00e9xico"},"content":{"rendered":"\n<p>Desde el 1 de septiembre de 2009, el <a href=\"https:\/\/nazarene.org\/es\/centro-global-de-ministerio\/\">Centro de Ministerio Global<\/a> (CMG) de la Iglesia del Nazareno iza con orgullo cada semana la bandera de uno de los muchos pa\u00edses en los que la denominaci\u00f3n est\u00e1 presente en el ministerio. Se invit\u00f3 a los l\u00edderes a enviar una bandera nacional para que se izara en el CMG junto a la bandera de los Estados Unidos*. Las banderas nacionales se rotan semanalmente y se env\u00edan fotos de ellas izadas a los l\u00edderes de la iglesia de ese pa\u00eds.  <\/p>\n\n<p>Esta semana: <strong>M\u00e9xico<\/strong><\/p>\n\n<p>La Iglesia del Nazareno entr\u00f3 oficialmente en M\u00e9xico en 1903.<\/p>\n\n<p>M\u00e9xico ten\u00eda una poblaci\u00f3n de 130,739,927 habitantes en 2024. Ese mismo a\u00f1o, M\u00e9xico report\u00f3 921 iglesias nazarenas, 697 de las cuales hab\u00edan sido organizadas oficialmente. M\u00e9xico tiene un total de 78,318 miembros.  <\/p>\n\n<p>M\u00e9xico se encuentra en la Regi\u00f3n Mesoam\u00e9rica. Cuenta con doce distritos Fase 3 y tres distritos Fase 2. <\/p>\n\n<p>Para obtener m\u00e1s informaci\u00f3n acerca de la Regi\u00f3n Mesoam\u00e9rica, visite <a href=\"http:\/\/www.mesoamericaregion.org\/\" target=\"_blank\" rel=\"noreferrer noopener\">mesoamericaregion.org<\/a>.<\/p>\n\n<p><em>* = La bandera destacada de la semana se iza en el m\u00e1stil central, en cumplimiento de los protocolos del Gobierno de los Estados Unidos. Se coloca a la izquierda de la bandera de los Estados Unidos, pa\u00eds anfitri\u00f3n del CMG, que se iza sobre la bandera del estado anfitri\u00f3n, Kansas. La bandera cristiana se iza en el tercer m\u00e1stil.  <\/em><\/p>\n\n<p><em>El Centro Ministerial Global es el centro de misi\u00f3n y servicio de la Iglesia del Nazareno.<\/em><\/p>\n\n<p><\/p>\n","protected":false},"excerpt":{"rendered":"<p>Desde el 1 de septiembre de 2009, el Centro de Ministerio Global (CMG) de la Iglesia del Nazareno iza con orgullo cada semana la bandera de uno de los muchos pa\u00edses en los que la denominaci\u00f3n est\u00e1 presente en el ministerio. Se invit\u00f3 a los l\u00edderes a enviar una bandera nacional para que se izara [&hellip;]<\/p>\n","protected":false},"author":17,"featured_media":57428,"menu_order":0,"template":"","news-categories":[],"news-region-taxonomy":[1917],"news-tag":[1392,1474],"class_list":["post-57449","news","type-news","status-publish","has-post-thumbnail","hentry","news-region-taxonomy-mesoamerica-es","news-tag-banderas","news-tag-mexico-es"],"yoast_head":"<!-- This site is optimized with the Yoast SEO Premium plugin v27.1 (Yoast SEO v27.1.1) - https:\/\/yoast.com\/product\/yoast-seo-premium-wordpress\/ -->\n<title>Banderas de las Naciones: M\u00e9xico - Church of the Nazarene<\/title>\n<meta name=\"description\" content=\"Desde el 1 de septiembre de 2009, el Centro de Ministerio Global (CMG) de la Iglesia del Nazareno iza con orgullo cada semana la bandera de uno de los muchos pa\u00edses en los que la denominaci\u00f3n est\u00e1 presente en el ministerio.\" \/>\n<meta name=\"robots\" content=\"index, follow, max-snippet:-1, max-image-preview:large, max-video-preview:-1\" \/>\n<link rel=\"canonical\" href=\"https:\/\/nazarene.org\/es\/news\/banderas-de-las-naciones-mexico\/\" \/>\n<meta property=\"og:locale\" content=\"es_ES\" \/>\n<meta property=\"og:type\" content=\"article\" \/>\n<meta property=\"og:title\" content=\"Banderas de las Naciones: M\u00e9xico\" \/>\n<meta property=\"og:description\" content=\"Desde el 1 de septiembre de 2009, el Centro de Ministerio Global (CMG) de la Iglesia del Nazareno iza con orgullo cada semana la bandera de uno de los muchos pa\u00edses en los que la denominaci\u00f3n est\u00e1 presente en el ministerio.\" \/>\n<meta property=\"og:url\" content=\"https:\/\/nazarene.org\/es\/news\/banderas-de-las-naciones-mexico\/\" \/>\n<meta property=\"og:site_name\" content=\"Church of the Nazarene\" \/>\n<meta property=\"article:publisher\" content=\"https:\/\/www.facebook.com\/NazareneOfficial\/\" \/>\n<meta property=\"article:modified_time\" content=\"2025-08-14T14:48:01+00:00\" \/>\n<meta property=\"og:image\" content=\"https:\/\/nazarene.org\/wp-content\/uploads\/2025\/08\/Mexico.jpg\" \/>\n\t<meta property=\"og:image:width\" content=\"1500\" \/>\n\t<meta property=\"og:image:height\" content=\"800\" \/>\n\t<meta property=\"og:image:type\" content=\"image\/jpeg\" \/>\n<meta name=\"twitter:card\" content=\"summary_large_image\" \/>\n<meta name=\"twitter:site\" content=\"@Nazarene\" \/>\n<script type=\"application\/ld+json\" class=\"yoast-schema-graph\">{\"@context\":\"https:\/\/schema.org\",\"@graph\":[{\"@type\":\"WebPage\",\"@id\":\"https:\/\/nazarene.org\/es\/news\/banderas-de-las-naciones-mexico\/\",\"url\":\"https:\/\/nazarene.org\/es\/news\/banderas-de-las-naciones-mexico\/\",\"name\":\"Banderas de las Naciones: M\u00e9xico - Church of the Nazarene\",\"isPartOf\":{\"@id\":\"https:\/\/nazarene.org\/es\/#website\"},\"primaryImageOfPage\":{\"@id\":\"https:\/\/nazarene.org\/es\/news\/banderas-de-las-naciones-mexico\/#primaryimage\"},\"image\":{\"@id\":\"https:\/\/nazarene.org\/es\/news\/banderas-de-las-naciones-mexico\/#primaryimage\"},\"thumbnailUrl\":\"https:\/\/nazarene.org\/wp-content\/uploads\/2025\/08\/Mexico.jpg\",\"datePublished\":\"2025-08-13T21:56:43+00:00\",\"dateModified\":\"2025-08-14T14:48:01+00:00\",\"description\":\"Desde el 1 de septiembre de 2009, el Centro de Ministerio Global (CMG) de la Iglesia del Nazareno iza con orgullo cada semana la bandera de uno de los muchos pa\u00edses en los que la denominaci\u00f3n est\u00e1 presente en el ministerio.\",\"breadcrumb\":{\"@id\":\"https:\/\/nazarene.org\/es\/news\/banderas-de-las-naciones-mexico\/#breadcrumb\"},\"inLanguage\":\"es\",\"potentialAction\":[{\"@type\":\"ReadAction\",\"target\":[\"https:\/\/nazarene.org\/es\/news\/banderas-de-las-naciones-mexico\/\"]}]},{\"@type\":\"ImageObject\",\"inLanguage\":\"es\",\"@id\":\"https:\/\/nazarene.org\/es\/news\/banderas-de-las-naciones-mexico\/#primaryimage\",\"url\":\"https:\/\/nazarene.org\/wp-content\/uploads\/2025\/08\/Mexico.jpg\",\"contentUrl\":\"https:\/\/nazarene.org\/wp-content\/uploads\/2025\/08\/Mexico.jpg\",\"width\":1500,\"height\":800,\"caption\":\"Mexico Nazarene\"},{\"@type\":\"BreadcrumbList\",\"@id\":\"https:\/\/nazarene.org\/es\/news\/banderas-de-las-naciones-mexico\/#breadcrumb\",\"itemListElement\":[{\"@type\":\"ListItem\",\"position\":1,\"name\":\"Home\",\"item\":\"https:\/\/nazarene.org\/es\/inicio\/\"},{\"@type\":\"ListItem\",\"position\":2,\"name\":\"News\",\"item\":\"https:\/\/nazarene.org\/es\/news\/\"},{\"@type\":\"ListItem\",\"position\":3,\"name\":\"Banderas de las Naciones: M\u00e9xico\"}]},{\"@type\":\"WebSite\",\"@id\":\"https:\/\/nazarene.org\/es\/#website\",\"url\":\"https:\/\/nazarene.org\/es\/\",\"name\":\"Church of the Nazarene\",\"description\":\"Making Christlike Disciples in the Nations\",\"publisher\":{\"@id\":\"https:\/\/nazarene.org\/es\/#organization\"},\"potentialAction\":[{\"@type\":\"SearchAction\",\"target\":{\"@type\":\"EntryPoint\",\"urlTemplate\":\"https:\/\/nazarene.org\/es\/?s={search_term_string}\"},\"query-input\":{\"@type\":\"PropertyValueSpecification\",\"valueRequired\":true,\"valueName\":\"search_term_string\"}}],\"inLanguage\":\"es\"},{\"@type\":\"Organization\",\"@id\":\"https:\/\/nazarene.org\/es\/#organization\",\"name\":\"Church of the Nazarene\",\"url\":\"https:\/\/nazarene.org\/es\/\",\"logo\":{\"@type\":\"ImageObject\",\"inLanguage\":\"es\",\"@id\":\"https:\/\/nazarene.org\/es\/#\/schema\/logo\/image\/\",\"url\":\"https:\/\/nazarene.org\/wp-content\/uploads\/2024\/06\/Naz_Desktop_Black_Logo-1.svg\",\"contentUrl\":\"https:\/\/nazarene.org\/wp-content\/uploads\/2024\/06\/Naz_Desktop_Black_Logo-1.svg\",\"width\":258,\"height\":36,\"caption\":\"Church of the Nazarene\"},\"image\":{\"@id\":\"https:\/\/nazarene.org\/es\/#\/schema\/logo\/image\/\"},\"sameAs\":[\"https:\/\/www.facebook.com\/NazareneOfficial\/\",\"https:\/\/x.com\/Nazarene\",\"https:\/\/www.instagram.com\/nazareneofficial\/\"]}]}<\/script>\n<!-- \/ Yoast SEO Premium plugin. -->","yoast_head_json":{"title":"Banderas de las Naciones: M\u00e9xico - Church of the Nazarene","description":"Desde el 1 de septiembre de 2009, el Centro de Ministerio Global (CMG) de la Iglesia del Nazareno iza con orgullo cada semana la bandera de uno de los muchos pa\u00edses en los que la denominaci\u00f3n est\u00e1 presente en el ministerio.","robots":{"index":"index","follow":"follow","max-snippet":"max-snippet:-1","max-image-preview":"max-image-preview:large","max-video-preview":"max-video-preview:-1"},"canonical":"https:\/\/nazarene.org\/es\/news\/banderas-de-las-naciones-mexico\/","og_locale":"es_ES","og_type":"article","og_title":"Banderas de las Naciones: M\u00e9xico","og_description":"Desde el 1 de septiembre de 2009, el Centro de Ministerio Global (CMG) de la Iglesia del Nazareno iza con orgullo cada semana la bandera de uno de los muchos pa\u00edses en los que la denominaci\u00f3n est\u00e1 presente en el ministerio.","og_url":"https:\/\/nazarene.org\/es\/news\/banderas-de-las-naciones-mexico\/","og_site_name":"Church of the Nazarene","article_publisher":"https:\/\/www.facebook.com\/NazareneOfficial\/","article_modified_time":"2025-08-14T14:48:01+00:00","og_image":[{"width":1500,"height":800,"url":"https:\/\/nazarene.org\/wp-content\/uploads\/2025\/08\/Mexico.jpg","type":"image\/jpeg"}],"twitter_card":"summary_large_image","twitter_site":"@Nazarene","schema":{"@context":"https:\/\/schema.org","@graph":[{"@type":"WebPage","@id":"https:\/\/nazarene.org\/es\/news\/banderas-de-las-naciones-mexico\/","url":"https:\/\/nazarene.org\/es\/news\/banderas-de-las-naciones-mexico\/","name":"Banderas de las Naciones: M\u00e9xico - Church of the Nazarene","isPartOf":{"@id":"https:\/\/nazarene.org\/es\/#website"},"primaryImageOfPage":{"@id":"https:\/\/nazarene.org\/es\/news\/banderas-de-las-naciones-mexico\/#primaryimage"},"image":{"@id":"https:\/\/nazarene.org\/es\/news\/banderas-de-las-naciones-mexico\/#primaryimage"},"thumbnailUrl":"https:\/\/nazarene.org\/wp-content\/uploads\/2025\/08\/Mexico.jpg","datePublished":"2025-08-13T21:56:43+00:00","dateModified":"2025-08-14T14:48:01+00:00","description":"Desde el 1 de septiembre de 2009, el Centro de Ministerio Global (CMG) de la Iglesia del Nazareno iza con orgullo cada semana la bandera de uno de los muchos pa\u00edses en los que la denominaci\u00f3n est\u00e1 presente en el ministerio.","breadcrumb":{"@id":"https:\/\/nazarene.org\/es\/news\/banderas-de-las-naciones-mexico\/#breadcrumb"},"inLanguage":"es","potentialAction":[{"@type":"ReadAction","target":["https:\/\/nazarene.org\/es\/news\/banderas-de-las-naciones-mexico\/"]}]},{"@type":"ImageObject","inLanguage":"es","@id":"https:\/\/nazarene.org\/es\/news\/banderas-de-las-naciones-mexico\/#primaryimage","url":"https:\/\/nazarene.org\/wp-content\/uploads\/2025\/08\/Mexico.jpg","contentUrl":"https:\/\/nazarene.org\/wp-content\/uploads\/2025\/08\/Mexico.jpg","width":1500,"height":800,"caption":"Mexico Nazarene"},{"@type":"BreadcrumbList","@id":"https:\/\/nazarene.org\/es\/news\/banderas-de-las-naciones-mexico\/#breadcrumb","itemListElement":[{"@type":"ListItem","position":1,"name":"Home","item":"https:\/\/nazarene.org\/es\/inicio\/"},{"@type":"ListItem","position":2,"name":"News","item":"https:\/\/nazarene.org\/es\/news\/"},{"@type":"ListItem","position":3,"name":"Banderas de las Naciones: M\u00e9xico"}]},{"@type":"WebSite","@id":"https:\/\/nazarene.org\/es\/#website","url":"https:\/\/nazarene.org\/es\/","name":"Church of the Nazarene","description":"Making Christlike Disciples in the Nations","publisher":{"@id":"https:\/\/nazarene.org\/es\/#organization"},"potentialAction":[{"@type":"SearchAction","target":{"@type":"EntryPoint","urlTemplate":"https:\/\/nazarene.org\/es\/?s={search_term_string}"},"query-input":{"@type":"PropertyValueSpecification","valueRequired":true,"valueName":"search_term_string"}}],"inLanguage":"es"},{"@type":"Organization","@id":"https:\/\/nazarene.org\/es\/#organization","name":"Church of the Nazarene","url":"https:\/\/nazarene.org\/es\/","logo":{"@type":"ImageObject","inLanguage":"es","@id":"https:\/\/nazarene.org\/es\/#\/schema\/logo\/image\/","url":"https:\/\/nazarene.org\/wp-content\/uploads\/2024\/06\/Naz_Desktop_Black_Logo-1.svg","contentUrl":"https:\/\/nazarene.org\/wp-content\/uploads\/2024\/06\/Naz_Desktop_Black_Logo-1.svg","width":258,"height":36,"caption":"Church of the Nazarene"},"image":{"@id":"https:\/\/nazarene.org\/es\/#\/schema\/logo\/image\/"},"sameAs":["https:\/\/www.facebook.com\/NazareneOfficial\/","https:\/\/x.com\/Nazarene","https:\/\/www.instagram.com\/nazareneofficial\/"]}]}},"_links":{"self":[{"href":"https:\/\/nazarene.org\/es\/wp-json\/wp\/v2\/news\/57449","targetHints":{"allow":["GET"]}}],"collection":[{"href":"https:\/\/nazarene.org\/es\/wp-json\/wp\/v2\/news"}],"about":[{"href":"https:\/\/nazarene.org\/es\/wp-json\/wp\/v2\/types\/news"}],"author":[{"embeddable":true,"href":"https:\/\/nazarene.org\/es\/wp-json\/wp\/v2\/users\/17"}],"version-history":[{"count":3,"href":"https:\/\/nazarene.org\/es\/wp-json\/wp\/v2\/news\/57449\/revisions"}],"predecessor-version":[{"id":57452,"href":"https:\/\/nazarene.org\/es\/wp-json\/wp\/v2\/news\/57449\/revisions\/57452"}],"wp:featuredmedia":[{"embeddable":true,"href":"https:\/\/nazarene.org\/es\/wp-json\/wp\/v2\/media\/57428"}],"wp:attachment":[{"href":"https:\/\/nazarene.org\/es\/wp-json\/wp\/v2\/media?parent=57449"}],"wp:term":[{"taxonomy":"news-categories","embeddable":true,"href":"https:\/\/nazarene.org\/es\/wp-json\/wp\/v2\/news-categories?post=57449"},{"taxonomy":"news-region-taxonomy","embeddable":true,"href":"https:\/\/nazarene.org\/es\/wp-json\/wp\/v2\/news-region-taxonomy?post=57449"},{"taxonomy":"news-tag","embeddable":true,"href":"https:\/\/nazarene.org\/es\/wp-json\/wp\/v2\/news-tag?post=57449"}],"curies":[{"name":"wp","href":"https:\/\/api.w.org\/{rel}","templated":true}]}}