{"id":54987,"date":"2023-07-13T00:00:00","date_gmt":"2023-07-13T05:00:00","guid":{"rendered":"https:\/\/nazarene.org\/news\/fitkins-memorial-capilla-de-la-ciudad-obtuvo-el-estado-de-punto-de-referencia-historico\/"},"modified":"2023-07-13T00:00:00","modified_gmt":"2023-07-13T05:00:00","slug":"fitkins-memorial-capilla-de-la-ciudad-obtuvo-el-estado-de-punto-de-referencia-historico","status":"publish","type":"news","link":"https:\/\/nazarene.org\/es\/news\/fitkins-memorial-capilla-de-la-ciudad-obtuvo-el-estado-de-punto-de-referencia-historico\/","title":{"rendered":"Fitkins Memorial Capilla de la ciudad obtuvo el estado de punto de referencia hist\u00f3rico"},"content":{"rendered":"<p><em>Durante la 30\u00aa Asamblea General y las Convenciones de la Iglesia de la Nazarena, se adoptaron seis resoluciones reconociendo varias ubicaciones como puntos de referencia hist\u00f3ricos de acuerdo con el p\u00e1rrafo 913 del Manual. Este &nbsp;es el cuarto art\u00edculo en una serie que destaca el significado de estos seis nuevos hitos hist\u00f3ricos de la Iglesia de la Nazarena.<\/em><\/p>\n<p>La Iglesia Memorial de Fitkins de la Nazarena, ubicada en Meridian, Mississippi, Estados Unidos, fue designada un hito hist\u00f3rico de la Iglesia de la Nazarena por la acci\u00f3n de la 30\u00aa Asamblea General en Indianapolis, Indiana, Estados Unidos, el mes pasado. La designaci\u00f3n vino despu\u00e9s de que la Asamblea General adopt\u00f3 la Resoluci\u00f3n Especial 756, una resoluci\u00f3n del Distrito de MidSouth en la Regi\u00f3n de Estados Unidos \/ Canad\u00e1.<\/p>\n<p>El edificio de la iglesia est\u00e1 ubicado en 1110 Dr. Charles Johnson Avenue. Fitkins Memorial se ha reunido en esta ubicaci\u00f3n desde 1978. En 2011, la ciudad de Meridian nombr\u00f3 la calle en la que est\u00e1 ubicada la iglesia despu\u00e9s de Charles Johnson, pastor de la iglesia durante 61 a\u00f1os y un l\u00edder significativo en el Movimiento de Derechos Civiles en los Estados Unidos.<\/p>\n<p>Fitkins Memorial fue organizado en 1946. Fue nombrado para honrar a Abram y Susan Norris Fitkin y su familia. Susan Fitkin era la presidenta fundadora de la denominaci\u00f3n de lo que se conoce hoy como Misiones Nazarenas Internacionales (NMI). Lider\u00f3 el establecimiento del Alabaster Offering, una oportunidad creada para apoyar la construcci\u00f3n de la iglesia y proyectos materiales en todo el mundo. Fitkins Memorial estaba entre las primeras iglesias en la denominaci\u00f3n en recibir fondos de Alabaster Offering para comprar su primera estructura en 1946.<\/p>\n<p>Fitkins Memorial tambi\u00e9n estaba entre las primeras congregaciones afroamericanas en la Iglesia del Distrito Central del Golfo del Nazarena cuando el distrito fue organizado en la d\u00e9cada de 1940. La congregaci\u00f3n organiz\u00f3 la primera reuni\u00f3n de este distrito en 1948. La iglesia era una piedra angular de la existencia del Distrito Central del Golfo de 1944 a 1968.<\/p>\n<p>Charles Johnson sirvi\u00f3 como pastor de Fitkins Memorial desde 1961 hasta que muri\u00f3 en 2022. En 1984, Johnson fue nombrado coordinador del Trabajo Africano Americano para la denominaci\u00f3n, una posici\u00f3n que ocup\u00f3 durante varios a\u00f1os. A trav\u00e9s de su liderazgo, se estableci\u00f3 la Conferencia Nacional Nazarena Negra anual, patrocinada hoy por los Ministerios Negros de la Regi\u00f3n de Estados Unidos \/ Canad\u00e1. Johnson tambi\u00e9n sirvi\u00f3 en la Junta Asesora de Distrito del Distrito MidSouth cuando se estableci\u00f3 en 2014.&nbsp;<\/p>\n<p>La resoluci\u00f3n de la Asamblea General describi\u00f3 a la iglesia y Johnson como \u00abun campe\u00f3n para el levantamiento social de la sociedad estadounidense\u00bb. Johnson testific\u00f3 en el famoso juicio \u00abMississippi Burning\u00bb de 1967 despu\u00e9s del asesinato de Michael Schwerner y James Chaney, dos amigos personales &nbsp;de Johnson que trabajaron junto a \u00e9l en los esfuerzos para registrar a los afroamericanos para votar en las elecciones estadounidenses. En la ma, Johnson comparti\u00f3 una plataforma con el reverendo Dr. Martin Luther King Jr., viajando con el Dr. King en todo Mississippi.&nbsp;<\/p>\n<p>Despu\u00e9s del asesinato del Dr. King en 1968, Johnson y otros miembros de Fitkins Memorial lideraron a 3,000 marchantes en una demostraci\u00f3n pac\u00edfica de dolor al Meridian City Hall. Entre sus m\u00faltiples honores y nombramientos, Johnson fue nombrado al personal del coronel del gobernador por el Gobernador de Mississippi Cliff Finch y a la Junta de Manpower de los Estados Unidos por el presidente de los Estados Unidos, Jimmy Carter. En 2011, Johnson fue galardonado con el Premio Miko de Derechos Civiles y Justicia Social en la Conferencia Nacional inaugural de Derechos Civiles en Filadelfia, Mississippi, Estados Unidos.<\/p>\n<p>Johnson muri\u00f3 el 12 de enero de 2022. Una biograf\u00eda de su vida fue escrita en 2012 por Chet Bush (<i>Llamado al Fuego: Un Testigo de Dios en Mississippi, La Historia de Charles Johnson<\/i>, Abingdon Press).&nbsp;<\/p>\n<p>Un art\u00edculo en el recuerdo de Johnson fue publicado el a\u00f1o pasado por Noticias Nazarenas. Puede ser leer aqu\u00ed: <a href=\"https:\/\/nazarene.org\/article\/remembering-charles-johnson\">https:\/\/www.nazarene.org\/article\/remembering-charles-johnson<\/a><\/p>\n<p>Relacionado:&nbsp;<a href=\"https:\/\/www.nazarene.org\/article\/primera-iglesia-mexicana-del-nazareno-becomes-historical-landmark\">Primera Iglesia Mexicana del Nazareno se convierte en punto de referencia hist\u00f3rico<\/a><br \/>\nRelacionado:&nbsp;<a href=\"https:\/\/nazarene.org\/article\/instituto-biblico-nazareno-celebrates-100-years-honored-historical-landmark\">El Instituto B\u00edblico Nazareno celebra 100 a\u00f1os, honrado como hito hist\u00f3rico<\/a><br \/>\nRelacionado: <a href=\"https:\/\/nazarene.org\/article\/camp-garner-creek-recognized-historical-landmark\" target=\"_blank\">Camp Garner Creek reconocido como punto de referencia hist\u00f3rico<\/a><\/p>\n","protected":false},"excerpt":{"rendered":"<p>La Iglesia Memorial de Fitkins de la Nazarena, ubicada en Meridian, Mississippi, Estados Unidos, fue designada un hito hist\u00f3rico de la Iglesia de la Nazarena por la acci\u00f3n de la 30\u00aa Asamblea General en Indianapolis, Indiana, Estados Unidos, el mes pasado.<\/p>\n","protected":false},"author":1,"featured_media":29650,"menu_order":0,"template":"","news-categories":[],"news-region-taxonomy":[],"news-tag":[764,2041],"class_list":["post-54987","news","type-news","status-publish","has-post-thumbnail","hentry","news-tag-ee-uu-canada","news-tag-mississippi-es"],"yoast_head":"<!-- This site is optimized with the Yoast SEO Premium plugin v27.1 (Yoast SEO v27.1.1) - https:\/\/yoast.com\/product\/yoast-seo-premium-wordpress\/ -->\n<title>Fitkins Memorial Capilla de la ciudad obtuvo el estado de punto de referencia hist\u00f3rico - Church of the Nazarene<\/title>\n<meta name=\"robots\" content=\"index, follow, max-snippet:-1, max-image-preview:large, max-video-preview:-1\" \/>\n<link rel=\"canonical\" href=\"https:\/\/nazarene.org\/es\/news\/fitkins-memorial-capilla-de-la-ciudad-obtuvo-el-estado-de-punto-de-referencia-historico\/\" \/>\n<meta property=\"og:locale\" content=\"es_ES\" \/>\n<meta property=\"og:type\" content=\"article\" \/>\n<meta property=\"og:title\" content=\"Fitkins Memorial Capilla de la ciudad obtuvo el estado de punto de referencia hist\u00f3rico\" \/>\n<meta property=\"og:description\" content=\"La Iglesia Memorial de Fitkins de la Nazarena, ubicada en Meridian, Mississippi, Estados Unidos, fue designada un hito hist\u00f3rico de la Iglesia de la Nazarena por la acci\u00f3n de la 30\u00aa Asamblea General en Indianapolis, Indiana, Estados Unidos, el mes pasado.\" \/>\n<meta property=\"og:url\" content=\"https:\/\/nazarene.org\/es\/news\/fitkins-memorial-capilla-de-la-ciudad-obtuvo-el-estado-de-punto-de-referencia-historico\/\" \/>\n<meta property=\"og:site_name\" content=\"Church of the Nazarene\" \/>\n<meta property=\"article:publisher\" content=\"https:\/\/www.facebook.com\/NazareneOfficial\/\" \/>\n<meta name=\"twitter:card\" content=\"summary_large_image\" \/>\n<meta name=\"twitter:site\" content=\"@Nazarene\" \/>\n<script type=\"application\/ld+json\" class=\"yoast-schema-graph\">{\"@context\":\"https:\/\/schema.org\",\"@graph\":[{\"@type\":\"WebPage\",\"@id\":\"https:\/\/nazarene.org\/es\/news\/fitkins-memorial-capilla-de-la-ciudad-obtuvo-el-estado-de-punto-de-referencia-historico\/\",\"url\":\"https:\/\/nazarene.org\/es\/news\/fitkins-memorial-capilla-de-la-ciudad-obtuvo-el-estado-de-punto-de-referencia-historico\/\",\"name\":\"Fitkins Memorial Capilla de la ciudad obtuvo el estado de punto de referencia hist\u00f3rico - Church of the Nazarene\",\"isPartOf\":{\"@id\":\"https:\/\/nazarene.org\/es\/#website\"},\"primaryImageOfPage\":{\"@id\":\"https:\/\/nazarene.org\/es\/news\/fitkins-memorial-capilla-de-la-ciudad-obtuvo-el-estado-de-punto-de-referencia-historico\/#primaryimage\"},\"image\":{\"@id\":\"https:\/\/nazarene.org\/es\/news\/fitkins-memorial-capilla-de-la-ciudad-obtuvo-el-estado-de-punto-de-referencia-historico\/#primaryimage\"},\"thumbnailUrl\":\"https:\/\/nazarene.org\/wp-content\/uploads\/2025\/02\/Fitkins-Memorial.jpg\",\"datePublished\":\"2023-07-13T05:00:00+00:00\",\"breadcrumb\":{\"@id\":\"https:\/\/nazarene.org\/es\/news\/fitkins-memorial-capilla-de-la-ciudad-obtuvo-el-estado-de-punto-de-referencia-historico\/#breadcrumb\"},\"inLanguage\":\"es\",\"potentialAction\":[{\"@type\":\"ReadAction\",\"target\":[\"https:\/\/nazarene.org\/es\/news\/fitkins-memorial-capilla-de-la-ciudad-obtuvo-el-estado-de-punto-de-referencia-historico\/\"]}]},{\"@type\":\"ImageObject\",\"inLanguage\":\"es\",\"@id\":\"https:\/\/nazarene.org\/es\/news\/fitkins-memorial-capilla-de-la-ciudad-obtuvo-el-estado-de-punto-de-referencia-historico\/#primaryimage\",\"url\":\"https:\/\/nazarene.org\/wp-content\/uploads\/2025\/02\/Fitkins-Memorial.jpg\",\"contentUrl\":\"https:\/\/nazarene.org\/wp-content\/uploads\/2025\/02\/Fitkins-Memorial.jpg\",\"width\":2068,\"height\":1103},{\"@type\":\"BreadcrumbList\",\"@id\":\"https:\/\/nazarene.org\/es\/news\/fitkins-memorial-capilla-de-la-ciudad-obtuvo-el-estado-de-punto-de-referencia-historico\/#breadcrumb\",\"itemListElement\":[{\"@type\":\"ListItem\",\"position\":1,\"name\":\"Home\",\"item\":\"https:\/\/nazarene.org\/es\/inicio\/\"},{\"@type\":\"ListItem\",\"position\":2,\"name\":\"News\",\"item\":\"https:\/\/nazarene.org\/es\/news\/\"},{\"@type\":\"ListItem\",\"position\":3,\"name\":\"Fitkins Memorial Capilla de la ciudad obtuvo el estado de punto de referencia hist\u00f3rico\"}]},{\"@type\":\"WebSite\",\"@id\":\"https:\/\/nazarene.org\/es\/#website\",\"url\":\"https:\/\/nazarene.org\/es\/\",\"name\":\"Church of the Nazarene\",\"description\":\"Making Christlike Disciples in the Nations\",\"publisher\":{\"@id\":\"https:\/\/nazarene.org\/es\/#organization\"},\"potentialAction\":[{\"@type\":\"SearchAction\",\"target\":{\"@type\":\"EntryPoint\",\"urlTemplate\":\"https:\/\/nazarene.org\/es\/?s={search_term_string}\"},\"query-input\":{\"@type\":\"PropertyValueSpecification\",\"valueRequired\":true,\"valueName\":\"search_term_string\"}}],\"inLanguage\":\"es\"},{\"@type\":\"Organization\",\"@id\":\"https:\/\/nazarene.org\/es\/#organization\",\"name\":\"Church of the Nazarene\",\"url\":\"https:\/\/nazarene.org\/es\/\",\"logo\":{\"@type\":\"ImageObject\",\"inLanguage\":\"es\",\"@id\":\"https:\/\/nazarene.org\/es\/#\/schema\/logo\/image\/\",\"url\":\"https:\/\/nazarene.org\/wp-content\/uploads\/2024\/06\/Naz_Desktop_Black_Logo-1.svg\",\"contentUrl\":\"https:\/\/nazarene.org\/wp-content\/uploads\/2024\/06\/Naz_Desktop_Black_Logo-1.svg\",\"width\":258,\"height\":36,\"caption\":\"Church of the Nazarene\"},\"image\":{\"@id\":\"https:\/\/nazarene.org\/es\/#\/schema\/logo\/image\/\"},\"sameAs\":[\"https:\/\/www.facebook.com\/NazareneOfficial\/\",\"https:\/\/x.com\/Nazarene\",\"https:\/\/www.instagram.com\/nazareneofficial\/\"]}]}<\/script>\n<!-- \/ Yoast SEO Premium plugin. -->","yoast_head_json":{"title":"Fitkins Memorial Capilla de la ciudad obtuvo el estado de punto de referencia hist\u00f3rico - Church of the Nazarene","robots":{"index":"index","follow":"follow","max-snippet":"max-snippet:-1","max-image-preview":"max-image-preview:large","max-video-preview":"max-video-preview:-1"},"canonical":"https:\/\/nazarene.org\/es\/news\/fitkins-memorial-capilla-de-la-ciudad-obtuvo-el-estado-de-punto-de-referencia-historico\/","og_locale":"es_ES","og_type":"article","og_title":"Fitkins Memorial Capilla de la ciudad obtuvo el estado de punto de referencia hist\u00f3rico","og_description":"La Iglesia Memorial de Fitkins de la Nazarena, ubicada en Meridian, Mississippi, Estados Unidos, fue designada un hito hist\u00f3rico de la Iglesia de la Nazarena por la acci\u00f3n de la 30\u00aa Asamblea General en Indianapolis, Indiana, Estados Unidos, el mes pasado.","og_url":"https:\/\/nazarene.org\/es\/news\/fitkins-memorial-capilla-de-la-ciudad-obtuvo-el-estado-de-punto-de-referencia-historico\/","og_site_name":"Church of the Nazarene","article_publisher":"https:\/\/www.facebook.com\/NazareneOfficial\/","twitter_card":"summary_large_image","twitter_site":"@Nazarene","schema":{"@context":"https:\/\/schema.org","@graph":[{"@type":"WebPage","@id":"https:\/\/nazarene.org\/es\/news\/fitkins-memorial-capilla-de-la-ciudad-obtuvo-el-estado-de-punto-de-referencia-historico\/","url":"https:\/\/nazarene.org\/es\/news\/fitkins-memorial-capilla-de-la-ciudad-obtuvo-el-estado-de-punto-de-referencia-historico\/","name":"Fitkins Memorial Capilla de la ciudad obtuvo el estado de punto de referencia hist\u00f3rico - Church of the Nazarene","isPartOf":{"@id":"https:\/\/nazarene.org\/es\/#website"},"primaryImageOfPage":{"@id":"https:\/\/nazarene.org\/es\/news\/fitkins-memorial-capilla-de-la-ciudad-obtuvo-el-estado-de-punto-de-referencia-historico\/#primaryimage"},"image":{"@id":"https:\/\/nazarene.org\/es\/news\/fitkins-memorial-capilla-de-la-ciudad-obtuvo-el-estado-de-punto-de-referencia-historico\/#primaryimage"},"thumbnailUrl":"https:\/\/nazarene.org\/wp-content\/uploads\/2025\/02\/Fitkins-Memorial.jpg","datePublished":"2023-07-13T05:00:00+00:00","breadcrumb":{"@id":"https:\/\/nazarene.org\/es\/news\/fitkins-memorial-capilla-de-la-ciudad-obtuvo-el-estado-de-punto-de-referencia-historico\/#breadcrumb"},"inLanguage":"es","potentialAction":[{"@type":"ReadAction","target":["https:\/\/nazarene.org\/es\/news\/fitkins-memorial-capilla-de-la-ciudad-obtuvo-el-estado-de-punto-de-referencia-historico\/"]}]},{"@type":"ImageObject","inLanguage":"es","@id":"https:\/\/nazarene.org\/es\/news\/fitkins-memorial-capilla-de-la-ciudad-obtuvo-el-estado-de-punto-de-referencia-historico\/#primaryimage","url":"https:\/\/nazarene.org\/wp-content\/uploads\/2025\/02\/Fitkins-Memorial.jpg","contentUrl":"https:\/\/nazarene.org\/wp-content\/uploads\/2025\/02\/Fitkins-Memorial.jpg","width":2068,"height":1103},{"@type":"BreadcrumbList","@id":"https:\/\/nazarene.org\/es\/news\/fitkins-memorial-capilla-de-la-ciudad-obtuvo-el-estado-de-punto-de-referencia-historico\/#breadcrumb","itemListElement":[{"@type":"ListItem","position":1,"name":"Home","item":"https:\/\/nazarene.org\/es\/inicio\/"},{"@type":"ListItem","position":2,"name":"News","item":"https:\/\/nazarene.org\/es\/news\/"},{"@type":"ListItem","position":3,"name":"Fitkins Memorial Capilla de la ciudad obtuvo el estado de punto de referencia hist\u00f3rico"}]},{"@type":"WebSite","@id":"https:\/\/nazarene.org\/es\/#website","url":"https:\/\/nazarene.org\/es\/","name":"Church of the Nazarene","description":"Making Christlike Disciples in the Nations","publisher":{"@id":"https:\/\/nazarene.org\/es\/#organization"},"potentialAction":[{"@type":"SearchAction","target":{"@type":"EntryPoint","urlTemplate":"https:\/\/nazarene.org\/es\/?s={search_term_string}"},"query-input":{"@type":"PropertyValueSpecification","valueRequired":true,"valueName":"search_term_string"}}],"inLanguage":"es"},{"@type":"Organization","@id":"https:\/\/nazarene.org\/es\/#organization","name":"Church of the Nazarene","url":"https:\/\/nazarene.org\/es\/","logo":{"@type":"ImageObject","inLanguage":"es","@id":"https:\/\/nazarene.org\/es\/#\/schema\/logo\/image\/","url":"https:\/\/nazarene.org\/wp-content\/uploads\/2024\/06\/Naz_Desktop_Black_Logo-1.svg","contentUrl":"https:\/\/nazarene.org\/wp-content\/uploads\/2024\/06\/Naz_Desktop_Black_Logo-1.svg","width":258,"height":36,"caption":"Church of the Nazarene"},"image":{"@id":"https:\/\/nazarene.org\/es\/#\/schema\/logo\/image\/"},"sameAs":["https:\/\/www.facebook.com\/NazareneOfficial\/","https:\/\/x.com\/Nazarene","https:\/\/www.instagram.com\/nazareneofficial\/"]}]}},"_links":{"self":[{"href":"https:\/\/nazarene.org\/es\/wp-json\/wp\/v2\/news\/54987","targetHints":{"allow":["GET"]}}],"collection":[{"href":"https:\/\/nazarene.org\/es\/wp-json\/wp\/v2\/news"}],"about":[{"href":"https:\/\/nazarene.org\/es\/wp-json\/wp\/v2\/types\/news"}],"author":[{"embeddable":true,"href":"https:\/\/nazarene.org\/es\/wp-json\/wp\/v2\/users\/1"}],"version-history":[{"count":0,"href":"https:\/\/nazarene.org\/es\/wp-json\/wp\/v2\/news\/54987\/revisions"}],"wp:featuredmedia":[{"embeddable":true,"href":"https:\/\/nazarene.org\/es\/wp-json\/wp\/v2\/media\/29650"}],"wp:attachment":[{"href":"https:\/\/nazarene.org\/es\/wp-json\/wp\/v2\/media?parent=54987"}],"wp:term":[{"taxonomy":"news-categories","embeddable":true,"href":"https:\/\/nazarene.org\/es\/wp-json\/wp\/v2\/news-categories?post=54987"},{"taxonomy":"news-region-taxonomy","embeddable":true,"href":"https:\/\/nazarene.org\/es\/wp-json\/wp\/v2\/news-region-taxonomy?post=54987"},{"taxonomy":"news-tag","embeddable":true,"href":"https:\/\/nazarene.org\/es\/wp-json\/wp\/v2\/news-tag?post=54987"}],"curies":[{"name":"wp","href":"https:\/\/api.w.org\/{rel}","templated":true}]}}